{"id":9111,"date":"2014-09-16T16:26:33","date_gmt":"2014-09-16T17:26:33","guid":{"rendered":"http:\/\/diariodalagoa.pt\/?p=9111"},"modified":"2014-09-16T16:26:33","modified_gmt":"2014-09-16T17:26:33","slug":"road-show-internacionalizacao-para-os-palops-destino-angola","status":"publish","type":"post","link":"https:\/\/diariodalagoa.pt\/en\/road-show-internacionalizacao-para-os-palops-destino-angola\/","title":{"rendered":"Road Show \u201cInternacionaliza\u00e7\u00e3o para os PALOP\u00b4s \u2013 Destino Angola\u201d"},"content":{"rendered":"<p style=\"text-align: justify;\"><img decoding=\"async\" class=\"alignnone size-full wp-image-9112\" src=\"http:\/\/diariodalagoa.pt\/wp-content\/uploads\/2014\/09\/splendborn-missao-emrpesarial-africa.jpg\" alt=\"splendborn-missao-empresarial-africa\" width=\"720\" height=\"380\" \/><\/p>\n<p style=\"text-align: justify;\"><span style=\"color: #000000;\">A Medipred &#8211; A\u00e7ores e a<\/span> SplendBorn,<span style=\"color: #000000;\"> empresa de direito privado portugu\u00eas com forte presen\u00e7a no continente africano, em conjunto com a AEA &#8211; Associa\u00e7\u00e3o dos Empreendedores de Angola, associa\u00e7\u00e3o de direito angolano, pretende dinamizar, em parceria com entidades p\u00fablicas e privadas dos A\u00e7ores, \u00a0uma A\u00e7\u00e3o de Diplomacia Econ\u00f3mica, com o intuito de apresentar aos empres\u00e1rios a\u00e7orianos o universo empresarial e as oportunidades de neg\u00f3cio em Angola, o protocolo empresarial, os setores priorit\u00e1rios para o Estado Angolano, a Nova Pauta Aduaneira em vigor e as suas implica\u00e7\u00f5es nas exporta\u00e7\u00f5es, entre outros temas a desenvolver, bem como promover junto dos mesmos uma Miss\u00e3o Empresarial \u00e0 Luanda, Benguela, Hu\u00edla e Huambo, no sentido de criar oportunidades de neg\u00f3cio e efetivar parcerias duradouras.<\/span><\/p>\n<p style=\"text-align: justify;\"><span style=\"color: #000000;\">Sensibilizar o tecido empresarial a\u00e7oriano para um dos mercados mais pujantes de \u00c1frica, transmitir informa\u00e7\u00e3o estrat\u00e9gica, criar condi\u00e7\u00f5es e canais de distribui\u00e7\u00e3o para o escoamento dos seus produtos s\u00e3o o que a SplendBorn objetiva, em primeira linha, com esta iniciativa.<\/span><\/p>\n<p style=\"text-align: justify;\"><span style=\"color: #000000;\">Para melhor conhecer as condi\u00e7\u00f5es e canais desta iniciativa, ser\u00e1 organizado um encontro, esta sexta-feira (dia 19), pelas 14h30 no edif\u00edcio do Centro C\u00edvico de Santa Clara, em Ponta Delgada.\u00a0<\/span><\/p>\n<p style=\"text-align: justify;\"><span style=\"color: #000000;\">A SplendBorn \u00e9 uma empresa especializada nas \u00e1reas da consultoria de investimento estrat\u00e9gico, do apoio \u00e0 internacionaliza\u00e7\u00e3o de neg\u00f3cios no mercado africano e na importa\u00e7\u00e3o e distribui\u00e7\u00e3o de produtos africanos.<\/span><\/p>\n<p style=\"text-align: justify;\"><span style=\"color: #000000;\">Apoiada por uma rede de parceiros estrat\u00e9gicos com \u201c know\u2010 how\u201d comprovado, em diferentes \u00e1reas, a SplendBorn proporciona aos seus clientes um conjunto de respostas integradas no processo de internacionaliza\u00e7\u00e3o dos seus neg\u00f3cios e que v\u00e3o desde a coloca\u00e7\u00e3o ou lan\u00e7amento de um produto \/ servi\u00e7o no mercado africano passando pela prospe\u00e7\u00e3o e estabelecimento de parcerias estrat\u00e9gicas, at\u00e9 a constitui\u00e7\u00e3o de um neg\u00f3cio na modalidade de &#8220;chave na m\u00e3o&#8221;. A SplendBorn atua ainda na importa\u00e7\u00e3o e distribui\u00e7\u00e3o de produtos do mercado africano. <\/span><\/p>\n<p style=\"text-align: justify;\"><span style=\"color: #000000;\">A SplendBorn atua, em especial, em Angola, Mo\u00e7ambique, Rep\u00fablica Democr\u00e1tica do Congo, Rep\u00fablica do Congo, Nam\u00edbia, Guin\u00e9 Equatorial, Gana, Costa do Marfim, Guin\u00e9 Bissau, Cabo Verde, Guin\u00e9 Bissau, S\u00e3o Tom\u00e9 e Pr\u00edncipe, Marrocos, Arg\u00e9lia, e outros.<\/span><\/p>\n<p style=\"text-align: justify;\"><span style=\"color: #000000;\"><em>DL\/Medipred<\/em><\/span><\/p>","protected":false},"excerpt":{"rendered":"<p>A Medipred &#8211; A\u00e7ores e a SplendBorn, empresa de direito privado portugu\u00eas com forte presen\u00e7a no continente africano, em conjunto com a AEA &#8211; Associa\u00e7\u00e3o dos Empreendedores de Angola, associa\u00e7\u00e3o de direito angolano, pretende dinamizar, em parceria com entidades p\u00fablicas e privadas dos A\u00e7ores, \u00a0uma A\u00e7\u00e3o de Diplomacia Econ\u00f3mica, com o intuito de apresentar aos [&hellip;]<\/p>","protected":false},"author":2,"featured_media":121795,"comment_status":"open","ping_status":"open","sticky":false,"template":"","format":"standard","meta":[],"categories":[21],"tags":[],"acf":[],"yoast_head":"<!-- This site is optimized with the Yoast SEO plugin v20.10 - https:\/\/yoast.com\/wordpress\/plugins\/seo\/ -->\n<title>Road Show \u201cInternacionaliza\u00e7\u00e3o para os PALOP\u00b4s \u2013 Destino Angola\u201d - Di\u00e1rio da Lagoa<\/title>\n<meta name=\"robots\" content=\"index, follow, max-snippet:-1, max-image-preview:large, max-video-preview:-1\" \/>\n<link rel=\"canonical\" href=\"https:\/\/diariodalagoa.pt\/en\/road-show-internacionalizacao-para-os-palops-destino-angola\/\" \/>\n<meta property=\"og:locale\" content=\"en_US\" \/>\n<meta property=\"og:type\" content=\"article\" \/>\n<meta property=\"og:title\" content=\"Road Show \u201cInternacionaliza\u00e7\u00e3o para os PALOP\u00b4s \u2013 Destino Angola\u201d - Di\u00e1rio da Lagoa\" \/>\n<meta property=\"og:description\" content=\"A Medipred &#8211; A\u00e7ores e a SplendBorn, empresa de direito privado portugu\u00eas com forte presen\u00e7a no continente africano, em conjunto com a AEA &#8211; Associa\u00e7\u00e3o dos Empreendedores de Angola, associa\u00e7\u00e3o de direito angolano, pretende dinamizar, em parceria com entidades p\u00fablicas e privadas dos A\u00e7ores, \u00a0uma A\u00e7\u00e3o de Diplomacia Econ\u00f3mica, com o intuito de apresentar aos [&hellip;]\" \/>\n<meta property=\"og:url\" content=\"https:\/\/diariodalagoa.pt\/en\/road-show-internacionalizacao-para-os-palops-destino-angola\/\" \/>\n<meta property=\"og:site_name\" content=\"Di\u00e1rio da Lagoa\" \/>\n<meta property=\"article:published_time\" content=\"2014-09-16T17:26:33+00:00\" \/>\n<meta property=\"og:image\" content=\"https:\/\/diariodalagoa.pt\/wp-content\/uploads\/2014\/09\/splendborn-missao-emrpesarial-africa.jpg\" \/>\n\t<meta property=\"og:image:width\" content=\"720\" \/>\n\t<meta property=\"og:image:height\" content=\"380\" \/>\n\t<meta property=\"og:image:type\" content=\"image\/jpeg\" \/>\n<meta name=\"author\" content=\"Di\u00e1rio da Lagoa\" \/>\n<meta name=\"twitter:card\" content=\"summary_large_image\" \/>\n<meta name=\"twitter:label1\" content=\"Written by\" \/>\n\t<meta name=\"twitter:data1\" content=\"Di\u00e1rio da Lagoa\" \/>\n\t<meta name=\"twitter:label2\" content=\"Est. reading time\" \/>\n\t<meta name=\"twitter:data2\" content=\"2 minutes\" \/>\n<script type=\"application\/ld+json\" class=\"yoast-schema-graph\">{\"@context\":\"https:\/\/schema.org\",\"@graph\":[{\"@type\":\"WebPage\",\"@id\":\"https:\/\/diariodalagoa.pt\/road-show-internacionalizacao-para-os-palops-destino-angola\/\",\"url\":\"https:\/\/diariodalagoa.pt\/road-show-internacionalizacao-para-os-palops-destino-angola\/\",\"name\":\"Road Show \u201cInternacionaliza\u00e7\u00e3o para os PALOP\u00b4s \u2013 Destino Angola\u201d - Di\u00e1rio da Lagoa\",\"isPartOf\":{\"@id\":\"https:\/\/diariodalagoa.pt\/#website\"},\"datePublished\":\"2014-09-16T17:26:33+00:00\",\"dateModified\":\"2014-09-16T17:26:33+00:00\",\"author\":{\"@id\":\"https:\/\/diariodalagoa.pt\/#\/schema\/person\/1615a002370e8857b6f972834bc43ece\"},\"breadcrumb\":{\"@id\":\"https:\/\/diariodalagoa.pt\/road-show-internacionalizacao-para-os-palops-destino-angola\/#breadcrumb\"},\"inLanguage\":\"en-US\",\"potentialAction\":[{\"@type\":\"ReadAction\",\"target\":[\"https:\/\/diariodalagoa.pt\/road-show-internacionalizacao-para-os-palops-destino-angola\/\"]}]},{\"@type\":\"BreadcrumbList\",\"@id\":\"https:\/\/diariodalagoa.pt\/road-show-internacionalizacao-para-os-palops-destino-angola\/#breadcrumb\",\"itemListElement\":[{\"@type\":\"ListItem\",\"position\":1,\"name\":\"In\u00edcio\",\"item\":\"https:\/\/diariodalagoa.pt\/\"},{\"@type\":\"ListItem\",\"position\":2,\"name\":\"Road Show \u201cInternacionaliza\u00e7\u00e3o para os PALOP\u00b4s \u2013 Destino Angola\u201d\"}]},{\"@type\":\"WebSite\",\"@id\":\"https:\/\/diariodalagoa.pt\/#website\",\"url\":\"https:\/\/diariodalagoa.pt\/\",\"name\":\"Di\u00e1rio da Lagoa\",\"description\":\"Di\u00e1rio da Lagoa. As not\u00edcias que contam. A partir da Lagoa, nos A\u00e7ores, para o mundo.\",\"potentialAction\":[{\"@type\":\"SearchAction\",\"target\":{\"@type\":\"EntryPoint\",\"urlTemplate\":\"https:\/\/diariodalagoa.pt\/?s={search_term_string}\"},\"query-input\":\"required name=search_term_string\"}],\"inLanguage\":\"en-US\"},{\"@type\":\"Person\",\"@id\":\"https:\/\/diariodalagoa.pt\/#\/schema\/person\/1615a002370e8857b6f972834bc43ece\",\"name\":\"Di\u00e1rio da Lagoa\",\"image\":{\"@type\":\"ImageObject\",\"inLanguage\":\"en-US\",\"@id\":\"https:\/\/diariodalagoa.pt\/#\/schema\/person\/image\/\",\"url\":\"https:\/\/secure.gravatar.com\/avatar\/2cb5cef90a26f8fbd4d9d930608102c5?s=96&d=mm&r=g\",\"contentUrl\":\"https:\/\/secure.gravatar.com\/avatar\/2cb5cef90a26f8fbd4d9d930608102c5?s=96&d=mm&r=g\",\"caption\":\"Di\u00e1rio da Lagoa\"},\"url\":\"https:\/\/diariodalagoa.pt\/en\/author\/diariodalagoa\/\"}]}<\/script>\n<!-- \/ Yoast SEO plugin. -->","yoast_head_json":{"title":"Road Show \u201cInternacionaliza\u00e7\u00e3o para os PALOP\u00b4s \u2013 Destino Angola\u201d - Di\u00e1rio da Lagoa","robots":{"index":"index","follow":"follow","max-snippet":"max-snippet:-1","max-image-preview":"max-image-preview:large","max-video-preview":"max-video-preview:-1"},"canonical":"https:\/\/diariodalagoa.pt\/en\/road-show-internacionalizacao-para-os-palops-destino-angola\/","og_locale":"en_US","og_type":"article","og_title":"Road Show \u201cInternacionaliza\u00e7\u00e3o para os PALOP\u00b4s \u2013 Destino Angola\u201d - Di\u00e1rio da Lagoa","og_description":"A Medipred &#8211; A\u00e7ores e a SplendBorn, empresa de direito privado portugu\u00eas com forte presen\u00e7a no continente africano, em conjunto com a AEA &#8211; Associa\u00e7\u00e3o dos Empreendedores de Angola, associa\u00e7\u00e3o de direito angolano, pretende dinamizar, em parceria com entidades p\u00fablicas e privadas dos A\u00e7ores, \u00a0uma A\u00e7\u00e3o de Diplomacia Econ\u00f3mica, com o intuito de apresentar aos [&hellip;]","og_url":"https:\/\/diariodalagoa.pt\/en\/road-show-internacionalizacao-para-os-palops-destino-angola\/","og_site_name":"Di\u00e1rio da Lagoa","article_published_time":"2014-09-16T17:26:33+00:00","og_image":[{"width":720,"height":380,"url":"https:\/\/diariodalagoa.pt\/wp-content\/uploads\/2014\/09\/splendborn-missao-emrpesarial-africa.jpg","type":"image\/jpeg"}],"author":"Di\u00e1rio da Lagoa","twitter_card":"summary_large_image","twitter_misc":{"Written by":"Di\u00e1rio da Lagoa","Est. reading time":"2 minutes"},"schema":{"@context":"https:\/\/schema.org","@graph":[{"@type":"WebPage","@id":"https:\/\/diariodalagoa.pt\/road-show-internacionalizacao-para-os-palops-destino-angola\/","url":"https:\/\/diariodalagoa.pt\/road-show-internacionalizacao-para-os-palops-destino-angola\/","name":"Road Show \u201cInternacionaliza\u00e7\u00e3o para os PALOP\u00b4s \u2013 Destino Angola\u201d - Di\u00e1rio da Lagoa","isPartOf":{"@id":"https:\/\/diariodalagoa.pt\/#website"},"datePublished":"2014-09-16T17:26:33+00:00","dateModified":"2014-09-16T17:26:33+00:00","author":{"@id":"https:\/\/diariodalagoa.pt\/#\/schema\/person\/1615a002370e8857b6f972834bc43ece"},"breadcrumb":{"@id":"https:\/\/diariodalagoa.pt\/road-show-internacionalizacao-para-os-palops-destino-angola\/#breadcrumb"},"inLanguage":"en-US","potentialAction":[{"@type":"ReadAction","target":["https:\/\/diariodalagoa.pt\/road-show-internacionalizacao-para-os-palops-destino-angola\/"]}]},{"@type":"BreadcrumbList","@id":"https:\/\/diariodalagoa.pt\/road-show-internacionalizacao-para-os-palops-destino-angola\/#breadcrumb","itemListElement":[{"@type":"ListItem","position":1,"name":"In\u00edcio","item":"https:\/\/diariodalagoa.pt\/"},{"@type":"ListItem","position":2,"name":"Road Show \u201cInternacionaliza\u00e7\u00e3o para os PALOP\u00b4s \u2013 Destino Angola\u201d"}]},{"@type":"WebSite","@id":"https:\/\/diariodalagoa.pt\/#website","url":"https:\/\/diariodalagoa.pt\/","name":"Di\u00e1rio da Lagoa","description":"Di\u00e1rio da Lagoa. As not\u00edcias que contam. A partir da Lagoa, nos A\u00e7ores, para o mundo.","potentialAction":[{"@type":"SearchAction","target":{"@type":"EntryPoint","urlTemplate":"https:\/\/diariodalagoa.pt\/?s={search_term_string}"},"query-input":"required name=search_term_string"}],"inLanguage":"en-US"},{"@type":"Person","@id":"https:\/\/diariodalagoa.pt\/#\/schema\/person\/1615a002370e8857b6f972834bc43ece","name":"Di\u00e1rio da Lagoa","image":{"@type":"ImageObject","inLanguage":"en-US","@id":"https:\/\/diariodalagoa.pt\/#\/schema\/person\/image\/","url":"https:\/\/secure.gravatar.com\/avatar\/2cb5cef90a26f8fbd4d9d930608102c5?s=96&d=mm&r=g","contentUrl":"https:\/\/secure.gravatar.com\/avatar\/2cb5cef90a26f8fbd4d9d930608102c5?s=96&d=mm&r=g","caption":"Di\u00e1rio da Lagoa"},"url":"https:\/\/diariodalagoa.pt\/en\/author\/diariodalagoa\/"}]}},"_links":{"self":[{"href":"https:\/\/diariodalagoa.pt\/en\/wp-json\/wp\/v2\/posts\/9111"}],"collection":[{"href":"https:\/\/diariodalagoa.pt\/en\/wp-json\/wp\/v2\/posts"}],"about":[{"href":"https:\/\/diariodalagoa.pt\/en\/wp-json\/wp\/v2\/types\/post"}],"author":[{"embeddable":true,"href":"https:\/\/diariodalagoa.pt\/en\/wp-json\/wp\/v2\/users\/2"}],"replies":[{"embeddable":true,"href":"https:\/\/diariodalagoa.pt\/en\/wp-json\/wp\/v2\/comments?post=9111"}],"version-history":[{"count":0,"href":"https:\/\/diariodalagoa.pt\/en\/wp-json\/wp\/v2\/posts\/9111\/revisions"}],"wp:featuredmedia":[{"embeddable":true,"href":"https:\/\/diariodalagoa.pt\/en\/wp-json\/wp\/v2\/media\/121795"}],"wp:attachment":[{"href":"https:\/\/diariodalagoa.pt\/en\/wp-json\/wp\/v2\/media?parent=9111"}],"wp:term":[{"taxonomy":"category","embeddable":true,"href":"https:\/\/diariodalagoa.pt\/en\/wp-json\/wp\/v2\/categories?post=9111"},{"taxonomy":"post_tag","embeddable":true,"href":"https:\/\/diariodalagoa.pt\/en\/wp-json\/wp\/v2\/tags?post=9111"}],"curies":[{"name":"wp","href":"https:\/\/api.w.org\/{rel}","templated":true}]}}