{"id":9021,"date":"2014-09-13T17:24:46","date_gmt":"2014-09-13T18:24:46","guid":{"rendered":"http:\/\/diariodalagoa.pt\/?p=9021"},"modified":"2014-09-13T17:24:46","modified_gmt":"2014-09-13T18:24:46","slug":"fausto-brito-e-abreu-salienta-importancia-das-novas-tecnologias-na-exploracao-do-fundo-do-mar-dos-acores","status":"publish","type":"post","link":"https:\/\/diariodalagoa.pt\/en\/fausto-brito-e-abreu-salienta-importancia-das-novas-tecnologias-na-exploracao-do-fundo-do-mar-dos-acores\/","title":{"rendered":"Fausto Brito e Abreu salienta import\u00e2ncia das novas tecnologias na explora\u00e7\u00e3o do fundo do mar dos A\u00e7ores"},"content":{"rendered":"<p style=\"text-align: justify;\"><img decoding=\"async\" class=\"alignnone size-full wp-image-9022\" src=\"http:\/\/diariodalagoa.pt\/wp-content\/uploads\/2014\/09\/Explora\u00e7\u00e3o-mar_a\u00e7ores-Fausto-Brito-Abreu-1.jpg\" alt=\"Explora\u00e7\u00e3o-mar_a\u00e7ores-Fausto-Brito-Abreu (1)\" width=\"720\" height=\"380\" \/><\/p>\n<p style=\"text-align: justify;\"><span style=\"color: rgb(0, 0, 0);\">O Secret\u00e1rio Regional do Mar, Ci\u00eancia e Tecnologia destacou, na Horta,\u00a0a import\u00e2ncia das novas tecnologias para o conhecimento do fundo do mar dos A\u00e7ores.<\/span><\/p>\n<p style=\"text-align: justify;\"><span style=\"color: rgb(0, 0, 0);\">Fausto Brito e Abreu falava numa confer\u00eancia de imprensa no \u00e2mbito\u00a0dos testes de mar dos rob\u00f4s submarinos do Projeto Europeu FP7 MORPH, para mapear ambientes marinhos, um projeto lan\u00e7ado em fevereiro de 2012, parcialmente financiado pela Comiss\u00e3o Europeia, com um or\u00e7amento de 8,5 milh\u00f5es de euros.<\/span><\/p>\n<p style=\"text-align: justify;\"><span style=\"color: rgb(0, 0, 0);\">O principal objetivo do projeto MORPH \u00e9 desenvolver um sistema de mapeamento do fundo do mar baseado num novo tipo de rob\u00f4s submarinos, que atuam em conjunto.<\/span><\/p>\n<p style=\"text-align: justify;\"><span style=\"color: rgb(0, 0, 0);\">\u201c\u00c9 importante que os cientistas nos A\u00e7ores consigam tirar proveito desta inova\u00e7\u00e3o nas \u00e1reas da rob\u00f3tica, da tecnologia oce\u00e2nica e dos sistemas complexos de engenharia para conhecer melhor o nosso Mar\u201d, frisou o Secret\u00e1rio Regional.<\/span><\/p>\n<p style=\"text-align: justify;\"><span style=\"color: rgb(0, 0, 0);\">Os testes aos cinco ve\u00edculos submarinos decorreram na Ba\u00eda de Porto Pim, na ilha do Faial, comprovando a efic\u00e1cia de armazenamento de informa\u00e7\u00e3o de v\u00eddeo e sonar em plataformas verticais.<\/span><\/p>\n<p style=\"text-align: justify;\"><span style=\"color: rgb(0, 0, 0);\">Para o Secret\u00e1rio Regional do Mar, Ci\u00eancia e Tecnologia, o sucesso da Miss\u00e3o MORPH\u00a0permite que\u00a0engenheiros e bi\u00f3logos marinhos tenham acesso a \u201cum sistema avan\u00e7ado de mapeamento que, a partir de agora, facilita estudos de biologia e geologia marinha, em particular de paredes verticais&#8221;.<\/span><\/p>\n<p style=\"text-align: justify;\"><span style=\"color: rgb(0, 0, 0);\">&#8220;Este mapeamento \u00e9 importante para as nossas ilhas, onde existem muitos fundos acidentados e desfiladeiros que ainda est\u00e3o por conhecer\u201d, acrescentou.<\/span><\/p>\n<p style=\"text-align: justify;\"><span style=\"color: rgb(0, 0, 0);\">Em 2015, o sistema MORPH ser\u00e1 utilizado num estudo subaqu\u00e1tico de mapeamento das comunidades de corais negros, numa grande parede submersa do Monte da Guia, na ilha do Faial.<\/span><\/p>\n<p style=\"text-align: justify;\"><span style=\"color: rgb(0, 0, 0);\"><em>DL\/Gacs<\/em><\/span><\/p>","protected":false},"excerpt":{"rendered":"<p>O Secret\u00e1rio Regional do Mar, Ci\u00eancia e Tecnologia destacou, na Horta,\u00a0a import\u00e2ncia das novas tecnologias para o conhecimento do fundo do mar dos A\u00e7ores. Fausto Brito e Abreu falava numa confer\u00eancia de imprensa no \u00e2mbito\u00a0dos testes de mar dos rob\u00f4s submarinos do Projeto Europeu FP7 MORPH, para mapear ambientes marinhos, um projeto lan\u00e7ado em fevereiro [&hellip;]<\/p>","protected":false},"author":2,"featured_media":0,"comment_status":"open","ping_status":"open","sticky":false,"template":"","format":"standard","meta":[],"categories":[21],"tags":[],"acf":[],"yoast_head":"<!-- This site is optimized with the Yoast SEO plugin v20.10 - https:\/\/yoast.com\/wordpress\/plugins\/seo\/ -->\n<title>Fausto Brito e Abreu salienta import\u00e2ncia das novas tecnologias na explora\u00e7\u00e3o do fundo do mar dos A\u00e7ores - Di\u00e1rio da Lagoa<\/title>\n<meta name=\"robots\" content=\"index, follow, max-snippet:-1, max-image-preview:large, max-video-preview:-1\" \/>\n<link rel=\"canonical\" href=\"https:\/\/diariodalagoa.pt\/en\/fausto-brito-e-abreu-salienta-importancia-das-novas-tecnologias-na-exploracao-do-fundo-do-mar-dos-acores\/\" \/>\n<meta property=\"og:locale\" content=\"en_US\" \/>\n<meta property=\"og:type\" content=\"article\" \/>\n<meta property=\"og:title\" content=\"Fausto Brito e Abreu salienta import\u00e2ncia das novas tecnologias na explora\u00e7\u00e3o do fundo do mar dos A\u00e7ores - Di\u00e1rio da Lagoa\" \/>\n<meta property=\"og:description\" content=\"O Secret\u00e1rio Regional do Mar, Ci\u00eancia e Tecnologia destacou, na Horta,\u00a0a import\u00e2ncia das novas tecnologias para o conhecimento do fundo do mar dos A\u00e7ores. Fausto Brito e Abreu falava numa confer\u00eancia de imprensa no \u00e2mbito\u00a0dos testes de mar dos rob\u00f4s submarinos do Projeto Europeu FP7 MORPH, para mapear ambientes marinhos, um projeto lan\u00e7ado em fevereiro [&hellip;]\" \/>\n<meta property=\"og:url\" content=\"https:\/\/diariodalagoa.pt\/en\/fausto-brito-e-abreu-salienta-importancia-das-novas-tecnologias-na-exploracao-do-fundo-do-mar-dos-acores\/\" \/>\n<meta property=\"og:site_name\" content=\"Di\u00e1rio da Lagoa\" \/>\n<meta property=\"article:published_time\" content=\"2014-09-13T18:24:46+00:00\" \/>\n<meta name=\"author\" content=\"Di\u00e1rio da Lagoa\" \/>\n<meta name=\"twitter:card\" content=\"summary_large_image\" \/>\n<meta name=\"twitter:label1\" content=\"Written by\" \/>\n\t<meta name=\"twitter:data1\" content=\"Di\u00e1rio da Lagoa\" \/>\n\t<meta name=\"twitter:label2\" content=\"Est. reading time\" \/>\n\t<meta name=\"twitter:data2\" content=\"1 minute\" \/>\n<script type=\"application\/ld+json\" class=\"yoast-schema-graph\">{\"@context\":\"https:\/\/schema.org\",\"@graph\":[{\"@type\":\"WebPage\",\"@id\":\"https:\/\/diariodalagoa.pt\/fausto-brito-e-abreu-salienta-importancia-das-novas-tecnologias-na-exploracao-do-fundo-do-mar-dos-acores\/\",\"url\":\"https:\/\/diariodalagoa.pt\/fausto-brito-e-abreu-salienta-importancia-das-novas-tecnologias-na-exploracao-do-fundo-do-mar-dos-acores\/\",\"name\":\"Fausto Brito e Abreu salienta import\u00e2ncia das novas tecnologias na explora\u00e7\u00e3o do fundo do mar dos A\u00e7ores - Di\u00e1rio da Lagoa\",\"isPartOf\":{\"@id\":\"https:\/\/diariodalagoa.pt\/#website\"},\"datePublished\":\"2014-09-13T18:24:46+00:00\",\"dateModified\":\"2014-09-13T18:24:46+00:00\",\"author\":{\"@id\":\"https:\/\/diariodalagoa.pt\/#\/schema\/person\/1615a002370e8857b6f972834bc43ece\"},\"breadcrumb\":{\"@id\":\"https:\/\/diariodalagoa.pt\/fausto-brito-e-abreu-salienta-importancia-das-novas-tecnologias-na-exploracao-do-fundo-do-mar-dos-acores\/#breadcrumb\"},\"inLanguage\":\"en-US\",\"potentialAction\":[{\"@type\":\"ReadAction\",\"target\":[\"https:\/\/diariodalagoa.pt\/fausto-brito-e-abreu-salienta-importancia-das-novas-tecnologias-na-exploracao-do-fundo-do-mar-dos-acores\/\"]}]},{\"@type\":\"BreadcrumbList\",\"@id\":\"https:\/\/diariodalagoa.pt\/fausto-brito-e-abreu-salienta-importancia-das-novas-tecnologias-na-exploracao-do-fundo-do-mar-dos-acores\/#breadcrumb\",\"itemListElement\":[{\"@type\":\"ListItem\",\"position\":1,\"name\":\"In\u00edcio\",\"item\":\"https:\/\/diariodalagoa.pt\/\"},{\"@type\":\"ListItem\",\"position\":2,\"name\":\"Fausto Brito e Abreu salienta import\u00e2ncia das novas tecnologias na explora\u00e7\u00e3o do fundo do mar dos A\u00e7ores\"}]},{\"@type\":\"WebSite\",\"@id\":\"https:\/\/diariodalagoa.pt\/#website\",\"url\":\"https:\/\/diariodalagoa.pt\/\",\"name\":\"Di\u00e1rio da Lagoa\",\"description\":\"Di\u00e1rio da Lagoa. As not\u00edcias que contam. A partir da Lagoa, nos A\u00e7ores, para o mundo.\",\"potentialAction\":[{\"@type\":\"SearchAction\",\"target\":{\"@type\":\"EntryPoint\",\"urlTemplate\":\"https:\/\/diariodalagoa.pt\/?s={search_term_string}\"},\"query-input\":\"required name=search_term_string\"}],\"inLanguage\":\"en-US\"},{\"@type\":\"Person\",\"@id\":\"https:\/\/diariodalagoa.pt\/#\/schema\/person\/1615a002370e8857b6f972834bc43ece\",\"name\":\"Di\u00e1rio da Lagoa\",\"image\":{\"@type\":\"ImageObject\",\"inLanguage\":\"en-US\",\"@id\":\"https:\/\/diariodalagoa.pt\/#\/schema\/person\/image\/\",\"url\":\"https:\/\/secure.gravatar.com\/avatar\/2cb5cef90a26f8fbd4d9d930608102c5?s=96&d=mm&r=g\",\"contentUrl\":\"https:\/\/secure.gravatar.com\/avatar\/2cb5cef90a26f8fbd4d9d930608102c5?s=96&d=mm&r=g\",\"caption\":\"Di\u00e1rio da Lagoa\"},\"url\":\"https:\/\/diariodalagoa.pt\/en\/author\/diariodalagoa\/\"}]}<\/script>\n<!-- \/ Yoast SEO plugin. -->","yoast_head_json":{"title":"Fausto Brito e Abreu salienta import\u00e2ncia das novas tecnologias na explora\u00e7\u00e3o do fundo do mar dos A\u00e7ores - Di\u00e1rio da Lagoa","robots":{"index":"index","follow":"follow","max-snippet":"max-snippet:-1","max-image-preview":"max-image-preview:large","max-video-preview":"max-video-preview:-1"},"canonical":"https:\/\/diariodalagoa.pt\/en\/fausto-brito-e-abreu-salienta-importancia-das-novas-tecnologias-na-exploracao-do-fundo-do-mar-dos-acores\/","og_locale":"en_US","og_type":"article","og_title":"Fausto Brito e Abreu salienta import\u00e2ncia das novas tecnologias na explora\u00e7\u00e3o do fundo do mar dos A\u00e7ores - Di\u00e1rio da Lagoa","og_description":"O Secret\u00e1rio Regional do Mar, Ci\u00eancia e Tecnologia destacou, na Horta,\u00a0a import\u00e2ncia das novas tecnologias para o conhecimento do fundo do mar dos A\u00e7ores. Fausto Brito e Abreu falava numa confer\u00eancia de imprensa no \u00e2mbito\u00a0dos testes de mar dos rob\u00f4s submarinos do Projeto Europeu FP7 MORPH, para mapear ambientes marinhos, um projeto lan\u00e7ado em fevereiro [&hellip;]","og_url":"https:\/\/diariodalagoa.pt\/en\/fausto-brito-e-abreu-salienta-importancia-das-novas-tecnologias-na-exploracao-do-fundo-do-mar-dos-acores\/","og_site_name":"Di\u00e1rio da Lagoa","article_published_time":"2014-09-13T18:24:46+00:00","author":"Di\u00e1rio da Lagoa","twitter_card":"summary_large_image","twitter_misc":{"Written by":"Di\u00e1rio da Lagoa","Est. reading time":"1 minute"},"schema":{"@context":"https:\/\/schema.org","@graph":[{"@type":"WebPage","@id":"https:\/\/diariodalagoa.pt\/fausto-brito-e-abreu-salienta-importancia-das-novas-tecnologias-na-exploracao-do-fundo-do-mar-dos-acores\/","url":"https:\/\/diariodalagoa.pt\/fausto-brito-e-abreu-salienta-importancia-das-novas-tecnologias-na-exploracao-do-fundo-do-mar-dos-acores\/","name":"Fausto Brito e Abreu salienta import\u00e2ncia das novas tecnologias na explora\u00e7\u00e3o do fundo do mar dos A\u00e7ores - Di\u00e1rio da Lagoa","isPartOf":{"@id":"https:\/\/diariodalagoa.pt\/#website"},"datePublished":"2014-09-13T18:24:46+00:00","dateModified":"2014-09-13T18:24:46+00:00","author":{"@id":"https:\/\/diariodalagoa.pt\/#\/schema\/person\/1615a002370e8857b6f972834bc43ece"},"breadcrumb":{"@id":"https:\/\/diariodalagoa.pt\/fausto-brito-e-abreu-salienta-importancia-das-novas-tecnologias-na-exploracao-do-fundo-do-mar-dos-acores\/#breadcrumb"},"inLanguage":"en-US","potentialAction":[{"@type":"ReadAction","target":["https:\/\/diariodalagoa.pt\/fausto-brito-e-abreu-salienta-importancia-das-novas-tecnologias-na-exploracao-do-fundo-do-mar-dos-acores\/"]}]},{"@type":"BreadcrumbList","@id":"https:\/\/diariodalagoa.pt\/fausto-brito-e-abreu-salienta-importancia-das-novas-tecnologias-na-exploracao-do-fundo-do-mar-dos-acores\/#breadcrumb","itemListElement":[{"@type":"ListItem","position":1,"name":"In\u00edcio","item":"https:\/\/diariodalagoa.pt\/"},{"@type":"ListItem","position":2,"name":"Fausto Brito e Abreu salienta import\u00e2ncia das novas tecnologias na explora\u00e7\u00e3o do fundo do mar dos A\u00e7ores"}]},{"@type":"WebSite","@id":"https:\/\/diariodalagoa.pt\/#website","url":"https:\/\/diariodalagoa.pt\/","name":"Di\u00e1rio da Lagoa","description":"Di\u00e1rio da Lagoa. As not\u00edcias que contam. A partir da Lagoa, nos A\u00e7ores, para o mundo.","potentialAction":[{"@type":"SearchAction","target":{"@type":"EntryPoint","urlTemplate":"https:\/\/diariodalagoa.pt\/?s={search_term_string}"},"query-input":"required name=search_term_string"}],"inLanguage":"en-US"},{"@type":"Person","@id":"https:\/\/diariodalagoa.pt\/#\/schema\/person\/1615a002370e8857b6f972834bc43ece","name":"Di\u00e1rio da Lagoa","image":{"@type":"ImageObject","inLanguage":"en-US","@id":"https:\/\/diariodalagoa.pt\/#\/schema\/person\/image\/","url":"https:\/\/secure.gravatar.com\/avatar\/2cb5cef90a26f8fbd4d9d930608102c5?s=96&d=mm&r=g","contentUrl":"https:\/\/secure.gravatar.com\/avatar\/2cb5cef90a26f8fbd4d9d930608102c5?s=96&d=mm&r=g","caption":"Di\u00e1rio da Lagoa"},"url":"https:\/\/diariodalagoa.pt\/en\/author\/diariodalagoa\/"}]}},"_links":{"self":[{"href":"https:\/\/diariodalagoa.pt\/en\/wp-json\/wp\/v2\/posts\/9021"}],"collection":[{"href":"https:\/\/diariodalagoa.pt\/en\/wp-json\/wp\/v2\/posts"}],"about":[{"href":"https:\/\/diariodalagoa.pt\/en\/wp-json\/wp\/v2\/types\/post"}],"author":[{"embeddable":true,"href":"https:\/\/diariodalagoa.pt\/en\/wp-json\/wp\/v2\/users\/2"}],"replies":[{"embeddable":true,"href":"https:\/\/diariodalagoa.pt\/en\/wp-json\/wp\/v2\/comments?post=9021"}],"version-history":[{"count":0,"href":"https:\/\/diariodalagoa.pt\/en\/wp-json\/wp\/v2\/posts\/9021\/revisions"}],"wp:attachment":[{"href":"https:\/\/diariodalagoa.pt\/en\/wp-json\/wp\/v2\/media?parent=9021"}],"wp:term":[{"taxonomy":"category","embeddable":true,"href":"https:\/\/diariodalagoa.pt\/en\/wp-json\/wp\/v2\/categories?post=9021"},{"taxonomy":"post_tag","embeddable":true,"href":"https:\/\/diariodalagoa.pt\/en\/wp-json\/wp\/v2\/tags?post=9021"}],"curies":[{"name":"wp","href":"https:\/\/api.w.org\/{rel}","templated":true}]}}