{"id":8936,"date":"2014-09-11T15:12:16","date_gmt":"2014-09-11T16:12:16","guid":{"rendered":"http:\/\/diariodalagoa.pt\/?p=8936"},"modified":"2014-09-11T15:12:16","modified_gmt":"2014-09-11T16:12:16","slug":"psp-leva-a-efeito-a-operacao-portugal-e-seguranca","status":"publish","type":"post","link":"https:\/\/diariodalagoa.pt\/en\/psp-leva-a-efeito-a-operacao-portugal-e-seguranca\/","title":{"rendered":"PSP leva a efeito a opera\u00e7\u00e3o &#8220;Portugal \u00e9 Seguran\u00e7a&#8221;"},"content":{"rendered":"<p style=\"text-align: justify;\"><img decoding=\"async\" class=\"alignnone size-full wp-image-6679\" src=\"http:\/\/diariodalagoa.pt\/wp-content\/uploads\/2014\/07\/PSP-pistola-jornal-diario-Lagoa.jpg\" alt=\"PSP-pistola-jornal-diario-Lagoa\" width=\"720\" height=\"380\" \/><\/p>\n<p style=\"text-align: justify;\"><span style=\"color: #000000;\">O Comando Regional da PSP do A\u00e7ores ir\u00e1 desenvolver a opera\u00e7\u00e3o \u201cPORTUGAL \u00c9 SEGURAN\u00c7A\u201d. A opera\u00e7\u00e3o tem a durabilidade de 24 horas cont\u00ednuas, das 07h00 do dia 13 de setembro de 2014 \u00e0s 07h00 do dia 14 de setembro de 2014.\u00a0<\/span><\/p>\n<p style=\"text-align: justify;\"><span style=\"color: #000000;\">No \u00e2mbito da sua miss\u00e3o, a PSP ir\u00e1 aumentar a sua capacidade operacional, de forma a poder continuar a transmitir sentimento de seguran\u00e7a \u00e0 popula\u00e7\u00e3o, exercendo as suas atribui\u00e7\u00f5es e compet\u00eancias legalmente consagradas, cumprindo cabalmente a sua fun\u00e7\u00e3o de pol\u00edcia integral.\u00a0<\/span><\/p>\n<p style=\"text-align: justify;\"><span style=\"color: #000000;\">Ir\u00e1 dar \u00eanfase \u00e0 visibilidade policial promovendo a\u00e7\u00f5es de preven\u00e7\u00e3o criminal junto dos v\u00e1rios centros hist\u00f3ricos\/comerciais, nos terminais de transportes rodovi\u00e1rios, nos locais de concentra\u00e7\u00e3o ou passagens de pessoas e junto das escolas nomeadamente atrav\u00e9s dos programas Escola Segura.\u00a0<\/span><\/p>\n<p style=\"text-align: justify;\"><span style=\"color: #000000;\">Ser\u00e3o realizadas a\u00e7\u00f5es de fiscaliza\u00e7\u00e3o nos terminais rodovi\u00e1rios, fiscalizando os mesmos incidindo especialmente, na fiscaliza\u00e7\u00e3o da condu\u00e7\u00e3o sob influ\u00eancia do \u00e1lcool de ve\u00edculos pesados de passageiros.<\/span><\/p>\n<p style=\"text-align: justify;\"><span style=\"color: #000000;\">Outras a\u00e7\u00f5es incidir\u00e3o sobre a vigil\u00e2ncia e patrulhamento nos parques de estacionamento dos locais de destino dos transportes, evitando eventuais crimes, como por exemplo, contra o patrim\u00f3nio e contra as pessoas;<\/span><\/p>\n<p style=\"text-align: justify;\"><span style=\"color: #000000;\">Tendo em conta as zonas urbanas sens\u00edveis existentes o efetivo empenhado nesta opera\u00e7\u00e3o ir\u00e1, com o apoio de outras for\u00e7as e servi\u00e7os de seguran\u00e7a, controlar os grupos de indiv\u00edduos suspeitos (quer de consumo, quer de trafico de estupefacientes, ou ainda suspeitos de outros crimes) proceder \u00e0 sua abordagem, revista e eventuais deten\u00e7\u00f5es, privilegiando ainda a fiscaliza\u00e7\u00e3o rodovi\u00e1ria nas entradas e sa\u00eddas destes bairros, abordando, tamb\u00e9m, as respetivas viaturas, refere um comunicado da PSP.<\/span><\/p>\n<p style=\"text-align: justify;\"><span style=\"color: #000000;\">Junto das \u00e1reas e dos estabelecimentos de divers\u00e3o noturna, ir\u00e1 proceder a a\u00e7\u00f5es de fiscaliza\u00e7\u00e3o policiais aos caf\u00e9s, bares e locais de reuni\u00e3o de pessoas, realizando junto destes locais a\u00e7\u00f5es direccionadas para o controlo de armas, atividade de seguran\u00e7a privada e de outros eventuais suspeitos e crime.<\/span><\/p>\n<p style=\"text-align: justify;\"><span style=\"color: #000000;\"><em>DL\/PSP-A<\/em><\/span><\/p>","protected":false},"excerpt":{"rendered":"<p>O Comando Regional da PSP do A\u00e7ores ir\u00e1 desenvolver a opera\u00e7\u00e3o \u201cPORTUGAL \u00c9 SEGURAN\u00c7A\u201d. A opera\u00e7\u00e3o tem a durabilidade de 24 horas cont\u00ednuas, das 07h00 do dia 13 de setembro de 2014 \u00e0s 07h00 do dia 14 de setembro de 2014.\u00a0 No \u00e2mbito da sua miss\u00e3o, a PSP ir\u00e1 aumentar a sua capacidade operacional, de [&hellip;]<\/p>","protected":false},"author":2,"featured_media":121810,"comment_status":"open","ping_status":"open","sticky":false,"template":"","format":"standard","meta":[],"categories":[21],"tags":[],"acf":[],"yoast_head":"<!-- This site is optimized with the Yoast SEO plugin v20.10 - https:\/\/yoast.com\/wordpress\/plugins\/seo\/ -->\n<title>PSP leva a efeito a opera\u00e7\u00e3o &quot;Portugal \u00e9 Seguran\u00e7a&quot; - Di\u00e1rio da Lagoa<\/title>\n<meta name=\"robots\" content=\"index, follow, max-snippet:-1, max-image-preview:large, max-video-preview:-1\" \/>\n<link rel=\"canonical\" href=\"https:\/\/diariodalagoa.pt\/en\/psp-leva-a-efeito-a-operacao-portugal-e-seguranca\/\" \/>\n<meta property=\"og:locale\" content=\"en_US\" \/>\n<meta property=\"og:type\" content=\"article\" \/>\n<meta property=\"og:title\" content=\"PSP leva a efeito a opera\u00e7\u00e3o &quot;Portugal \u00e9 Seguran\u00e7a&quot; - Di\u00e1rio da Lagoa\" \/>\n<meta property=\"og:description\" content=\"O Comando Regional da PSP do A\u00e7ores ir\u00e1 desenvolver a opera\u00e7\u00e3o \u201cPORTUGAL \u00c9 SEGURAN\u00c7A\u201d. A opera\u00e7\u00e3o tem a durabilidade de 24 horas cont\u00ednuas, das 07h00 do dia 13 de setembro de 2014 \u00e0s 07h00 do dia 14 de setembro de 2014.\u00a0 No \u00e2mbito da sua miss\u00e3o, a PSP ir\u00e1 aumentar a sua capacidade operacional, de [&hellip;]\" \/>\n<meta property=\"og:url\" content=\"https:\/\/diariodalagoa.pt\/en\/psp-leva-a-efeito-a-operacao-portugal-e-seguranca\/\" \/>\n<meta property=\"og:site_name\" content=\"Di\u00e1rio da Lagoa\" \/>\n<meta property=\"article:published_time\" content=\"2014-09-11T16:12:16+00:00\" \/>\n<meta property=\"og:image\" content=\"https:\/\/diariodalagoa.pt\/wp-content\/uploads\/2014\/09\/psp-pistola-jornal-diario-lagoa.jpg\" \/>\n\t<meta property=\"og:image:width\" content=\"720\" \/>\n\t<meta property=\"og:image:height\" content=\"380\" \/>\n\t<meta property=\"og:image:type\" content=\"image\/jpeg\" \/>\n<meta name=\"author\" content=\"Di\u00e1rio da Lagoa\" \/>\n<meta name=\"twitter:card\" content=\"summary_large_image\" \/>\n<meta name=\"twitter:label1\" content=\"Written by\" \/>\n\t<meta name=\"twitter:data1\" content=\"Di\u00e1rio da Lagoa\" \/>\n\t<meta name=\"twitter:label2\" content=\"Est. reading time\" \/>\n\t<meta name=\"twitter:data2\" content=\"2 minutes\" \/>\n<script type=\"application\/ld+json\" class=\"yoast-schema-graph\">{\"@context\":\"https:\/\/schema.org\",\"@graph\":[{\"@type\":\"WebPage\",\"@id\":\"https:\/\/diariodalagoa.pt\/psp-leva-a-efeito-a-operacao-portugal-e-seguranca\/\",\"url\":\"https:\/\/diariodalagoa.pt\/psp-leva-a-efeito-a-operacao-portugal-e-seguranca\/\",\"name\":\"PSP leva a efeito a opera\u00e7\u00e3o \\\"Portugal \u00e9 Seguran\u00e7a\\\" - Di\u00e1rio da Lagoa\",\"isPartOf\":{\"@id\":\"https:\/\/diariodalagoa.pt\/#website\"},\"datePublished\":\"2014-09-11T16:12:16+00:00\",\"dateModified\":\"2014-09-11T16:12:16+00:00\",\"author\":{\"@id\":\"https:\/\/diariodalagoa.pt\/#\/schema\/person\/1615a002370e8857b6f972834bc43ece\"},\"breadcrumb\":{\"@id\":\"https:\/\/diariodalagoa.pt\/psp-leva-a-efeito-a-operacao-portugal-e-seguranca\/#breadcrumb\"},\"inLanguage\":\"en-US\",\"potentialAction\":[{\"@type\":\"ReadAction\",\"target\":[\"https:\/\/diariodalagoa.pt\/psp-leva-a-efeito-a-operacao-portugal-e-seguranca\/\"]}]},{\"@type\":\"BreadcrumbList\",\"@id\":\"https:\/\/diariodalagoa.pt\/psp-leva-a-efeito-a-operacao-portugal-e-seguranca\/#breadcrumb\",\"itemListElement\":[{\"@type\":\"ListItem\",\"position\":1,\"name\":\"In\u00edcio\",\"item\":\"https:\/\/diariodalagoa.pt\/\"},{\"@type\":\"ListItem\",\"position\":2,\"name\":\"PSP leva a efeito a opera\u00e7\u00e3o &#8220;Portugal \u00e9 Seguran\u00e7a&#8221;\"}]},{\"@type\":\"WebSite\",\"@id\":\"https:\/\/diariodalagoa.pt\/#website\",\"url\":\"https:\/\/diariodalagoa.pt\/\",\"name\":\"Di\u00e1rio da Lagoa\",\"description\":\"Di\u00e1rio da Lagoa. As not\u00edcias que contam. A partir da Lagoa, nos A\u00e7ores, para o mundo.\",\"potentialAction\":[{\"@type\":\"SearchAction\",\"target\":{\"@type\":\"EntryPoint\",\"urlTemplate\":\"https:\/\/diariodalagoa.pt\/?s={search_term_string}\"},\"query-input\":\"required name=search_term_string\"}],\"inLanguage\":\"en-US\"},{\"@type\":\"Person\",\"@id\":\"https:\/\/diariodalagoa.pt\/#\/schema\/person\/1615a002370e8857b6f972834bc43ece\",\"name\":\"Di\u00e1rio da Lagoa\",\"image\":{\"@type\":\"ImageObject\",\"inLanguage\":\"en-US\",\"@id\":\"https:\/\/diariodalagoa.pt\/#\/schema\/person\/image\/\",\"url\":\"https:\/\/secure.gravatar.com\/avatar\/2cb5cef90a26f8fbd4d9d930608102c5?s=96&d=mm&r=g\",\"contentUrl\":\"https:\/\/secure.gravatar.com\/avatar\/2cb5cef90a26f8fbd4d9d930608102c5?s=96&d=mm&r=g\",\"caption\":\"Di\u00e1rio da Lagoa\"},\"url\":\"https:\/\/diariodalagoa.pt\/en\/author\/diariodalagoa\/\"}]}<\/script>\n<!-- \/ Yoast SEO plugin. -->","yoast_head_json":{"title":"PSP leva a efeito a opera\u00e7\u00e3o \"Portugal \u00e9 Seguran\u00e7a\" - Di\u00e1rio da Lagoa","robots":{"index":"index","follow":"follow","max-snippet":"max-snippet:-1","max-image-preview":"max-image-preview:large","max-video-preview":"max-video-preview:-1"},"canonical":"https:\/\/diariodalagoa.pt\/en\/psp-leva-a-efeito-a-operacao-portugal-e-seguranca\/","og_locale":"en_US","og_type":"article","og_title":"PSP leva a efeito a opera\u00e7\u00e3o \"Portugal \u00e9 Seguran\u00e7a\" - Di\u00e1rio da Lagoa","og_description":"O Comando Regional da PSP do A\u00e7ores ir\u00e1 desenvolver a opera\u00e7\u00e3o \u201cPORTUGAL \u00c9 SEGURAN\u00c7A\u201d. A opera\u00e7\u00e3o tem a durabilidade de 24 horas cont\u00ednuas, das 07h00 do dia 13 de setembro de 2014 \u00e0s 07h00 do dia 14 de setembro de 2014.\u00a0 No \u00e2mbito da sua miss\u00e3o, a PSP ir\u00e1 aumentar a sua capacidade operacional, de [&hellip;]","og_url":"https:\/\/diariodalagoa.pt\/en\/psp-leva-a-efeito-a-operacao-portugal-e-seguranca\/","og_site_name":"Di\u00e1rio da Lagoa","article_published_time":"2014-09-11T16:12:16+00:00","og_image":[{"width":720,"height":380,"url":"https:\/\/diariodalagoa.pt\/wp-content\/uploads\/2014\/09\/psp-pistola-jornal-diario-lagoa.jpg","type":"image\/jpeg"}],"author":"Di\u00e1rio da Lagoa","twitter_card":"summary_large_image","twitter_misc":{"Written by":"Di\u00e1rio da Lagoa","Est. reading time":"2 minutes"},"schema":{"@context":"https:\/\/schema.org","@graph":[{"@type":"WebPage","@id":"https:\/\/diariodalagoa.pt\/psp-leva-a-efeito-a-operacao-portugal-e-seguranca\/","url":"https:\/\/diariodalagoa.pt\/psp-leva-a-efeito-a-operacao-portugal-e-seguranca\/","name":"PSP leva a efeito a opera\u00e7\u00e3o \"Portugal \u00e9 Seguran\u00e7a\" - Di\u00e1rio da Lagoa","isPartOf":{"@id":"https:\/\/diariodalagoa.pt\/#website"},"datePublished":"2014-09-11T16:12:16+00:00","dateModified":"2014-09-11T16:12:16+00:00","author":{"@id":"https:\/\/diariodalagoa.pt\/#\/schema\/person\/1615a002370e8857b6f972834bc43ece"},"breadcrumb":{"@id":"https:\/\/diariodalagoa.pt\/psp-leva-a-efeito-a-operacao-portugal-e-seguranca\/#breadcrumb"},"inLanguage":"en-US","potentialAction":[{"@type":"ReadAction","target":["https:\/\/diariodalagoa.pt\/psp-leva-a-efeito-a-operacao-portugal-e-seguranca\/"]}]},{"@type":"BreadcrumbList","@id":"https:\/\/diariodalagoa.pt\/psp-leva-a-efeito-a-operacao-portugal-e-seguranca\/#breadcrumb","itemListElement":[{"@type":"ListItem","position":1,"name":"In\u00edcio","item":"https:\/\/diariodalagoa.pt\/"},{"@type":"ListItem","position":2,"name":"PSP leva a efeito a opera\u00e7\u00e3o &#8220;Portugal \u00e9 Seguran\u00e7a&#8221;"}]},{"@type":"WebSite","@id":"https:\/\/diariodalagoa.pt\/#website","url":"https:\/\/diariodalagoa.pt\/","name":"Di\u00e1rio da Lagoa","description":"Di\u00e1rio da Lagoa. As not\u00edcias que contam. A partir da Lagoa, nos A\u00e7ores, para o mundo.","potentialAction":[{"@type":"SearchAction","target":{"@type":"EntryPoint","urlTemplate":"https:\/\/diariodalagoa.pt\/?s={search_term_string}"},"query-input":"required name=search_term_string"}],"inLanguage":"en-US"},{"@type":"Person","@id":"https:\/\/diariodalagoa.pt\/#\/schema\/person\/1615a002370e8857b6f972834bc43ece","name":"Di\u00e1rio da Lagoa","image":{"@type":"ImageObject","inLanguage":"en-US","@id":"https:\/\/diariodalagoa.pt\/#\/schema\/person\/image\/","url":"https:\/\/secure.gravatar.com\/avatar\/2cb5cef90a26f8fbd4d9d930608102c5?s=96&d=mm&r=g","contentUrl":"https:\/\/secure.gravatar.com\/avatar\/2cb5cef90a26f8fbd4d9d930608102c5?s=96&d=mm&r=g","caption":"Di\u00e1rio da Lagoa"},"url":"https:\/\/diariodalagoa.pt\/en\/author\/diariodalagoa\/"}]}},"_links":{"self":[{"href":"https:\/\/diariodalagoa.pt\/en\/wp-json\/wp\/v2\/posts\/8936"}],"collection":[{"href":"https:\/\/diariodalagoa.pt\/en\/wp-json\/wp\/v2\/posts"}],"about":[{"href":"https:\/\/diariodalagoa.pt\/en\/wp-json\/wp\/v2\/types\/post"}],"author":[{"embeddable":true,"href":"https:\/\/diariodalagoa.pt\/en\/wp-json\/wp\/v2\/users\/2"}],"replies":[{"embeddable":true,"href":"https:\/\/diariodalagoa.pt\/en\/wp-json\/wp\/v2\/comments?post=8936"}],"version-history":[{"count":0,"href":"https:\/\/diariodalagoa.pt\/en\/wp-json\/wp\/v2\/posts\/8936\/revisions"}],"wp:featuredmedia":[{"embeddable":true,"href":"https:\/\/diariodalagoa.pt\/en\/wp-json\/wp\/v2\/media\/121810"}],"wp:attachment":[{"href":"https:\/\/diariodalagoa.pt\/en\/wp-json\/wp\/v2\/media?parent=8936"}],"wp:term":[{"taxonomy":"category","embeddable":true,"href":"https:\/\/diariodalagoa.pt\/en\/wp-json\/wp\/v2\/categories?post=8936"},{"taxonomy":"post_tag","embeddable":true,"href":"https:\/\/diariodalagoa.pt\/en\/wp-json\/wp\/v2\/tags?post=8936"}],"curies":[{"name":"wp","href":"https:\/\/api.w.org\/{rel}","templated":true}]}}