{"id":8879,"date":"2014-09-10T12:04:05","date_gmt":"2014-09-10T13:04:05","guid":{"rendered":"http:\/\/diariodalagoa.pt\/?p=8879"},"modified":"2014-09-10T12:04:05","modified_gmt":"2014-09-10T13:04:05","slug":"investimento-publico-nos-acores-aumentou-15-por-cento","status":"publish","type":"post","link":"https:\/\/diariodalagoa.pt\/en\/investimento-publico-nos-acores-aumentou-15-por-cento\/","title":{"rendered":"Investimento p\u00fablico nos A\u00e7ores aumentou 15 por cento"},"content":{"rendered":"<p style=\"text-align: justify;\"><img decoding=\"async\" class=\"alignnone size-full wp-image-6709\" src=\"http:\/\/diariodalagoa.pt\/wp-content\/uploads\/2014\/07\/Sergio-Avila-governo-a\u00e7ores-ALRA.jpg\" alt=\"Sergio-Avila-governo-a\u00e7ores-ALRA\" width=\"720\" height=\"380\" \/><\/p>\n<p style=\"text-align: justify;\"><span style=\"color: rgb(0, 0, 0);\">O Vice-Presidente do Governo dos A\u00e7ores\u00a0revelou, na Horta, que o Executivo \u201caumentou em 15% o investimento p\u00fablico executado no \u00faltimo ano\u201d, tendo tamb\u00e9m assegurado \u201cuma taxa de execu\u00e7\u00e3o do investimento 30 por cento superior\u201d.\u00a0<\/span><\/p>\n<p style=\"text-align: justify;\"><span style=\"color: rgb(0, 0, 0);\">S\u00e9rgio \u00c1vila, que falava num debate sobre o investimento p\u00fablico nos A\u00e7ores, na Assembleia Legislativa, adiantou que, nos primeiros sete meses deste ano, o Governo Regional \u201cvoltou a aumentar o investimento em 10 por cento\u201d, face ao mesmo per\u00edodo do ano passado.<\/span><\/p>\n<p style=\"text-align: justify;\"><span style=\"color: rgb(0, 0, 0);\">S\u00e9rgio \u00c1vila disse tamb\u00e9m que o Governo dos A\u00e7ores espera, com o in\u00edcio da execu\u00e7\u00e3o do pr\u00f3ximo Quadro Comunit\u00e1rio de Apoio, j\u00e1 no pr\u00f3ximo m\u00eas, iniciar um novo ciclo de aumento significativo do investimento p\u00fablico.\u00a0<\/span><\/p>\n<p style=\"text-align: justify;\"><span style=\"color: rgb(0, 0, 0);\">O governante sublinhou que, apesar de ainda n\u00e3o estar operacional o novo quadro comunit\u00e1rio, o Governo dos A\u00e7ores j\u00e1 lan\u00e7ou a concurso p\u00fablico \u201c121 milh\u00f5es de euros de procedimentos de obras p\u00fablicas no \u00e2mbito da Carta Regional das Obras P\u00fablicas\u201d.\u00a0<\/span><\/p>\n<p style=\"text-align: justify;\"><span style=\"color: rgb(0, 0, 0);\">O Vice-Presidente do Governo salientou, por outro lado, que o esfor\u00e7o de investimento p\u00fablico feito na Regi\u00e3o fica desde logo demonstrado pela decis\u00e3o do Executivo de lhe afetar 39 por cento dos seus recursos.\u00a0<\/span><\/p>\n<p style=\"text-align: justify;\"><span style=\"color: rgb(0, 0, 0);\">Para S\u00e9rgio \u00c1vila, n\u00e3o h\u00e1 compara\u00e7\u00e3o com os 0,4 por cento do Plano de Investimentos do Governo da Rep\u00fablica destinados ao investimento p\u00fablico, \u201cou seja, nos A\u00e7ores o investimento p\u00fablico tem um peso relativo 72 vezes superior ao que se verifica no pa\u00eds, face aos correspondentes or\u00e7amentos\u201d.\u00a0<\/span><\/p>\n<p style=\"text-align: justify;\"><span style=\"color: rgb(0, 0, 0);\">Outra diferen\u00e7a apontada refere-se\u00a0\u00e0 execu\u00e7\u00e3o do investimento p\u00fablico<em>\u00a0<\/em>nos primeiros sete meses deste ano, revelando S\u00e9rgio \u00c1vila que, segundo dados recentes do Minist\u00e9rio das Finan\u00e7as, o investimento p\u00fablico nos A\u00e7ores foi, por a\u00e7oriano,\u00a0oito vezes superior ao executado por cada portugu\u00eas residente no continente.<\/span><\/p>\n<p style=\"text-align: justify;\"><span style=\"color: rgb(0, 0, 0);\">S\u00e9rgio \u00c1vila salientou ainda que, \u201capesar desse crescimento muito significativo\u201d, nos primeiros sete meses deste ano o Governo Regional \u201caumentou j\u00e1 em 10 por cento o investimento executado face ao ano passado, que j\u00e1 tinha registado um aumento de 15 por cento em rela\u00e7\u00e3o a 2012\u201d.\u00a0<\/span><\/p>\n<p style=\"text-align: justify;\"><span style=\"color: rgb(0, 0, 0);\">Para o Vice-Presidente, tudo isso tem sido poss\u00edvel gra\u00e7as ao incremento das receitas pr\u00f3prias e \u00e0 \u201cconten\u00e7\u00e3o muito rigorosa nas despesas de funcionamento\u201d, permitindo libertar recursos para o investimento p\u00fablico.\u00a0<\/span><\/p>\n<p style=\"text-align: justify;\"><span style=\"color: rgb(0, 0, 0);\">S\u00e9rgio \u00c1vila anunciou, a prop\u00f3sito, que o Governo dever\u00e1 executar este ano \u201c99 por cento da receita pr\u00f3pria da Regi\u00e3o\u201d, devendo tamb\u00e9m \u201cpoupar e reduzir em mais de 10 milh\u00f5es de euros as despesas de funcionamento da Regi\u00e3o face ao que estava or\u00e7amentado, mesmo com os aumentos remunerat\u00f3rios introduzidos e a introduzir este ano\u201d.\u00a0<\/span><\/p>\n<p style=\"text-align: justify;\"><span style=\"color: rgb(0, 0, 0);\">Para o\u00a0governante, fica assim j\u00e1 assegurado 87 por cento do financiamento total do Or\u00e7amento da Regi\u00e3o para este ano, \u201co que \u00e9 um valor muito superior ao registado nos anos anteriores e assegura o incremento sustentado do investimento p\u00fablico nos pr\u00f3ximos anos&#8221;.<\/span><\/p>\n<p style=\"text-align: justify;\"><span style=\"color: rgb(0, 0, 0);\"><em>DL\/GaCS<\/em><\/span><\/p>","protected":false},"excerpt":{"rendered":"<p>O Vice-Presidente do Governo dos A\u00e7ores\u00a0revelou, na Horta, que o Executivo \u201caumentou em 15% o investimento p\u00fablico executado no \u00faltimo ano\u201d, tendo tamb\u00e9m assegurado \u201cuma taxa de execu\u00e7\u00e3o do investimento 30 por cento superior\u201d.\u00a0 S\u00e9rgio \u00c1vila, que falava num debate sobre o investimento p\u00fablico nos A\u00e7ores, na Assembleia Legislativa, adiantou que, nos primeiros sete meses [&hellip;]<\/p>","protected":false},"author":2,"featured_media":121817,"comment_status":"open","ping_status":"open","sticky":false,"template":"","format":"standard","meta":[],"categories":[21],"tags":[],"acf":[],"yoast_head":"<!-- This site is optimized with the Yoast SEO plugin v20.10 - https:\/\/yoast.com\/wordpress\/plugins\/seo\/ -->\n<title>Investimento p\u00fablico nos A\u00e7ores aumentou 15 por cento - Di\u00e1rio da Lagoa<\/title>\n<meta name=\"robots\" content=\"index, follow, max-snippet:-1, max-image-preview:large, max-video-preview:-1\" \/>\n<link rel=\"canonical\" href=\"https:\/\/diariodalagoa.pt\/en\/investimento-publico-nos-acores-aumentou-15-por-cento\/\" \/>\n<meta property=\"og:locale\" content=\"en_US\" \/>\n<meta property=\"og:type\" content=\"article\" \/>\n<meta property=\"og:title\" content=\"Investimento p\u00fablico nos A\u00e7ores aumentou 15 por cento - Di\u00e1rio da Lagoa\" \/>\n<meta property=\"og:description\" content=\"O Vice-Presidente do Governo dos A\u00e7ores\u00a0revelou, na Horta, que o Executivo \u201caumentou em 15% o investimento p\u00fablico executado no \u00faltimo ano\u201d, tendo tamb\u00e9m assegurado \u201cuma taxa de execu\u00e7\u00e3o do investimento 30 por cento superior\u201d.\u00a0 S\u00e9rgio \u00c1vila, que falava num debate sobre o investimento p\u00fablico nos A\u00e7ores, na Assembleia Legislativa, adiantou que, nos primeiros sete meses [&hellip;]\" \/>\n<meta property=\"og:url\" content=\"https:\/\/diariodalagoa.pt\/en\/investimento-publico-nos-acores-aumentou-15-por-cento\/\" \/>\n<meta property=\"og:site_name\" content=\"Di\u00e1rio da Lagoa\" \/>\n<meta property=\"article:published_time\" content=\"2014-09-10T13:04:05+00:00\" \/>\n<meta property=\"og:image\" content=\"https:\/\/diariodalagoa.pt\/wp-content\/uploads\/2014\/09\/sergio-avila-assembelia-legislativa-1.jpg\" \/>\n\t<meta property=\"og:image:width\" content=\"720\" \/>\n\t<meta property=\"og:image:height\" content=\"378\" \/>\n\t<meta property=\"og:image:type\" content=\"image\/jpeg\" \/>\n<meta name=\"author\" content=\"Di\u00e1rio da Lagoa\" \/>\n<meta name=\"twitter:card\" content=\"summary_large_image\" \/>\n<meta name=\"twitter:label1\" content=\"Written by\" \/>\n\t<meta name=\"twitter:data1\" content=\"Di\u00e1rio da Lagoa\" \/>\n\t<meta name=\"twitter:label2\" content=\"Est. reading time\" \/>\n\t<meta name=\"twitter:data2\" content=\"3 minutes\" \/>\n<script type=\"application\/ld+json\" class=\"yoast-schema-graph\">{\"@context\":\"https:\/\/schema.org\",\"@graph\":[{\"@type\":\"WebPage\",\"@id\":\"https:\/\/diariodalagoa.pt\/investimento-publico-nos-acores-aumentou-15-por-cento\/\",\"url\":\"https:\/\/diariodalagoa.pt\/investimento-publico-nos-acores-aumentou-15-por-cento\/\",\"name\":\"Investimento p\u00fablico nos A\u00e7ores aumentou 15 por cento - Di\u00e1rio da Lagoa\",\"isPartOf\":{\"@id\":\"https:\/\/diariodalagoa.pt\/#website\"},\"datePublished\":\"2014-09-10T13:04:05+00:00\",\"dateModified\":\"2014-09-10T13:04:05+00:00\",\"author\":{\"@id\":\"https:\/\/diariodalagoa.pt\/#\/schema\/person\/1615a002370e8857b6f972834bc43ece\"},\"breadcrumb\":{\"@id\":\"https:\/\/diariodalagoa.pt\/investimento-publico-nos-acores-aumentou-15-por-cento\/#breadcrumb\"},\"inLanguage\":\"en-US\",\"potentialAction\":[{\"@type\":\"ReadAction\",\"target\":[\"https:\/\/diariodalagoa.pt\/investimento-publico-nos-acores-aumentou-15-por-cento\/\"]}]},{\"@type\":\"BreadcrumbList\",\"@id\":\"https:\/\/diariodalagoa.pt\/investimento-publico-nos-acores-aumentou-15-por-cento\/#breadcrumb\",\"itemListElement\":[{\"@type\":\"ListItem\",\"position\":1,\"name\":\"In\u00edcio\",\"item\":\"https:\/\/diariodalagoa.pt\/\"},{\"@type\":\"ListItem\",\"position\":2,\"name\":\"Investimento p\u00fablico nos A\u00e7ores aumentou 15 por cento\"}]},{\"@type\":\"WebSite\",\"@id\":\"https:\/\/diariodalagoa.pt\/#website\",\"url\":\"https:\/\/diariodalagoa.pt\/\",\"name\":\"Di\u00e1rio da Lagoa\",\"description\":\"Di\u00e1rio da Lagoa. As not\u00edcias que contam. A partir da Lagoa, nos A\u00e7ores, para o mundo.\",\"potentialAction\":[{\"@type\":\"SearchAction\",\"target\":{\"@type\":\"EntryPoint\",\"urlTemplate\":\"https:\/\/diariodalagoa.pt\/?s={search_term_string}\"},\"query-input\":\"required name=search_term_string\"}],\"inLanguage\":\"en-US\"},{\"@type\":\"Person\",\"@id\":\"https:\/\/diariodalagoa.pt\/#\/schema\/person\/1615a002370e8857b6f972834bc43ece\",\"name\":\"Di\u00e1rio da Lagoa\",\"image\":{\"@type\":\"ImageObject\",\"inLanguage\":\"en-US\",\"@id\":\"https:\/\/diariodalagoa.pt\/#\/schema\/person\/image\/\",\"url\":\"https:\/\/secure.gravatar.com\/avatar\/2cb5cef90a26f8fbd4d9d930608102c5?s=96&d=mm&r=g\",\"contentUrl\":\"https:\/\/secure.gravatar.com\/avatar\/2cb5cef90a26f8fbd4d9d930608102c5?s=96&d=mm&r=g\",\"caption\":\"Di\u00e1rio da Lagoa\"},\"url\":\"https:\/\/diariodalagoa.pt\/en\/author\/diariodalagoa\/\"}]}<\/script>\n<!-- \/ Yoast SEO plugin. -->","yoast_head_json":{"title":"Investimento p\u00fablico nos A\u00e7ores aumentou 15 por cento - Di\u00e1rio da Lagoa","robots":{"index":"index","follow":"follow","max-snippet":"max-snippet:-1","max-image-preview":"max-image-preview:large","max-video-preview":"max-video-preview:-1"},"canonical":"https:\/\/diariodalagoa.pt\/en\/investimento-publico-nos-acores-aumentou-15-por-cento\/","og_locale":"en_US","og_type":"article","og_title":"Investimento p\u00fablico nos A\u00e7ores aumentou 15 por cento - Di\u00e1rio da Lagoa","og_description":"O Vice-Presidente do Governo dos A\u00e7ores\u00a0revelou, na Horta, que o Executivo \u201caumentou em 15% o investimento p\u00fablico executado no \u00faltimo ano\u201d, tendo tamb\u00e9m assegurado \u201cuma taxa de execu\u00e7\u00e3o do investimento 30 por cento superior\u201d.\u00a0 S\u00e9rgio \u00c1vila, que falava num debate sobre o investimento p\u00fablico nos A\u00e7ores, na Assembleia Legislativa, adiantou que, nos primeiros sete meses [&hellip;]","og_url":"https:\/\/diariodalagoa.pt\/en\/investimento-publico-nos-acores-aumentou-15-por-cento\/","og_site_name":"Di\u00e1rio da Lagoa","article_published_time":"2014-09-10T13:04:05+00:00","og_image":[{"width":720,"height":378,"url":"https:\/\/diariodalagoa.pt\/wp-content\/uploads\/2014\/09\/sergio-avila-assembelia-legislativa-1.jpg","type":"image\/jpeg"}],"author":"Di\u00e1rio da Lagoa","twitter_card":"summary_large_image","twitter_misc":{"Written by":"Di\u00e1rio da Lagoa","Est. reading time":"3 minutes"},"schema":{"@context":"https:\/\/schema.org","@graph":[{"@type":"WebPage","@id":"https:\/\/diariodalagoa.pt\/investimento-publico-nos-acores-aumentou-15-por-cento\/","url":"https:\/\/diariodalagoa.pt\/investimento-publico-nos-acores-aumentou-15-por-cento\/","name":"Investimento p\u00fablico nos A\u00e7ores aumentou 15 por cento - Di\u00e1rio da Lagoa","isPartOf":{"@id":"https:\/\/diariodalagoa.pt\/#website"},"datePublished":"2014-09-10T13:04:05+00:00","dateModified":"2014-09-10T13:04:05+00:00","author":{"@id":"https:\/\/diariodalagoa.pt\/#\/schema\/person\/1615a002370e8857b6f972834bc43ece"},"breadcrumb":{"@id":"https:\/\/diariodalagoa.pt\/investimento-publico-nos-acores-aumentou-15-por-cento\/#breadcrumb"},"inLanguage":"en-US","potentialAction":[{"@type":"ReadAction","target":["https:\/\/diariodalagoa.pt\/investimento-publico-nos-acores-aumentou-15-por-cento\/"]}]},{"@type":"BreadcrumbList","@id":"https:\/\/diariodalagoa.pt\/investimento-publico-nos-acores-aumentou-15-por-cento\/#breadcrumb","itemListElement":[{"@type":"ListItem","position":1,"name":"In\u00edcio","item":"https:\/\/diariodalagoa.pt\/"},{"@type":"ListItem","position":2,"name":"Investimento p\u00fablico nos A\u00e7ores aumentou 15 por cento"}]},{"@type":"WebSite","@id":"https:\/\/diariodalagoa.pt\/#website","url":"https:\/\/diariodalagoa.pt\/","name":"Di\u00e1rio da Lagoa","description":"Di\u00e1rio da Lagoa. As not\u00edcias que contam. A partir da Lagoa, nos A\u00e7ores, para o mundo.","potentialAction":[{"@type":"SearchAction","target":{"@type":"EntryPoint","urlTemplate":"https:\/\/diariodalagoa.pt\/?s={search_term_string}"},"query-input":"required name=search_term_string"}],"inLanguage":"en-US"},{"@type":"Person","@id":"https:\/\/diariodalagoa.pt\/#\/schema\/person\/1615a002370e8857b6f972834bc43ece","name":"Di\u00e1rio da Lagoa","image":{"@type":"ImageObject","inLanguage":"en-US","@id":"https:\/\/diariodalagoa.pt\/#\/schema\/person\/image\/","url":"https:\/\/secure.gravatar.com\/avatar\/2cb5cef90a26f8fbd4d9d930608102c5?s=96&d=mm&r=g","contentUrl":"https:\/\/secure.gravatar.com\/avatar\/2cb5cef90a26f8fbd4d9d930608102c5?s=96&d=mm&r=g","caption":"Di\u00e1rio da Lagoa"},"url":"https:\/\/diariodalagoa.pt\/en\/author\/diariodalagoa\/"}]}},"_links":{"self":[{"href":"https:\/\/diariodalagoa.pt\/en\/wp-json\/wp\/v2\/posts\/8879"}],"collection":[{"href":"https:\/\/diariodalagoa.pt\/en\/wp-json\/wp\/v2\/posts"}],"about":[{"href":"https:\/\/diariodalagoa.pt\/en\/wp-json\/wp\/v2\/types\/post"}],"author":[{"embeddable":true,"href":"https:\/\/diariodalagoa.pt\/en\/wp-json\/wp\/v2\/users\/2"}],"replies":[{"embeddable":true,"href":"https:\/\/diariodalagoa.pt\/en\/wp-json\/wp\/v2\/comments?post=8879"}],"version-history":[{"count":0,"href":"https:\/\/diariodalagoa.pt\/en\/wp-json\/wp\/v2\/posts\/8879\/revisions"}],"wp:featuredmedia":[{"embeddable":true,"href":"https:\/\/diariodalagoa.pt\/en\/wp-json\/wp\/v2\/media\/121817"}],"wp:attachment":[{"href":"https:\/\/diariodalagoa.pt\/en\/wp-json\/wp\/v2\/media?parent=8879"}],"wp:term":[{"taxonomy":"category","embeddable":true,"href":"https:\/\/diariodalagoa.pt\/en\/wp-json\/wp\/v2\/categories?post=8879"},{"taxonomy":"post_tag","embeddable":true,"href":"https:\/\/diariodalagoa.pt\/en\/wp-json\/wp\/v2\/tags?post=8879"}],"curies":[{"name":"wp","href":"https:\/\/api.w.org\/{rel}","templated":true}]}}