{"id":8700,"date":"2014-09-05T14:21:11","date_gmt":"2014-09-05T15:21:11","guid":{"rendered":"http:\/\/diariodalagoa.pt\/?p=8700"},"modified":"2014-09-05T14:21:11","modified_gmt":"2014-09-05T15:21:11","slug":"desenvolvimento-e-boa-governacao-em-destaque-no-sexto-forum-da-coesao","status":"publish","type":"post","link":"https:\/\/diariodalagoa.pt\/en\/desenvolvimento-e-boa-governacao-em-destaque-no-sexto-forum-da-coesao\/","title":{"rendered":"Desenvolvimento e boa governa\u00e7\u00e3o em destaque no Sexto F\u00f3rum da Coes\u00e3o"},"content":{"rendered":"<p style=\"text-align: justify;\"><img decoding=\"async\" class=\"alignnone wp-image-6694 size-full\" src=\"http:\/\/diariodalagoa.pt\/wp-content\/uploads\/2014\/07\/europa-parlamento-Bruxelas.jpg\" alt=\"europa-parlamento-Bruxelas\" width=\"720\" height=\"380\" \/><\/p>\n<p style=\"text-align: justify;\"><span style=\"color: #000000;\">O papel fundamental da nova pol\u00edtica de coes\u00e3o da UE na promo\u00e7\u00e3o do crescimento e da cria\u00e7\u00e3o de postos de trabalho nas regi\u00f5es e nas cidades da Europa estar\u00e1 no cerne dos debates do Sexto F\u00f3rum da Coes\u00e3o, a realizar em Bruxelas a 8 e 9 de setembro de 2014. <\/span><\/p>\n<p style=\"text-align: justify;\"><span style=\"color: #000000;\">A pol\u00edtica de coes\u00e3o, com um or\u00e7amento total de cerca de 352 mil milh\u00f5es de euros para o per\u00edodo de 2014-2020, \u00e9 hoje o principal instrumento de investimento da UE para reduzir as disparidades econ\u00f3micas e sociais entre as regi\u00f5es europeias, refor\u00e7ar a sua competitividade e, de um modo geral, concretizar os objetivos da Estrat\u00e9gia Europa 2020.<\/span><\/p>\n<p style=\"text-align: justify;\"><span style=\"color: #000000;\"><em>DL\/RCEP<\/em><\/span><\/p>","protected":false},"excerpt":{"rendered":"<p>O papel fundamental da nova pol\u00edtica de coes\u00e3o da UE na promo\u00e7\u00e3o do crescimento e da cria\u00e7\u00e3o de postos de trabalho nas regi\u00f5es e nas cidades da Europa estar\u00e1 no cerne dos debates do Sexto F\u00f3rum da Coes\u00e3o, a realizar em Bruxelas a 8 e 9 de setembro de 2014. A pol\u00edtica de coes\u00e3o, com [&hellip;]<\/p>","protected":false},"author":2,"featured_media":121827,"comment_status":"open","ping_status":"open","sticky":false,"template":"","format":"standard","meta":[],"categories":[21],"tags":[],"acf":[],"yoast_head":"<!-- This site is optimized with the Yoast SEO plugin v20.10 - https:\/\/yoast.com\/wordpress\/plugins\/seo\/ -->\n<title>Desenvolvimento e boa governa\u00e7\u00e3o em destaque no Sexto F\u00f3rum da Coes\u00e3o - Di\u00e1rio da Lagoa<\/title>\n<meta name=\"robots\" content=\"index, follow, max-snippet:-1, max-image-preview:large, max-video-preview:-1\" \/>\n<link rel=\"canonical\" href=\"https:\/\/diariodalagoa.pt\/en\/desenvolvimento-e-boa-governacao-em-destaque-no-sexto-forum-da-coesao\/\" \/>\n<meta property=\"og:locale\" content=\"en_US\" \/>\n<meta property=\"og:type\" content=\"article\" \/>\n<meta property=\"og:title\" content=\"Desenvolvimento e boa governa\u00e7\u00e3o em destaque no Sexto F\u00f3rum da Coes\u00e3o - Di\u00e1rio da Lagoa\" \/>\n<meta property=\"og:description\" content=\"O papel fundamental da nova pol\u00edtica de coes\u00e3o da UE na promo\u00e7\u00e3o do crescimento e da cria\u00e7\u00e3o de postos de trabalho nas regi\u00f5es e nas cidades da Europa estar\u00e1 no cerne dos debates do Sexto F\u00f3rum da Coes\u00e3o, a realizar em Bruxelas a 8 e 9 de setembro de 2014. A pol\u00edtica de coes\u00e3o, com [&hellip;]\" \/>\n<meta property=\"og:url\" content=\"https:\/\/diariodalagoa.pt\/en\/desenvolvimento-e-boa-governacao-em-destaque-no-sexto-forum-da-coesao\/\" \/>\n<meta property=\"og:site_name\" content=\"Di\u00e1rio da Lagoa\" \/>\n<meta property=\"article:published_time\" content=\"2014-09-05T15:21:11+00:00\" \/>\n<meta property=\"og:image\" content=\"https:\/\/diariodalagoa.pt\/wp-content\/uploads\/2014\/09\/bruxelas-europa-parlamento.jpg\" \/>\n\t<meta property=\"og:image:width\" content=\"720\" \/>\n\t<meta property=\"og:image:height\" content=\"379\" \/>\n\t<meta property=\"og:image:type\" content=\"image\/jpeg\" \/>\n<meta name=\"author\" content=\"Di\u00e1rio da Lagoa\" \/>\n<meta name=\"twitter:card\" content=\"summary_large_image\" \/>\n<meta name=\"twitter:label1\" content=\"Written by\" \/>\n\t<meta name=\"twitter:data1\" content=\"Di\u00e1rio da Lagoa\" \/>\n\t<meta name=\"twitter:label2\" content=\"Est. reading time\" \/>\n\t<meta name=\"twitter:data2\" content=\"1 minute\" \/>\n<script type=\"application\/ld+json\" class=\"yoast-schema-graph\">{\"@context\":\"https:\/\/schema.org\",\"@graph\":[{\"@type\":\"WebPage\",\"@id\":\"https:\/\/diariodalagoa.pt\/desenvolvimento-e-boa-governacao-em-destaque-no-sexto-forum-da-coesao\/\",\"url\":\"https:\/\/diariodalagoa.pt\/desenvolvimento-e-boa-governacao-em-destaque-no-sexto-forum-da-coesao\/\",\"name\":\"Desenvolvimento e boa governa\u00e7\u00e3o em destaque no Sexto F\u00f3rum da Coes\u00e3o - Di\u00e1rio da Lagoa\",\"isPartOf\":{\"@id\":\"https:\/\/diariodalagoa.pt\/#website\"},\"datePublished\":\"2014-09-05T15:21:11+00:00\",\"dateModified\":\"2014-09-05T15:21:11+00:00\",\"author\":{\"@id\":\"https:\/\/diariodalagoa.pt\/#\/schema\/person\/1615a002370e8857b6f972834bc43ece\"},\"breadcrumb\":{\"@id\":\"https:\/\/diariodalagoa.pt\/desenvolvimento-e-boa-governacao-em-destaque-no-sexto-forum-da-coesao\/#breadcrumb\"},\"inLanguage\":\"en-US\",\"potentialAction\":[{\"@type\":\"ReadAction\",\"target\":[\"https:\/\/diariodalagoa.pt\/desenvolvimento-e-boa-governacao-em-destaque-no-sexto-forum-da-coesao\/\"]}]},{\"@type\":\"BreadcrumbList\",\"@id\":\"https:\/\/diariodalagoa.pt\/desenvolvimento-e-boa-governacao-em-destaque-no-sexto-forum-da-coesao\/#breadcrumb\",\"itemListElement\":[{\"@type\":\"ListItem\",\"position\":1,\"name\":\"In\u00edcio\",\"item\":\"https:\/\/diariodalagoa.pt\/\"},{\"@type\":\"ListItem\",\"position\":2,\"name\":\"Desenvolvimento e boa governa\u00e7\u00e3o em destaque no Sexto F\u00f3rum da Coes\u00e3o\"}]},{\"@type\":\"WebSite\",\"@id\":\"https:\/\/diariodalagoa.pt\/#website\",\"url\":\"https:\/\/diariodalagoa.pt\/\",\"name\":\"Di\u00e1rio da Lagoa\",\"description\":\"Di\u00e1rio da Lagoa. As not\u00edcias que contam. A partir da Lagoa, nos A\u00e7ores, para o mundo.\",\"potentialAction\":[{\"@type\":\"SearchAction\",\"target\":{\"@type\":\"EntryPoint\",\"urlTemplate\":\"https:\/\/diariodalagoa.pt\/?s={search_term_string}\"},\"query-input\":\"required name=search_term_string\"}],\"inLanguage\":\"en-US\"},{\"@type\":\"Person\",\"@id\":\"https:\/\/diariodalagoa.pt\/#\/schema\/person\/1615a002370e8857b6f972834bc43ece\",\"name\":\"Di\u00e1rio da Lagoa\",\"image\":{\"@type\":\"ImageObject\",\"inLanguage\":\"en-US\",\"@id\":\"https:\/\/diariodalagoa.pt\/#\/schema\/person\/image\/\",\"url\":\"https:\/\/secure.gravatar.com\/avatar\/2cb5cef90a26f8fbd4d9d930608102c5?s=96&d=mm&r=g\",\"contentUrl\":\"https:\/\/secure.gravatar.com\/avatar\/2cb5cef90a26f8fbd4d9d930608102c5?s=96&d=mm&r=g\",\"caption\":\"Di\u00e1rio da Lagoa\"},\"url\":\"https:\/\/diariodalagoa.pt\/en\/author\/diariodalagoa\/\"}]}<\/script>\n<!-- \/ Yoast SEO plugin. -->","yoast_head_json":{"title":"Desenvolvimento e boa governa\u00e7\u00e3o em destaque no Sexto F\u00f3rum da Coes\u00e3o - Di\u00e1rio da Lagoa","robots":{"index":"index","follow":"follow","max-snippet":"max-snippet:-1","max-image-preview":"max-image-preview:large","max-video-preview":"max-video-preview:-1"},"canonical":"https:\/\/diariodalagoa.pt\/en\/desenvolvimento-e-boa-governacao-em-destaque-no-sexto-forum-da-coesao\/","og_locale":"en_US","og_type":"article","og_title":"Desenvolvimento e boa governa\u00e7\u00e3o em destaque no Sexto F\u00f3rum da Coes\u00e3o - Di\u00e1rio da Lagoa","og_description":"O papel fundamental da nova pol\u00edtica de coes\u00e3o da UE na promo\u00e7\u00e3o do crescimento e da cria\u00e7\u00e3o de postos de trabalho nas regi\u00f5es e nas cidades da Europa estar\u00e1 no cerne dos debates do Sexto F\u00f3rum da Coes\u00e3o, a realizar em Bruxelas a 8 e 9 de setembro de 2014. A pol\u00edtica de coes\u00e3o, com [&hellip;]","og_url":"https:\/\/diariodalagoa.pt\/en\/desenvolvimento-e-boa-governacao-em-destaque-no-sexto-forum-da-coesao\/","og_site_name":"Di\u00e1rio da Lagoa","article_published_time":"2014-09-05T15:21:11+00:00","og_image":[{"width":720,"height":379,"url":"https:\/\/diariodalagoa.pt\/wp-content\/uploads\/2014\/09\/bruxelas-europa-parlamento.jpg","type":"image\/jpeg"}],"author":"Di\u00e1rio da Lagoa","twitter_card":"summary_large_image","twitter_misc":{"Written by":"Di\u00e1rio da Lagoa","Est. reading time":"1 minute"},"schema":{"@context":"https:\/\/schema.org","@graph":[{"@type":"WebPage","@id":"https:\/\/diariodalagoa.pt\/desenvolvimento-e-boa-governacao-em-destaque-no-sexto-forum-da-coesao\/","url":"https:\/\/diariodalagoa.pt\/desenvolvimento-e-boa-governacao-em-destaque-no-sexto-forum-da-coesao\/","name":"Desenvolvimento e boa governa\u00e7\u00e3o em destaque no Sexto F\u00f3rum da Coes\u00e3o - Di\u00e1rio da Lagoa","isPartOf":{"@id":"https:\/\/diariodalagoa.pt\/#website"},"datePublished":"2014-09-05T15:21:11+00:00","dateModified":"2014-09-05T15:21:11+00:00","author":{"@id":"https:\/\/diariodalagoa.pt\/#\/schema\/person\/1615a002370e8857b6f972834bc43ece"},"breadcrumb":{"@id":"https:\/\/diariodalagoa.pt\/desenvolvimento-e-boa-governacao-em-destaque-no-sexto-forum-da-coesao\/#breadcrumb"},"inLanguage":"en-US","potentialAction":[{"@type":"ReadAction","target":["https:\/\/diariodalagoa.pt\/desenvolvimento-e-boa-governacao-em-destaque-no-sexto-forum-da-coesao\/"]}]},{"@type":"BreadcrumbList","@id":"https:\/\/diariodalagoa.pt\/desenvolvimento-e-boa-governacao-em-destaque-no-sexto-forum-da-coesao\/#breadcrumb","itemListElement":[{"@type":"ListItem","position":1,"name":"In\u00edcio","item":"https:\/\/diariodalagoa.pt\/"},{"@type":"ListItem","position":2,"name":"Desenvolvimento e boa governa\u00e7\u00e3o em destaque no Sexto F\u00f3rum da Coes\u00e3o"}]},{"@type":"WebSite","@id":"https:\/\/diariodalagoa.pt\/#website","url":"https:\/\/diariodalagoa.pt\/","name":"Di\u00e1rio da Lagoa","description":"Di\u00e1rio da Lagoa. As not\u00edcias que contam. A partir da Lagoa, nos A\u00e7ores, para o mundo.","potentialAction":[{"@type":"SearchAction","target":{"@type":"EntryPoint","urlTemplate":"https:\/\/diariodalagoa.pt\/?s={search_term_string}"},"query-input":"required name=search_term_string"}],"inLanguage":"en-US"},{"@type":"Person","@id":"https:\/\/diariodalagoa.pt\/#\/schema\/person\/1615a002370e8857b6f972834bc43ece","name":"Di\u00e1rio da Lagoa","image":{"@type":"ImageObject","inLanguage":"en-US","@id":"https:\/\/diariodalagoa.pt\/#\/schema\/person\/image\/","url":"https:\/\/secure.gravatar.com\/avatar\/2cb5cef90a26f8fbd4d9d930608102c5?s=96&d=mm&r=g","contentUrl":"https:\/\/secure.gravatar.com\/avatar\/2cb5cef90a26f8fbd4d9d930608102c5?s=96&d=mm&r=g","caption":"Di\u00e1rio da Lagoa"},"url":"https:\/\/diariodalagoa.pt\/en\/author\/diariodalagoa\/"}]}},"_links":{"self":[{"href":"https:\/\/diariodalagoa.pt\/en\/wp-json\/wp\/v2\/posts\/8700"}],"collection":[{"href":"https:\/\/diariodalagoa.pt\/en\/wp-json\/wp\/v2\/posts"}],"about":[{"href":"https:\/\/diariodalagoa.pt\/en\/wp-json\/wp\/v2\/types\/post"}],"author":[{"embeddable":true,"href":"https:\/\/diariodalagoa.pt\/en\/wp-json\/wp\/v2\/users\/2"}],"replies":[{"embeddable":true,"href":"https:\/\/diariodalagoa.pt\/en\/wp-json\/wp\/v2\/comments?post=8700"}],"version-history":[{"count":0,"href":"https:\/\/diariodalagoa.pt\/en\/wp-json\/wp\/v2\/posts\/8700\/revisions"}],"wp:featuredmedia":[{"embeddable":true,"href":"https:\/\/diariodalagoa.pt\/en\/wp-json\/wp\/v2\/media\/121827"}],"wp:attachment":[{"href":"https:\/\/diariodalagoa.pt\/en\/wp-json\/wp\/v2\/media?parent=8700"}],"wp:term":[{"taxonomy":"category","embeddable":true,"href":"https:\/\/diariodalagoa.pt\/en\/wp-json\/wp\/v2\/categories?post=8700"},{"taxonomy":"post_tag","embeddable":true,"href":"https:\/\/diariodalagoa.pt\/en\/wp-json\/wp\/v2\/tags?post=8700"}],"curies":[{"name":"wp","href":"https:\/\/api.w.org\/{rel}","templated":true}]}}