{"id":8118,"date":"2014-08-21T20:25:38","date_gmt":"2014-08-21T21:25:38","guid":{"rendered":"http:\/\/diariodalagoa.pt\/?p=8118"},"modified":"2014-08-21T20:25:38","modified_gmt":"2014-08-21T21:25:38","slug":"acores-valorizaram-mais-de-23-dos-residuos-solidos-urbanos-produzidos-em-2013","status":"publish","type":"post","link":"https:\/\/diariodalagoa.pt\/en\/acores-valorizaram-mais-de-23-dos-residuos-solidos-urbanos-produzidos-em-2013\/","title":{"rendered":"A\u00e7ores valorizaram mais de 23% dos res\u00edduos s\u00f3lidos urbanos produzidos em 2013"},"content":{"rendered":"<p><img decoding=\"async\" class=\"alignnone size-full wp-image-8119\" src=\"http:\/\/diariodalagoa.pt\/wp-content\/uploads\/2014\/08\/Hernani-Jorge-Ambiente-A\u00e7ores.jpg\" alt=\"Hernani-Jorge-Ambiente-A\u00e7ores\" width=\"720\" height=\"380\" \/><\/p>\n<p style=\"text-align: justify;\"><span style=\"color: #000000;\">O Diretor Regional do Ambiente revelou, na Horta, que a implementa\u00e7\u00e3o da pol\u00edtica de gest\u00e3o de res\u00edduos do Governo dos A\u00e7ores permitiu, em 2013, a valoriza\u00e7\u00e3o de mais de 23 por cento dos res\u00edduos s\u00f3lidos urbanos produzidos no arquip\u00e9lago, contra pouco mais de 14% no ano anterior.\u00a0<\/span><\/p>\n<p style=\"text-align: justify;\"><span style=\"color: #000000;\">Hern\u00e2ni Jorge salientou que foram valorizadas cerca de 25 mil toneladas, o que permitiu atingir uma \u201ctaxa de valoriza\u00e7\u00e3o na Regi\u00e3o de 23,03%\u201d, acrescentando que\u00a0\u201cos normativos comunit\u00e1rios e regionais imp\u00f5em que, at\u00e9 2020, esta taxa atinja os 50%\u201d, valor estimado pr\u00f3ximo das 54 mil toneladas.\u00a0<\/span><\/p>\n<p style=\"text-align: justify;\"><span style=\"color: #000000;\">Para o Diretor Regional do Ambiente, que falava aos jornalistas numa confer\u00eancia de imprensa para apresenta\u00e7\u00e3o do relat\u00f3rio relativo a 2013 do Sistema Regional de Informa\u00e7\u00e3o sobre Res\u00edduos (SRIR), que considerou ser uma ferramenta estrat\u00e9gica para a gest\u00e3o da informa\u00e7\u00e3o no \u00e2mbito do planeamento em mat\u00e9ria de res\u00edduos, estes resultados positivos est\u00e3o associados \u00e0 entrada em funcionamento dos primeiros Centros de Processamento de Res\u00edduos (CPR) projetados pelo Governo dos A\u00e7ores.\u00a0<\/span><\/p>\n<p style=\"text-align: justify;\"><span style=\"color: #000000;\">Nas ilhas das Flores e Graciosa,\u00a0que lideram os &#8216;rankings&#8217; da gest\u00e3o de res\u00edduos de embalagem da Sociedade Ponto Verde, a valoriza\u00e7\u00e3o \u201csuperou largamente o encaminhamento para elimina\u00e7\u00e3o\u201d, afirmou Hern\u00e2ni Jorge,\u00a0prevendo-se que noutras ilhas, \u201cainda \u00e0 espera da entrada em funcionamento de alguns investimentos j\u00e1 realizados e da concretiza\u00e7\u00e3o de outros\u201d, nomeadamente os eco-parques de S. Miguel e da Terceira, a percentagem de elimina\u00e7\u00e3o se inverta positivamente.\u00a0<\/span><\/p>\n<p style=\"text-align: justify;\"><span style=\"color: #000000;\">Atualmente, o CPR de S\u00e3o Jorge, j\u00e1 conclu\u00eddo, aguarda o visto do Tribunal de Contas para o concession\u00e1rio poder iniciar a opera\u00e7\u00e3o, e o do Pico aguarda decis\u00e3o do Tribunal Central Administrativo relativamente a um recurso apresentado por um dos concorrentes \u00e0 explora\u00e7\u00e3o.\u00a0<\/span><\/p>\n<p style=\"text-align: justify;\"><span style=\"color: #000000;\">Na ilha do Corvo, a explora\u00e7\u00e3o vai ser retomada, tendo-se conclu\u00eddo a coloca\u00e7\u00e3o da cobertura danificada por intemp\u00e9ries, enquanto no Faial est\u00e3o a ser ultimados os termos da explora\u00e7\u00e3o com a C\u00e2mara Municipal da Horta.\u00a0<\/span><\/p>\n<p style=\"text-align: justify;\"><span style=\"color: #000000;\">Em Santa Maria, verifica-se um atraso na conclus\u00e3o da obra do CPR, por motivos exclusivamente imput\u00e1veis ao empreiteiro.\u00a0<\/span><\/p>\n<p style=\"text-align: justify;\"><span style=\"color: #000000;\">Hern\u00e2ni Jorge recordou ainda os processos de selagem de aterros que, paralelamente, est\u00e3o a ocorrer em seis das nove ilhas dos A\u00e7ores e representam um investimento p\u00fablico global de cerca de\u00a0cinco milh\u00f5es de euros.\u00a0<\/span><\/p>\n<p style=\"text-align: justify;\"><span style=\"color: #000000;\">A plataforma inform\u00e1tica do SRIR re\u00fane toda a informa\u00e7\u00e3o relativa \u00e0 produ\u00e7\u00e3o e gest\u00e3o de res\u00edduos nos A\u00e7ores, bem como das entidades que operam no setor.\u00a0<\/span><\/p>\n<p style=\"text-align: justify;\"><span style=\"color: #000000;\">O\u00a0documento \u00e9 composto por um relat\u00f3rio de s\u00edntese (regional) e relat\u00f3rio individualizados por cada uma das ilhas.\u00a0<\/span><\/p>\n<p style=\"text-align: justify;\"><span style=\"color: #000000;\">Todas as pe\u00e7as do relat\u00f3rio poder\u00e3o ser\u00a0consultadas at\u00e9 ao final da semana\u00a0no endere\u00e7o eletr\u00f3nico\u00a0<a href=\"http:\/\/www.azores.gov.pt\/Gra\/srrn-residuos\/conteudos\/livres\/Relatorios+SRIR.htm\" target=\"_blank\" rel=\"noopener\"><span style=\"color: #000000;\">http:\/\/www.azores.gov.pt\/Gra\/srrn-residuos\/conteudos\/livres\/Relatorios+SRIR.htm<\/span><\/a><\/span><\/p>\n<p style=\"text-align: justify;\"><em>DL\/Gacs<\/em><\/p>","protected":false},"excerpt":{"rendered":"<p>O Diretor Regional do Ambiente revelou, na Horta, que a implementa\u00e7\u00e3o da pol\u00edtica de gest\u00e3o de res\u00edduos do Governo dos A\u00e7ores permitiu, em 2013, a valoriza\u00e7\u00e3o de mais de 23 por cento dos res\u00edduos s\u00f3lidos urbanos produzidos no arquip\u00e9lago, contra pouco mais de 14% no ano anterior.\u00a0 Hern\u00e2ni Jorge salientou que foram valorizadas cerca de [&hellip;]<\/p>","protected":false},"author":2,"featured_media":0,"comment_status":"open","ping_status":"open","sticky":false,"template":"","format":"standard","meta":[],"categories":[21],"tags":[],"acf":[],"yoast_head":"<!-- This site is optimized with the Yoast SEO plugin v20.10 - https:\/\/yoast.com\/wordpress\/plugins\/seo\/ -->\n<title>A\u00e7ores valorizaram mais de 23% dos res\u00edduos s\u00f3lidos urbanos produzidos em 2013 - Di\u00e1rio da Lagoa<\/title>\n<meta name=\"robots\" content=\"index, follow, max-snippet:-1, max-image-preview:large, max-video-preview:-1\" \/>\n<link rel=\"canonical\" href=\"https:\/\/diariodalagoa.pt\/en\/acores-valorizaram-mais-de-23-dos-residuos-solidos-urbanos-produzidos-em-2013\/\" \/>\n<meta property=\"og:locale\" content=\"en_US\" \/>\n<meta property=\"og:type\" content=\"article\" \/>\n<meta property=\"og:title\" content=\"A\u00e7ores valorizaram mais de 23% dos res\u00edduos s\u00f3lidos urbanos produzidos em 2013 - Di\u00e1rio da Lagoa\" \/>\n<meta property=\"og:description\" content=\"O Diretor Regional do Ambiente revelou, na Horta, que a implementa\u00e7\u00e3o da pol\u00edtica de gest\u00e3o de res\u00edduos do Governo dos A\u00e7ores permitiu, em 2013, a valoriza\u00e7\u00e3o de mais de 23 por cento dos res\u00edduos s\u00f3lidos urbanos produzidos no arquip\u00e9lago, contra pouco mais de 14% no ano anterior.\u00a0 Hern\u00e2ni Jorge salientou que foram valorizadas cerca de [&hellip;]\" \/>\n<meta property=\"og:url\" content=\"https:\/\/diariodalagoa.pt\/en\/acores-valorizaram-mais-de-23-dos-residuos-solidos-urbanos-produzidos-em-2013\/\" \/>\n<meta property=\"og:site_name\" content=\"Di\u00e1rio da Lagoa\" \/>\n<meta property=\"article:published_time\" content=\"2014-08-21T21:25:38+00:00\" \/>\n<meta name=\"author\" content=\"Di\u00e1rio da Lagoa\" \/>\n<meta name=\"twitter:card\" content=\"summary_large_image\" \/>\n<meta name=\"twitter:label1\" content=\"Written by\" \/>\n\t<meta name=\"twitter:data1\" content=\"Di\u00e1rio da Lagoa\" \/>\n\t<meta name=\"twitter:label2\" content=\"Est. reading time\" \/>\n\t<meta name=\"twitter:data2\" content=\"2 minutes\" \/>\n<script type=\"application\/ld+json\" class=\"yoast-schema-graph\">{\"@context\":\"https:\/\/schema.org\",\"@graph\":[{\"@type\":\"WebPage\",\"@id\":\"https:\/\/diariodalagoa.pt\/acores-valorizaram-mais-de-23-dos-residuos-solidos-urbanos-produzidos-em-2013\/\",\"url\":\"https:\/\/diariodalagoa.pt\/acores-valorizaram-mais-de-23-dos-residuos-solidos-urbanos-produzidos-em-2013\/\",\"name\":\"A\u00e7ores valorizaram mais de 23% dos res\u00edduos s\u00f3lidos urbanos produzidos em 2013 - Di\u00e1rio da Lagoa\",\"isPartOf\":{\"@id\":\"https:\/\/diariodalagoa.pt\/#website\"},\"datePublished\":\"2014-08-21T21:25:38+00:00\",\"dateModified\":\"2014-08-21T21:25:38+00:00\",\"author\":{\"@id\":\"https:\/\/diariodalagoa.pt\/#\/schema\/person\/1615a002370e8857b6f972834bc43ece\"},\"breadcrumb\":{\"@id\":\"https:\/\/diariodalagoa.pt\/acores-valorizaram-mais-de-23-dos-residuos-solidos-urbanos-produzidos-em-2013\/#breadcrumb\"},\"inLanguage\":\"en-US\",\"potentialAction\":[{\"@type\":\"ReadAction\",\"target\":[\"https:\/\/diariodalagoa.pt\/acores-valorizaram-mais-de-23-dos-residuos-solidos-urbanos-produzidos-em-2013\/\"]}]},{\"@type\":\"BreadcrumbList\",\"@id\":\"https:\/\/diariodalagoa.pt\/acores-valorizaram-mais-de-23-dos-residuos-solidos-urbanos-produzidos-em-2013\/#breadcrumb\",\"itemListElement\":[{\"@type\":\"ListItem\",\"position\":1,\"name\":\"In\u00edcio\",\"item\":\"https:\/\/diariodalagoa.pt\/\"},{\"@type\":\"ListItem\",\"position\":2,\"name\":\"A\u00e7ores valorizaram mais de 23% dos res\u00edduos s\u00f3lidos urbanos produzidos em 2013\"}]},{\"@type\":\"WebSite\",\"@id\":\"https:\/\/diariodalagoa.pt\/#website\",\"url\":\"https:\/\/diariodalagoa.pt\/\",\"name\":\"Di\u00e1rio da Lagoa\",\"description\":\"Di\u00e1rio da Lagoa. As not\u00edcias que contam. A partir da Lagoa, nos A\u00e7ores, para o mundo.\",\"potentialAction\":[{\"@type\":\"SearchAction\",\"target\":{\"@type\":\"EntryPoint\",\"urlTemplate\":\"https:\/\/diariodalagoa.pt\/?s={search_term_string}\"},\"query-input\":\"required name=search_term_string\"}],\"inLanguage\":\"en-US\"},{\"@type\":\"Person\",\"@id\":\"https:\/\/diariodalagoa.pt\/#\/schema\/person\/1615a002370e8857b6f972834bc43ece\",\"name\":\"Di\u00e1rio da Lagoa\",\"image\":{\"@type\":\"ImageObject\",\"inLanguage\":\"en-US\",\"@id\":\"https:\/\/diariodalagoa.pt\/#\/schema\/person\/image\/\",\"url\":\"https:\/\/secure.gravatar.com\/avatar\/2cb5cef90a26f8fbd4d9d930608102c5?s=96&d=mm&r=g\",\"contentUrl\":\"https:\/\/secure.gravatar.com\/avatar\/2cb5cef90a26f8fbd4d9d930608102c5?s=96&d=mm&r=g\",\"caption\":\"Di\u00e1rio da Lagoa\"},\"url\":\"https:\/\/diariodalagoa.pt\/en\/author\/diariodalagoa\/\"}]}<\/script>\n<!-- \/ Yoast SEO plugin. -->","yoast_head_json":{"title":"A\u00e7ores valorizaram mais de 23% dos res\u00edduos s\u00f3lidos urbanos produzidos em 2013 - Di\u00e1rio da Lagoa","robots":{"index":"index","follow":"follow","max-snippet":"max-snippet:-1","max-image-preview":"max-image-preview:large","max-video-preview":"max-video-preview:-1"},"canonical":"https:\/\/diariodalagoa.pt\/en\/acores-valorizaram-mais-de-23-dos-residuos-solidos-urbanos-produzidos-em-2013\/","og_locale":"en_US","og_type":"article","og_title":"A\u00e7ores valorizaram mais de 23% dos res\u00edduos s\u00f3lidos urbanos produzidos em 2013 - Di\u00e1rio da Lagoa","og_description":"O Diretor Regional do Ambiente revelou, na Horta, que a implementa\u00e7\u00e3o da pol\u00edtica de gest\u00e3o de res\u00edduos do Governo dos A\u00e7ores permitiu, em 2013, a valoriza\u00e7\u00e3o de mais de 23 por cento dos res\u00edduos s\u00f3lidos urbanos produzidos no arquip\u00e9lago, contra pouco mais de 14% no ano anterior.\u00a0 Hern\u00e2ni Jorge salientou que foram valorizadas cerca de [&hellip;]","og_url":"https:\/\/diariodalagoa.pt\/en\/acores-valorizaram-mais-de-23-dos-residuos-solidos-urbanos-produzidos-em-2013\/","og_site_name":"Di\u00e1rio da Lagoa","article_published_time":"2014-08-21T21:25:38+00:00","author":"Di\u00e1rio da Lagoa","twitter_card":"summary_large_image","twitter_misc":{"Written by":"Di\u00e1rio da Lagoa","Est. reading time":"2 minutes"},"schema":{"@context":"https:\/\/schema.org","@graph":[{"@type":"WebPage","@id":"https:\/\/diariodalagoa.pt\/acores-valorizaram-mais-de-23-dos-residuos-solidos-urbanos-produzidos-em-2013\/","url":"https:\/\/diariodalagoa.pt\/acores-valorizaram-mais-de-23-dos-residuos-solidos-urbanos-produzidos-em-2013\/","name":"A\u00e7ores valorizaram mais de 23% dos res\u00edduos s\u00f3lidos urbanos produzidos em 2013 - Di\u00e1rio da Lagoa","isPartOf":{"@id":"https:\/\/diariodalagoa.pt\/#website"},"datePublished":"2014-08-21T21:25:38+00:00","dateModified":"2014-08-21T21:25:38+00:00","author":{"@id":"https:\/\/diariodalagoa.pt\/#\/schema\/person\/1615a002370e8857b6f972834bc43ece"},"breadcrumb":{"@id":"https:\/\/diariodalagoa.pt\/acores-valorizaram-mais-de-23-dos-residuos-solidos-urbanos-produzidos-em-2013\/#breadcrumb"},"inLanguage":"en-US","potentialAction":[{"@type":"ReadAction","target":["https:\/\/diariodalagoa.pt\/acores-valorizaram-mais-de-23-dos-residuos-solidos-urbanos-produzidos-em-2013\/"]}]},{"@type":"BreadcrumbList","@id":"https:\/\/diariodalagoa.pt\/acores-valorizaram-mais-de-23-dos-residuos-solidos-urbanos-produzidos-em-2013\/#breadcrumb","itemListElement":[{"@type":"ListItem","position":1,"name":"In\u00edcio","item":"https:\/\/diariodalagoa.pt\/"},{"@type":"ListItem","position":2,"name":"A\u00e7ores valorizaram mais de 23% dos res\u00edduos s\u00f3lidos urbanos produzidos em 2013"}]},{"@type":"WebSite","@id":"https:\/\/diariodalagoa.pt\/#website","url":"https:\/\/diariodalagoa.pt\/","name":"Di\u00e1rio da Lagoa","description":"Di\u00e1rio da Lagoa. As not\u00edcias que contam. A partir da Lagoa, nos A\u00e7ores, para o mundo.","potentialAction":[{"@type":"SearchAction","target":{"@type":"EntryPoint","urlTemplate":"https:\/\/diariodalagoa.pt\/?s={search_term_string}"},"query-input":"required name=search_term_string"}],"inLanguage":"en-US"},{"@type":"Person","@id":"https:\/\/diariodalagoa.pt\/#\/schema\/person\/1615a002370e8857b6f972834bc43ece","name":"Di\u00e1rio da Lagoa","image":{"@type":"ImageObject","inLanguage":"en-US","@id":"https:\/\/diariodalagoa.pt\/#\/schema\/person\/image\/","url":"https:\/\/secure.gravatar.com\/avatar\/2cb5cef90a26f8fbd4d9d930608102c5?s=96&d=mm&r=g","contentUrl":"https:\/\/secure.gravatar.com\/avatar\/2cb5cef90a26f8fbd4d9d930608102c5?s=96&d=mm&r=g","caption":"Di\u00e1rio da Lagoa"},"url":"https:\/\/diariodalagoa.pt\/en\/author\/diariodalagoa\/"}]}},"_links":{"self":[{"href":"https:\/\/diariodalagoa.pt\/en\/wp-json\/wp\/v2\/posts\/8118"}],"collection":[{"href":"https:\/\/diariodalagoa.pt\/en\/wp-json\/wp\/v2\/posts"}],"about":[{"href":"https:\/\/diariodalagoa.pt\/en\/wp-json\/wp\/v2\/types\/post"}],"author":[{"embeddable":true,"href":"https:\/\/diariodalagoa.pt\/en\/wp-json\/wp\/v2\/users\/2"}],"replies":[{"embeddable":true,"href":"https:\/\/diariodalagoa.pt\/en\/wp-json\/wp\/v2\/comments?post=8118"}],"version-history":[{"count":0,"href":"https:\/\/diariodalagoa.pt\/en\/wp-json\/wp\/v2\/posts\/8118\/revisions"}],"wp:attachment":[{"href":"https:\/\/diariodalagoa.pt\/en\/wp-json\/wp\/v2\/media?parent=8118"}],"wp:term":[{"taxonomy":"category","embeddable":true,"href":"https:\/\/diariodalagoa.pt\/en\/wp-json\/wp\/v2\/categories?post=8118"},{"taxonomy":"post_tag","embeddable":true,"href":"https:\/\/diariodalagoa.pt\/en\/wp-json\/wp\/v2\/tags?post=8118"}],"curies":[{"name":"wp","href":"https:\/\/api.w.org\/{rel}","templated":true}]}}