{"id":8069,"date":"2014-08-20T14:01:39","date_gmt":"2014-08-20T15:01:39","guid":{"rendered":"http:\/\/diariodalagoa.pt\/?p=8069"},"modified":"2014-08-20T14:01:39","modified_gmt":"2014-08-20T15:01:39","slug":"estacao-costeira-necessita-de-manutencao-urgente","status":"publish","type":"post","link":"https:\/\/diariodalagoa.pt\/en\/estacao-costeira-necessita-de-manutencao-urgente\/","title":{"rendered":"Esta\u00e7\u00e3o Costeira necessita de manuten\u00e7\u00e3o urgente"},"content":{"rendered":"<p><img decoding=\"async\" class=\"alignnone size-full wp-image-8070\" src=\"http:\/\/diariodalagoa.pt\/wp-content\/uploads\/2014\/08\/Esta\u00e7\u00e3o-Costeira-Porto-Abrigo.jpg\" alt=\"Esta\u00e7\u00e3o-Costeira-Porto-Abrigo\" width=\"720\" height=\"380\" \/><\/p>\n<p style=\"text-align: justify;\"><span style=\"color: rgb(0, 0, 0);\">A Porto de Abrigo v\u00ea com preocupa\u00e7\u00e3o a falta de resposta, por parte do governo, \u00e0 recomenda\u00e7\u00e3o da Assembleia Legislativa Regional dos A\u00e7ores de 13 de mar\u00e7o de 2014 (resolu\u00e7\u00e3o n\u00ba 11\/2014), relativamente ao apoio \u00e0 manuten\u00e7\u00e3o dos equipamentos.<\/span><\/p>\n<p style=\"text-align: justify;\"><span style=\"color: rgb(0, 0, 0);\">Segundo um comunicado, hoje emitido, desde de algum tempo, os equipamentos desta esta\u00e7\u00e3o reduziram a cobertura \u00e0 \u00e1rea mais ocidental do arquip\u00e9lago, por via de avarias no retransmissor situado na ilha das Flores.<\/span><\/p>\n<p style=\"text-align: justify;\"><span style=\"color: rgb(0, 0, 0);\">Considera a Porto de Abrigo que o trabalho de manuten\u00e7\u00e3o de equipamentos instalados em montanha deve ser realizado de ver\u00e3o, e resultar da coopera\u00e7\u00e3o com o Servi\u00e7o Regional de Prote\u00e7\u00e3o Civil e Bombeiros dos A\u00e7ores (SRPCBA), sendo que uma representa\u00e7\u00e3o da cooperativa reuniu a 13 de maio com o seu presidente.<\/span><\/p>\n<p style=\"text-align: justify;\"><span style=\"color: rgb(0, 0, 0);\">A urg\u00eancia na concretiza\u00e7\u00e3o da recomenda\u00e7\u00e3o \u00e9 tanto mais importante pela mais-valia da Esta\u00e7\u00e3o Costeira na preven\u00e7\u00e3o de acidentes no mar, revela o comunicado.<\/span><\/p>\n<p style=\"text-align: justify;\"><span style=\"color: rgb(0, 0, 0);\">Dados disponibilizados pela Esta\u00e7\u00e3o Costeira Porto de Abrigo d\u00e3o conta de que, at\u00e9 dia 15 de agosto, esta esta\u00e7\u00e3o recebeu 2462 chamadas para prestar apoio ou informa\u00e7\u00f5es, sendo que 95 foram da n\u00e1utica de recreio\/ pesca desportiva, entre as quais se contam v\u00e1rios veleiros com bandeiras estrangeiras.<\/span><\/p>\n<p style=\"text-align: justify;\"><span style=\"color: rgb(0, 0, 0);\">Em 2012 a Esta\u00e7\u00e3o Costeira teve um total de 2676 chamadas de pesca local e 218 da n\u00e1utica de recreio \/ pesca desportiva, e em 2013 foram 3783 chamadas da pesca profissional e 263 n\u00e1utica de recreio \/ pesca desportiva.<\/span><\/p>\n<p style=\"text-align: justify;\"><span style=\"color: rgb(0, 0, 0);\">A Esta\u00e7\u00e3o Costeira presta informa\u00e7\u00e3o \u00fatil para toda a frota de pesca em atividade na Zona A\u00e7ores, sob a forma de aviso geral \u00e0 navega\u00e7\u00e3o, com informa\u00e7\u00e3o meteorol\u00f3gica, e sobre a evolu\u00e7\u00e3o na execu\u00e7\u00e3o das capturas de esp\u00e9cies sujeitas a quotas e que, habitualmente esgotam-se antes do fim da campanha da pesca.<\/span><\/p>\n<p style=\"text-align: justify;\"><span style=\"color: rgb(0, 0, 0);\">Do conjunto de servi\u00e7os solicitados, a Porto de Abrigo destaca, pela sua import\u00e2ncia preventiva, os pedidos de apoio em situa\u00e7\u00e3o de avaria, os pedidos por acidente solicitando aconselhamento m\u00e9dico ou poss\u00edvel evacua\u00e7\u00e3o, e os pedidos de reboque de embarca\u00e7\u00f5es com avaria, e o reboque de objetos ou artes suscet\u00edveis de afetar a navega\u00e7\u00e3o.<\/span><\/p>\n<p style=\"text-align: justify;\"><span style=\"color: rgb(0, 0, 0);\">No apoio de rotina destaque para o pedido de informa\u00e7\u00e3o meteorol\u00f3gica em detalhe.<\/span><\/p>\n<p style=\"text-align: justify;\"><span style=\"color: rgb(0, 0, 0);\">H\u00e1 ainda o recurso \u00e0 Esta\u00e7\u00e3o Costeira para informa\u00e7\u00f5es sobre a evolu\u00e7\u00e3o dos pre\u00e7os do pescado ou para reserva de servi\u00e7os quando a embarca\u00e7\u00e3o chega ao porto de pesca.<\/span><\/p>\n<p style=\"text-align: justify;\"><span style=\"color: rgb(0, 0, 0);\">DL\/PA<\/span><\/p>","protected":false},"excerpt":{"rendered":"<p>A Porto de Abrigo v\u00ea com preocupa\u00e7\u00e3o a falta de resposta, por parte do governo, \u00e0 recomenda\u00e7\u00e3o da Assembleia Legislativa Regional dos A\u00e7ores de 13 de mar\u00e7o de 2014 (resolu\u00e7\u00e3o n\u00ba 11\/2014), relativamente ao apoio \u00e0 manuten\u00e7\u00e3o dos equipamentos. Segundo um comunicado, hoje emitido, desde de algum tempo, os equipamentos desta esta\u00e7\u00e3o reduziram a cobertura [&hellip;]<\/p>","protected":false},"author":2,"featured_media":0,"comment_status":"open","ping_status":"open","sticky":false,"template":"","format":"standard","meta":[],"categories":[21],"tags":[],"acf":[],"yoast_head":"<!-- This site is optimized with the Yoast SEO plugin v20.10 - https:\/\/yoast.com\/wordpress\/plugins\/seo\/ -->\n<title>Esta\u00e7\u00e3o Costeira necessita de manuten\u00e7\u00e3o urgente - Di\u00e1rio da Lagoa<\/title>\n<meta name=\"robots\" content=\"index, follow, max-snippet:-1, max-image-preview:large, max-video-preview:-1\" \/>\n<link rel=\"canonical\" href=\"https:\/\/diariodalagoa.pt\/en\/estacao-costeira-necessita-de-manutencao-urgente\/\" \/>\n<meta property=\"og:locale\" content=\"en_US\" \/>\n<meta property=\"og:type\" content=\"article\" \/>\n<meta property=\"og:title\" content=\"Esta\u00e7\u00e3o Costeira necessita de manuten\u00e7\u00e3o urgente - Di\u00e1rio da Lagoa\" \/>\n<meta property=\"og:description\" content=\"A Porto de Abrigo v\u00ea com preocupa\u00e7\u00e3o a falta de resposta, por parte do governo, \u00e0 recomenda\u00e7\u00e3o da Assembleia Legislativa Regional dos A\u00e7ores de 13 de mar\u00e7o de 2014 (resolu\u00e7\u00e3o n\u00ba 11\/2014), relativamente ao apoio \u00e0 manuten\u00e7\u00e3o dos equipamentos. Segundo um comunicado, hoje emitido, desde de algum tempo, os equipamentos desta esta\u00e7\u00e3o reduziram a cobertura [&hellip;]\" \/>\n<meta property=\"og:url\" content=\"https:\/\/diariodalagoa.pt\/en\/estacao-costeira-necessita-de-manutencao-urgente\/\" \/>\n<meta property=\"og:site_name\" content=\"Di\u00e1rio da Lagoa\" \/>\n<meta property=\"article:published_time\" content=\"2014-08-20T15:01:39+00:00\" \/>\n<meta name=\"author\" content=\"Di\u00e1rio da Lagoa\" \/>\n<meta name=\"twitter:card\" content=\"summary_large_image\" \/>\n<meta name=\"twitter:label1\" content=\"Written by\" \/>\n\t<meta name=\"twitter:data1\" content=\"Di\u00e1rio da Lagoa\" \/>\n\t<meta name=\"twitter:label2\" content=\"Est. reading time\" \/>\n\t<meta name=\"twitter:data2\" content=\"2 minutes\" \/>\n<script type=\"application\/ld+json\" class=\"yoast-schema-graph\">{\"@context\":\"https:\/\/schema.org\",\"@graph\":[{\"@type\":\"WebPage\",\"@id\":\"https:\/\/diariodalagoa.pt\/estacao-costeira-necessita-de-manutencao-urgente\/\",\"url\":\"https:\/\/diariodalagoa.pt\/estacao-costeira-necessita-de-manutencao-urgente\/\",\"name\":\"Esta\u00e7\u00e3o Costeira necessita de manuten\u00e7\u00e3o urgente - Di\u00e1rio da Lagoa\",\"isPartOf\":{\"@id\":\"https:\/\/diariodalagoa.pt\/#website\"},\"datePublished\":\"2014-08-20T15:01:39+00:00\",\"dateModified\":\"2014-08-20T15:01:39+00:00\",\"author\":{\"@id\":\"https:\/\/diariodalagoa.pt\/#\/schema\/person\/1615a002370e8857b6f972834bc43ece\"},\"breadcrumb\":{\"@id\":\"https:\/\/diariodalagoa.pt\/estacao-costeira-necessita-de-manutencao-urgente\/#breadcrumb\"},\"inLanguage\":\"en-US\",\"potentialAction\":[{\"@type\":\"ReadAction\",\"target\":[\"https:\/\/diariodalagoa.pt\/estacao-costeira-necessita-de-manutencao-urgente\/\"]}]},{\"@type\":\"BreadcrumbList\",\"@id\":\"https:\/\/diariodalagoa.pt\/estacao-costeira-necessita-de-manutencao-urgente\/#breadcrumb\",\"itemListElement\":[{\"@type\":\"ListItem\",\"position\":1,\"name\":\"In\u00edcio\",\"item\":\"https:\/\/diariodalagoa.pt\/\"},{\"@type\":\"ListItem\",\"position\":2,\"name\":\"Esta\u00e7\u00e3o Costeira necessita de manuten\u00e7\u00e3o urgente\"}]},{\"@type\":\"WebSite\",\"@id\":\"https:\/\/diariodalagoa.pt\/#website\",\"url\":\"https:\/\/diariodalagoa.pt\/\",\"name\":\"Di\u00e1rio da Lagoa\",\"description\":\"Di\u00e1rio da Lagoa. As not\u00edcias que contam. A partir da Lagoa, nos A\u00e7ores, para o mundo.\",\"potentialAction\":[{\"@type\":\"SearchAction\",\"target\":{\"@type\":\"EntryPoint\",\"urlTemplate\":\"https:\/\/diariodalagoa.pt\/?s={search_term_string}\"},\"query-input\":\"required name=search_term_string\"}],\"inLanguage\":\"en-US\"},{\"@type\":\"Person\",\"@id\":\"https:\/\/diariodalagoa.pt\/#\/schema\/person\/1615a002370e8857b6f972834bc43ece\",\"name\":\"Di\u00e1rio da Lagoa\",\"image\":{\"@type\":\"ImageObject\",\"inLanguage\":\"en-US\",\"@id\":\"https:\/\/diariodalagoa.pt\/#\/schema\/person\/image\/\",\"url\":\"https:\/\/secure.gravatar.com\/avatar\/2cb5cef90a26f8fbd4d9d930608102c5?s=96&d=mm&r=g\",\"contentUrl\":\"https:\/\/secure.gravatar.com\/avatar\/2cb5cef90a26f8fbd4d9d930608102c5?s=96&d=mm&r=g\",\"caption\":\"Di\u00e1rio da Lagoa\"},\"url\":\"https:\/\/diariodalagoa.pt\/en\/author\/diariodalagoa\/\"}]}<\/script>\n<!-- \/ Yoast SEO plugin. -->","yoast_head_json":{"title":"Esta\u00e7\u00e3o Costeira necessita de manuten\u00e7\u00e3o urgente - Di\u00e1rio da Lagoa","robots":{"index":"index","follow":"follow","max-snippet":"max-snippet:-1","max-image-preview":"max-image-preview:large","max-video-preview":"max-video-preview:-1"},"canonical":"https:\/\/diariodalagoa.pt\/en\/estacao-costeira-necessita-de-manutencao-urgente\/","og_locale":"en_US","og_type":"article","og_title":"Esta\u00e7\u00e3o Costeira necessita de manuten\u00e7\u00e3o urgente - Di\u00e1rio da Lagoa","og_description":"A Porto de Abrigo v\u00ea com preocupa\u00e7\u00e3o a falta de resposta, por parte do governo, \u00e0 recomenda\u00e7\u00e3o da Assembleia Legislativa Regional dos A\u00e7ores de 13 de mar\u00e7o de 2014 (resolu\u00e7\u00e3o n\u00ba 11\/2014), relativamente ao apoio \u00e0 manuten\u00e7\u00e3o dos equipamentos. Segundo um comunicado, hoje emitido, desde de algum tempo, os equipamentos desta esta\u00e7\u00e3o reduziram a cobertura [&hellip;]","og_url":"https:\/\/diariodalagoa.pt\/en\/estacao-costeira-necessita-de-manutencao-urgente\/","og_site_name":"Di\u00e1rio da Lagoa","article_published_time":"2014-08-20T15:01:39+00:00","author":"Di\u00e1rio da Lagoa","twitter_card":"summary_large_image","twitter_misc":{"Written by":"Di\u00e1rio da Lagoa","Est. reading time":"2 minutes"},"schema":{"@context":"https:\/\/schema.org","@graph":[{"@type":"WebPage","@id":"https:\/\/diariodalagoa.pt\/estacao-costeira-necessita-de-manutencao-urgente\/","url":"https:\/\/diariodalagoa.pt\/estacao-costeira-necessita-de-manutencao-urgente\/","name":"Esta\u00e7\u00e3o Costeira necessita de manuten\u00e7\u00e3o urgente - Di\u00e1rio da Lagoa","isPartOf":{"@id":"https:\/\/diariodalagoa.pt\/#website"},"datePublished":"2014-08-20T15:01:39+00:00","dateModified":"2014-08-20T15:01:39+00:00","author":{"@id":"https:\/\/diariodalagoa.pt\/#\/schema\/person\/1615a002370e8857b6f972834bc43ece"},"breadcrumb":{"@id":"https:\/\/diariodalagoa.pt\/estacao-costeira-necessita-de-manutencao-urgente\/#breadcrumb"},"inLanguage":"en-US","potentialAction":[{"@type":"ReadAction","target":["https:\/\/diariodalagoa.pt\/estacao-costeira-necessita-de-manutencao-urgente\/"]}]},{"@type":"BreadcrumbList","@id":"https:\/\/diariodalagoa.pt\/estacao-costeira-necessita-de-manutencao-urgente\/#breadcrumb","itemListElement":[{"@type":"ListItem","position":1,"name":"In\u00edcio","item":"https:\/\/diariodalagoa.pt\/"},{"@type":"ListItem","position":2,"name":"Esta\u00e7\u00e3o Costeira necessita de manuten\u00e7\u00e3o urgente"}]},{"@type":"WebSite","@id":"https:\/\/diariodalagoa.pt\/#website","url":"https:\/\/diariodalagoa.pt\/","name":"Di\u00e1rio da Lagoa","description":"Di\u00e1rio da Lagoa. As not\u00edcias que contam. A partir da Lagoa, nos A\u00e7ores, para o mundo.","potentialAction":[{"@type":"SearchAction","target":{"@type":"EntryPoint","urlTemplate":"https:\/\/diariodalagoa.pt\/?s={search_term_string}"},"query-input":"required name=search_term_string"}],"inLanguage":"en-US"},{"@type":"Person","@id":"https:\/\/diariodalagoa.pt\/#\/schema\/person\/1615a002370e8857b6f972834bc43ece","name":"Di\u00e1rio da Lagoa","image":{"@type":"ImageObject","inLanguage":"en-US","@id":"https:\/\/diariodalagoa.pt\/#\/schema\/person\/image\/","url":"https:\/\/secure.gravatar.com\/avatar\/2cb5cef90a26f8fbd4d9d930608102c5?s=96&d=mm&r=g","contentUrl":"https:\/\/secure.gravatar.com\/avatar\/2cb5cef90a26f8fbd4d9d930608102c5?s=96&d=mm&r=g","caption":"Di\u00e1rio da Lagoa"},"url":"https:\/\/diariodalagoa.pt\/en\/author\/diariodalagoa\/"}]}},"_links":{"self":[{"href":"https:\/\/diariodalagoa.pt\/en\/wp-json\/wp\/v2\/posts\/8069"}],"collection":[{"href":"https:\/\/diariodalagoa.pt\/en\/wp-json\/wp\/v2\/posts"}],"about":[{"href":"https:\/\/diariodalagoa.pt\/en\/wp-json\/wp\/v2\/types\/post"}],"author":[{"embeddable":true,"href":"https:\/\/diariodalagoa.pt\/en\/wp-json\/wp\/v2\/users\/2"}],"replies":[{"embeddable":true,"href":"https:\/\/diariodalagoa.pt\/en\/wp-json\/wp\/v2\/comments?post=8069"}],"version-history":[{"count":0,"href":"https:\/\/diariodalagoa.pt\/en\/wp-json\/wp\/v2\/posts\/8069\/revisions"}],"wp:attachment":[{"href":"https:\/\/diariodalagoa.pt\/en\/wp-json\/wp\/v2\/media?parent=8069"}],"wp:term":[{"taxonomy":"category","embeddable":true,"href":"https:\/\/diariodalagoa.pt\/en\/wp-json\/wp\/v2\/categories?post=8069"},{"taxonomy":"post_tag","embeddable":true,"href":"https:\/\/diariodalagoa.pt\/en\/wp-json\/wp\/v2\/tags?post=8069"}],"curies":[{"name":"wp","href":"https:\/\/api.w.org\/{rel}","templated":true}]}}