{"id":8041,"date":"2014-08-24T09:12:31","date_gmt":"2014-08-24T10:12:31","guid":{"rendered":"http:\/\/diariodalagoa.pt\/?p=8041"},"modified":"2014-08-24T09:12:31","modified_gmt":"2014-08-24T10:12:31","slug":"oasa-promove-mais-uma-observacao-noturna","status":"publish","type":"post","link":"https:\/\/diariodalagoa.pt\/en\/oasa-promove-mais-uma-observacao-noturna\/","title":{"rendered":"OASA promove mais uma observa\u00e7\u00e3o noturna"},"content":{"rendered":"<p><img decoding=\"async\" class=\"alignnone size-full wp-image-8042\" src=\"http:\/\/diariodalagoa.pt\/wp-content\/uploads\/2014\/08\/OASA-observa\u00e7\u00e3o-noturna.jpg\" alt=\"OASA-observa\u00e7\u00e3o-noturna\" width=\"720\" height=\"380\" \/><\/p>\n<p style=\"text-align: justify;\"><span style=\"color: #000000;\">Na primeira sexta-feira de setembro o OASA estar\u00e1 mais uma vez aberto, entre as 21h00 e as 23h00, para receber todos aqueles que se queiram deslumbrar com as maravilhas do c\u00e9u noturno.<\/span><\/p>\n<p style=\"text-align: justify;\"><span style=\"color: #000000;\">Nunca viu Neptuno? Est\u00e1 t\u00e3o longe que n\u00e3o nos chega a luz? A melhor solu\u00e7\u00e3o ser\u00e1 visitar o OASA na observa\u00e7\u00e3o mensal de Setembro em que ser\u00e1 dado algum destaque ao \u00faltimo planeta do sistema solar. Ser\u00e1 a melhor altura para o tentar &#8220;ca\u00e7ar&#8221; com os telesc\u00f3pios, j\u00e1 que estar\u00e1 em oposi\u00e7\u00e3o no dia 29 de Agosto.<\/span><\/p>\n<p style=\"text-align: justify;\"><span style=\"color: #000000;\">Nesta observa\u00e7\u00e3o de setembro ter\u00e1 ainda em destaque \u00a0a Lua, Marte e a \u00faltima observa\u00e7\u00e3o mensal com Saturno, que ficar\u00e1 escondido, ao ser\u00e3o, at\u00e9 junho de 2015.<\/span><\/p>\n<p style=\"text-align: justify;\"><span style=\"color: #000000;\">Mas, caso as condi\u00e7\u00f5es meteorol\u00f3gicas o permitam, e ainda com a Via L\u00e1ctea mesmo por cima de n\u00f3s, teremos v\u00e1rios objetos de c\u00e9u profundo para procurar e admirar.<\/span><\/p>\n<p style=\"text-align: justify;\"><span style=\"color: #000000;\">Assim, nas primeiras sexta-feira de cada m\u00eas, o OASA estar\u00e1 de telesc\u00f3pios apontados ao c\u00e9u e com v\u00e1rias atividades astron\u00f3micas preparadas para o usufruto de todos os que nos queiram visitar. Com as observa\u00e7\u00f5es do c\u00e9u noturno as pessoas podem aprender a utilizar um mapa de c\u00e9u, manipular telesc\u00f3pios, observar Planetas, a Lua e objetos de c\u00e9u profundo, como, por exemplo, Gal\u00e1xias, Nebulosas e Enxames de Estrelas.<\/span><\/p>\n<p style=\"text-align: justify;\"><span style=\"color: #000000;\">As observa\u00e7\u00f5es ser\u00e3o feitas entre das 21h00 \u00e0s 23h00.<\/span><\/p>\n<p style=\"text-align: justify;\"><span style=\"color: #000000;\"><em>DL\/OASA<\/em><\/span><\/p>","protected":false},"excerpt":{"rendered":"<p>Na primeira sexta-feira de setembro o OASA estar\u00e1 mais uma vez aberto, entre as 21h00 e as 23h00, para receber todos aqueles que se queiram deslumbrar com as maravilhas do c\u00e9u noturno. Nunca viu Neptuno? Est\u00e1 t\u00e3o longe que n\u00e3o nos chega a luz? A melhor solu\u00e7\u00e3o ser\u00e1 visitar o OASA na observa\u00e7\u00e3o mensal de [&hellip;]<\/p>","protected":false},"author":2,"featured_media":0,"comment_status":"open","ping_status":"open","sticky":false,"template":"","format":"standard","meta":[],"categories":[21],"tags":[],"acf":[],"yoast_head":"<!-- This site is optimized with the Yoast SEO plugin v20.10 - https:\/\/yoast.com\/wordpress\/plugins\/seo\/ -->\n<title>OASA promove mais uma observa\u00e7\u00e3o noturna - Di\u00e1rio da Lagoa<\/title>\n<meta name=\"robots\" content=\"index, follow, max-snippet:-1, max-image-preview:large, max-video-preview:-1\" \/>\n<link rel=\"canonical\" href=\"https:\/\/diariodalagoa.pt\/en\/oasa-promove-mais-uma-observacao-noturna\/\" \/>\n<meta property=\"og:locale\" content=\"en_US\" \/>\n<meta property=\"og:type\" content=\"article\" \/>\n<meta property=\"og:title\" content=\"OASA promove mais uma observa\u00e7\u00e3o noturna - Di\u00e1rio da Lagoa\" \/>\n<meta property=\"og:description\" content=\"Na primeira sexta-feira de setembro o OASA estar\u00e1 mais uma vez aberto, entre as 21h00 e as 23h00, para receber todos aqueles que se queiram deslumbrar com as maravilhas do c\u00e9u noturno. Nunca viu Neptuno? Est\u00e1 t\u00e3o longe que n\u00e3o nos chega a luz? A melhor solu\u00e7\u00e3o ser\u00e1 visitar o OASA na observa\u00e7\u00e3o mensal de [&hellip;]\" \/>\n<meta property=\"og:url\" content=\"https:\/\/diariodalagoa.pt\/en\/oasa-promove-mais-uma-observacao-noturna\/\" \/>\n<meta property=\"og:site_name\" content=\"Di\u00e1rio da Lagoa\" \/>\n<meta property=\"article:published_time\" content=\"2014-08-24T10:12:31+00:00\" \/>\n<meta name=\"author\" content=\"Di\u00e1rio da Lagoa\" \/>\n<meta name=\"twitter:card\" content=\"summary_large_image\" \/>\n<meta name=\"twitter:label1\" content=\"Written by\" \/>\n\t<meta name=\"twitter:data1\" content=\"Di\u00e1rio da Lagoa\" \/>\n\t<meta name=\"twitter:label2\" content=\"Est. reading time\" \/>\n\t<meta name=\"twitter:data2\" content=\"1 minute\" \/>\n<script type=\"application\/ld+json\" class=\"yoast-schema-graph\">{\"@context\":\"https:\/\/schema.org\",\"@graph\":[{\"@type\":\"WebPage\",\"@id\":\"https:\/\/diariodalagoa.pt\/oasa-promove-mais-uma-observacao-noturna\/\",\"url\":\"https:\/\/diariodalagoa.pt\/oasa-promove-mais-uma-observacao-noturna\/\",\"name\":\"OASA promove mais uma observa\u00e7\u00e3o noturna - Di\u00e1rio da Lagoa\",\"isPartOf\":{\"@id\":\"https:\/\/diariodalagoa.pt\/#website\"},\"datePublished\":\"2014-08-24T10:12:31+00:00\",\"dateModified\":\"2014-08-24T10:12:31+00:00\",\"author\":{\"@id\":\"https:\/\/diariodalagoa.pt\/#\/schema\/person\/1615a002370e8857b6f972834bc43ece\"},\"breadcrumb\":{\"@id\":\"https:\/\/diariodalagoa.pt\/oasa-promove-mais-uma-observacao-noturna\/#breadcrumb\"},\"inLanguage\":\"en-US\",\"potentialAction\":[{\"@type\":\"ReadAction\",\"target\":[\"https:\/\/diariodalagoa.pt\/oasa-promove-mais-uma-observacao-noturna\/\"]}]},{\"@type\":\"BreadcrumbList\",\"@id\":\"https:\/\/diariodalagoa.pt\/oasa-promove-mais-uma-observacao-noturna\/#breadcrumb\",\"itemListElement\":[{\"@type\":\"ListItem\",\"position\":1,\"name\":\"In\u00edcio\",\"item\":\"https:\/\/diariodalagoa.pt\/\"},{\"@type\":\"ListItem\",\"position\":2,\"name\":\"OASA promove mais uma observa\u00e7\u00e3o noturna\"}]},{\"@type\":\"WebSite\",\"@id\":\"https:\/\/diariodalagoa.pt\/#website\",\"url\":\"https:\/\/diariodalagoa.pt\/\",\"name\":\"Di\u00e1rio da Lagoa\",\"description\":\"Di\u00e1rio da Lagoa. As not\u00edcias que contam. A partir da Lagoa, nos A\u00e7ores, para o mundo.\",\"potentialAction\":[{\"@type\":\"SearchAction\",\"target\":{\"@type\":\"EntryPoint\",\"urlTemplate\":\"https:\/\/diariodalagoa.pt\/?s={search_term_string}\"},\"query-input\":\"required name=search_term_string\"}],\"inLanguage\":\"en-US\"},{\"@type\":\"Person\",\"@id\":\"https:\/\/diariodalagoa.pt\/#\/schema\/person\/1615a002370e8857b6f972834bc43ece\",\"name\":\"Di\u00e1rio da Lagoa\",\"image\":{\"@type\":\"ImageObject\",\"inLanguage\":\"en-US\",\"@id\":\"https:\/\/diariodalagoa.pt\/#\/schema\/person\/image\/\",\"url\":\"https:\/\/secure.gravatar.com\/avatar\/2cb5cef90a26f8fbd4d9d930608102c5?s=96&d=mm&r=g\",\"contentUrl\":\"https:\/\/secure.gravatar.com\/avatar\/2cb5cef90a26f8fbd4d9d930608102c5?s=96&d=mm&r=g\",\"caption\":\"Di\u00e1rio da Lagoa\"},\"url\":\"https:\/\/diariodalagoa.pt\/en\/author\/diariodalagoa\/\"}]}<\/script>\n<!-- \/ Yoast SEO plugin. -->","yoast_head_json":{"title":"OASA promove mais uma observa\u00e7\u00e3o noturna - Di\u00e1rio da Lagoa","robots":{"index":"index","follow":"follow","max-snippet":"max-snippet:-1","max-image-preview":"max-image-preview:large","max-video-preview":"max-video-preview:-1"},"canonical":"https:\/\/diariodalagoa.pt\/en\/oasa-promove-mais-uma-observacao-noturna\/","og_locale":"en_US","og_type":"article","og_title":"OASA promove mais uma observa\u00e7\u00e3o noturna - Di\u00e1rio da Lagoa","og_description":"Na primeira sexta-feira de setembro o OASA estar\u00e1 mais uma vez aberto, entre as 21h00 e as 23h00, para receber todos aqueles que se queiram deslumbrar com as maravilhas do c\u00e9u noturno. Nunca viu Neptuno? Est\u00e1 t\u00e3o longe que n\u00e3o nos chega a luz? A melhor solu\u00e7\u00e3o ser\u00e1 visitar o OASA na observa\u00e7\u00e3o mensal de [&hellip;]","og_url":"https:\/\/diariodalagoa.pt\/en\/oasa-promove-mais-uma-observacao-noturna\/","og_site_name":"Di\u00e1rio da Lagoa","article_published_time":"2014-08-24T10:12:31+00:00","author":"Di\u00e1rio da Lagoa","twitter_card":"summary_large_image","twitter_misc":{"Written by":"Di\u00e1rio da Lagoa","Est. reading time":"1 minute"},"schema":{"@context":"https:\/\/schema.org","@graph":[{"@type":"WebPage","@id":"https:\/\/diariodalagoa.pt\/oasa-promove-mais-uma-observacao-noturna\/","url":"https:\/\/diariodalagoa.pt\/oasa-promove-mais-uma-observacao-noturna\/","name":"OASA promove mais uma observa\u00e7\u00e3o noturna - Di\u00e1rio da Lagoa","isPartOf":{"@id":"https:\/\/diariodalagoa.pt\/#website"},"datePublished":"2014-08-24T10:12:31+00:00","dateModified":"2014-08-24T10:12:31+00:00","author":{"@id":"https:\/\/diariodalagoa.pt\/#\/schema\/person\/1615a002370e8857b6f972834bc43ece"},"breadcrumb":{"@id":"https:\/\/diariodalagoa.pt\/oasa-promove-mais-uma-observacao-noturna\/#breadcrumb"},"inLanguage":"en-US","potentialAction":[{"@type":"ReadAction","target":["https:\/\/diariodalagoa.pt\/oasa-promove-mais-uma-observacao-noturna\/"]}]},{"@type":"BreadcrumbList","@id":"https:\/\/diariodalagoa.pt\/oasa-promove-mais-uma-observacao-noturna\/#breadcrumb","itemListElement":[{"@type":"ListItem","position":1,"name":"In\u00edcio","item":"https:\/\/diariodalagoa.pt\/"},{"@type":"ListItem","position":2,"name":"OASA promove mais uma observa\u00e7\u00e3o noturna"}]},{"@type":"WebSite","@id":"https:\/\/diariodalagoa.pt\/#website","url":"https:\/\/diariodalagoa.pt\/","name":"Di\u00e1rio da Lagoa","description":"Di\u00e1rio da Lagoa. As not\u00edcias que contam. A partir da Lagoa, nos A\u00e7ores, para o mundo.","potentialAction":[{"@type":"SearchAction","target":{"@type":"EntryPoint","urlTemplate":"https:\/\/diariodalagoa.pt\/?s={search_term_string}"},"query-input":"required name=search_term_string"}],"inLanguage":"en-US"},{"@type":"Person","@id":"https:\/\/diariodalagoa.pt\/#\/schema\/person\/1615a002370e8857b6f972834bc43ece","name":"Di\u00e1rio da Lagoa","image":{"@type":"ImageObject","inLanguage":"en-US","@id":"https:\/\/diariodalagoa.pt\/#\/schema\/person\/image\/","url":"https:\/\/secure.gravatar.com\/avatar\/2cb5cef90a26f8fbd4d9d930608102c5?s=96&d=mm&r=g","contentUrl":"https:\/\/secure.gravatar.com\/avatar\/2cb5cef90a26f8fbd4d9d930608102c5?s=96&d=mm&r=g","caption":"Di\u00e1rio da Lagoa"},"url":"https:\/\/diariodalagoa.pt\/en\/author\/diariodalagoa\/"}]}},"_links":{"self":[{"href":"https:\/\/diariodalagoa.pt\/en\/wp-json\/wp\/v2\/posts\/8041"}],"collection":[{"href":"https:\/\/diariodalagoa.pt\/en\/wp-json\/wp\/v2\/posts"}],"about":[{"href":"https:\/\/diariodalagoa.pt\/en\/wp-json\/wp\/v2\/types\/post"}],"author":[{"embeddable":true,"href":"https:\/\/diariodalagoa.pt\/en\/wp-json\/wp\/v2\/users\/2"}],"replies":[{"embeddable":true,"href":"https:\/\/diariodalagoa.pt\/en\/wp-json\/wp\/v2\/comments?post=8041"}],"version-history":[{"count":0,"href":"https:\/\/diariodalagoa.pt\/en\/wp-json\/wp\/v2\/posts\/8041\/revisions"}],"wp:attachment":[{"href":"https:\/\/diariodalagoa.pt\/en\/wp-json\/wp\/v2\/media?parent=8041"}],"wp:term":[{"taxonomy":"category","embeddable":true,"href":"https:\/\/diariodalagoa.pt\/en\/wp-json\/wp\/v2\/categories?post=8041"},{"taxonomy":"post_tag","embeddable":true,"href":"https:\/\/diariodalagoa.pt\/en\/wp-json\/wp\/v2\/tags?post=8041"}],"curies":[{"name":"wp","href":"https:\/\/api.w.org\/{rel}","templated":true}]}}