{"id":7988,"date":"2014-08-19T06:51:50","date_gmt":"2014-08-19T07:51:50","guid":{"rendered":"http:\/\/diariodalagoa.pt\/?p=7988"},"modified":"2014-08-19T06:51:50","modified_gmt":"2014-08-19T07:51:50","slug":"laboratorio-regional-de-enologia-funcional-sem-acreditacao","status":"publish","type":"post","link":"https:\/\/diariodalagoa.pt\/en\/laboratorio-regional-de-enologia-funcional-sem-acreditacao\/","title":{"rendered":"Laborat\u00f3rio Regional de Enologia funcional sem acredita\u00e7\u00e3o"},"content":{"rendered":"<p style=\"text-align: justify;\"><img decoding=\"async\" class=\"alignnone size-full wp-image-7990\" src=\"http:\/\/diariodalagoa.pt\/wp-content\/uploads\/2014\/08\/Laboratorio-Enologia-A\u00e7ores.jpg\" alt=\"Laboratorio Enologia A\u00e7ores\" width=\"720\" height=\"380\" \/><\/p>\n<p style=\"text-align: justify;\"><span style=\"color: #000000;\">O Laborat\u00f3rio Regional de Enologia, localizado na ilha do Pico, aguarda h\u00e1 quase tr\u00eas anos pela conclus\u00e3o do processo de acredita\u00e7\u00e3o. <\/span><\/p>\n<p style=\"text-align: justify;\"><span style=\"color: #000000;\">Segundo escreve o jornal Di\u00e1rio Insular, esta ter\u00e7a-feira (dia 19), o atraso na acredita\u00e7\u00e3o do laborat\u00f3rio est\u00e1 a provocar o descontentamento de vitivinicultores a\u00e7orianos que consideram que os processos de certifica\u00e7\u00e3o de vinhos est\u00e3o cada vez mais demorados, uma vez que os resultados das an\u00e1lises que s\u00e3o efetuadas no continente est\u00e3o a levar muito tempo a chegar \u00e0 Regi\u00e3o.<\/span><\/p>\n<p style=\"text-align: justify;\"><span style=\"color: #000000;\"> Cabe \u00e0 Comiss\u00e3o Vitivin\u00edcola Regional dos A\u00e7ores instruir os processos de certifica\u00e7\u00e3o de vinhos na Regi\u00e3o, que para al\u00e9m de um componente de an\u00e1lise sensorial implica a realiza\u00e7\u00e3o de an\u00e1lises laboratoriais, que por norma s\u00e3o realizadas pelos servi\u00e7os do Instituto do Vinho do Porto.<\/span><\/p>\n<p style=\"text-align: justify;\"><span style=\"color: #000000;\"> Inaugurado em outubro de 2011, o Laborat\u00f3rio Regional de Enologia re\u00fane as condi\u00e7\u00f5es t\u00e9cnicas necess\u00e1rias, mas n\u00e3o possui ainda o instrumento legal que lhe permite certificar os produtos das comiss\u00f5es vitivin\u00edcolas.<\/span><\/p>\n<p style=\"text-align: justify;\"><span style=\"color: #000000;\"> Trata-se de um investimento de 1,2 milh\u00f5es de euros que visa dotar a Regi\u00e3o com um dos melhores laborat\u00f3rios do g\u00e9nero do pa\u00eds e da Europa.<\/span><\/p>\n<p style=\"text-align: justify;\"><span style=\"color: #000000;\"> A estrutura disp\u00f5e de tecnologia considerada de ponta para a realiza\u00e7\u00e3o de an\u00e1lises da produ\u00e7\u00e3o vitivin\u00edcola. No entanto, ainda faltam alguns equipamentos considerados como essenciais para que o Laborat\u00f3rio Regional de Enologia possa ser considerado como uma refer\u00eancia a n\u00edvel nacional. Outra lacuna apontada ao Laborat\u00f3rio Regional de Enologia \u00e9 o facto de n\u00e3o dispor de recursos humanos qualificados em n\u00famero suficiente para assegurar o seu funcionamento, adianta ainda o matutino da ilha Terceira.<\/span><\/p>\n<p style=\"text-align: justify;\"><span style=\"color: #000000;\">Apesar de n\u00e3o dispor de acredita\u00e7\u00e3o para a certifica\u00e7\u00e3o dos vinhos regionais, o Laborat\u00f3rio Regional de Enologia efetua as an\u00e1lises necess\u00e1rias para controlar a qualidade da produ\u00e7\u00e3o nas regi\u00f5es vitivin\u00edcolas dos A\u00e7ores.<\/span><\/p>\n<p style=\"text-align: justify;\"><span style=\"color: #000000;\">Segundo a diretora regional da Agricultura e Desenvolvimento Rural, o processo de acredita\u00e7\u00e3o do Laborat\u00f3rio Regional de Enologia est\u00e1 em curso, devendo chegar ao Instituto Nacional de Acredita\u00e7\u00e3o antes do final deste ano.<\/span><\/p>\n<p style=\"text-align: justify;\"><span style=\"color: #000000;\">Escreve o jornal que F\u00e1tima Amorim assegura que t\u00eam sido dados os passos necess\u00e1rios para que o laborat\u00f3rio possa dispor de condi\u00e7\u00f5es para certifica, o quanto antes, os vinhos a\u00e7orianos.<\/span><\/p>\n<p style=\"text-align: justify;\"><span style=\"color: #000000;\"><em>DL\/DI<\/em><\/span><\/p>","protected":false},"excerpt":{"rendered":"<p>O Laborat\u00f3rio Regional de Enologia, localizado na ilha do Pico, aguarda h\u00e1 quase tr\u00eas anos pela conclus\u00e3o do processo de acredita\u00e7\u00e3o. Segundo escreve o jornal Di\u00e1rio Insular, esta ter\u00e7a-feira (dia 19), o atraso na acredita\u00e7\u00e3o do laborat\u00f3rio est\u00e1 a provocar o descontentamento de vitivinicultores a\u00e7orianos que consideram que os processos de certifica\u00e7\u00e3o de vinhos est\u00e3o [&hellip;]<\/p>","protected":false},"author":2,"featured_media":121859,"comment_status":"open","ping_status":"open","sticky":false,"template":"","format":"standard","meta":[],"categories":[21],"tags":[],"acf":[],"yoast_head":"<!-- This site is optimized with the Yoast SEO plugin v20.10 - https:\/\/yoast.com\/wordpress\/plugins\/seo\/ -->\n<title>Laborat\u00f3rio Regional de Enologia funcional sem acredita\u00e7\u00e3o - Di\u00e1rio da Lagoa<\/title>\n<meta name=\"robots\" content=\"index, follow, max-snippet:-1, max-image-preview:large, max-video-preview:-1\" \/>\n<link rel=\"canonical\" href=\"https:\/\/diariodalagoa.pt\/en\/laboratorio-regional-de-enologia-funcional-sem-acreditacao\/\" \/>\n<meta property=\"og:locale\" content=\"en_US\" \/>\n<meta property=\"og:type\" content=\"article\" \/>\n<meta property=\"og:title\" content=\"Laborat\u00f3rio Regional de Enologia funcional sem acredita\u00e7\u00e3o - Di\u00e1rio da Lagoa\" \/>\n<meta property=\"og:description\" content=\"O Laborat\u00f3rio Regional de Enologia, localizado na ilha do Pico, aguarda h\u00e1 quase tr\u00eas anos pela conclus\u00e3o do processo de acredita\u00e7\u00e3o. Segundo escreve o jornal Di\u00e1rio Insular, esta ter\u00e7a-feira (dia 19), o atraso na acredita\u00e7\u00e3o do laborat\u00f3rio est\u00e1 a provocar o descontentamento de vitivinicultores a\u00e7orianos que consideram que os processos de certifica\u00e7\u00e3o de vinhos est\u00e3o [&hellip;]\" \/>\n<meta property=\"og:url\" content=\"https:\/\/diariodalagoa.pt\/en\/laboratorio-regional-de-enologia-funcional-sem-acreditacao\/\" \/>\n<meta property=\"og:site_name\" content=\"Di\u00e1rio da Lagoa\" \/>\n<meta property=\"article:published_time\" content=\"2014-08-19T07:51:50+00:00\" \/>\n<meta property=\"og:image\" content=\"https:\/\/diariodalagoa.pt\/wp-content\/uploads\/2014\/08\/paisagem-cultura-vinha-pico.jpg\" \/>\n\t<meta property=\"og:image:width\" content=\"720\" \/>\n\t<meta property=\"og:image:height\" content=\"380\" \/>\n\t<meta property=\"og:image:type\" content=\"image\/jpeg\" \/>\n<meta name=\"author\" content=\"Di\u00e1rio da Lagoa\" \/>\n<meta name=\"twitter:card\" content=\"summary_large_image\" \/>\n<meta name=\"twitter:label1\" content=\"Written by\" \/>\n\t<meta name=\"twitter:data1\" content=\"Di\u00e1rio da Lagoa\" \/>\n\t<meta name=\"twitter:label2\" content=\"Est. reading time\" \/>\n\t<meta name=\"twitter:data2\" content=\"2 minutes\" \/>\n<script type=\"application\/ld+json\" class=\"yoast-schema-graph\">{\"@context\":\"https:\/\/schema.org\",\"@graph\":[{\"@type\":\"WebPage\",\"@id\":\"https:\/\/diariodalagoa.pt\/laboratorio-regional-de-enologia-funcional-sem-acreditacao\/\",\"url\":\"https:\/\/diariodalagoa.pt\/laboratorio-regional-de-enologia-funcional-sem-acreditacao\/\",\"name\":\"Laborat\u00f3rio Regional de Enologia funcional sem acredita\u00e7\u00e3o - Di\u00e1rio da Lagoa\",\"isPartOf\":{\"@id\":\"https:\/\/diariodalagoa.pt\/#website\"},\"datePublished\":\"2014-08-19T07:51:50+00:00\",\"dateModified\":\"2014-08-19T07:51:50+00:00\",\"author\":{\"@id\":\"https:\/\/diariodalagoa.pt\/#\/schema\/person\/1615a002370e8857b6f972834bc43ece\"},\"breadcrumb\":{\"@id\":\"https:\/\/diariodalagoa.pt\/laboratorio-regional-de-enologia-funcional-sem-acreditacao\/#breadcrumb\"},\"inLanguage\":\"en-US\",\"potentialAction\":[{\"@type\":\"ReadAction\",\"target\":[\"https:\/\/diariodalagoa.pt\/laboratorio-regional-de-enologia-funcional-sem-acreditacao\/\"]}]},{\"@type\":\"BreadcrumbList\",\"@id\":\"https:\/\/diariodalagoa.pt\/laboratorio-regional-de-enologia-funcional-sem-acreditacao\/#breadcrumb\",\"itemListElement\":[{\"@type\":\"ListItem\",\"position\":1,\"name\":\"In\u00edcio\",\"item\":\"https:\/\/diariodalagoa.pt\/\"},{\"@type\":\"ListItem\",\"position\":2,\"name\":\"Laborat\u00f3rio Regional de Enologia funcional sem acredita\u00e7\u00e3o\"}]},{\"@type\":\"WebSite\",\"@id\":\"https:\/\/diariodalagoa.pt\/#website\",\"url\":\"https:\/\/diariodalagoa.pt\/\",\"name\":\"Di\u00e1rio da Lagoa\",\"description\":\"Di\u00e1rio da Lagoa. As not\u00edcias que contam. A partir da Lagoa, nos A\u00e7ores, para o mundo.\",\"potentialAction\":[{\"@type\":\"SearchAction\",\"target\":{\"@type\":\"EntryPoint\",\"urlTemplate\":\"https:\/\/diariodalagoa.pt\/?s={search_term_string}\"},\"query-input\":\"required name=search_term_string\"}],\"inLanguage\":\"en-US\"},{\"@type\":\"Person\",\"@id\":\"https:\/\/diariodalagoa.pt\/#\/schema\/person\/1615a002370e8857b6f972834bc43ece\",\"name\":\"Di\u00e1rio da Lagoa\",\"image\":{\"@type\":\"ImageObject\",\"inLanguage\":\"en-US\",\"@id\":\"https:\/\/diariodalagoa.pt\/#\/schema\/person\/image\/\",\"url\":\"https:\/\/secure.gravatar.com\/avatar\/2cb5cef90a26f8fbd4d9d930608102c5?s=96&d=mm&r=g\",\"contentUrl\":\"https:\/\/secure.gravatar.com\/avatar\/2cb5cef90a26f8fbd4d9d930608102c5?s=96&d=mm&r=g\",\"caption\":\"Di\u00e1rio da Lagoa\"},\"url\":\"https:\/\/diariodalagoa.pt\/en\/author\/diariodalagoa\/\"}]}<\/script>\n<!-- \/ Yoast SEO plugin. -->","yoast_head_json":{"title":"Laborat\u00f3rio Regional de Enologia funcional sem acredita\u00e7\u00e3o - Di\u00e1rio da Lagoa","robots":{"index":"index","follow":"follow","max-snippet":"max-snippet:-1","max-image-preview":"max-image-preview:large","max-video-preview":"max-video-preview:-1"},"canonical":"https:\/\/diariodalagoa.pt\/en\/laboratorio-regional-de-enologia-funcional-sem-acreditacao\/","og_locale":"en_US","og_type":"article","og_title":"Laborat\u00f3rio Regional de Enologia funcional sem acredita\u00e7\u00e3o - Di\u00e1rio da Lagoa","og_description":"O Laborat\u00f3rio Regional de Enologia, localizado na ilha do Pico, aguarda h\u00e1 quase tr\u00eas anos pela conclus\u00e3o do processo de acredita\u00e7\u00e3o. Segundo escreve o jornal Di\u00e1rio Insular, esta ter\u00e7a-feira (dia 19), o atraso na acredita\u00e7\u00e3o do laborat\u00f3rio est\u00e1 a provocar o descontentamento de vitivinicultores a\u00e7orianos que consideram que os processos de certifica\u00e7\u00e3o de vinhos est\u00e3o [&hellip;]","og_url":"https:\/\/diariodalagoa.pt\/en\/laboratorio-regional-de-enologia-funcional-sem-acreditacao\/","og_site_name":"Di\u00e1rio da Lagoa","article_published_time":"2014-08-19T07:51:50+00:00","og_image":[{"width":720,"height":380,"url":"https:\/\/diariodalagoa.pt\/wp-content\/uploads\/2014\/08\/paisagem-cultura-vinha-pico.jpg","type":"image\/jpeg"}],"author":"Di\u00e1rio da Lagoa","twitter_card":"summary_large_image","twitter_misc":{"Written by":"Di\u00e1rio da Lagoa","Est. reading time":"2 minutes"},"schema":{"@context":"https:\/\/schema.org","@graph":[{"@type":"WebPage","@id":"https:\/\/diariodalagoa.pt\/laboratorio-regional-de-enologia-funcional-sem-acreditacao\/","url":"https:\/\/diariodalagoa.pt\/laboratorio-regional-de-enologia-funcional-sem-acreditacao\/","name":"Laborat\u00f3rio Regional de Enologia funcional sem acredita\u00e7\u00e3o - Di\u00e1rio da Lagoa","isPartOf":{"@id":"https:\/\/diariodalagoa.pt\/#website"},"datePublished":"2014-08-19T07:51:50+00:00","dateModified":"2014-08-19T07:51:50+00:00","author":{"@id":"https:\/\/diariodalagoa.pt\/#\/schema\/person\/1615a002370e8857b6f972834bc43ece"},"breadcrumb":{"@id":"https:\/\/diariodalagoa.pt\/laboratorio-regional-de-enologia-funcional-sem-acreditacao\/#breadcrumb"},"inLanguage":"en-US","potentialAction":[{"@type":"ReadAction","target":["https:\/\/diariodalagoa.pt\/laboratorio-regional-de-enologia-funcional-sem-acreditacao\/"]}]},{"@type":"BreadcrumbList","@id":"https:\/\/diariodalagoa.pt\/laboratorio-regional-de-enologia-funcional-sem-acreditacao\/#breadcrumb","itemListElement":[{"@type":"ListItem","position":1,"name":"In\u00edcio","item":"https:\/\/diariodalagoa.pt\/"},{"@type":"ListItem","position":2,"name":"Laborat\u00f3rio Regional de Enologia funcional sem acredita\u00e7\u00e3o"}]},{"@type":"WebSite","@id":"https:\/\/diariodalagoa.pt\/#website","url":"https:\/\/diariodalagoa.pt\/","name":"Di\u00e1rio da Lagoa","description":"Di\u00e1rio da Lagoa. As not\u00edcias que contam. A partir da Lagoa, nos A\u00e7ores, para o mundo.","potentialAction":[{"@type":"SearchAction","target":{"@type":"EntryPoint","urlTemplate":"https:\/\/diariodalagoa.pt\/?s={search_term_string}"},"query-input":"required name=search_term_string"}],"inLanguage":"en-US"},{"@type":"Person","@id":"https:\/\/diariodalagoa.pt\/#\/schema\/person\/1615a002370e8857b6f972834bc43ece","name":"Di\u00e1rio da Lagoa","image":{"@type":"ImageObject","inLanguage":"en-US","@id":"https:\/\/diariodalagoa.pt\/#\/schema\/person\/image\/","url":"https:\/\/secure.gravatar.com\/avatar\/2cb5cef90a26f8fbd4d9d930608102c5?s=96&d=mm&r=g","contentUrl":"https:\/\/secure.gravatar.com\/avatar\/2cb5cef90a26f8fbd4d9d930608102c5?s=96&d=mm&r=g","caption":"Di\u00e1rio da Lagoa"},"url":"https:\/\/diariodalagoa.pt\/en\/author\/diariodalagoa\/"}]}},"_links":{"self":[{"href":"https:\/\/diariodalagoa.pt\/en\/wp-json\/wp\/v2\/posts\/7988"}],"collection":[{"href":"https:\/\/diariodalagoa.pt\/en\/wp-json\/wp\/v2\/posts"}],"about":[{"href":"https:\/\/diariodalagoa.pt\/en\/wp-json\/wp\/v2\/types\/post"}],"author":[{"embeddable":true,"href":"https:\/\/diariodalagoa.pt\/en\/wp-json\/wp\/v2\/users\/2"}],"replies":[{"embeddable":true,"href":"https:\/\/diariodalagoa.pt\/en\/wp-json\/wp\/v2\/comments?post=7988"}],"version-history":[{"count":0,"href":"https:\/\/diariodalagoa.pt\/en\/wp-json\/wp\/v2\/posts\/7988\/revisions"}],"wp:featuredmedia":[{"embeddable":true,"href":"https:\/\/diariodalagoa.pt\/en\/wp-json\/wp\/v2\/media\/121859"}],"wp:attachment":[{"href":"https:\/\/diariodalagoa.pt\/en\/wp-json\/wp\/v2\/media?parent=7988"}],"wp:term":[{"taxonomy":"category","embeddable":true,"href":"https:\/\/diariodalagoa.pt\/en\/wp-json\/wp\/v2\/categories?post=7988"},{"taxonomy":"post_tag","embeddable":true,"href":"https:\/\/diariodalagoa.pt\/en\/wp-json\/wp\/v2\/tags?post=7988"}],"curies":[{"name":"wp","href":"https:\/\/api.w.org\/{rel}","templated":true}]}}