{"id":7677,"date":"2014-08-07T21:10:39","date_gmt":"2014-08-07T22:10:39","guid":{"rendered":"http:\/\/diariodalagoa.pt\/?p=7677"},"modified":"2014-08-07T21:10:39","modified_gmt":"2014-08-07T22:10:39","slug":"novo-modelo-de-transportes-aereos-e-o-que-serve-melhor-os-acorianos-e-a-economia-regional","status":"publish","type":"post","link":"https:\/\/diariodalagoa.pt\/en\/novo-modelo-de-transportes-aereos-e-o-que-serve-melhor-os-acorianos-e-a-economia-regional\/","title":{"rendered":"Novo modelo de transportes a\u00e9reos \u00e9 o que serve melhor os A\u00e7orianos e a economia regional"},"content":{"rendered":"<p style=\"text-align: justify;\"><img decoding=\"async\" class=\"alignnone size-full wp-image-7678\" src=\"http:\/\/diariodalagoa.pt\/wp-content\/uploads\/2014\/08\/Vitor-Fraga-reuniao-grupo-Sata.jpg\" alt=\"Vitor-Fraga-reuniao-grupo-Sata\" width=\"720\" height=\"383\" \/><\/p>\n<p style=\"text-align: justify;\"><span style=\"color: rgb(0, 0, 0);\">O Secret\u00e1rio Regional do Turismo e Transportes afirmou que o novo modelo de transportes a\u00e9reos que j\u00e1 est\u00e1 definido \u00e9 o que \u201cserve melhor os A\u00e7orianos, carecendo apenas da aprova\u00e7\u00e3o formal por parte do Governo da Rep\u00fablica\u201d.<\/span><\/p>\n<p style=\"text-align: justify;\"><span style=\"color: rgb(0, 0, 0);\">\u201cA prioridade agora \u00e9 trabalhar para que a SATA tenha condi\u00e7\u00f5es para ser fortemente competitiva, para que a empresa seja sustent\u00e1vel e contribua de forma ativa para a cria\u00e7\u00e3o de riqueza na Regi\u00e3o e para preservar todos os postos de trabalho\u201d, afirmou V\u00edtor Fraga, em declara\u00e7\u00f5es aos jornalistas no final de uma reuni\u00e3o com o Conselho de Administra\u00e7\u00e3o do Grupo SATA.<\/span><\/p>\n<p style=\"text-align: justify;\"><span style=\"color: rgb(0, 0, 0);\">O Secret\u00e1rio Regional frisou que \u201co Governo dos A\u00e7ores tem vindo a trabalhar na defini\u00e7\u00e3o daquilo que era a sua principal prioridade, isto \u00e9, a defini\u00e7\u00e3o de um novo modelo para as acessibilidades \u00e0 Regi\u00e3o e da Regi\u00e3o ao Continente e \u00e0 Madeira\u201d.<\/span><\/p>\n<p style=\"text-align: justify;\"><span style=\"color: rgb(0, 0, 0);\">V\u00edtor Fraga salientou que o novo modelo \u201c\u00e9 o que serve melhor os A\u00e7ores e os A\u00e7orianos e vai contribuir de forma muito significativa para melhorar a posi\u00e7\u00e3o das nossas empresas e da economia a\u00e7oriana\u201d.<\/span><\/p>\n<p style=\"text-align: justify;\"><span style=\"color: rgb(0, 0, 0);\">Questionado pelos jornalistas sobre a articula\u00e7\u00e3o entre a SATA Internacional e a SATA Air A\u00e7ores para que os residentes do Grupo Central tenham acesso \u00e0s rotas liberalizadas, V\u00edtor Fraga frisou que \u201ctudo isso est\u00e1 previsto no novo modelo de transportes a\u00e9reos\u201d.<\/span><\/p>\n<p style=\"text-align: justify;\"><span style=\"color: rgb(0, 0, 0);\">Relativamente a uma prov\u00e1vel entrada das companhias de baixo custo nos A\u00e7ores, V\u00edtor Fraga recordou que, em maio de 2012, o Governo dos A\u00e7ores apresentou uma proposta com o objetivo de, por um lado, salvaguardar os interesses dos A\u00e7orianos, definindo um pre\u00e7o m\u00e1ximo na acessibilidade, que era de 134 euros, e, por outro lado, garantir a abertura para que outros operadores pudessem entrar na Regi\u00e3o.<\/span><\/p>\n<p style=\"text-align: justify;\"><span style=\"color: rgb(0, 0, 0);\">V\u00edtor Fraga salientou ainda que \u201chavendo um incremento muito significativo no n\u00famero de passageiros, \u00e9 sinal de que h\u00e1 tamb\u00e9m uma diminui\u00e7\u00e3o das tarifas, o que significa que a comparticipa\u00e7\u00e3o do Estado tamb\u00e9m diminui, ou seja, uma coisa compensa a outra\u201d.<\/span><\/p>\n<p style=\"text-align: justify;\"><span style=\"color: rgb(0, 0, 0);\"><em>DL\/Gacs<\/em><\/span><\/p>","protected":false},"excerpt":{"rendered":"<p>O Secret\u00e1rio Regional do Turismo e Transportes afirmou que o novo modelo de transportes a\u00e9reos que j\u00e1 est\u00e1 definido \u00e9 o que \u201cserve melhor os A\u00e7orianos, carecendo apenas da aprova\u00e7\u00e3o formal por parte do Governo da Rep\u00fablica\u201d. \u201cA prioridade agora \u00e9 trabalhar para que a SATA tenha condi\u00e7\u00f5es para ser fortemente competitiva, para que a [&hellip;]<\/p>","protected":false},"author":2,"featured_media":121876,"comment_status":"open","ping_status":"open","sticky":false,"template":"","format":"standard","meta":[],"categories":[21],"tags":[],"acf":[],"yoast_head":"<!-- This site is optimized with the Yoast SEO plugin v20.10 - https:\/\/yoast.com\/wordpress\/plugins\/seo\/ -->\n<title>Novo modelo de transportes a\u00e9reos \u00e9 o que serve melhor os A\u00e7orianos e a economia regional - Di\u00e1rio da Lagoa<\/title>\n<meta name=\"robots\" content=\"index, follow, max-snippet:-1, max-image-preview:large, max-video-preview:-1\" \/>\n<link rel=\"canonical\" href=\"https:\/\/diariodalagoa.pt\/en\/novo-modelo-de-transportes-aereos-e-o-que-serve-melhor-os-acorianos-e-a-economia-regional\/\" \/>\n<meta property=\"og:locale\" content=\"en_US\" \/>\n<meta property=\"og:type\" content=\"article\" \/>\n<meta property=\"og:title\" content=\"Novo modelo de transportes a\u00e9reos \u00e9 o que serve melhor os A\u00e7orianos e a economia regional - Di\u00e1rio da Lagoa\" \/>\n<meta property=\"og:description\" content=\"O Secret\u00e1rio Regional do Turismo e Transportes afirmou que o novo modelo de transportes a\u00e9reos que j\u00e1 est\u00e1 definido \u00e9 o que \u201cserve melhor os A\u00e7orianos, carecendo apenas da aprova\u00e7\u00e3o formal por parte do Governo da Rep\u00fablica\u201d. \u201cA prioridade agora \u00e9 trabalhar para que a SATA tenha condi\u00e7\u00f5es para ser fortemente competitiva, para que a [&hellip;]\" \/>\n<meta property=\"og:url\" content=\"https:\/\/diariodalagoa.pt\/en\/novo-modelo-de-transportes-aereos-e-o-que-serve-melhor-os-acorianos-e-a-economia-regional\/\" \/>\n<meta property=\"og:site_name\" content=\"Di\u00e1rio da Lagoa\" \/>\n<meta property=\"article:published_time\" content=\"2014-08-07T22:10:39+00:00\" \/>\n<meta property=\"og:image\" content=\"https:\/\/diariodalagoa.pt\/wp-content\/uploads\/2014\/08\/vitor-fraga-reuniao-grupo-sata.jpg\" \/>\n\t<meta property=\"og:image:width\" content=\"720\" \/>\n\t<meta property=\"og:image:height\" content=\"383\" \/>\n\t<meta property=\"og:image:type\" content=\"image\/jpeg\" \/>\n<meta name=\"author\" content=\"Di\u00e1rio da Lagoa\" \/>\n<meta name=\"twitter:card\" content=\"summary_large_image\" \/>\n<meta name=\"twitter:label1\" content=\"Written by\" \/>\n\t<meta name=\"twitter:data1\" content=\"Di\u00e1rio da Lagoa\" \/>\n\t<meta name=\"twitter:label2\" content=\"Est. reading time\" \/>\n\t<meta name=\"twitter:data2\" content=\"2 minutes\" \/>\n<script type=\"application\/ld+json\" class=\"yoast-schema-graph\">{\"@context\":\"https:\/\/schema.org\",\"@graph\":[{\"@type\":\"WebPage\",\"@id\":\"https:\/\/diariodalagoa.pt\/novo-modelo-de-transportes-aereos-e-o-que-serve-melhor-os-acorianos-e-a-economia-regional\/\",\"url\":\"https:\/\/diariodalagoa.pt\/novo-modelo-de-transportes-aereos-e-o-que-serve-melhor-os-acorianos-e-a-economia-regional\/\",\"name\":\"Novo modelo de transportes a\u00e9reos \u00e9 o que serve melhor os A\u00e7orianos e a economia regional - Di\u00e1rio da Lagoa\",\"isPartOf\":{\"@id\":\"https:\/\/diariodalagoa.pt\/#website\"},\"datePublished\":\"2014-08-07T22:10:39+00:00\",\"dateModified\":\"2014-08-07T22:10:39+00:00\",\"author\":{\"@id\":\"https:\/\/diariodalagoa.pt\/#\/schema\/person\/1615a002370e8857b6f972834bc43ece\"},\"breadcrumb\":{\"@id\":\"https:\/\/diariodalagoa.pt\/novo-modelo-de-transportes-aereos-e-o-que-serve-melhor-os-acorianos-e-a-economia-regional\/#breadcrumb\"},\"inLanguage\":\"en-US\",\"potentialAction\":[{\"@type\":\"ReadAction\",\"target\":[\"https:\/\/diariodalagoa.pt\/novo-modelo-de-transportes-aereos-e-o-que-serve-melhor-os-acorianos-e-a-economia-regional\/\"]}]},{\"@type\":\"BreadcrumbList\",\"@id\":\"https:\/\/diariodalagoa.pt\/novo-modelo-de-transportes-aereos-e-o-que-serve-melhor-os-acorianos-e-a-economia-regional\/#breadcrumb\",\"itemListElement\":[{\"@type\":\"ListItem\",\"position\":1,\"name\":\"In\u00edcio\",\"item\":\"https:\/\/diariodalagoa.pt\/\"},{\"@type\":\"ListItem\",\"position\":2,\"name\":\"Novo modelo de transportes a\u00e9reos \u00e9 o que serve melhor os A\u00e7orianos e a economia regional\"}]},{\"@type\":\"WebSite\",\"@id\":\"https:\/\/diariodalagoa.pt\/#website\",\"url\":\"https:\/\/diariodalagoa.pt\/\",\"name\":\"Di\u00e1rio da Lagoa\",\"description\":\"Di\u00e1rio da Lagoa. As not\u00edcias que contam. A partir da Lagoa, nos A\u00e7ores, para o mundo.\",\"potentialAction\":[{\"@type\":\"SearchAction\",\"target\":{\"@type\":\"EntryPoint\",\"urlTemplate\":\"https:\/\/diariodalagoa.pt\/?s={search_term_string}\"},\"query-input\":\"required name=search_term_string\"}],\"inLanguage\":\"en-US\"},{\"@type\":\"Person\",\"@id\":\"https:\/\/diariodalagoa.pt\/#\/schema\/person\/1615a002370e8857b6f972834bc43ece\",\"name\":\"Di\u00e1rio da Lagoa\",\"image\":{\"@type\":\"ImageObject\",\"inLanguage\":\"en-US\",\"@id\":\"https:\/\/diariodalagoa.pt\/#\/schema\/person\/image\/\",\"url\":\"https:\/\/secure.gravatar.com\/avatar\/2cb5cef90a26f8fbd4d9d930608102c5?s=96&d=mm&r=g\",\"contentUrl\":\"https:\/\/secure.gravatar.com\/avatar\/2cb5cef90a26f8fbd4d9d930608102c5?s=96&d=mm&r=g\",\"caption\":\"Di\u00e1rio da Lagoa\"},\"url\":\"https:\/\/diariodalagoa.pt\/en\/author\/diariodalagoa\/\"}]}<\/script>\n<!-- \/ Yoast SEO plugin. -->","yoast_head_json":{"title":"Novo modelo de transportes a\u00e9reos \u00e9 o que serve melhor os A\u00e7orianos e a economia regional - Di\u00e1rio da Lagoa","robots":{"index":"index","follow":"follow","max-snippet":"max-snippet:-1","max-image-preview":"max-image-preview:large","max-video-preview":"max-video-preview:-1"},"canonical":"https:\/\/diariodalagoa.pt\/en\/novo-modelo-de-transportes-aereos-e-o-que-serve-melhor-os-acorianos-e-a-economia-regional\/","og_locale":"en_US","og_type":"article","og_title":"Novo modelo de transportes a\u00e9reos \u00e9 o que serve melhor os A\u00e7orianos e a economia regional - Di\u00e1rio da Lagoa","og_description":"O Secret\u00e1rio Regional do Turismo e Transportes afirmou que o novo modelo de transportes a\u00e9reos que j\u00e1 est\u00e1 definido \u00e9 o que \u201cserve melhor os A\u00e7orianos, carecendo apenas da aprova\u00e7\u00e3o formal por parte do Governo da Rep\u00fablica\u201d. \u201cA prioridade agora \u00e9 trabalhar para que a SATA tenha condi\u00e7\u00f5es para ser fortemente competitiva, para que a [&hellip;]","og_url":"https:\/\/diariodalagoa.pt\/en\/novo-modelo-de-transportes-aereos-e-o-que-serve-melhor-os-acorianos-e-a-economia-regional\/","og_site_name":"Di\u00e1rio da Lagoa","article_published_time":"2014-08-07T22:10:39+00:00","og_image":[{"width":720,"height":383,"url":"https:\/\/diariodalagoa.pt\/wp-content\/uploads\/2014\/08\/vitor-fraga-reuniao-grupo-sata.jpg","type":"image\/jpeg"}],"author":"Di\u00e1rio da Lagoa","twitter_card":"summary_large_image","twitter_misc":{"Written by":"Di\u00e1rio da Lagoa","Est. reading time":"2 minutes"},"schema":{"@context":"https:\/\/schema.org","@graph":[{"@type":"WebPage","@id":"https:\/\/diariodalagoa.pt\/novo-modelo-de-transportes-aereos-e-o-que-serve-melhor-os-acorianos-e-a-economia-regional\/","url":"https:\/\/diariodalagoa.pt\/novo-modelo-de-transportes-aereos-e-o-que-serve-melhor-os-acorianos-e-a-economia-regional\/","name":"Novo modelo de transportes a\u00e9reos \u00e9 o que serve melhor os A\u00e7orianos e a economia regional - Di\u00e1rio da Lagoa","isPartOf":{"@id":"https:\/\/diariodalagoa.pt\/#website"},"datePublished":"2014-08-07T22:10:39+00:00","dateModified":"2014-08-07T22:10:39+00:00","author":{"@id":"https:\/\/diariodalagoa.pt\/#\/schema\/person\/1615a002370e8857b6f972834bc43ece"},"breadcrumb":{"@id":"https:\/\/diariodalagoa.pt\/novo-modelo-de-transportes-aereos-e-o-que-serve-melhor-os-acorianos-e-a-economia-regional\/#breadcrumb"},"inLanguage":"en-US","potentialAction":[{"@type":"ReadAction","target":["https:\/\/diariodalagoa.pt\/novo-modelo-de-transportes-aereos-e-o-que-serve-melhor-os-acorianos-e-a-economia-regional\/"]}]},{"@type":"BreadcrumbList","@id":"https:\/\/diariodalagoa.pt\/novo-modelo-de-transportes-aereos-e-o-que-serve-melhor-os-acorianos-e-a-economia-regional\/#breadcrumb","itemListElement":[{"@type":"ListItem","position":1,"name":"In\u00edcio","item":"https:\/\/diariodalagoa.pt\/"},{"@type":"ListItem","position":2,"name":"Novo modelo de transportes a\u00e9reos \u00e9 o que serve melhor os A\u00e7orianos e a economia regional"}]},{"@type":"WebSite","@id":"https:\/\/diariodalagoa.pt\/#website","url":"https:\/\/diariodalagoa.pt\/","name":"Di\u00e1rio da Lagoa","description":"Di\u00e1rio da Lagoa. As not\u00edcias que contam. A partir da Lagoa, nos A\u00e7ores, para o mundo.","potentialAction":[{"@type":"SearchAction","target":{"@type":"EntryPoint","urlTemplate":"https:\/\/diariodalagoa.pt\/?s={search_term_string}"},"query-input":"required name=search_term_string"}],"inLanguage":"en-US"},{"@type":"Person","@id":"https:\/\/diariodalagoa.pt\/#\/schema\/person\/1615a002370e8857b6f972834bc43ece","name":"Di\u00e1rio da Lagoa","image":{"@type":"ImageObject","inLanguage":"en-US","@id":"https:\/\/diariodalagoa.pt\/#\/schema\/person\/image\/","url":"https:\/\/secure.gravatar.com\/avatar\/2cb5cef90a26f8fbd4d9d930608102c5?s=96&d=mm&r=g","contentUrl":"https:\/\/secure.gravatar.com\/avatar\/2cb5cef90a26f8fbd4d9d930608102c5?s=96&d=mm&r=g","caption":"Di\u00e1rio da Lagoa"},"url":"https:\/\/diariodalagoa.pt\/en\/author\/diariodalagoa\/"}]}},"_links":{"self":[{"href":"https:\/\/diariodalagoa.pt\/en\/wp-json\/wp\/v2\/posts\/7677"}],"collection":[{"href":"https:\/\/diariodalagoa.pt\/en\/wp-json\/wp\/v2\/posts"}],"about":[{"href":"https:\/\/diariodalagoa.pt\/en\/wp-json\/wp\/v2\/types\/post"}],"author":[{"embeddable":true,"href":"https:\/\/diariodalagoa.pt\/en\/wp-json\/wp\/v2\/users\/2"}],"replies":[{"embeddable":true,"href":"https:\/\/diariodalagoa.pt\/en\/wp-json\/wp\/v2\/comments?post=7677"}],"version-history":[{"count":0,"href":"https:\/\/diariodalagoa.pt\/en\/wp-json\/wp\/v2\/posts\/7677\/revisions"}],"wp:featuredmedia":[{"embeddable":true,"href":"https:\/\/diariodalagoa.pt\/en\/wp-json\/wp\/v2\/media\/121876"}],"wp:attachment":[{"href":"https:\/\/diariodalagoa.pt\/en\/wp-json\/wp\/v2\/media?parent=7677"}],"wp:term":[{"taxonomy":"category","embeddable":true,"href":"https:\/\/diariodalagoa.pt\/en\/wp-json\/wp\/v2\/categories?post=7677"},{"taxonomy":"post_tag","embeddable":true,"href":"https:\/\/diariodalagoa.pt\/en\/wp-json\/wp\/v2\/tags?post=7677"}],"curies":[{"name":"wp","href":"https:\/\/api.w.org\/{rel}","templated":true}]}}