{"id":7551,"date":"2014-08-04T18:16:08","date_gmt":"2014-08-04T19:16:08","guid":{"rendered":"http:\/\/diariodalagoa.pt\/?p=7551"},"modified":"2014-08-04T18:16:08","modified_gmt":"2014-08-04T19:16:08","slug":"produtos-regionais-dos-acores-promovidos-nos-barcos-da-atlanticoline","status":"publish","type":"post","link":"https:\/\/diariodalagoa.pt\/en\/produtos-regionais-dos-acores-promovidos-nos-barcos-da-atlanticoline\/","title":{"rendered":"Produtos regionais dos A\u00e7ores promovidos nos barcos da Atl\u00e2nticoline"},"content":{"rendered":"<p style=\"text-align: justify;\"><img decoding=\"async\" class=\"alignnone size-full wp-image-4558\" src=\"http:\/\/diariodalagoa.pt\/wp-content\/uploads\/2014\/05\/Atlanticoline_Santorini_Pico_ago13.jpg\" alt=\"Atlanticoline_Santorini_Pico_ago13\" width=\"720\" height=\"380\" \/><\/p>\n<p style=\"text-align: justify;\"><span style=\"color: rgb(0, 0, 0);\">O Governo Regional, atrav\u00e9s da Sociedade para o Desenvolvimento Empresarial dos A\u00e7ores (SDEA) e em parceria com a Atl\u00e2nticoline,\u00a0est\u00e1 a\u00a0promover a realiza\u00e7\u00e3o de uma\u00a0a\u00e7\u00e3o de promo\u00e7\u00e3o de produtos regionais a bordo dos navios &#8216;Santorini&#8217; e &#8216;Hellenic Wind&#8217;.<\/span><\/p>\n<p style=\"text-align: justify;\"><span style=\"color: rgb(0, 0, 0);\">Esta campanha de\u00a0promo\u00e7\u00e3o dos produtos a\u00e7orianos arrancou hoje e vai\u00a0decorrer at\u00e9 finais de setembro, com a presen\u00e7a de um promotor a bordo de cada navio, incentivando as vendas e realizando degusta\u00e7\u00f5es dos produtos.<\/span><\/p>\n<p style=\"text-align: justify;\"><span style=\"color: rgb(0, 0, 0);\">Aderiram a esta campanha\u00a011 empresas regionais, sendo comercializados e promovidos mais de tr\u00eas dezenas de\u00a0produtos, entre os quais compotas, queijos, biscoitos, licores e\u00a0doces, mas tamb\u00e9m artesanato, al\u00e9m da promo\u00e7\u00e3o de servi\u00e7os.<\/span><\/p>\n<p style=\"text-align: justify;\"><span style=\"color: rgb(0, 0, 0);\">Esta iniciativa insere-se no Plano de Promo\u00e7\u00e3o dos Produtos A\u00e7orianos, no \u00e2mbito do qual est\u00e1 tamb\u00e9m a decorrer uma promo\u00e7\u00e3o de produtos agroalimentares na XV Feira de Gastronomia do Atl\u00e2ntico, integrada nas Festas da Praia da Vit\u00f3ria, de 1 a 11 de agosto,\u00a0estando tamb\u00e9m prevista uma iniciativa de promo\u00e7\u00e3o de produtos regionais no Aeroporto de Lisboa, a realizar\u00a0no final deste m\u00eas.<\/span><\/p>\n<p style=\"text-align: justify;\"><em><span style=\"color: #000000;\">DL\/Gacs<\/span><\/em><\/p>","protected":false},"excerpt":{"rendered":"<p>O Governo Regional, atrav\u00e9s da Sociedade para o Desenvolvimento Empresarial dos A\u00e7ores (SDEA) e em parceria com a Atl\u00e2nticoline,\u00a0est\u00e1 a\u00a0promover a realiza\u00e7\u00e3o de uma\u00a0a\u00e7\u00e3o de promo\u00e7\u00e3o de produtos regionais a bordo dos navios &#8216;Santorini&#8217; e &#8216;Hellenic Wind&#8217;. Esta campanha de\u00a0promo\u00e7\u00e3o dos produtos a\u00e7orianos arrancou hoje e vai\u00a0decorrer at\u00e9 finais de setembro, com a presen\u00e7a de [&hellip;]<\/p>","protected":false},"author":2,"featured_media":121882,"comment_status":"open","ping_status":"open","sticky":false,"template":"","format":"standard","meta":[],"categories":[21],"tags":[],"acf":[],"yoast_head":"<!-- This site is optimized with the Yoast SEO plugin v20.10 - https:\/\/yoast.com\/wordpress\/plugins\/seo\/ -->\n<title>Produtos regionais dos A\u00e7ores promovidos nos barcos da Atl\u00e2nticoline - Di\u00e1rio da Lagoa<\/title>\n<meta name=\"robots\" content=\"index, follow, max-snippet:-1, max-image-preview:large, max-video-preview:-1\" \/>\n<link rel=\"canonical\" href=\"https:\/\/diariodalagoa.pt\/en\/produtos-regionais-dos-acores-promovidos-nos-barcos-da-atlanticoline\/\" \/>\n<meta property=\"og:locale\" content=\"en_US\" \/>\n<meta property=\"og:type\" content=\"article\" \/>\n<meta property=\"og:title\" content=\"Produtos regionais dos A\u00e7ores promovidos nos barcos da Atl\u00e2nticoline - Di\u00e1rio da Lagoa\" \/>\n<meta property=\"og:description\" content=\"O Governo Regional, atrav\u00e9s da Sociedade para o Desenvolvimento Empresarial dos A\u00e7ores (SDEA) e em parceria com a Atl\u00e2nticoline,\u00a0est\u00e1 a\u00a0promover a realiza\u00e7\u00e3o de uma\u00a0a\u00e7\u00e3o de promo\u00e7\u00e3o de produtos regionais a bordo dos navios &#8216;Santorini&#8217; e &#8216;Hellenic Wind&#8217;. Esta campanha de\u00a0promo\u00e7\u00e3o dos produtos a\u00e7orianos arrancou hoje e vai\u00a0decorrer at\u00e9 finais de setembro, com a presen\u00e7a de [&hellip;]\" \/>\n<meta property=\"og:url\" content=\"https:\/\/diariodalagoa.pt\/en\/produtos-regionais-dos-acores-promovidos-nos-barcos-da-atlanticoline\/\" \/>\n<meta property=\"og:site_name\" content=\"Di\u00e1rio da Lagoa\" \/>\n<meta property=\"article:published_time\" content=\"2014-08-04T19:16:08+00:00\" \/>\n<meta property=\"og:image\" content=\"https:\/\/diariodalagoa.pt\/wp-content\/uploads\/2014\/08\/atlanticoline-santorini-pico-ago13.jpg\" \/>\n\t<meta property=\"og:image:width\" content=\"720\" \/>\n\t<meta property=\"og:image:height\" content=\"380\" \/>\n\t<meta property=\"og:image:type\" content=\"image\/jpeg\" \/>\n<meta name=\"author\" content=\"Di\u00e1rio da Lagoa\" \/>\n<meta name=\"twitter:card\" content=\"summary_large_image\" \/>\n<meta name=\"twitter:label1\" content=\"Written by\" \/>\n\t<meta name=\"twitter:data1\" content=\"Di\u00e1rio da Lagoa\" \/>\n\t<meta name=\"twitter:label2\" content=\"Est. reading time\" \/>\n\t<meta name=\"twitter:data2\" content=\"1 minute\" \/>\n<script type=\"application\/ld+json\" class=\"yoast-schema-graph\">{\"@context\":\"https:\/\/schema.org\",\"@graph\":[{\"@type\":\"WebPage\",\"@id\":\"https:\/\/diariodalagoa.pt\/produtos-regionais-dos-acores-promovidos-nos-barcos-da-atlanticoline\/\",\"url\":\"https:\/\/diariodalagoa.pt\/produtos-regionais-dos-acores-promovidos-nos-barcos-da-atlanticoline\/\",\"name\":\"Produtos regionais dos A\u00e7ores promovidos nos barcos da Atl\u00e2nticoline - Di\u00e1rio da Lagoa\",\"isPartOf\":{\"@id\":\"https:\/\/diariodalagoa.pt\/#website\"},\"datePublished\":\"2014-08-04T19:16:08+00:00\",\"dateModified\":\"2014-08-04T19:16:08+00:00\",\"author\":{\"@id\":\"https:\/\/diariodalagoa.pt\/#\/schema\/person\/1615a002370e8857b6f972834bc43ece\"},\"breadcrumb\":{\"@id\":\"https:\/\/diariodalagoa.pt\/produtos-regionais-dos-acores-promovidos-nos-barcos-da-atlanticoline\/#breadcrumb\"},\"inLanguage\":\"en-US\",\"potentialAction\":[{\"@type\":\"ReadAction\",\"target\":[\"https:\/\/diariodalagoa.pt\/produtos-regionais-dos-acores-promovidos-nos-barcos-da-atlanticoline\/\"]}]},{\"@type\":\"BreadcrumbList\",\"@id\":\"https:\/\/diariodalagoa.pt\/produtos-regionais-dos-acores-promovidos-nos-barcos-da-atlanticoline\/#breadcrumb\",\"itemListElement\":[{\"@type\":\"ListItem\",\"position\":1,\"name\":\"In\u00edcio\",\"item\":\"https:\/\/diariodalagoa.pt\/\"},{\"@type\":\"ListItem\",\"position\":2,\"name\":\"Produtos regionais dos A\u00e7ores promovidos nos barcos da Atl\u00e2nticoline\"}]},{\"@type\":\"WebSite\",\"@id\":\"https:\/\/diariodalagoa.pt\/#website\",\"url\":\"https:\/\/diariodalagoa.pt\/\",\"name\":\"Di\u00e1rio da Lagoa\",\"description\":\"Di\u00e1rio da Lagoa. As not\u00edcias que contam. A partir da Lagoa, nos A\u00e7ores, para o mundo.\",\"potentialAction\":[{\"@type\":\"SearchAction\",\"target\":{\"@type\":\"EntryPoint\",\"urlTemplate\":\"https:\/\/diariodalagoa.pt\/?s={search_term_string}\"},\"query-input\":\"required name=search_term_string\"}],\"inLanguage\":\"en-US\"},{\"@type\":\"Person\",\"@id\":\"https:\/\/diariodalagoa.pt\/#\/schema\/person\/1615a002370e8857b6f972834bc43ece\",\"name\":\"Di\u00e1rio da Lagoa\",\"image\":{\"@type\":\"ImageObject\",\"inLanguage\":\"en-US\",\"@id\":\"https:\/\/diariodalagoa.pt\/#\/schema\/person\/image\/\",\"url\":\"https:\/\/secure.gravatar.com\/avatar\/2cb5cef90a26f8fbd4d9d930608102c5?s=96&d=mm&r=g\",\"contentUrl\":\"https:\/\/secure.gravatar.com\/avatar\/2cb5cef90a26f8fbd4d9d930608102c5?s=96&d=mm&r=g\",\"caption\":\"Di\u00e1rio da Lagoa\"},\"url\":\"https:\/\/diariodalagoa.pt\/en\/author\/diariodalagoa\/\"}]}<\/script>\n<!-- \/ Yoast SEO plugin. -->","yoast_head_json":{"title":"Produtos regionais dos A\u00e7ores promovidos nos barcos da Atl\u00e2nticoline - Di\u00e1rio da Lagoa","robots":{"index":"index","follow":"follow","max-snippet":"max-snippet:-1","max-image-preview":"max-image-preview:large","max-video-preview":"max-video-preview:-1"},"canonical":"https:\/\/diariodalagoa.pt\/en\/produtos-regionais-dos-acores-promovidos-nos-barcos-da-atlanticoline\/","og_locale":"en_US","og_type":"article","og_title":"Produtos regionais dos A\u00e7ores promovidos nos barcos da Atl\u00e2nticoline - Di\u00e1rio da Lagoa","og_description":"O Governo Regional, atrav\u00e9s da Sociedade para o Desenvolvimento Empresarial dos A\u00e7ores (SDEA) e em parceria com a Atl\u00e2nticoline,\u00a0est\u00e1 a\u00a0promover a realiza\u00e7\u00e3o de uma\u00a0a\u00e7\u00e3o de promo\u00e7\u00e3o de produtos regionais a bordo dos navios &#8216;Santorini&#8217; e &#8216;Hellenic Wind&#8217;. Esta campanha de\u00a0promo\u00e7\u00e3o dos produtos a\u00e7orianos arrancou hoje e vai\u00a0decorrer at\u00e9 finais de setembro, com a presen\u00e7a de [&hellip;]","og_url":"https:\/\/diariodalagoa.pt\/en\/produtos-regionais-dos-acores-promovidos-nos-barcos-da-atlanticoline\/","og_site_name":"Di\u00e1rio da Lagoa","article_published_time":"2014-08-04T19:16:08+00:00","og_image":[{"width":720,"height":380,"url":"https:\/\/diariodalagoa.pt\/wp-content\/uploads\/2014\/08\/atlanticoline-santorini-pico-ago13.jpg","type":"image\/jpeg"}],"author":"Di\u00e1rio da Lagoa","twitter_card":"summary_large_image","twitter_misc":{"Written by":"Di\u00e1rio da Lagoa","Est. reading time":"1 minute"},"schema":{"@context":"https:\/\/schema.org","@graph":[{"@type":"WebPage","@id":"https:\/\/diariodalagoa.pt\/produtos-regionais-dos-acores-promovidos-nos-barcos-da-atlanticoline\/","url":"https:\/\/diariodalagoa.pt\/produtos-regionais-dos-acores-promovidos-nos-barcos-da-atlanticoline\/","name":"Produtos regionais dos A\u00e7ores promovidos nos barcos da Atl\u00e2nticoline - Di\u00e1rio da Lagoa","isPartOf":{"@id":"https:\/\/diariodalagoa.pt\/#website"},"datePublished":"2014-08-04T19:16:08+00:00","dateModified":"2014-08-04T19:16:08+00:00","author":{"@id":"https:\/\/diariodalagoa.pt\/#\/schema\/person\/1615a002370e8857b6f972834bc43ece"},"breadcrumb":{"@id":"https:\/\/diariodalagoa.pt\/produtos-regionais-dos-acores-promovidos-nos-barcos-da-atlanticoline\/#breadcrumb"},"inLanguage":"en-US","potentialAction":[{"@type":"ReadAction","target":["https:\/\/diariodalagoa.pt\/produtos-regionais-dos-acores-promovidos-nos-barcos-da-atlanticoline\/"]}]},{"@type":"BreadcrumbList","@id":"https:\/\/diariodalagoa.pt\/produtos-regionais-dos-acores-promovidos-nos-barcos-da-atlanticoline\/#breadcrumb","itemListElement":[{"@type":"ListItem","position":1,"name":"In\u00edcio","item":"https:\/\/diariodalagoa.pt\/"},{"@type":"ListItem","position":2,"name":"Produtos regionais dos A\u00e7ores promovidos nos barcos da Atl\u00e2nticoline"}]},{"@type":"WebSite","@id":"https:\/\/diariodalagoa.pt\/#website","url":"https:\/\/diariodalagoa.pt\/","name":"Di\u00e1rio da Lagoa","description":"Di\u00e1rio da Lagoa. As not\u00edcias que contam. A partir da Lagoa, nos A\u00e7ores, para o mundo.","potentialAction":[{"@type":"SearchAction","target":{"@type":"EntryPoint","urlTemplate":"https:\/\/diariodalagoa.pt\/?s={search_term_string}"},"query-input":"required name=search_term_string"}],"inLanguage":"en-US"},{"@type":"Person","@id":"https:\/\/diariodalagoa.pt\/#\/schema\/person\/1615a002370e8857b6f972834bc43ece","name":"Di\u00e1rio da Lagoa","image":{"@type":"ImageObject","inLanguage":"en-US","@id":"https:\/\/diariodalagoa.pt\/#\/schema\/person\/image\/","url":"https:\/\/secure.gravatar.com\/avatar\/2cb5cef90a26f8fbd4d9d930608102c5?s=96&d=mm&r=g","contentUrl":"https:\/\/secure.gravatar.com\/avatar\/2cb5cef90a26f8fbd4d9d930608102c5?s=96&d=mm&r=g","caption":"Di\u00e1rio da Lagoa"},"url":"https:\/\/diariodalagoa.pt\/en\/author\/diariodalagoa\/"}]}},"_links":{"self":[{"href":"https:\/\/diariodalagoa.pt\/en\/wp-json\/wp\/v2\/posts\/7551"}],"collection":[{"href":"https:\/\/diariodalagoa.pt\/en\/wp-json\/wp\/v2\/posts"}],"about":[{"href":"https:\/\/diariodalagoa.pt\/en\/wp-json\/wp\/v2\/types\/post"}],"author":[{"embeddable":true,"href":"https:\/\/diariodalagoa.pt\/en\/wp-json\/wp\/v2\/users\/2"}],"replies":[{"embeddable":true,"href":"https:\/\/diariodalagoa.pt\/en\/wp-json\/wp\/v2\/comments?post=7551"}],"version-history":[{"count":0,"href":"https:\/\/diariodalagoa.pt\/en\/wp-json\/wp\/v2\/posts\/7551\/revisions"}],"wp:featuredmedia":[{"embeddable":true,"href":"https:\/\/diariodalagoa.pt\/en\/wp-json\/wp\/v2\/media\/121882"}],"wp:attachment":[{"href":"https:\/\/diariodalagoa.pt\/en\/wp-json\/wp\/v2\/media?parent=7551"}],"wp:term":[{"taxonomy":"category","embeddable":true,"href":"https:\/\/diariodalagoa.pt\/en\/wp-json\/wp\/v2\/categories?post=7551"},{"taxonomy":"post_tag","embeddable":true,"href":"https:\/\/diariodalagoa.pt\/en\/wp-json\/wp\/v2\/tags?post=7551"}],"curies":[{"name":"wp","href":"https:\/\/api.w.org\/{rel}","templated":true}]}}