{"id":7446,"date":"2014-07-31T17:21:48","date_gmt":"2014-07-31T18:21:48","guid":{"rendered":"http:\/\/diariodalagoa.pt\/?p=7446"},"modified":"2014-07-31T17:21:48","modified_gmt":"2014-07-31T18:21:48","slug":"produtos-acorianos-promovidos-na-xv-feira-de-gastronomia-do-atlantico","status":"publish","type":"post","link":"https:\/\/diariodalagoa.pt\/en\/produtos-acorianos-promovidos-na-xv-feira-de-gastronomia-do-atlantico\/","title":{"rendered":"Produtos a\u00e7orianos promovidos na XV Feira de Gastronomia do Atl\u00e2ntico"},"content":{"rendered":"<p style=\"text-align: justify;\"><img decoding=\"async\" class=\"alignnone size-full wp-image-738\" src=\"http:\/\/diariodalagoa.pt\/wp-content\/uploads\/2014\/02\/a\u00e7ores-produtos-marca.jpg\" alt=\"a\u00e7ores-produtos-marca\" width=\"720\" height=\"379\" \/><\/p>\n<p style=\"text-align: justify;\"><span style=\"color: #000000;\">O Governo Regional, atrav\u00e9s da Sociedade para o Desenvolvimento Empresarial dos A\u00e7ores (SDEA) e em parceria com a C\u00e2mara de Com\u00e9rcio e Ind\u00fastria dos A\u00e7ores (CCIA), organiza a promo\u00e7\u00e3o e comercializa\u00e7\u00e3o de produtos regionais na XV Feira de Gastronomia do Atl\u00e2ntico, integrada nas Festas da Praia da Vit\u00f3ria, que decorre de 1 a 11 de agosto.<\/span><\/p>\n<p style=\"text-align: justify;\"><span style=\"color: #000000;\">Esta participa\u00e7\u00e3o decorre num espa\u00e7o denominado &#8216;Mercearia dos A\u00e7ores&#8217;, onde ser\u00e1 apresentada a grande e variada oferta\u00a0de produtos regionais, promovendo o conceito de mercearia que \u00e9 t\u00e3o peculiar no com\u00e9rcio tradicional.<\/span><\/p>\n<p style=\"text-align: justify;\"><span style=\"color: #000000;\">O Governo dos A\u00e7ores tem promovido e incentivado os mercados interno e externo, apostando cada vez mais no consumo e na exporta\u00e7\u00e3o de produtos regionais com o objetivo de dinamizar a economia regional.<\/span><\/p>\n<p style=\"text-align: justify;\"><span style=\"color: #000000;\">A\u00a0&#8216;Mercearia dos A\u00e7ores&#8217; est\u00e1 inserida no Plano de Promo\u00e7\u00e3o dos Produtos A\u00e7orianos, estando tamb\u00e9m prevista\u00a0no m\u00eas de agosto a promo\u00e7\u00e3o dos produtos agroalimentares nos barcos da Atlanticoline e no Aeroporto de Lisboa.<\/span><\/p>\n<p style=\"text-align: justify;\"><span style=\"color: #000000;\">As Festas da Praia da Vit\u00f3ria s\u00e3o um dos maiores eventos populares dos A\u00e7ores, atraindo a presen\u00e7a de turistas de todo o arquip\u00e9lago e do exterior, sendo, por isso, um espa\u00e7o\u00a0ideal para promover a cultura, a gastronomia e os produtos agroalimentares da Regi\u00e3o.<\/span><\/p>\n<p style=\"text-align: justify;\"><span style=\"color: #000000;\"><em>DL\/Gacs<\/em><\/span><\/p>","protected":false},"excerpt":{"rendered":"<p>O Governo Regional, atrav\u00e9s da Sociedade para o Desenvolvimento Empresarial dos A\u00e7ores (SDEA) e em parceria com a C\u00e2mara de Com\u00e9rcio e Ind\u00fastria dos A\u00e7ores (CCIA), organiza a promo\u00e7\u00e3o e comercializa\u00e7\u00e3o de produtos regionais na XV Feira de Gastronomia do Atl\u00e2ntico, integrada nas Festas da Praia da Vit\u00f3ria, que decorre de 1 a 11 de [&hellip;]<\/p>","protected":false},"author":2,"featured_media":0,"comment_status":"open","ping_status":"open","sticky":false,"template":"","format":"standard","meta":[],"categories":[21],"tags":[],"acf":[],"yoast_head":"<!-- This site is optimized with the Yoast SEO plugin v20.10 - https:\/\/yoast.com\/wordpress\/plugins\/seo\/ -->\n<title>Produtos a\u00e7orianos promovidos na XV Feira de Gastronomia do Atl\u00e2ntico - Di\u00e1rio da Lagoa<\/title>\n<meta name=\"robots\" content=\"index, follow, max-snippet:-1, max-image-preview:large, max-video-preview:-1\" \/>\n<link rel=\"canonical\" href=\"https:\/\/diariodalagoa.pt\/en\/produtos-acorianos-promovidos-na-xv-feira-de-gastronomia-do-atlantico\/\" \/>\n<meta property=\"og:locale\" content=\"en_US\" \/>\n<meta property=\"og:type\" content=\"article\" \/>\n<meta property=\"og:title\" content=\"Produtos a\u00e7orianos promovidos na XV Feira de Gastronomia do Atl\u00e2ntico - Di\u00e1rio da Lagoa\" \/>\n<meta property=\"og:description\" content=\"O Governo Regional, atrav\u00e9s da Sociedade para o Desenvolvimento Empresarial dos A\u00e7ores (SDEA) e em parceria com a C\u00e2mara de Com\u00e9rcio e Ind\u00fastria dos A\u00e7ores (CCIA), organiza a promo\u00e7\u00e3o e comercializa\u00e7\u00e3o de produtos regionais na XV Feira de Gastronomia do Atl\u00e2ntico, integrada nas Festas da Praia da Vit\u00f3ria, que decorre de 1 a 11 de [&hellip;]\" \/>\n<meta property=\"og:url\" content=\"https:\/\/diariodalagoa.pt\/en\/produtos-acorianos-promovidos-na-xv-feira-de-gastronomia-do-atlantico\/\" \/>\n<meta property=\"og:site_name\" content=\"Di\u00e1rio da Lagoa\" \/>\n<meta property=\"article:published_time\" content=\"2014-07-31T18:21:48+00:00\" \/>\n<meta name=\"author\" content=\"Di\u00e1rio da Lagoa\" \/>\n<meta name=\"twitter:card\" content=\"summary_large_image\" \/>\n<meta name=\"twitter:label1\" content=\"Written by\" \/>\n\t<meta name=\"twitter:data1\" content=\"Di\u00e1rio da Lagoa\" \/>\n\t<meta name=\"twitter:label2\" content=\"Est. reading time\" \/>\n\t<meta name=\"twitter:data2\" content=\"1 minute\" \/>\n<script type=\"application\/ld+json\" class=\"yoast-schema-graph\">{\"@context\":\"https:\/\/schema.org\",\"@graph\":[{\"@type\":\"WebPage\",\"@id\":\"https:\/\/diariodalagoa.pt\/produtos-acorianos-promovidos-na-xv-feira-de-gastronomia-do-atlantico\/\",\"url\":\"https:\/\/diariodalagoa.pt\/produtos-acorianos-promovidos-na-xv-feira-de-gastronomia-do-atlantico\/\",\"name\":\"Produtos a\u00e7orianos promovidos na XV Feira de Gastronomia do Atl\u00e2ntico - Di\u00e1rio da Lagoa\",\"isPartOf\":{\"@id\":\"https:\/\/diariodalagoa.pt\/#website\"},\"datePublished\":\"2014-07-31T18:21:48+00:00\",\"dateModified\":\"2014-07-31T18:21:48+00:00\",\"author\":{\"@id\":\"https:\/\/diariodalagoa.pt\/#\/schema\/person\/1615a002370e8857b6f972834bc43ece\"},\"breadcrumb\":{\"@id\":\"https:\/\/diariodalagoa.pt\/produtos-acorianos-promovidos-na-xv-feira-de-gastronomia-do-atlantico\/#breadcrumb\"},\"inLanguage\":\"en-US\",\"potentialAction\":[{\"@type\":\"ReadAction\",\"target\":[\"https:\/\/diariodalagoa.pt\/produtos-acorianos-promovidos-na-xv-feira-de-gastronomia-do-atlantico\/\"]}]},{\"@type\":\"BreadcrumbList\",\"@id\":\"https:\/\/diariodalagoa.pt\/produtos-acorianos-promovidos-na-xv-feira-de-gastronomia-do-atlantico\/#breadcrumb\",\"itemListElement\":[{\"@type\":\"ListItem\",\"position\":1,\"name\":\"In\u00edcio\",\"item\":\"https:\/\/diariodalagoa.pt\/\"},{\"@type\":\"ListItem\",\"position\":2,\"name\":\"Produtos a\u00e7orianos promovidos na XV Feira de Gastronomia do Atl\u00e2ntico\"}]},{\"@type\":\"WebSite\",\"@id\":\"https:\/\/diariodalagoa.pt\/#website\",\"url\":\"https:\/\/diariodalagoa.pt\/\",\"name\":\"Di\u00e1rio da Lagoa\",\"description\":\"Di\u00e1rio da Lagoa. As not\u00edcias que contam. A partir da Lagoa, nos A\u00e7ores, para o mundo.\",\"potentialAction\":[{\"@type\":\"SearchAction\",\"target\":{\"@type\":\"EntryPoint\",\"urlTemplate\":\"https:\/\/diariodalagoa.pt\/?s={search_term_string}\"},\"query-input\":\"required name=search_term_string\"}],\"inLanguage\":\"en-US\"},{\"@type\":\"Person\",\"@id\":\"https:\/\/diariodalagoa.pt\/#\/schema\/person\/1615a002370e8857b6f972834bc43ece\",\"name\":\"Di\u00e1rio da Lagoa\",\"image\":{\"@type\":\"ImageObject\",\"inLanguage\":\"en-US\",\"@id\":\"https:\/\/diariodalagoa.pt\/#\/schema\/person\/image\/\",\"url\":\"https:\/\/secure.gravatar.com\/avatar\/2cb5cef90a26f8fbd4d9d930608102c5?s=96&d=mm&r=g\",\"contentUrl\":\"https:\/\/secure.gravatar.com\/avatar\/2cb5cef90a26f8fbd4d9d930608102c5?s=96&d=mm&r=g\",\"caption\":\"Di\u00e1rio da Lagoa\"},\"url\":\"https:\/\/diariodalagoa.pt\/en\/author\/diariodalagoa\/\"}]}<\/script>\n<!-- \/ Yoast SEO plugin. -->","yoast_head_json":{"title":"Produtos a\u00e7orianos promovidos na XV Feira de Gastronomia do Atl\u00e2ntico - Di\u00e1rio da Lagoa","robots":{"index":"index","follow":"follow","max-snippet":"max-snippet:-1","max-image-preview":"max-image-preview:large","max-video-preview":"max-video-preview:-1"},"canonical":"https:\/\/diariodalagoa.pt\/en\/produtos-acorianos-promovidos-na-xv-feira-de-gastronomia-do-atlantico\/","og_locale":"en_US","og_type":"article","og_title":"Produtos a\u00e7orianos promovidos na XV Feira de Gastronomia do Atl\u00e2ntico - Di\u00e1rio da Lagoa","og_description":"O Governo Regional, atrav\u00e9s da Sociedade para o Desenvolvimento Empresarial dos A\u00e7ores (SDEA) e em parceria com a C\u00e2mara de Com\u00e9rcio e Ind\u00fastria dos A\u00e7ores (CCIA), organiza a promo\u00e7\u00e3o e comercializa\u00e7\u00e3o de produtos regionais na XV Feira de Gastronomia do Atl\u00e2ntico, integrada nas Festas da Praia da Vit\u00f3ria, que decorre de 1 a 11 de [&hellip;]","og_url":"https:\/\/diariodalagoa.pt\/en\/produtos-acorianos-promovidos-na-xv-feira-de-gastronomia-do-atlantico\/","og_site_name":"Di\u00e1rio da Lagoa","article_published_time":"2014-07-31T18:21:48+00:00","author":"Di\u00e1rio da Lagoa","twitter_card":"summary_large_image","twitter_misc":{"Written by":"Di\u00e1rio da Lagoa","Est. reading time":"1 minute"},"schema":{"@context":"https:\/\/schema.org","@graph":[{"@type":"WebPage","@id":"https:\/\/diariodalagoa.pt\/produtos-acorianos-promovidos-na-xv-feira-de-gastronomia-do-atlantico\/","url":"https:\/\/diariodalagoa.pt\/produtos-acorianos-promovidos-na-xv-feira-de-gastronomia-do-atlantico\/","name":"Produtos a\u00e7orianos promovidos na XV Feira de Gastronomia do Atl\u00e2ntico - Di\u00e1rio da Lagoa","isPartOf":{"@id":"https:\/\/diariodalagoa.pt\/#website"},"datePublished":"2014-07-31T18:21:48+00:00","dateModified":"2014-07-31T18:21:48+00:00","author":{"@id":"https:\/\/diariodalagoa.pt\/#\/schema\/person\/1615a002370e8857b6f972834bc43ece"},"breadcrumb":{"@id":"https:\/\/diariodalagoa.pt\/produtos-acorianos-promovidos-na-xv-feira-de-gastronomia-do-atlantico\/#breadcrumb"},"inLanguage":"en-US","potentialAction":[{"@type":"ReadAction","target":["https:\/\/diariodalagoa.pt\/produtos-acorianos-promovidos-na-xv-feira-de-gastronomia-do-atlantico\/"]}]},{"@type":"BreadcrumbList","@id":"https:\/\/diariodalagoa.pt\/produtos-acorianos-promovidos-na-xv-feira-de-gastronomia-do-atlantico\/#breadcrumb","itemListElement":[{"@type":"ListItem","position":1,"name":"In\u00edcio","item":"https:\/\/diariodalagoa.pt\/"},{"@type":"ListItem","position":2,"name":"Produtos a\u00e7orianos promovidos na XV Feira de Gastronomia do Atl\u00e2ntico"}]},{"@type":"WebSite","@id":"https:\/\/diariodalagoa.pt\/#website","url":"https:\/\/diariodalagoa.pt\/","name":"Di\u00e1rio da Lagoa","description":"Di\u00e1rio da Lagoa. As not\u00edcias que contam. A partir da Lagoa, nos A\u00e7ores, para o mundo.","potentialAction":[{"@type":"SearchAction","target":{"@type":"EntryPoint","urlTemplate":"https:\/\/diariodalagoa.pt\/?s={search_term_string}"},"query-input":"required name=search_term_string"}],"inLanguage":"en-US"},{"@type":"Person","@id":"https:\/\/diariodalagoa.pt\/#\/schema\/person\/1615a002370e8857b6f972834bc43ece","name":"Di\u00e1rio da Lagoa","image":{"@type":"ImageObject","inLanguage":"en-US","@id":"https:\/\/diariodalagoa.pt\/#\/schema\/person\/image\/","url":"https:\/\/secure.gravatar.com\/avatar\/2cb5cef90a26f8fbd4d9d930608102c5?s=96&d=mm&r=g","contentUrl":"https:\/\/secure.gravatar.com\/avatar\/2cb5cef90a26f8fbd4d9d930608102c5?s=96&d=mm&r=g","caption":"Di\u00e1rio da Lagoa"},"url":"https:\/\/diariodalagoa.pt\/en\/author\/diariodalagoa\/"}]}},"_links":{"self":[{"href":"https:\/\/diariodalagoa.pt\/en\/wp-json\/wp\/v2\/posts\/7446"}],"collection":[{"href":"https:\/\/diariodalagoa.pt\/en\/wp-json\/wp\/v2\/posts"}],"about":[{"href":"https:\/\/diariodalagoa.pt\/en\/wp-json\/wp\/v2\/types\/post"}],"author":[{"embeddable":true,"href":"https:\/\/diariodalagoa.pt\/en\/wp-json\/wp\/v2\/users\/2"}],"replies":[{"embeddable":true,"href":"https:\/\/diariodalagoa.pt\/en\/wp-json\/wp\/v2\/comments?post=7446"}],"version-history":[{"count":0,"href":"https:\/\/diariodalagoa.pt\/en\/wp-json\/wp\/v2\/posts\/7446\/revisions"}],"wp:attachment":[{"href":"https:\/\/diariodalagoa.pt\/en\/wp-json\/wp\/v2\/media?parent=7446"}],"wp:term":[{"taxonomy":"category","embeddable":true,"href":"https:\/\/diariodalagoa.pt\/en\/wp-json\/wp\/v2\/categories?post=7446"},{"taxonomy":"post_tag","embeddable":true,"href":"https:\/\/diariodalagoa.pt\/en\/wp-json\/wp\/v2\/tags?post=7446"}],"curies":[{"name":"wp","href":"https:\/\/api.w.org\/{rel}","templated":true}]}}