{"id":6934,"date":"2014-07-17T11:28:51","date_gmt":"2014-07-17T12:28:51","guid":{"rendered":"http:\/\/diariodalagoa.pt\/?p=6934"},"modified":"2014-07-17T11:28:51","modified_gmt":"2014-07-17T12:28:51","slug":"acores-participam-na-criacao-da-rede-do-patrimonio-mundial-em-portugal","status":"publish","type":"post","link":"https:\/\/diariodalagoa.pt\/en\/acores-participam-na-criacao-da-rede-do-patrimonio-mundial-em-portugal\/","title":{"rendered":"A\u00e7ores participam na cria\u00e7\u00e3o da Rede do Patrim\u00f3nio Mundial em Portugal"},"content":{"rendered":"<p style=\"text-align: justify;\"><a href=\"http:\/\/diariodalagoa.pt\/wp-content\/uploads\/2014\/07\/Paisagem-Cultura-Vinha-Pico.jpg\"><img decoding=\"async\" class=\"alignnone size-full wp-image-6935\" src=\"http:\/\/diariodalagoa.pt\/wp-content\/uploads\/2014\/07\/Paisagem-Cultura-Vinha-Pico.jpg\" alt=\"Paisagem-Cultura-Vinha-Pico\" width=\"720\" height=\"380\" \/><\/a><\/p>\n<p style=\"text-align: justify;\"><span style=\"color: rgb(0, 0, 0);\">Os A\u00e7ores, atrav\u00e9s do Centro Hist\u00f3rico de Angra do Hero\u00edsmo e da Paisagem da Cultura da Vinha da Ilha do Pico, participam,\u00a0esta sexta-feira, dia 18, em Coimbra, na cria\u00e7\u00e3o da Rede do Patrim\u00f3nio Mundial em Portugal.\u00a0<\/span><\/p>\n<p style=\"text-align: justify;\"><span style=\"color: rgb(0, 0, 0);\">Um representante da Dire\u00e7\u00e3o Regional da Cultura, cujo Diretor \u00e9 o gestor da Zona Classificada de Angra do Hero\u00edsmo perante a UNESCO, estar\u00e1 presente amanh\u00e3, na Sala do Senado da Universidade de Coimbra, onde ser\u00e1 assinado um Acordo de Coopera\u00e7\u00e3o para a Cria\u00e7\u00e3o da Rede do Patrim\u00f3nio Mundial em Portugal, pelos Gestores do Patrim\u00f3nio Mundial em Portugal e pela Comiss\u00e3o Nacional da UNESCO.\u00a0<\/span><\/p>\n<p style=\"text-align: justify;\"><span style=\"color: rgb(0, 0, 0);\">O Acordo de Coopera\u00e7\u00e3o para a Cria\u00e7\u00e3o da Rede do Patrim\u00f3nio Mundial em Portugal tem por objetivo a promo\u00e7\u00e3o da aproxima\u00e7\u00e3o entre os s\u00edtios patrim\u00f3nio mundial, atrav\u00e9s do debate de ideias sobre a gest\u00e3o e reabilita\u00e7\u00e3o do patrim\u00f3nio, do interc\u00e2mbio de conhecimentos e da discuss\u00e3o de quest\u00f5es de interesse m\u00fatuo, bem como na participa\u00e7\u00e3o conjunta em projetos e iniciativas que gerem valor nas regi\u00f5es onde se inserem e difundam o Patrim\u00f3nio Mundial em Portugal e no Mundo.\u00a0<\/span><\/p>\n<p style=\"text-align: justify;\"><span style=\"color: rgb(0, 0, 0);\">Esta parceria pretende, no essencial, facilitar a cria\u00e7\u00e3o de condi\u00e7\u00f5es para que, nas pr\u00f3ximas d\u00e9cadas, as regi\u00f5es onde se inserem os bens inscritos na Lista do Patrim\u00f3nio Mundial da UNESCO assegurem n\u00e3o s\u00f3 o seu estatuto de Patrim\u00f3nio Mundial, mas tamb\u00e9m estimulem a economia e mobilizem as suas gentes, no sentido de gerar valor desse reconhecimento internacional.\u00a0<\/span><\/p>\n<p style=\"text-align: justify;\"><span style=\"color: rgb(0, 0, 0);\">Al\u00e9m do Centro Hist\u00f3rico de Angra do Hero\u00edsmo e da Paisagem da Cultura da Vinha da Ilha do Pico, este acordo de coopera\u00e7\u00e3o \u00e9 ser\u00e1 subscrito pelo Alto Douro Vinhateiro, Centro Hist\u00f3rico de Guimar\u00e3es, Centro Hist\u00f3rico de \u00c9vora, Centro Hist\u00f3rico do Porto, Cidade-Quartel Fronteiri\u00e7a de Elvas e suas Fortifica\u00e7\u00f5es, Convento de Cristo em Tomar, Floresta Laurissilva da Madeira, Mosteiro de Alcoba\u00e7a, Mosteiro da Batalha, Mosteiro dos Jer\u00f3nimos e Torre de Bel\u00e9m, Paisagem Cultural de Sintra, S\u00edtio de Arte Rupestre Pr\u00e9-hist\u00f3rica do Vale do Coa e Universidade de Coimbra.<\/span><\/p>\n<p style=\"text-align: justify;\"><span style=\"color: rgb(0, 0, 0);\"><em>DL\/GaCS<\/em><\/span><\/p>","protected":false},"excerpt":{"rendered":"<p>Os A\u00e7ores, atrav\u00e9s do Centro Hist\u00f3rico de Angra do Hero\u00edsmo e da Paisagem da Cultura da Vinha da Ilha do Pico, participam,\u00a0esta sexta-feira, dia 18, em Coimbra, na cria\u00e7\u00e3o da Rede do Patrim\u00f3nio Mundial em Portugal.\u00a0 Um representante da Dire\u00e7\u00e3o Regional da Cultura, cujo Diretor \u00e9 o gestor da Zona Classificada de Angra do Hero\u00edsmo [&hellip;]<\/p>","protected":false},"author":2,"featured_media":121919,"comment_status":"open","ping_status":"open","sticky":false,"template":"","format":"standard","meta":[],"categories":[21],"tags":[],"acf":[],"yoast_head":"<!-- This site is optimized with the Yoast SEO plugin v20.10 - https:\/\/yoast.com\/wordpress\/plugins\/seo\/ -->\n<title>A\u00e7ores participam na cria\u00e7\u00e3o da Rede do Patrim\u00f3nio Mundial em Portugal - Di\u00e1rio da Lagoa<\/title>\n<meta name=\"robots\" content=\"index, follow, max-snippet:-1, max-image-preview:large, max-video-preview:-1\" \/>\n<link rel=\"canonical\" href=\"https:\/\/diariodalagoa.pt\/en\/acores-participam-na-criacao-da-rede-do-patrimonio-mundial-em-portugal\/\" \/>\n<meta property=\"og:locale\" content=\"en_US\" \/>\n<meta property=\"og:type\" content=\"article\" \/>\n<meta property=\"og:title\" content=\"A\u00e7ores participam na cria\u00e7\u00e3o da Rede do Patrim\u00f3nio Mundial em Portugal - Di\u00e1rio da Lagoa\" \/>\n<meta property=\"og:description\" content=\"Os A\u00e7ores, atrav\u00e9s do Centro Hist\u00f3rico de Angra do Hero\u00edsmo e da Paisagem da Cultura da Vinha da Ilha do Pico, participam,\u00a0esta sexta-feira, dia 18, em Coimbra, na cria\u00e7\u00e3o da Rede do Patrim\u00f3nio Mundial em Portugal.\u00a0 Um representante da Dire\u00e7\u00e3o Regional da Cultura, cujo Diretor \u00e9 o gestor da Zona Classificada de Angra do Hero\u00edsmo [&hellip;]\" \/>\n<meta property=\"og:url\" content=\"https:\/\/diariodalagoa.pt\/en\/acores-participam-na-criacao-da-rede-do-patrimonio-mundial-em-portugal\/\" \/>\n<meta property=\"og:site_name\" content=\"Di\u00e1rio da Lagoa\" \/>\n<meta property=\"article:published_time\" content=\"2014-07-17T12:28:51+00:00\" \/>\n<meta property=\"og:image\" content=\"https:\/\/diariodalagoa.pt\/wp-content\/uploads\/2014\/07\/paisagem-cultura-vinha-pico.jpg\" \/>\n\t<meta property=\"og:image:width\" content=\"720\" \/>\n\t<meta property=\"og:image:height\" content=\"380\" \/>\n\t<meta property=\"og:image:type\" content=\"image\/jpeg\" \/>\n<meta name=\"author\" content=\"Di\u00e1rio da Lagoa\" \/>\n<meta name=\"twitter:card\" content=\"summary_large_image\" \/>\n<meta name=\"twitter:label1\" content=\"Written by\" \/>\n\t<meta name=\"twitter:data1\" content=\"Di\u00e1rio da Lagoa\" \/>\n\t<meta name=\"twitter:label2\" content=\"Est. reading time\" \/>\n\t<meta name=\"twitter:data2\" content=\"2 minutes\" \/>\n<script type=\"application\/ld+json\" class=\"yoast-schema-graph\">{\"@context\":\"https:\/\/schema.org\",\"@graph\":[{\"@type\":\"WebPage\",\"@id\":\"https:\/\/diariodalagoa.pt\/acores-participam-na-criacao-da-rede-do-patrimonio-mundial-em-portugal\/\",\"url\":\"https:\/\/diariodalagoa.pt\/acores-participam-na-criacao-da-rede-do-patrimonio-mundial-em-portugal\/\",\"name\":\"A\u00e7ores participam na cria\u00e7\u00e3o da Rede do Patrim\u00f3nio Mundial em Portugal - Di\u00e1rio da Lagoa\",\"isPartOf\":{\"@id\":\"https:\/\/diariodalagoa.pt\/#website\"},\"datePublished\":\"2014-07-17T12:28:51+00:00\",\"dateModified\":\"2014-07-17T12:28:51+00:00\",\"author\":{\"@id\":\"https:\/\/diariodalagoa.pt\/#\/schema\/person\/1615a002370e8857b6f972834bc43ece\"},\"breadcrumb\":{\"@id\":\"https:\/\/diariodalagoa.pt\/acores-participam-na-criacao-da-rede-do-patrimonio-mundial-em-portugal\/#breadcrumb\"},\"inLanguage\":\"en-US\",\"potentialAction\":[{\"@type\":\"ReadAction\",\"target\":[\"https:\/\/diariodalagoa.pt\/acores-participam-na-criacao-da-rede-do-patrimonio-mundial-em-portugal\/\"]}]},{\"@type\":\"BreadcrumbList\",\"@id\":\"https:\/\/diariodalagoa.pt\/acores-participam-na-criacao-da-rede-do-patrimonio-mundial-em-portugal\/#breadcrumb\",\"itemListElement\":[{\"@type\":\"ListItem\",\"position\":1,\"name\":\"In\u00edcio\",\"item\":\"https:\/\/diariodalagoa.pt\/\"},{\"@type\":\"ListItem\",\"position\":2,\"name\":\"A\u00e7ores participam na cria\u00e7\u00e3o da Rede do Patrim\u00f3nio Mundial em Portugal\"}]},{\"@type\":\"WebSite\",\"@id\":\"https:\/\/diariodalagoa.pt\/#website\",\"url\":\"https:\/\/diariodalagoa.pt\/\",\"name\":\"Di\u00e1rio da Lagoa\",\"description\":\"Di\u00e1rio da Lagoa. As not\u00edcias que contam. A partir da Lagoa, nos A\u00e7ores, para o mundo.\",\"potentialAction\":[{\"@type\":\"SearchAction\",\"target\":{\"@type\":\"EntryPoint\",\"urlTemplate\":\"https:\/\/diariodalagoa.pt\/?s={search_term_string}\"},\"query-input\":\"required name=search_term_string\"}],\"inLanguage\":\"en-US\"},{\"@type\":\"Person\",\"@id\":\"https:\/\/diariodalagoa.pt\/#\/schema\/person\/1615a002370e8857b6f972834bc43ece\",\"name\":\"Di\u00e1rio da Lagoa\",\"image\":{\"@type\":\"ImageObject\",\"inLanguage\":\"en-US\",\"@id\":\"https:\/\/diariodalagoa.pt\/#\/schema\/person\/image\/\",\"url\":\"https:\/\/secure.gravatar.com\/avatar\/2cb5cef90a26f8fbd4d9d930608102c5?s=96&d=mm&r=g\",\"contentUrl\":\"https:\/\/secure.gravatar.com\/avatar\/2cb5cef90a26f8fbd4d9d930608102c5?s=96&d=mm&r=g\",\"caption\":\"Di\u00e1rio da Lagoa\"},\"url\":\"https:\/\/diariodalagoa.pt\/en\/author\/diariodalagoa\/\"}]}<\/script>\n<!-- \/ Yoast SEO plugin. -->","yoast_head_json":{"title":"A\u00e7ores participam na cria\u00e7\u00e3o da Rede do Patrim\u00f3nio Mundial em Portugal - Di\u00e1rio da Lagoa","robots":{"index":"index","follow":"follow","max-snippet":"max-snippet:-1","max-image-preview":"max-image-preview:large","max-video-preview":"max-video-preview:-1"},"canonical":"https:\/\/diariodalagoa.pt\/en\/acores-participam-na-criacao-da-rede-do-patrimonio-mundial-em-portugal\/","og_locale":"en_US","og_type":"article","og_title":"A\u00e7ores participam na cria\u00e7\u00e3o da Rede do Patrim\u00f3nio Mundial em Portugal - Di\u00e1rio da Lagoa","og_description":"Os A\u00e7ores, atrav\u00e9s do Centro Hist\u00f3rico de Angra do Hero\u00edsmo e da Paisagem da Cultura da Vinha da Ilha do Pico, participam,\u00a0esta sexta-feira, dia 18, em Coimbra, na cria\u00e7\u00e3o da Rede do Patrim\u00f3nio Mundial em Portugal.\u00a0 Um representante da Dire\u00e7\u00e3o Regional da Cultura, cujo Diretor \u00e9 o gestor da Zona Classificada de Angra do Hero\u00edsmo [&hellip;]","og_url":"https:\/\/diariodalagoa.pt\/en\/acores-participam-na-criacao-da-rede-do-patrimonio-mundial-em-portugal\/","og_site_name":"Di\u00e1rio da Lagoa","article_published_time":"2014-07-17T12:28:51+00:00","og_image":[{"width":720,"height":380,"url":"https:\/\/diariodalagoa.pt\/wp-content\/uploads\/2014\/07\/paisagem-cultura-vinha-pico.jpg","type":"image\/jpeg"}],"author":"Di\u00e1rio da Lagoa","twitter_card":"summary_large_image","twitter_misc":{"Written by":"Di\u00e1rio da Lagoa","Est. reading time":"2 minutes"},"schema":{"@context":"https:\/\/schema.org","@graph":[{"@type":"WebPage","@id":"https:\/\/diariodalagoa.pt\/acores-participam-na-criacao-da-rede-do-patrimonio-mundial-em-portugal\/","url":"https:\/\/diariodalagoa.pt\/acores-participam-na-criacao-da-rede-do-patrimonio-mundial-em-portugal\/","name":"A\u00e7ores participam na cria\u00e7\u00e3o da Rede do Patrim\u00f3nio Mundial em Portugal - Di\u00e1rio da Lagoa","isPartOf":{"@id":"https:\/\/diariodalagoa.pt\/#website"},"datePublished":"2014-07-17T12:28:51+00:00","dateModified":"2014-07-17T12:28:51+00:00","author":{"@id":"https:\/\/diariodalagoa.pt\/#\/schema\/person\/1615a002370e8857b6f972834bc43ece"},"breadcrumb":{"@id":"https:\/\/diariodalagoa.pt\/acores-participam-na-criacao-da-rede-do-patrimonio-mundial-em-portugal\/#breadcrumb"},"inLanguage":"en-US","potentialAction":[{"@type":"ReadAction","target":["https:\/\/diariodalagoa.pt\/acores-participam-na-criacao-da-rede-do-patrimonio-mundial-em-portugal\/"]}]},{"@type":"BreadcrumbList","@id":"https:\/\/diariodalagoa.pt\/acores-participam-na-criacao-da-rede-do-patrimonio-mundial-em-portugal\/#breadcrumb","itemListElement":[{"@type":"ListItem","position":1,"name":"In\u00edcio","item":"https:\/\/diariodalagoa.pt\/"},{"@type":"ListItem","position":2,"name":"A\u00e7ores participam na cria\u00e7\u00e3o da Rede do Patrim\u00f3nio Mundial em Portugal"}]},{"@type":"WebSite","@id":"https:\/\/diariodalagoa.pt\/#website","url":"https:\/\/diariodalagoa.pt\/","name":"Di\u00e1rio da Lagoa","description":"Di\u00e1rio da Lagoa. As not\u00edcias que contam. A partir da Lagoa, nos A\u00e7ores, para o mundo.","potentialAction":[{"@type":"SearchAction","target":{"@type":"EntryPoint","urlTemplate":"https:\/\/diariodalagoa.pt\/?s={search_term_string}"},"query-input":"required name=search_term_string"}],"inLanguage":"en-US"},{"@type":"Person","@id":"https:\/\/diariodalagoa.pt\/#\/schema\/person\/1615a002370e8857b6f972834bc43ece","name":"Di\u00e1rio da Lagoa","image":{"@type":"ImageObject","inLanguage":"en-US","@id":"https:\/\/diariodalagoa.pt\/#\/schema\/person\/image\/","url":"https:\/\/secure.gravatar.com\/avatar\/2cb5cef90a26f8fbd4d9d930608102c5?s=96&d=mm&r=g","contentUrl":"https:\/\/secure.gravatar.com\/avatar\/2cb5cef90a26f8fbd4d9d930608102c5?s=96&d=mm&r=g","caption":"Di\u00e1rio da Lagoa"},"url":"https:\/\/diariodalagoa.pt\/en\/author\/diariodalagoa\/"}]}},"_links":{"self":[{"href":"https:\/\/diariodalagoa.pt\/en\/wp-json\/wp\/v2\/posts\/6934"}],"collection":[{"href":"https:\/\/diariodalagoa.pt\/en\/wp-json\/wp\/v2\/posts"}],"about":[{"href":"https:\/\/diariodalagoa.pt\/en\/wp-json\/wp\/v2\/types\/post"}],"author":[{"embeddable":true,"href":"https:\/\/diariodalagoa.pt\/en\/wp-json\/wp\/v2\/users\/2"}],"replies":[{"embeddable":true,"href":"https:\/\/diariodalagoa.pt\/en\/wp-json\/wp\/v2\/comments?post=6934"}],"version-history":[{"count":0,"href":"https:\/\/diariodalagoa.pt\/en\/wp-json\/wp\/v2\/posts\/6934\/revisions"}],"wp:featuredmedia":[{"embeddable":true,"href":"https:\/\/diariodalagoa.pt\/en\/wp-json\/wp\/v2\/media\/121919"}],"wp:attachment":[{"href":"https:\/\/diariodalagoa.pt\/en\/wp-json\/wp\/v2\/media?parent=6934"}],"wp:term":[{"taxonomy":"category","embeddable":true,"href":"https:\/\/diariodalagoa.pt\/en\/wp-json\/wp\/v2\/categories?post=6934"},{"taxonomy":"post_tag","embeddable":true,"href":"https:\/\/diariodalagoa.pt\/en\/wp-json\/wp\/v2\/tags?post=6934"}],"curies":[{"name":"wp","href":"https:\/\/api.w.org\/{rel}","templated":true}]}}