{"id":6705,"date":"2014-07-09T17:20:20","date_gmt":"2014-07-09T18:20:20","guid":{"rendered":"http:\/\/diariodalagoa.pt\/?p=6705"},"modified":"2014-07-09T17:20:20","modified_gmt":"2014-07-09T18:20:20","slug":"modelo-de-financiamento-das-ipss-e-misericordias-e-para-manter","status":"publish","type":"post","link":"https:\/\/diariodalagoa.pt\/en\/modelo-de-financiamento-das-ipss-e-misericordias-e-para-manter\/","title":{"rendered":"Modelo de financiamento das IPSS e Miseric\u00f3rdias \u00e9 para manter"},"content":{"rendered":"<p style=\"text-align: justify;\"><a href=\"http:\/\/diariodalagoa.pt\/wp-content\/uploads\/2014\/07\/Andreia-Cardoso-governo-a\u00e7ores-solidriedade-social.jpg\"><img decoding=\"async\" class=\"alignnone size-full wp-image-6706\" src=\"http:\/\/diariodalagoa.pt\/wp-content\/uploads\/2014\/07\/Andreia-Cardoso-governo-a\u00e7ores-solidriedade-social.jpg\" alt=\"Andreia-Cardoso-governo-a\u00e7ores-solidriedade-social\" width=\"720\" height=\"380\" \/><\/a><\/p>\n<p style=\"text-align: justify;\"><span style=\"color: rgb(0, 0, 0);\">A Secret\u00e1ria Regional da Solidariedade Social\u00a0afirmou, na Assembleia Legislativa, na Horta,\u00a0que \u00e9\u00a0inten\u00e7\u00e3o do Governo manter o atual modelo de financiamento das Institui\u00e7\u00f5es Particulares de Solidariedade Social (IPSS) e das Miseric\u00f3rdias nos A\u00e7ores.<\/span><\/p>\n<p style=\"text-align: justify;\"><span style=\"color: rgb(0, 0, 0);\">&#8220;O modelo de financiamento das IPSS e das Miseric\u00f3rdias, enquanto parceiras do Governo Regional na rede de apoio social nos A\u00e7ores, decorre de um diploma aprovado pela Assembleia Legislativa e \u00e9 para manter&#8221;, frisou Andreia Cardoso.<\/span><\/p>\n<p style=\"text-align: justify;\"><span style=\"color: rgb(0, 0, 0);\">A Secret\u00e1ria Regional sublinhou, no entanto, que o Governo \u201cest\u00e1 atento\u201d \u00e0s quest\u00f5es levantadas por este modelo de financiamento, considerando que \u201cuma das quest\u00f5es mais sens\u00edveis tem a ver com a \u00e1rea de apoio aos idosos, designadamente nos lares, j\u00e1 que \u00e9 importante haver uma diferencia\u00e7\u00e3o em fun\u00e7\u00e3o daquilo que \u00e9 o grau de depend\u00eancia dos idosos\u201d.<\/span><\/p>\n<p style=\"text-align: justify;\"><span style=\"color: rgb(0, 0, 0);\">A Secret\u00e1ria Regional da Solidariedade Social salientou que este modelo \u201cmant\u00e9m ou aumenta o financiamento a 75% dos acordos que a Seguran\u00e7a Social mantinha com as IPSS e as Miseric\u00f3rdias\u201d e que \u201cvai de encontro \u00e0quilo que eram as preocupa\u00e7\u00f5es manifestadas\u201d por aquelas institui\u00e7\u00f5es.<\/span><\/p>\n<p style=\"text-align: justify;\"><span style=\"color: rgb(0, 0, 0);\">Andreia Cardoso frisou que o Governo dos A\u00e7ores, consciente de que os idosos s\u00e3o um grupo especialmente fragilizado e que merece especial aten\u00e7\u00e3o, tem vindo a realizar um conjunto de investimentos \u201cno sentido de apoiar os idosos nas mais diferentes val\u00eancias de apoio social, criando respostas diferenciadas que v\u00e3o j\u00e1 muito para al\u00e9m daquilo que \u00e9 um lar de idosos tradicional\u201d.<\/span><\/p>\n<p style=\"text-align: justify;\"><span style=\"color: rgb(0, 0, 0);\">Na sua interven\u00e7\u00e3o, salientou\u00a0que o Executivo a\u00e7oriano criou e mant\u00e9m apoios espec\u00edficos, como o Complemento para Aquisi\u00e7\u00e3o de Medicamentos pelos Idosos (COMPAMID) e o Complemento de Pens\u00e3o, que \u201cs\u00e3o medidas que incrementam o rendimento mensal dispon\u00edvel dos idosos, cumprindo assim a sua fun\u00e7\u00e3o de complementaridade \u00e0quilo que s\u00e3o as t\u00edpicas pens\u00f5es de sobreviv\u00eancia e de invalidez, entre outras\u201d.<\/span><\/p>\n<p style=\"text-align: justify;\"><span style=\"color: rgb(0, 0, 0);\"><em>DL\/Gacs<\/em><\/span><\/p>","protected":false},"excerpt":{"rendered":"<p>A Secret\u00e1ria Regional da Solidariedade Social\u00a0afirmou, na Assembleia Legislativa, na Horta,\u00a0que \u00e9\u00a0inten\u00e7\u00e3o do Governo manter o atual modelo de financiamento das Institui\u00e7\u00f5es Particulares de Solidariedade Social (IPSS) e das Miseric\u00f3rdias nos A\u00e7ores. &#8220;O modelo de financiamento das IPSS e das Miseric\u00f3rdias, enquanto parceiras do Governo Regional na rede de apoio social nos A\u00e7ores, decorre de [&hellip;]<\/p>","protected":false},"author":2,"featured_media":0,"comment_status":"open","ping_status":"open","sticky":false,"template":"","format":"standard","meta":[],"categories":[21],"tags":[],"acf":[],"yoast_head":"<!-- This site is optimized with the Yoast SEO plugin v20.10 - https:\/\/yoast.com\/wordpress\/plugins\/seo\/ -->\n<title>Modelo de financiamento das IPSS e Miseric\u00f3rdias \u00e9 para manter - Di\u00e1rio da Lagoa<\/title>\n<meta name=\"robots\" content=\"index, follow, max-snippet:-1, max-image-preview:large, max-video-preview:-1\" \/>\n<link rel=\"canonical\" href=\"https:\/\/diariodalagoa.pt\/en\/modelo-de-financiamento-das-ipss-e-misericordias-e-para-manter\/\" \/>\n<meta property=\"og:locale\" content=\"en_US\" \/>\n<meta property=\"og:type\" content=\"article\" \/>\n<meta property=\"og:title\" content=\"Modelo de financiamento das IPSS e Miseric\u00f3rdias \u00e9 para manter - Di\u00e1rio da Lagoa\" \/>\n<meta property=\"og:description\" content=\"A Secret\u00e1ria Regional da Solidariedade Social\u00a0afirmou, na Assembleia Legislativa, na Horta,\u00a0que \u00e9\u00a0inten\u00e7\u00e3o do Governo manter o atual modelo de financiamento das Institui\u00e7\u00f5es Particulares de Solidariedade Social (IPSS) e das Miseric\u00f3rdias nos A\u00e7ores. &#8220;O modelo de financiamento das IPSS e das Miseric\u00f3rdias, enquanto parceiras do Governo Regional na rede de apoio social nos A\u00e7ores, decorre de [&hellip;]\" \/>\n<meta property=\"og:url\" content=\"https:\/\/diariodalagoa.pt\/en\/modelo-de-financiamento-das-ipss-e-misericordias-e-para-manter\/\" \/>\n<meta property=\"og:site_name\" content=\"Di\u00e1rio da Lagoa\" \/>\n<meta property=\"article:published_time\" content=\"2014-07-09T18:20:20+00:00\" \/>\n<meta name=\"author\" content=\"Di\u00e1rio da Lagoa\" \/>\n<meta name=\"twitter:card\" content=\"summary_large_image\" \/>\n<meta name=\"twitter:label1\" content=\"Written by\" \/>\n\t<meta name=\"twitter:data1\" content=\"Di\u00e1rio da Lagoa\" \/>\n\t<meta name=\"twitter:label2\" content=\"Est. reading time\" \/>\n\t<meta name=\"twitter:data2\" content=\"2 minutes\" \/>\n<script type=\"application\/ld+json\" class=\"yoast-schema-graph\">{\"@context\":\"https:\/\/schema.org\",\"@graph\":[{\"@type\":\"WebPage\",\"@id\":\"https:\/\/diariodalagoa.pt\/modelo-de-financiamento-das-ipss-e-misericordias-e-para-manter\/\",\"url\":\"https:\/\/diariodalagoa.pt\/modelo-de-financiamento-das-ipss-e-misericordias-e-para-manter\/\",\"name\":\"Modelo de financiamento das IPSS e Miseric\u00f3rdias \u00e9 para manter - Di\u00e1rio da Lagoa\",\"isPartOf\":{\"@id\":\"https:\/\/diariodalagoa.pt\/#website\"},\"datePublished\":\"2014-07-09T18:20:20+00:00\",\"dateModified\":\"2014-07-09T18:20:20+00:00\",\"author\":{\"@id\":\"https:\/\/diariodalagoa.pt\/#\/schema\/person\/1615a002370e8857b6f972834bc43ece\"},\"breadcrumb\":{\"@id\":\"https:\/\/diariodalagoa.pt\/modelo-de-financiamento-das-ipss-e-misericordias-e-para-manter\/#breadcrumb\"},\"inLanguage\":\"en-US\",\"potentialAction\":[{\"@type\":\"ReadAction\",\"target\":[\"https:\/\/diariodalagoa.pt\/modelo-de-financiamento-das-ipss-e-misericordias-e-para-manter\/\"]}]},{\"@type\":\"BreadcrumbList\",\"@id\":\"https:\/\/diariodalagoa.pt\/modelo-de-financiamento-das-ipss-e-misericordias-e-para-manter\/#breadcrumb\",\"itemListElement\":[{\"@type\":\"ListItem\",\"position\":1,\"name\":\"In\u00edcio\",\"item\":\"https:\/\/diariodalagoa.pt\/\"},{\"@type\":\"ListItem\",\"position\":2,\"name\":\"Modelo de financiamento das IPSS e Miseric\u00f3rdias \u00e9 para manter\"}]},{\"@type\":\"WebSite\",\"@id\":\"https:\/\/diariodalagoa.pt\/#website\",\"url\":\"https:\/\/diariodalagoa.pt\/\",\"name\":\"Di\u00e1rio da Lagoa\",\"description\":\"Di\u00e1rio da Lagoa. As not\u00edcias que contam. A partir da Lagoa, nos A\u00e7ores, para o mundo.\",\"potentialAction\":[{\"@type\":\"SearchAction\",\"target\":{\"@type\":\"EntryPoint\",\"urlTemplate\":\"https:\/\/diariodalagoa.pt\/?s={search_term_string}\"},\"query-input\":\"required name=search_term_string\"}],\"inLanguage\":\"en-US\"},{\"@type\":\"Person\",\"@id\":\"https:\/\/diariodalagoa.pt\/#\/schema\/person\/1615a002370e8857b6f972834bc43ece\",\"name\":\"Di\u00e1rio da Lagoa\",\"image\":{\"@type\":\"ImageObject\",\"inLanguage\":\"en-US\",\"@id\":\"https:\/\/diariodalagoa.pt\/#\/schema\/person\/image\/\",\"url\":\"https:\/\/secure.gravatar.com\/avatar\/2cb5cef90a26f8fbd4d9d930608102c5?s=96&d=mm&r=g\",\"contentUrl\":\"https:\/\/secure.gravatar.com\/avatar\/2cb5cef90a26f8fbd4d9d930608102c5?s=96&d=mm&r=g\",\"caption\":\"Di\u00e1rio da Lagoa\"},\"url\":\"https:\/\/diariodalagoa.pt\/en\/author\/diariodalagoa\/\"}]}<\/script>\n<!-- \/ Yoast SEO plugin. -->","yoast_head_json":{"title":"Modelo de financiamento das IPSS e Miseric\u00f3rdias \u00e9 para manter - Di\u00e1rio da Lagoa","robots":{"index":"index","follow":"follow","max-snippet":"max-snippet:-1","max-image-preview":"max-image-preview:large","max-video-preview":"max-video-preview:-1"},"canonical":"https:\/\/diariodalagoa.pt\/en\/modelo-de-financiamento-das-ipss-e-misericordias-e-para-manter\/","og_locale":"en_US","og_type":"article","og_title":"Modelo de financiamento das IPSS e Miseric\u00f3rdias \u00e9 para manter - Di\u00e1rio da Lagoa","og_description":"A Secret\u00e1ria Regional da Solidariedade Social\u00a0afirmou, na Assembleia Legislativa, na Horta,\u00a0que \u00e9\u00a0inten\u00e7\u00e3o do Governo manter o atual modelo de financiamento das Institui\u00e7\u00f5es Particulares de Solidariedade Social (IPSS) e das Miseric\u00f3rdias nos A\u00e7ores. &#8220;O modelo de financiamento das IPSS e das Miseric\u00f3rdias, enquanto parceiras do Governo Regional na rede de apoio social nos A\u00e7ores, decorre de [&hellip;]","og_url":"https:\/\/diariodalagoa.pt\/en\/modelo-de-financiamento-das-ipss-e-misericordias-e-para-manter\/","og_site_name":"Di\u00e1rio da Lagoa","article_published_time":"2014-07-09T18:20:20+00:00","author":"Di\u00e1rio da Lagoa","twitter_card":"summary_large_image","twitter_misc":{"Written by":"Di\u00e1rio da Lagoa","Est. reading time":"2 minutes"},"schema":{"@context":"https:\/\/schema.org","@graph":[{"@type":"WebPage","@id":"https:\/\/diariodalagoa.pt\/modelo-de-financiamento-das-ipss-e-misericordias-e-para-manter\/","url":"https:\/\/diariodalagoa.pt\/modelo-de-financiamento-das-ipss-e-misericordias-e-para-manter\/","name":"Modelo de financiamento das IPSS e Miseric\u00f3rdias \u00e9 para manter - Di\u00e1rio da Lagoa","isPartOf":{"@id":"https:\/\/diariodalagoa.pt\/#website"},"datePublished":"2014-07-09T18:20:20+00:00","dateModified":"2014-07-09T18:20:20+00:00","author":{"@id":"https:\/\/diariodalagoa.pt\/#\/schema\/person\/1615a002370e8857b6f972834bc43ece"},"breadcrumb":{"@id":"https:\/\/diariodalagoa.pt\/modelo-de-financiamento-das-ipss-e-misericordias-e-para-manter\/#breadcrumb"},"inLanguage":"en-US","potentialAction":[{"@type":"ReadAction","target":["https:\/\/diariodalagoa.pt\/modelo-de-financiamento-das-ipss-e-misericordias-e-para-manter\/"]}]},{"@type":"BreadcrumbList","@id":"https:\/\/diariodalagoa.pt\/modelo-de-financiamento-das-ipss-e-misericordias-e-para-manter\/#breadcrumb","itemListElement":[{"@type":"ListItem","position":1,"name":"In\u00edcio","item":"https:\/\/diariodalagoa.pt\/"},{"@type":"ListItem","position":2,"name":"Modelo de financiamento das IPSS e Miseric\u00f3rdias \u00e9 para manter"}]},{"@type":"WebSite","@id":"https:\/\/diariodalagoa.pt\/#website","url":"https:\/\/diariodalagoa.pt\/","name":"Di\u00e1rio da Lagoa","description":"Di\u00e1rio da Lagoa. As not\u00edcias que contam. A partir da Lagoa, nos A\u00e7ores, para o mundo.","potentialAction":[{"@type":"SearchAction","target":{"@type":"EntryPoint","urlTemplate":"https:\/\/diariodalagoa.pt\/?s={search_term_string}"},"query-input":"required name=search_term_string"}],"inLanguage":"en-US"},{"@type":"Person","@id":"https:\/\/diariodalagoa.pt\/#\/schema\/person\/1615a002370e8857b6f972834bc43ece","name":"Di\u00e1rio da Lagoa","image":{"@type":"ImageObject","inLanguage":"en-US","@id":"https:\/\/diariodalagoa.pt\/#\/schema\/person\/image\/","url":"https:\/\/secure.gravatar.com\/avatar\/2cb5cef90a26f8fbd4d9d930608102c5?s=96&d=mm&r=g","contentUrl":"https:\/\/secure.gravatar.com\/avatar\/2cb5cef90a26f8fbd4d9d930608102c5?s=96&d=mm&r=g","caption":"Di\u00e1rio da Lagoa"},"url":"https:\/\/diariodalagoa.pt\/en\/author\/diariodalagoa\/"}]}},"_links":{"self":[{"href":"https:\/\/diariodalagoa.pt\/en\/wp-json\/wp\/v2\/posts\/6705"}],"collection":[{"href":"https:\/\/diariodalagoa.pt\/en\/wp-json\/wp\/v2\/posts"}],"about":[{"href":"https:\/\/diariodalagoa.pt\/en\/wp-json\/wp\/v2\/types\/post"}],"author":[{"embeddable":true,"href":"https:\/\/diariodalagoa.pt\/en\/wp-json\/wp\/v2\/users\/2"}],"replies":[{"embeddable":true,"href":"https:\/\/diariodalagoa.pt\/en\/wp-json\/wp\/v2\/comments?post=6705"}],"version-history":[{"count":0,"href":"https:\/\/diariodalagoa.pt\/en\/wp-json\/wp\/v2\/posts\/6705\/revisions"}],"wp:attachment":[{"href":"https:\/\/diariodalagoa.pt\/en\/wp-json\/wp\/v2\/media?parent=6705"}],"wp:term":[{"taxonomy":"category","embeddable":true,"href":"https:\/\/diariodalagoa.pt\/en\/wp-json\/wp\/v2\/categories?post=6705"},{"taxonomy":"post_tag","embeddable":true,"href":"https:\/\/diariodalagoa.pt\/en\/wp-json\/wp\/v2\/tags?post=6705"}],"curies":[{"name":"wp","href":"https:\/\/api.w.org\/{rel}","templated":true}]}}