{"id":6435,"date":"2014-07-03T14:07:26","date_gmt":"2014-07-03T15:07:26","guid":{"rendered":"http:\/\/diariodalagoa.pt\/?p=6435"},"modified":"2014-07-03T14:07:26","modified_gmt":"2014-07-03T15:07:26","slug":"ultimos-dados-revelam-volatilidade-das-margens-dos-produtores-de-leite","status":"publish","type":"post","link":"https:\/\/diariodalagoa.pt\/en\/ultimos-dados-revelam-volatilidade-das-margens-dos-produtores-de-leite\/","title":{"rendered":"\u00daltimos dados revelam volatilidade das margens dos produtores de leite"},"content":{"rendered":"<p style=\"text-align: justify;\"><img decoding=\"async\" class=\"alignnone wp-image-5756 size-full\" src=\"http:\/\/diariodalagoa.pt\/wp-content\/uploads\/2014\/06\/Parlamento-europeu@direitos-reservados.jpg\" alt=\"Parlamento-europeu@direitos-reservados\" width=\"720\" height=\"380\" \/><\/p>\n<p style=\"text-align: justify;\"><span style=\"color: #000000;\">A edi\u00e7\u00e3o de 2013 do\u00a0relat\u00f3rio sobre as explora\u00e7\u00f5es leiteiras da UE, publicado pela Comiss\u00e3o Europeia, revela que os \u00faltimos cinco anos foram caracterizados por grandes varia\u00e7\u00f5es nas margens dos produtores de leite de um ano para o outro. <\/span><\/p>\n<p style=\"text-align: justify;\"><span style=\"color: #000000;\">Com base nos dados da rede de informa\u00e7\u00e3o contabil\u00edstica agr\u00edcola, o relat\u00f3rio fornece informa\u00e7\u00f5es sobre as margens dos produtores de leite da UE de 2004 a 2011, bem como as estimativas para 2012. <\/span><\/p>\n<p style=\"text-align: justify;\"><span style=\"color: #000000;\">A volatilidade pode tamb\u00e9m ser observada de um trimestre para outro no mesmo ano, tal como ilustrado no\u00a0resumo da economia agr\u00edcola sobre a estimativa das margens do leite at\u00e9 2013, tamb\u00e9m publicado hoje, que se centra na previs\u00e3o das tend\u00eancias mais recentes em termos de margens brutas a n\u00edvel da UE 27, refere uma nota da Representa\u00e7\u00e3o da Comiss\u00e3o Europeia em Portugal.\u00a0<\/span><\/p>\n<p style=\"text-align: justify;\"><span style=\"color: #000000;\">O relat\u00f3rio revela que 2010 e 2011 foram dois anos positivos para os agricultores especializados na produ\u00e7\u00e3o de leite (ap\u00f3s o ano de crise de 2009 amplamente assinalado). Em m\u00e9dia, na UE- 27, os produtores obtiveram um maior valor acrescentado l\u00edquido da agricultura por unidade de trabalho-ano do que em 2007 \u2014 o anterior n\u00edvel mais elevado de rendimentos \u2014 gra\u00e7as \u00e0 melhoria das margens brutas e a um aumento significativo da produ\u00e7\u00e3o de leite. <\/span><\/p>\n<p style=\"text-align: justify;\"><span style=\"color: #000000;\">O\u00a0relat\u00f3rio mostra que, no setor do leite e dos produtos l\u00e1cteos, a diferen\u00e7a entre a UE 15 (\u00abantigos\u00bb Estados\u2011Membros) e a UE 10 (\u00abnovos\u00bb Estados-Membros) parece estar a diminuir gradualmente, quer em termos de margens brutas quer de rendimento dos agricultores, l\u00ea-se.<\/span><\/p>\n<p style=\"text-align: justify;\"><span style=\"color: #000000;\"><em>DL\/RCEP<\/em><\/span><\/p>","protected":false},"excerpt":{"rendered":"<p>A edi\u00e7\u00e3o de 2013 do\u00a0relat\u00f3rio sobre as explora\u00e7\u00f5es leiteiras da UE, publicado pela Comiss\u00e3o Europeia, revela que os \u00faltimos cinco anos foram caracterizados por grandes varia\u00e7\u00f5es nas margens dos produtores de leite de um ano para o outro. Com base nos dados da rede de informa\u00e7\u00e3o contabil\u00edstica agr\u00edcola, o relat\u00f3rio fornece informa\u00e7\u00f5es sobre as margens [&hellip;]<\/p>","protected":false},"author":2,"featured_media":121953,"comment_status":"open","ping_status":"open","sticky":false,"template":"","format":"standard","meta":[],"categories":[21],"tags":[],"acf":[],"yoast_head":"<!-- This site is optimized with the Yoast SEO plugin v20.10 - https:\/\/yoast.com\/wordpress\/plugins\/seo\/ -->\n<title>\u00daltimos dados revelam volatilidade das margens dos produtores de leite - Di\u00e1rio da Lagoa<\/title>\n<meta name=\"robots\" content=\"index, follow, max-snippet:-1, max-image-preview:large, max-video-preview:-1\" \/>\n<link rel=\"canonical\" href=\"https:\/\/diariodalagoa.pt\/en\/ultimos-dados-revelam-volatilidade-das-margens-dos-produtores-de-leite\/\" \/>\n<meta property=\"og:locale\" content=\"en_US\" \/>\n<meta property=\"og:type\" content=\"article\" \/>\n<meta property=\"og:title\" content=\"\u00daltimos dados revelam volatilidade das margens dos produtores de leite - Di\u00e1rio da Lagoa\" \/>\n<meta property=\"og:description\" content=\"A edi\u00e7\u00e3o de 2013 do\u00a0relat\u00f3rio sobre as explora\u00e7\u00f5es leiteiras da UE, publicado pela Comiss\u00e3o Europeia, revela que os \u00faltimos cinco anos foram caracterizados por grandes varia\u00e7\u00f5es nas margens dos produtores de leite de um ano para o outro. Com base nos dados da rede de informa\u00e7\u00e3o contabil\u00edstica agr\u00edcola, o relat\u00f3rio fornece informa\u00e7\u00f5es sobre as margens [&hellip;]\" \/>\n<meta property=\"og:url\" content=\"https:\/\/diariodalagoa.pt\/en\/ultimos-dados-revelam-volatilidade-das-margens-dos-produtores-de-leite\/\" \/>\n<meta property=\"og:site_name\" content=\"Di\u00e1rio da Lagoa\" \/>\n<meta property=\"article:published_time\" content=\"2014-07-03T15:07:26+00:00\" \/>\n<meta property=\"og:image\" content=\"https:\/\/diariodalagoa.pt\/wp-content\/uploads\/2014\/07\/parlamento-europeudireitos-reservados-2.jpg\" \/>\n\t<meta property=\"og:image:width\" content=\"720\" \/>\n\t<meta property=\"og:image:height\" content=\"380\" \/>\n\t<meta property=\"og:image:type\" content=\"image\/jpeg\" \/>\n<meta name=\"author\" content=\"Di\u00e1rio da Lagoa\" \/>\n<meta name=\"twitter:card\" content=\"summary_large_image\" \/>\n<meta name=\"twitter:label1\" content=\"Written by\" \/>\n\t<meta name=\"twitter:data1\" content=\"Di\u00e1rio da Lagoa\" \/>\n\t<meta name=\"twitter:label2\" content=\"Est. reading time\" \/>\n\t<meta name=\"twitter:data2\" content=\"1 minute\" \/>\n<script type=\"application\/ld+json\" class=\"yoast-schema-graph\">{\"@context\":\"https:\/\/schema.org\",\"@graph\":[{\"@type\":\"WebPage\",\"@id\":\"https:\/\/diariodalagoa.pt\/ultimos-dados-revelam-volatilidade-das-margens-dos-produtores-de-leite\/\",\"url\":\"https:\/\/diariodalagoa.pt\/ultimos-dados-revelam-volatilidade-das-margens-dos-produtores-de-leite\/\",\"name\":\"\u00daltimos dados revelam volatilidade das margens dos produtores de leite - Di\u00e1rio da Lagoa\",\"isPartOf\":{\"@id\":\"https:\/\/diariodalagoa.pt\/#website\"},\"datePublished\":\"2014-07-03T15:07:26+00:00\",\"dateModified\":\"2014-07-03T15:07:26+00:00\",\"author\":{\"@id\":\"https:\/\/diariodalagoa.pt\/#\/schema\/person\/1615a002370e8857b6f972834bc43ece\"},\"breadcrumb\":{\"@id\":\"https:\/\/diariodalagoa.pt\/ultimos-dados-revelam-volatilidade-das-margens-dos-produtores-de-leite\/#breadcrumb\"},\"inLanguage\":\"en-US\",\"potentialAction\":[{\"@type\":\"ReadAction\",\"target\":[\"https:\/\/diariodalagoa.pt\/ultimos-dados-revelam-volatilidade-das-margens-dos-produtores-de-leite\/\"]}]},{\"@type\":\"BreadcrumbList\",\"@id\":\"https:\/\/diariodalagoa.pt\/ultimos-dados-revelam-volatilidade-das-margens-dos-produtores-de-leite\/#breadcrumb\",\"itemListElement\":[{\"@type\":\"ListItem\",\"position\":1,\"name\":\"In\u00edcio\",\"item\":\"https:\/\/diariodalagoa.pt\/\"},{\"@type\":\"ListItem\",\"position\":2,\"name\":\"\u00daltimos dados revelam volatilidade das margens dos produtores de leite\"}]},{\"@type\":\"WebSite\",\"@id\":\"https:\/\/diariodalagoa.pt\/#website\",\"url\":\"https:\/\/diariodalagoa.pt\/\",\"name\":\"Di\u00e1rio da Lagoa\",\"description\":\"Di\u00e1rio da Lagoa. As not\u00edcias que contam. A partir da Lagoa, nos A\u00e7ores, para o mundo.\",\"potentialAction\":[{\"@type\":\"SearchAction\",\"target\":{\"@type\":\"EntryPoint\",\"urlTemplate\":\"https:\/\/diariodalagoa.pt\/?s={search_term_string}\"},\"query-input\":\"required name=search_term_string\"}],\"inLanguage\":\"en-US\"},{\"@type\":\"Person\",\"@id\":\"https:\/\/diariodalagoa.pt\/#\/schema\/person\/1615a002370e8857b6f972834bc43ece\",\"name\":\"Di\u00e1rio da Lagoa\",\"image\":{\"@type\":\"ImageObject\",\"inLanguage\":\"en-US\",\"@id\":\"https:\/\/diariodalagoa.pt\/#\/schema\/person\/image\/\",\"url\":\"https:\/\/secure.gravatar.com\/avatar\/2cb5cef90a26f8fbd4d9d930608102c5?s=96&d=mm&r=g\",\"contentUrl\":\"https:\/\/secure.gravatar.com\/avatar\/2cb5cef90a26f8fbd4d9d930608102c5?s=96&d=mm&r=g\",\"caption\":\"Di\u00e1rio da Lagoa\"},\"url\":\"https:\/\/diariodalagoa.pt\/en\/author\/diariodalagoa\/\"}]}<\/script>\n<!-- \/ Yoast SEO plugin. -->","yoast_head_json":{"title":"\u00daltimos dados revelam volatilidade das margens dos produtores de leite - Di\u00e1rio da Lagoa","robots":{"index":"index","follow":"follow","max-snippet":"max-snippet:-1","max-image-preview":"max-image-preview:large","max-video-preview":"max-video-preview:-1"},"canonical":"https:\/\/diariodalagoa.pt\/en\/ultimos-dados-revelam-volatilidade-das-margens-dos-produtores-de-leite\/","og_locale":"en_US","og_type":"article","og_title":"\u00daltimos dados revelam volatilidade das margens dos produtores de leite - Di\u00e1rio da Lagoa","og_description":"A edi\u00e7\u00e3o de 2013 do\u00a0relat\u00f3rio sobre as explora\u00e7\u00f5es leiteiras da UE, publicado pela Comiss\u00e3o Europeia, revela que os \u00faltimos cinco anos foram caracterizados por grandes varia\u00e7\u00f5es nas margens dos produtores de leite de um ano para o outro. Com base nos dados da rede de informa\u00e7\u00e3o contabil\u00edstica agr\u00edcola, o relat\u00f3rio fornece informa\u00e7\u00f5es sobre as margens [&hellip;]","og_url":"https:\/\/diariodalagoa.pt\/en\/ultimos-dados-revelam-volatilidade-das-margens-dos-produtores-de-leite\/","og_site_name":"Di\u00e1rio da Lagoa","article_published_time":"2014-07-03T15:07:26+00:00","og_image":[{"width":720,"height":380,"url":"https:\/\/diariodalagoa.pt\/wp-content\/uploads\/2014\/07\/parlamento-europeudireitos-reservados-2.jpg","type":"image\/jpeg"}],"author":"Di\u00e1rio da Lagoa","twitter_card":"summary_large_image","twitter_misc":{"Written by":"Di\u00e1rio da Lagoa","Est. reading time":"1 minute"},"schema":{"@context":"https:\/\/schema.org","@graph":[{"@type":"WebPage","@id":"https:\/\/diariodalagoa.pt\/ultimos-dados-revelam-volatilidade-das-margens-dos-produtores-de-leite\/","url":"https:\/\/diariodalagoa.pt\/ultimos-dados-revelam-volatilidade-das-margens-dos-produtores-de-leite\/","name":"\u00daltimos dados revelam volatilidade das margens dos produtores de leite - Di\u00e1rio da Lagoa","isPartOf":{"@id":"https:\/\/diariodalagoa.pt\/#website"},"datePublished":"2014-07-03T15:07:26+00:00","dateModified":"2014-07-03T15:07:26+00:00","author":{"@id":"https:\/\/diariodalagoa.pt\/#\/schema\/person\/1615a002370e8857b6f972834bc43ece"},"breadcrumb":{"@id":"https:\/\/diariodalagoa.pt\/ultimos-dados-revelam-volatilidade-das-margens-dos-produtores-de-leite\/#breadcrumb"},"inLanguage":"en-US","potentialAction":[{"@type":"ReadAction","target":["https:\/\/diariodalagoa.pt\/ultimos-dados-revelam-volatilidade-das-margens-dos-produtores-de-leite\/"]}]},{"@type":"BreadcrumbList","@id":"https:\/\/diariodalagoa.pt\/ultimos-dados-revelam-volatilidade-das-margens-dos-produtores-de-leite\/#breadcrumb","itemListElement":[{"@type":"ListItem","position":1,"name":"In\u00edcio","item":"https:\/\/diariodalagoa.pt\/"},{"@type":"ListItem","position":2,"name":"\u00daltimos dados revelam volatilidade das margens dos produtores de leite"}]},{"@type":"WebSite","@id":"https:\/\/diariodalagoa.pt\/#website","url":"https:\/\/diariodalagoa.pt\/","name":"Di\u00e1rio da Lagoa","description":"Di\u00e1rio da Lagoa. As not\u00edcias que contam. A partir da Lagoa, nos A\u00e7ores, para o mundo.","potentialAction":[{"@type":"SearchAction","target":{"@type":"EntryPoint","urlTemplate":"https:\/\/diariodalagoa.pt\/?s={search_term_string}"},"query-input":"required name=search_term_string"}],"inLanguage":"en-US"},{"@type":"Person","@id":"https:\/\/diariodalagoa.pt\/#\/schema\/person\/1615a002370e8857b6f972834bc43ece","name":"Di\u00e1rio da Lagoa","image":{"@type":"ImageObject","inLanguage":"en-US","@id":"https:\/\/diariodalagoa.pt\/#\/schema\/person\/image\/","url":"https:\/\/secure.gravatar.com\/avatar\/2cb5cef90a26f8fbd4d9d930608102c5?s=96&d=mm&r=g","contentUrl":"https:\/\/secure.gravatar.com\/avatar\/2cb5cef90a26f8fbd4d9d930608102c5?s=96&d=mm&r=g","caption":"Di\u00e1rio da Lagoa"},"url":"https:\/\/diariodalagoa.pt\/en\/author\/diariodalagoa\/"}]}},"_links":{"self":[{"href":"https:\/\/diariodalagoa.pt\/en\/wp-json\/wp\/v2\/posts\/6435"}],"collection":[{"href":"https:\/\/diariodalagoa.pt\/en\/wp-json\/wp\/v2\/posts"}],"about":[{"href":"https:\/\/diariodalagoa.pt\/en\/wp-json\/wp\/v2\/types\/post"}],"author":[{"embeddable":true,"href":"https:\/\/diariodalagoa.pt\/en\/wp-json\/wp\/v2\/users\/2"}],"replies":[{"embeddable":true,"href":"https:\/\/diariodalagoa.pt\/en\/wp-json\/wp\/v2\/comments?post=6435"}],"version-history":[{"count":0,"href":"https:\/\/diariodalagoa.pt\/en\/wp-json\/wp\/v2\/posts\/6435\/revisions"}],"wp:featuredmedia":[{"embeddable":true,"href":"https:\/\/diariodalagoa.pt\/en\/wp-json\/wp\/v2\/media\/121953"}],"wp:attachment":[{"href":"https:\/\/diariodalagoa.pt\/en\/wp-json\/wp\/v2\/media?parent=6435"}],"wp:term":[{"taxonomy":"category","embeddable":true,"href":"https:\/\/diariodalagoa.pt\/en\/wp-json\/wp\/v2\/categories?post=6435"},{"taxonomy":"post_tag","embeddable":true,"href":"https:\/\/diariodalagoa.pt\/en\/wp-json\/wp\/v2\/tags?post=6435"}],"curies":[{"name":"wp","href":"https:\/\/api.w.org\/{rel}","templated":true}]}}