{"id":5850,"date":"2014-06-20T06:42:24","date_gmt":"2014-06-20T06:42:24","guid":{"rendered":"http:\/\/diariodalagoa.pt\/?p=5850"},"modified":"2014-06-20T06:42:24","modified_gmt":"2014-06-20T06:42:24","slug":"memorias-norueguesas","status":"publish","type":"post","link":"https:\/\/diariodalagoa.pt\/en\/memorias-norueguesas\/","title":{"rendered":"Mem\u00f3rias norueguesas"},"content":{"rendered":"<div class=\"wp-block-image is-style-rounded\"><figure class=\"aligncenter size-full is-resized\"><img decoding=\"async\" src=\"https:\/\/diariodalagoa.pt\/wp-content\/uploads\/2022\/09\/Paulo-Casaca-DR.jpg\" alt=\"\" class=\"wp-image-103582\" width=\"414\" height=\"414\"\/><figcaption><strong>Paulo Casaca<\/strong><\/figcaption><\/figure><\/div>\n\n\n<p>\u00a0<\/p>\n<p style=\"text-align: left;\"><span style=\"color: #000000;\">Depois de um atraso inicial de uma hora, o capit\u00e3o do navio de Fjord Lines anuncia sucessivos atrasos por problemas com os motores na partida do catamar\u00e3 de Hirtshals na Dinamarca para Kristiansand na Noruega.\u00a0<\/span><\/p>\n<p style=\"text-align: left;\"><span style=\"color: #000000;\">Afinal n\u00e3o \u00e9 s\u00f3 na travessia dos canais de S\u00e3o Jorge ou do Faial para o Pico que os motores dos catamar\u00e3s tendem a engui\u00e7ar e a tornar a travessia mais prolongada que a dos navios convencionais.<\/span><\/p>\n<p style=\"text-align: left;\"><span style=\"color: #000000;\">O navio que era suposto demorar duas horas e um quarto, tendo em conta o atraso levou quatro e meia, mais tempo do que as tr\u00eas e meia a quatro do navio de casco \u00fanico da mais tradicional Color Lines (antiga Norway Lines) leva a cobrir os 140 km de percurso.\u00a0<\/span><\/p>\n<p style=\"text-align: left;\"><span style=\"color: #000000;\">A \u00faltima vez que tinha passado por Hirtshals tinha vindo diretamente de Oslo numa rota entretanto descontinuada pela Color Lines, e as travessias de ferry eram mais frequentes a ligar as estradas norueguesas agora mais cheias de pontes ou de t\u00faneis de dimens\u00f5es por vezes impressionantes.<\/span><\/p>\n<p style=\"text-align: left;\"><span style=\"color: #000000;\">Cheguei aos A\u00e7ores em 1980 vindo precisamente da Noruega, e lembro-me de ter ficado surpreendido pela inexist\u00eancia de ferries com roll-on roll-off utilizados por toda a Europa para cobrir dist\u00e2ncias semelhantes, sistema que s\u00f3 d\u00e9cadas depois se come\u00e7a a utilizar entre n\u00f3s.<\/span><\/p>\n<p style=\"text-align: left;\"><span style=\"color: #000000;\">Tamb\u00e9m ent\u00e3o me pareceu que o sistema de pesca tur\u00edstica praticado pelas embarca\u00e7\u00f5es mais tradicionais ou o turismo rural baseado em cabines situadas perto da explora\u00e7\u00e3o teriam imensas virtualidades se aplicados aos A\u00e7ores, embora nestes casos a aplica\u00e7\u00e3o n\u00e3o seja t\u00e3o simples e autom\u00e1tica como no caso dos ferries.<\/span><\/p>\n<p style=\"text-align: left;\"><span style=\"color: #000000;\">Passei a noite na ilha de Bokna, a Norte de Stavanger, numa cabine rural que nada parecia ter mudado das que eu me recordo dos anos 70. Aquecimento el\u00e9trico, mas \u00e1gua na banca da cozinha a ser trazida \u00e0 m\u00e3o do ponto onde tamb\u00e9m estava a casa de banho, num anexo ao est\u00e1bulo onde a \u00e1gua corrente e quente n\u00e3o podiam faltar para a limpeza da ordenha fixa.<\/span><\/p>\n<p style=\"text-align: left;\"><span style=\"color: #000000;\">E na verdade, j\u00e1 nos anos setenta, quando episodicamente trabalhei em explora\u00e7\u00f5es leiteiras, n\u00e3o tenho mem\u00f3ria que existisse alguma que n\u00e3o dispusesse de ordenhas fixas, pr\u00e1tica que est\u00e1 ainda longe de ser a norma nos A\u00e7ores.<\/span><\/p>\n<p style=\"text-align: left;\"><span style=\"color: #000000;\">Nesta \u00e9poca na Noruega n\u00e3o h\u00e1 verdadeiramente noite, mesmo se a Sul do c\u00edrculo polar \u00e1rtico, o Sol p\u00f5e-se apenas brevemente sem nunca deixar de iluminar, mas n\u00e3o \u00e9 necessariamente ideal atravessar um pasto sob chuva para ir do quarto \u00e0 casa de banho, estou de acordo, e alguma moderniza\u00e7\u00e3o seria bem-vinda.<\/span><\/p>\n<p style=\"text-align: left;\"><span style=\"color: #000000;\">O que sempre me impressionou no confronto entre a experi\u00eancia de turismo rural norueguesa e a portuguesa foi o de a primeira ser obviamente pensada como forma de melhorar o rendimento do agricultor, preocupa\u00e7\u00e3o praticamente inexistente em Portugal.<\/span><\/p>\n<p style=\"text-align: left;\"><span style=\"color: #000000;\">O portugu\u00eas n\u00e3o tem qualquer problema em se adaptar a ambientes diferentes \u2013 e a vast\u00edssima di\u00e1spora portuguesa demonstra-o \u00e0 saciedade \u2013 pelo que t\u00e3o pouco h\u00e1 qualquer raz\u00e3o para pensar que ele deva ter qualquer problema em adaptar em sua casa pr\u00e1ticas que se revelem mais eficazes que as dom\u00e9sticas.<\/span><\/p>\n<p style=\"text-align: left;\"><span style=\"color: #000000;\">E por isso, a Noruega faz-me sempre pensar nos A\u00e7ores. Ou mais precisamente, f\u00e1-lo de h\u00e1 trinta e quatro anos a esta parte.<\/span><\/p>\n<p style=\"text-align: right;\"><em><span style=\"color: #000000;\">Bergen, 2014-06-19<\/span><\/em><\/p>","protected":false},"excerpt":{"rendered":"<p>\u00a0 Depois de um atraso inicial de uma hora, o capit\u00e3o do navio de Fjord Lines anuncia sucessivos atrasos por problemas com os motores na partida do catamar\u00e3 de Hirtshals na Dinamarca para Kristiansand na Noruega.\u00a0 Afinal n\u00e3o \u00e9 s\u00f3 na travessia dos canais de S\u00e3o Jorge ou do Faial para o Pico que os [&hellip;]<\/p>","protected":false},"author":2,"featured_media":110275,"comment_status":"open","ping_status":"open","sticky":false,"template":"","format":"standard","meta":[],"categories":[11],"tags":[],"acf":[],"yoast_head":"<!-- This site is optimized with the Yoast SEO plugin v20.10 - https:\/\/yoast.com\/wordpress\/plugins\/seo\/ -->\n<title>Mem\u00f3rias norueguesas - Di\u00e1rio da Lagoa<\/title>\n<meta name=\"robots\" content=\"index, follow, max-snippet:-1, max-image-preview:large, max-video-preview:-1\" \/>\n<link rel=\"canonical\" href=\"https:\/\/diariodalagoa.pt\/en\/memorias-norueguesas\/\" \/>\n<meta property=\"og:locale\" content=\"en_US\" \/>\n<meta property=\"og:type\" content=\"article\" \/>\n<meta property=\"og:title\" content=\"Mem\u00f3rias norueguesas - Di\u00e1rio da Lagoa\" \/>\n<meta property=\"og:description\" content=\"\u00a0 Depois de um atraso inicial de uma hora, o capit\u00e3o do navio de Fjord Lines anuncia sucessivos atrasos por problemas com os motores na partida do catamar\u00e3 de Hirtshals na Dinamarca para Kristiansand na Noruega.\u00a0 Afinal n\u00e3o \u00e9 s\u00f3 na travessia dos canais de S\u00e3o Jorge ou do Faial para o Pico que os [&hellip;]\" \/>\n<meta property=\"og:url\" content=\"https:\/\/diariodalagoa.pt\/en\/memorias-norueguesas\/\" \/>\n<meta property=\"og:site_name\" content=\"Di\u00e1rio da Lagoa\" \/>\n<meta property=\"article:published_time\" content=\"2014-06-20T06:42:24+00:00\" \/>\n<meta property=\"og:image\" content=\"https:\/\/diariodalagoa.pt\/wp-content\/uploads\/2014\/06\/paulo-casaca-europa-dia-mundial-4.jpg\" \/>\n\t<meta property=\"og:image:width\" content=\"720\" \/>\n\t<meta property=\"og:image:height\" content=\"382\" \/>\n\t<meta property=\"og:image:type\" content=\"image\/jpeg\" \/>\n<meta name=\"author\" content=\"Di\u00e1rio da Lagoa\" \/>\n<meta name=\"twitter:card\" content=\"summary_large_image\" \/>\n<meta name=\"twitter:label1\" content=\"Written by\" \/>\n\t<meta name=\"twitter:data1\" content=\"Di\u00e1rio da Lagoa\" \/>\n\t<meta name=\"twitter:label2\" content=\"Est. reading time\" \/>\n\t<meta name=\"twitter:data2\" content=\"4 minutes\" \/>\n<script type=\"application\/ld+json\" class=\"yoast-schema-graph\">{\"@context\":\"https:\/\/schema.org\",\"@graph\":[{\"@type\":\"WebPage\",\"@id\":\"https:\/\/diariodalagoa.pt\/memorias-norueguesas\/\",\"url\":\"https:\/\/diariodalagoa.pt\/memorias-norueguesas\/\",\"name\":\"Mem\u00f3rias norueguesas - Di\u00e1rio da Lagoa\",\"isPartOf\":{\"@id\":\"https:\/\/diariodalagoa.pt\/#website\"},\"datePublished\":\"2014-06-20T06:42:24+00:00\",\"dateModified\":\"2014-06-20T06:42:24+00:00\",\"author\":{\"@id\":\"https:\/\/diariodalagoa.pt\/#\/schema\/person\/1615a002370e8857b6f972834bc43ece\"},\"breadcrumb\":{\"@id\":\"https:\/\/diariodalagoa.pt\/memorias-norueguesas\/#breadcrumb\"},\"inLanguage\":\"en-US\",\"potentialAction\":[{\"@type\":\"ReadAction\",\"target\":[\"https:\/\/diariodalagoa.pt\/memorias-norueguesas\/\"]}]},{\"@type\":\"BreadcrumbList\",\"@id\":\"https:\/\/diariodalagoa.pt\/memorias-norueguesas\/#breadcrumb\",\"itemListElement\":[{\"@type\":\"ListItem\",\"position\":1,\"name\":\"In\u00edcio\",\"item\":\"https:\/\/diariodalagoa.pt\/\"},{\"@type\":\"ListItem\",\"position\":2,\"name\":\"Mem\u00f3rias norueguesas\"}]},{\"@type\":\"WebSite\",\"@id\":\"https:\/\/diariodalagoa.pt\/#website\",\"url\":\"https:\/\/diariodalagoa.pt\/\",\"name\":\"Di\u00e1rio da Lagoa\",\"description\":\"Di\u00e1rio da Lagoa. As not\u00edcias que contam. A partir da Lagoa, nos A\u00e7ores, para o mundo.\",\"potentialAction\":[{\"@type\":\"SearchAction\",\"target\":{\"@type\":\"EntryPoint\",\"urlTemplate\":\"https:\/\/diariodalagoa.pt\/?s={search_term_string}\"},\"query-input\":\"required name=search_term_string\"}],\"inLanguage\":\"en-US\"},{\"@type\":\"Person\",\"@id\":\"https:\/\/diariodalagoa.pt\/#\/schema\/person\/1615a002370e8857b6f972834bc43ece\",\"name\":\"Di\u00e1rio da Lagoa\",\"image\":{\"@type\":\"ImageObject\",\"inLanguage\":\"en-US\",\"@id\":\"https:\/\/diariodalagoa.pt\/#\/schema\/person\/image\/\",\"url\":\"https:\/\/secure.gravatar.com\/avatar\/2cb5cef90a26f8fbd4d9d930608102c5?s=96&d=mm&r=g\",\"contentUrl\":\"https:\/\/secure.gravatar.com\/avatar\/2cb5cef90a26f8fbd4d9d930608102c5?s=96&d=mm&r=g\",\"caption\":\"Di\u00e1rio da Lagoa\"},\"url\":\"https:\/\/diariodalagoa.pt\/en\/author\/diariodalagoa\/\"}]}<\/script>\n<!-- \/ Yoast SEO plugin. -->","yoast_head_json":{"title":"Mem\u00f3rias norueguesas - Di\u00e1rio da Lagoa","robots":{"index":"index","follow":"follow","max-snippet":"max-snippet:-1","max-image-preview":"max-image-preview:large","max-video-preview":"max-video-preview:-1"},"canonical":"https:\/\/diariodalagoa.pt\/en\/memorias-norueguesas\/","og_locale":"en_US","og_type":"article","og_title":"Mem\u00f3rias norueguesas - Di\u00e1rio da Lagoa","og_description":"\u00a0 Depois de um atraso inicial de uma hora, o capit\u00e3o do navio de Fjord Lines anuncia sucessivos atrasos por problemas com os motores na partida do catamar\u00e3 de Hirtshals na Dinamarca para Kristiansand na Noruega.\u00a0 Afinal n\u00e3o \u00e9 s\u00f3 na travessia dos canais de S\u00e3o Jorge ou do Faial para o Pico que os [&hellip;]","og_url":"https:\/\/diariodalagoa.pt\/en\/memorias-norueguesas\/","og_site_name":"Di\u00e1rio da Lagoa","article_published_time":"2014-06-20T06:42:24+00:00","og_image":[{"width":720,"height":382,"url":"https:\/\/diariodalagoa.pt\/wp-content\/uploads\/2014\/06\/paulo-casaca-europa-dia-mundial-4.jpg","type":"image\/jpeg"}],"author":"Di\u00e1rio da Lagoa","twitter_card":"summary_large_image","twitter_misc":{"Written by":"Di\u00e1rio da Lagoa","Est. reading time":"4 minutes"},"schema":{"@context":"https:\/\/schema.org","@graph":[{"@type":"WebPage","@id":"https:\/\/diariodalagoa.pt\/memorias-norueguesas\/","url":"https:\/\/diariodalagoa.pt\/memorias-norueguesas\/","name":"Mem\u00f3rias norueguesas - Di\u00e1rio da Lagoa","isPartOf":{"@id":"https:\/\/diariodalagoa.pt\/#website"},"datePublished":"2014-06-20T06:42:24+00:00","dateModified":"2014-06-20T06:42:24+00:00","author":{"@id":"https:\/\/diariodalagoa.pt\/#\/schema\/person\/1615a002370e8857b6f972834bc43ece"},"breadcrumb":{"@id":"https:\/\/diariodalagoa.pt\/memorias-norueguesas\/#breadcrumb"},"inLanguage":"en-US","potentialAction":[{"@type":"ReadAction","target":["https:\/\/diariodalagoa.pt\/memorias-norueguesas\/"]}]},{"@type":"BreadcrumbList","@id":"https:\/\/diariodalagoa.pt\/memorias-norueguesas\/#breadcrumb","itemListElement":[{"@type":"ListItem","position":1,"name":"In\u00edcio","item":"https:\/\/diariodalagoa.pt\/"},{"@type":"ListItem","position":2,"name":"Mem\u00f3rias norueguesas"}]},{"@type":"WebSite","@id":"https:\/\/diariodalagoa.pt\/#website","url":"https:\/\/diariodalagoa.pt\/","name":"Di\u00e1rio da Lagoa","description":"Di\u00e1rio da Lagoa. As not\u00edcias que contam. A partir da Lagoa, nos A\u00e7ores, para o mundo.","potentialAction":[{"@type":"SearchAction","target":{"@type":"EntryPoint","urlTemplate":"https:\/\/diariodalagoa.pt\/?s={search_term_string}"},"query-input":"required name=search_term_string"}],"inLanguage":"en-US"},{"@type":"Person","@id":"https:\/\/diariodalagoa.pt\/#\/schema\/person\/1615a002370e8857b6f972834bc43ece","name":"Di\u00e1rio da Lagoa","image":{"@type":"ImageObject","inLanguage":"en-US","@id":"https:\/\/diariodalagoa.pt\/#\/schema\/person\/image\/","url":"https:\/\/secure.gravatar.com\/avatar\/2cb5cef90a26f8fbd4d9d930608102c5?s=96&d=mm&r=g","contentUrl":"https:\/\/secure.gravatar.com\/avatar\/2cb5cef90a26f8fbd4d9d930608102c5?s=96&d=mm&r=g","caption":"Di\u00e1rio da Lagoa"},"url":"https:\/\/diariodalagoa.pt\/en\/author\/diariodalagoa\/"}]}},"_links":{"self":[{"href":"https:\/\/diariodalagoa.pt\/en\/wp-json\/wp\/v2\/posts\/5850"}],"collection":[{"href":"https:\/\/diariodalagoa.pt\/en\/wp-json\/wp\/v2\/posts"}],"about":[{"href":"https:\/\/diariodalagoa.pt\/en\/wp-json\/wp\/v2\/types\/post"}],"author":[{"embeddable":true,"href":"https:\/\/diariodalagoa.pt\/en\/wp-json\/wp\/v2\/users\/2"}],"replies":[{"embeddable":true,"href":"https:\/\/diariodalagoa.pt\/en\/wp-json\/wp\/v2\/comments?post=5850"}],"version-history":[{"count":0,"href":"https:\/\/diariodalagoa.pt\/en\/wp-json\/wp\/v2\/posts\/5850\/revisions"}],"wp:featuredmedia":[{"embeddable":true,"href":"https:\/\/diariodalagoa.pt\/en\/wp-json\/wp\/v2\/media\/110275"}],"wp:attachment":[{"href":"https:\/\/diariodalagoa.pt\/en\/wp-json\/wp\/v2\/media?parent=5850"}],"wp:term":[{"taxonomy":"category","embeddable":true,"href":"https:\/\/diariodalagoa.pt\/en\/wp-json\/wp\/v2\/categories?post=5850"},{"taxonomy":"post_tag","embeddable":true,"href":"https:\/\/diariodalagoa.pt\/en\/wp-json\/wp\/v2\/tags?post=5850"}],"curies":[{"name":"wp","href":"https:\/\/api.w.org\/{rel}","templated":true}]}}