{"id":55485,"date":"2018-01-03T17:44:17","date_gmt":"2018-01-03T18:44:17","guid":{"rendered":"http:\/\/diariodalagoa.pt\/?p=55485"},"modified":"2018-01-03T17:44:17","modified_gmt":"2018-01-03T18:44:17","slug":"espaco-saude-sarna-humana-escabiose","status":"publish","type":"post","link":"https:\/\/diariodalagoa.pt\/en\/espaco-saude-sarna-humana-escabiose\/","title":{"rendered":"Sarna humana &#8211; Escabiose"},"content":{"rendered":"<p><img decoding=\"async\" class=\"aligncenter size-full wp-image-55486\" src=\"http:\/\/diariodalagoa.pt\/wp-content\/uploads\/2017\/12\/escabiose-imagem.jpg\" alt=\"\" width=\"960\" height=\"477\" \/><\/p>\n<p><span style=\"color: #000000;\">\u00c9 mais frequente do que a popula\u00e7\u00e3o possa pensar a ocorr\u00eancia de casos de sarna. Embora n\u00e3o seja, propriamente, considerado um problema para a sa\u00fade p\u00fablica \u00e9 certo que causa morbilidade devido ao prurido intenso, infecciosidade elevada, surtos frequentes e persist\u00eancia dos sintomas por muitos dias.<\/span><\/p>\n<p><span style=\"color: #000000;\">A sarna humana, conhecida na clinica por<em> escabiose<\/em>, \u00e9 uma doen\u00e7a de pele causada por um \u00e1caro, o Sarcoptes<em> scabiei.<\/em> Este parasita vive, alimenta-se e reproduz-se na pele e tamb\u00e9m consegue sobreviver no ambiente por 24 a 48 horas, o que possibilita a sua transmiss\u00e3o atrav\u00e9s de roupas, len\u00e7\u00f3is ou toalhas.<\/span><\/p>\n<p><span style=\"color: #000000;\">A escabiose ou sarna existe no mundo todo e afeta pessoas de todas as ra\u00e7as e classes sociais.<\/span><\/p>\n<p><span style=\"color: #000000;\"><em>\u00a0<\/em>A f\u00eamea desta esp\u00e9cie penetra nas camadas superficiais da pele, originando um pequeno t\u00fanel, onde deposita os seus ovos durante cerca de 30 dias, o que corresponde \u00e1 dura\u00e7\u00e3o do seu ciclo de vida. A f\u00eamea p\u00f5e 2 a 3 ovos por dia, estes eclodem em tr\u00eas ou quatro dias, e as larvas rec\u00e9m-nascidas voltam \u00e1 superf\u00edcie da pele, onde amadurecem e podem- se espalhar para outras \u00e1reas do corpo.<\/span><\/p>\n<p><span style=\"color: #000000;\">Ao moverem-se atrav\u00e9s da epiderme v\u00e3o deixando fezes que criam les\u00f5es lineares vis\u00edveis na pele. Devido \u00e1 rea\u00e7\u00e3o al\u00e9rgica causada pelos \u00e1caros e respetivos ovos e fezes, ocorre prurido intenso e les\u00f5es cut\u00e2neas.<\/span><\/p>\n<p><span style=\"color: #000000;\">Trata-se, assim, de uma infe\u00e7\u00e3o contagiosa, que pode disseminar- se rapidamente atrav\u00e9s do contato f\u00edsico pr\u00f3ximo, normalmente o cont\u00e1gio ocorre entre familiares que vivem na mesma casa, bem como em lares, creches, estabelecimentos prisionais, entre outros.\u00a0 A via sexual \u00e9 outra forma comum de se adquirir a infe\u00e7\u00e3o.<\/span><\/p>\n<p><span style=\"color: #000000;\">O diagn\u00f3stico \u00e9 feito com base na observa\u00e7\u00e3o do doente e nas suas queixas. O principal sintoma \u00e9 o prurido intenso que tende a intensificar-se \u00e1 noite. As les\u00f5es caracter\u00edsticas da sarna s\u00e3o pequenas p\u00e1pulas (pontinhos com relevo) avermelhadas, de 1 a 3 mm de di\u00e2metro. Podem aparecer em qualquer zona do corpo sendo mais frequente nas m\u00e3os (principalmente entre os dedos), pulsos, cotovelos, axilas, mamilos, ao redor do umbigo, genit\u00e1lia (especialmente em homens), joelhos, n\u00e1degas, coxas e p\u00e9s. Os t\u00faneis produzidos pelas f\u00eameas podem ser vis\u00edveis e geralmente, apresentam-se como linhas finas na pele onduladas, brancas ou acinzentadas., discretamente elevadas, que podem ter at\u00e9 10mm de comprimento.<\/span><\/p>\n<p><span style=\"color: #000000;\">Uma pessoa contaminada pode transmitir a sarna, mesmo antes de aparecerem os sintomas, ou seja, no per\u00edodo de incuba\u00e7\u00e3o.<\/span><\/p>\n<p><span style=\"color: #000000;\">O per\u00edodo de incuba\u00e7\u00e3o da sarna \u00e9 de cerca de 6 semanas. Nos pacientes reinfectados, os sintomas podem surgir em apenas 24 horas.<\/span><\/p>\n<p><span style=\"color: #000000;\">Uma forma grave de sarna \u00e9 a chamada sarna crostosa ou norueguesa que ocorre em pessoas com sistema imunit\u00e1rio enfraquecido como idosos ou os portadores de problemas, pessoas com SIDA, hansen\u00edase, linfoma, s\u00edndrome de Down ou outras doen\u00e7as que provoquem altera\u00e7\u00f5es do sistema imunol\u00f3gico.<\/span><\/p>\n<p><span style=\"color: #000000;\">O tratamento da escabiose ou sarna \u00e9 feito atrav\u00e9s da aplica\u00e7\u00e3o de uma lo\u00e7\u00e3o apropriada para ser aplicada na pele que tem como objetivo acabar com a infesta\u00e7\u00e3o pelo parasita. Em Portugal o mais comum \u00e9 o benzoato de benzila e cremes \u00e1 base de enxofre quando est\u00e1 contraindicada a aplica\u00e7\u00e3o do benzoato de benzila. Geralmente, a pessoa infetada aplica o medicamento sobre o corpo ap\u00f3s o banho, por alguns dias, deixando agir durante a noite e retirando-o no dia seguinte. \u00c9 importante que a aplica\u00e7\u00e3o seja repetida ap\u00f3s 7 dias, para combater os \u00e1caros que nasceram depois da primeira aplica\u00e7\u00e3o. Podem tamb\u00e9m ser prescritos medicamentos para aliviar o prurido.<\/span><\/p>\n<p><span style=\"color: #000000;\">\u00c9 importante lembrar a pessoa infetada com o \u00e1caro da sarna costuma demorar at\u00e9 6 semanas para apresentar sintomas. Por isso, o tratamento tamb\u00e9m \u00e9 recomendado para os membros da fam\u00edlia e contatos sexuais, mesmo que estes n\u00e3o manifestem sintomas de forma a evitar a transmiss\u00e3o e reinfe\u00e7\u00e3o.<\/span><\/p>\n<p><span style=\"color: #000000;\">Os sintomas podem perdurar algumas semanas depois do tratamento, \u00e9 normal que aconte\u00e7a e n\u00e3o significa que o tratamento tenha sido ineficaz.<\/span><\/p>\n<p><span style=\"color: #000000;\">\u00a0Todas as roupas, em especial, roupa interior e de dormir, roupas de cama e toalhas que estiveram em contato com a pele da pessoa infetada nas \u00faltimas 48 horas antes do tratamento devem ser lavadas na m\u00e1quina com \u00e1gua quente e detergente, e secas na maquina de secar roupa ou passadas a ferro. Todos os objetos que n\u00e3o podem ser lavados, devem ser bem fechados em sacos pl\u00e1sticos durante 14 dias antes de serem usados novamente. Esta medida provocar\u00e1 a morte dos \u00e1caros.\u00a0 Carpetes, tapetes, e m\u00f3veis estofados devem ser limpos cuidadosamente com aspirador de p\u00f3.<\/span><\/p>\n<p><span style=\"color: #000000;\">As medidas preventivas passam por evitar o contato pele com pele com pessoas infetadas bem como n\u00e3o compartilhar vestu\u00e1rio ou roupa de cama.<\/span><\/p>\n<p><span style=\"color: #000000;\">Em caso de d\u00favidas sobre escabiose ou sarna devem ser contatados os servi\u00e7os de sa\u00fade.<\/span><\/p>\n<p style=\"text-align: right;\"><span style=\"color: #000000;\"><em>Dr. Jo\u00e3o Martins de Sousa<\/em><\/span><br \/>\n<span style=\"color: #000000;\"><em>Delegado de Sa\u00fade de Lagoa<\/em><\/span><br \/>\n<span style=\"color: #000000;\"><em>(Artigo publicado na edi\u00e7\u00e3o impressa de janeiro de 2018)<\/em><\/span><\/p>","protected":false},"excerpt":{"rendered":"<p>\u00c9 mais frequente do que a popula\u00e7\u00e3o possa pensar a ocorr\u00eancia de casos de sarna. Embora n\u00e3o seja, propriamente, considerado um problema para a sa\u00fade p\u00fablica \u00e9 certo que causa morbilidade devido ao prurido intenso, infecciosidade elevada, surtos frequentes e persist\u00eancia dos sintomas por muitos dias. A sarna humana, conhecida na clinica por escabiose, \u00e9 [&hellip;]<\/p>","protected":false},"author":2,"featured_media":110172,"comment_status":"open","ping_status":"open","sticky":false,"template":"","format":"standard","meta":[],"categories":[11],"tags":[],"acf":[],"yoast_head":"<!-- This site is optimized with the Yoast SEO plugin v20.10 - https:\/\/yoast.com\/wordpress\/plugins\/seo\/ -->\n<title>Sarna humana - Escabiose - Di\u00e1rio da Lagoa<\/title>\n<meta name=\"robots\" content=\"index, follow, max-snippet:-1, max-image-preview:large, max-video-preview:-1\" \/>\n<link rel=\"canonical\" href=\"https:\/\/diariodalagoa.pt\/en\/espaco-saude-sarna-humana-escabiose\/\" \/>\n<meta property=\"og:locale\" content=\"en_US\" \/>\n<meta property=\"og:type\" content=\"article\" \/>\n<meta property=\"og:title\" content=\"Sarna humana - Escabiose - Di\u00e1rio da Lagoa\" \/>\n<meta property=\"og:description\" content=\"\u00c9 mais frequente do que a popula\u00e7\u00e3o possa pensar a ocorr\u00eancia de casos de sarna. Embora n\u00e3o seja, propriamente, considerado um problema para a sa\u00fade p\u00fablica \u00e9 certo que causa morbilidade devido ao prurido intenso, infecciosidade elevada, surtos frequentes e persist\u00eancia dos sintomas por muitos dias. A sarna humana, conhecida na clinica por escabiose, \u00e9 [&hellip;]\" \/>\n<meta property=\"og:url\" content=\"https:\/\/diariodalagoa.pt\/en\/espaco-saude-sarna-humana-escabiose\/\" \/>\n<meta property=\"og:site_name\" content=\"Di\u00e1rio da Lagoa\" \/>\n<meta property=\"article:published_time\" content=\"2018-01-03T18:44:17+00:00\" \/>\n<meta property=\"og:image\" content=\"https:\/\/diariodalagoa.pt\/wp-content\/uploads\/2018\/01\/escabiose-imagem.jpg\" \/>\n\t<meta property=\"og:image:width\" content=\"960\" \/>\n\t<meta property=\"og:image:height\" content=\"477\" \/>\n\t<meta property=\"og:image:type\" content=\"image\/jpeg\" \/>\n<meta name=\"author\" content=\"Di\u00e1rio da Lagoa\" \/>\n<meta name=\"twitter:card\" content=\"summary_large_image\" \/>\n<meta name=\"twitter:label1\" content=\"Written by\" \/>\n\t<meta name=\"twitter:data1\" content=\"Di\u00e1rio da Lagoa\" \/>\n\t<meta name=\"twitter:label2\" content=\"Est. reading time\" \/>\n\t<meta name=\"twitter:data2\" content=\"4 minutes\" \/>\n<script type=\"application\/ld+json\" class=\"yoast-schema-graph\">{\"@context\":\"https:\/\/schema.org\",\"@graph\":[{\"@type\":\"WebPage\",\"@id\":\"https:\/\/diariodalagoa.pt\/espaco-saude-sarna-humana-escabiose\/\",\"url\":\"https:\/\/diariodalagoa.pt\/espaco-saude-sarna-humana-escabiose\/\",\"name\":\"Sarna humana - Escabiose - Di\u00e1rio da Lagoa\",\"isPartOf\":{\"@id\":\"https:\/\/diariodalagoa.pt\/#website\"},\"datePublished\":\"2018-01-03T18:44:17+00:00\",\"dateModified\":\"2018-01-03T18:44:17+00:00\",\"author\":{\"@id\":\"https:\/\/diariodalagoa.pt\/#\/schema\/person\/1615a002370e8857b6f972834bc43ece\"},\"breadcrumb\":{\"@id\":\"https:\/\/diariodalagoa.pt\/espaco-saude-sarna-humana-escabiose\/#breadcrumb\"},\"inLanguage\":\"en-US\",\"potentialAction\":[{\"@type\":\"ReadAction\",\"target\":[\"https:\/\/diariodalagoa.pt\/espaco-saude-sarna-humana-escabiose\/\"]}]},{\"@type\":\"BreadcrumbList\",\"@id\":\"https:\/\/diariodalagoa.pt\/espaco-saude-sarna-humana-escabiose\/#breadcrumb\",\"itemListElement\":[{\"@type\":\"ListItem\",\"position\":1,\"name\":\"In\u00edcio\",\"item\":\"https:\/\/diariodalagoa.pt\/\"},{\"@type\":\"ListItem\",\"position\":2,\"name\":\"Sarna humana &#8211; Escabiose\"}]},{\"@type\":\"WebSite\",\"@id\":\"https:\/\/diariodalagoa.pt\/#website\",\"url\":\"https:\/\/diariodalagoa.pt\/\",\"name\":\"Di\u00e1rio da Lagoa\",\"description\":\"Di\u00e1rio da Lagoa. As not\u00edcias que contam. A partir da Lagoa, nos A\u00e7ores, para o mundo.\",\"potentialAction\":[{\"@type\":\"SearchAction\",\"target\":{\"@type\":\"EntryPoint\",\"urlTemplate\":\"https:\/\/diariodalagoa.pt\/?s={search_term_string}\"},\"query-input\":\"required name=search_term_string\"}],\"inLanguage\":\"en-US\"},{\"@type\":\"Person\",\"@id\":\"https:\/\/diariodalagoa.pt\/#\/schema\/person\/1615a002370e8857b6f972834bc43ece\",\"name\":\"Di\u00e1rio da Lagoa\",\"image\":{\"@type\":\"ImageObject\",\"inLanguage\":\"en-US\",\"@id\":\"https:\/\/diariodalagoa.pt\/#\/schema\/person\/image\/\",\"url\":\"https:\/\/secure.gravatar.com\/avatar\/2cb5cef90a26f8fbd4d9d930608102c5?s=96&d=mm&r=g\",\"contentUrl\":\"https:\/\/secure.gravatar.com\/avatar\/2cb5cef90a26f8fbd4d9d930608102c5?s=96&d=mm&r=g\",\"caption\":\"Di\u00e1rio da Lagoa\"},\"url\":\"https:\/\/diariodalagoa.pt\/en\/author\/diariodalagoa\/\"}]}<\/script>\n<!-- \/ Yoast SEO plugin. -->","yoast_head_json":{"title":"Sarna humana - Escabiose - Di\u00e1rio da Lagoa","robots":{"index":"index","follow":"follow","max-snippet":"max-snippet:-1","max-image-preview":"max-image-preview:large","max-video-preview":"max-video-preview:-1"},"canonical":"https:\/\/diariodalagoa.pt\/en\/espaco-saude-sarna-humana-escabiose\/","og_locale":"en_US","og_type":"article","og_title":"Sarna humana - Escabiose - Di\u00e1rio da Lagoa","og_description":"\u00c9 mais frequente do que a popula\u00e7\u00e3o possa pensar a ocorr\u00eancia de casos de sarna. Embora n\u00e3o seja, propriamente, considerado um problema para a sa\u00fade p\u00fablica \u00e9 certo que causa morbilidade devido ao prurido intenso, infecciosidade elevada, surtos frequentes e persist\u00eancia dos sintomas por muitos dias. A sarna humana, conhecida na clinica por escabiose, \u00e9 [&hellip;]","og_url":"https:\/\/diariodalagoa.pt\/en\/espaco-saude-sarna-humana-escabiose\/","og_site_name":"Di\u00e1rio da Lagoa","article_published_time":"2018-01-03T18:44:17+00:00","og_image":[{"width":960,"height":477,"url":"https:\/\/diariodalagoa.pt\/wp-content\/uploads\/2018\/01\/escabiose-imagem.jpg","type":"image\/jpeg"}],"author":"Di\u00e1rio da Lagoa","twitter_card":"summary_large_image","twitter_misc":{"Written by":"Di\u00e1rio da Lagoa","Est. reading time":"4 minutes"},"schema":{"@context":"https:\/\/schema.org","@graph":[{"@type":"WebPage","@id":"https:\/\/diariodalagoa.pt\/espaco-saude-sarna-humana-escabiose\/","url":"https:\/\/diariodalagoa.pt\/espaco-saude-sarna-humana-escabiose\/","name":"Sarna humana - Escabiose - Di\u00e1rio da Lagoa","isPartOf":{"@id":"https:\/\/diariodalagoa.pt\/#website"},"datePublished":"2018-01-03T18:44:17+00:00","dateModified":"2018-01-03T18:44:17+00:00","author":{"@id":"https:\/\/diariodalagoa.pt\/#\/schema\/person\/1615a002370e8857b6f972834bc43ece"},"breadcrumb":{"@id":"https:\/\/diariodalagoa.pt\/espaco-saude-sarna-humana-escabiose\/#breadcrumb"},"inLanguage":"en-US","potentialAction":[{"@type":"ReadAction","target":["https:\/\/diariodalagoa.pt\/espaco-saude-sarna-humana-escabiose\/"]}]},{"@type":"BreadcrumbList","@id":"https:\/\/diariodalagoa.pt\/espaco-saude-sarna-humana-escabiose\/#breadcrumb","itemListElement":[{"@type":"ListItem","position":1,"name":"In\u00edcio","item":"https:\/\/diariodalagoa.pt\/"},{"@type":"ListItem","position":2,"name":"Sarna humana &#8211; Escabiose"}]},{"@type":"WebSite","@id":"https:\/\/diariodalagoa.pt\/#website","url":"https:\/\/diariodalagoa.pt\/","name":"Di\u00e1rio da Lagoa","description":"Di\u00e1rio da Lagoa. As not\u00edcias que contam. A partir da Lagoa, nos A\u00e7ores, para o mundo.","potentialAction":[{"@type":"SearchAction","target":{"@type":"EntryPoint","urlTemplate":"https:\/\/diariodalagoa.pt\/?s={search_term_string}"},"query-input":"required name=search_term_string"}],"inLanguage":"en-US"},{"@type":"Person","@id":"https:\/\/diariodalagoa.pt\/#\/schema\/person\/1615a002370e8857b6f972834bc43ece","name":"Di\u00e1rio da Lagoa","image":{"@type":"ImageObject","inLanguage":"en-US","@id":"https:\/\/diariodalagoa.pt\/#\/schema\/person\/image\/","url":"https:\/\/secure.gravatar.com\/avatar\/2cb5cef90a26f8fbd4d9d930608102c5?s=96&d=mm&r=g","contentUrl":"https:\/\/secure.gravatar.com\/avatar\/2cb5cef90a26f8fbd4d9d930608102c5?s=96&d=mm&r=g","caption":"Di\u00e1rio da Lagoa"},"url":"https:\/\/diariodalagoa.pt\/en\/author\/diariodalagoa\/"}]}},"_links":{"self":[{"href":"https:\/\/diariodalagoa.pt\/en\/wp-json\/wp\/v2\/posts\/55485"}],"collection":[{"href":"https:\/\/diariodalagoa.pt\/en\/wp-json\/wp\/v2\/posts"}],"about":[{"href":"https:\/\/diariodalagoa.pt\/en\/wp-json\/wp\/v2\/types\/post"}],"author":[{"embeddable":true,"href":"https:\/\/diariodalagoa.pt\/en\/wp-json\/wp\/v2\/users\/2"}],"replies":[{"embeddable":true,"href":"https:\/\/diariodalagoa.pt\/en\/wp-json\/wp\/v2\/comments?post=55485"}],"version-history":[{"count":0,"href":"https:\/\/diariodalagoa.pt\/en\/wp-json\/wp\/v2\/posts\/55485\/revisions"}],"wp:featuredmedia":[{"embeddable":true,"href":"https:\/\/diariodalagoa.pt\/en\/wp-json\/wp\/v2\/media\/110172"}],"wp:attachment":[{"href":"https:\/\/diariodalagoa.pt\/en\/wp-json\/wp\/v2\/media?parent=55485"}],"wp:term":[{"taxonomy":"category","embeddable":true,"href":"https:\/\/diariodalagoa.pt\/en\/wp-json\/wp\/v2\/categories?post=55485"},{"taxonomy":"post_tag","embeddable":true,"href":"https:\/\/diariodalagoa.pt\/en\/wp-json\/wp\/v2\/tags?post=55485"}],"curies":[{"name":"wp","href":"https:\/\/api.w.org\/{rel}","templated":true}]}}