{"id":5455,"date":"2014-06-11T17:20:46","date_gmt":"2014-06-11T18:20:46","guid":{"rendered":"http:\/\/diariodalagoa.pt\/?p=5455"},"modified":"2014-06-11T17:20:46","modified_gmt":"2014-06-11T18:20:46","slug":"secretaria-regional-da-solidariedade-social-apela-aos-jovens-para-que-sejam-mais-solidarios","status":"publish","type":"post","link":"https:\/\/diariodalagoa.pt\/en\/secretaria-regional-da-solidariedade-social-apela-aos-jovens-para-que-sejam-mais-solidarios\/","title":{"rendered":"Secret\u00e1ria Regional da Solidariedade Social apela aos jovens para que sejam mais solid\u00e1rios"},"content":{"rendered":"<p style=\"text-align: justify;\"><a href=\"http:\/\/diariodalagoa.pt\/wp-content\/uploads\/2014\/06\/Piedade-Lalanda-Fagunds-Duarete-escola-mais-solidaria.jpg\"><img decoding=\"async\" class=\"alignnone size-full wp-image-5456\" src=\"http:\/\/diariodalagoa.pt\/wp-content\/uploads\/2014\/06\/Piedade-Lalanda-Fagunds-Duarete-escola-mais-solidaria.jpg\" alt=\"Piedade -Lalanda-Fagunds-Duarete-escola-mais-solidaria\" width=\"720\" height=\"381\" \/><\/a><\/p>\n<p style=\"text-align: justify;\"><span style=\"color: rgb(0, 0, 0);\">A Secret\u00e1ria Regional da Solidariedade Social apelou aos jovens a\u00e7orianos para que sejam mais solid\u00e1rios, salientando que este \u00e9 um sinal do combate contra a indiferen\u00e7a.<\/span><\/p>\n<p style=\"text-align: justify;\">Piedade Lalanda, que falava na cerim\u00f3nia de entrega do pr\u00e9mio &#8216;Escola + Volunt\u00e1ria&#8217; aos alunos da Escola B\u00e1sica e Secund\u00e1ria Tom\u00e1s de Borba, considerou que estes\u00a0 jovens,\u00a0ao desenvolverem o projeto &#8216;Pintar as Estrelas&#8217; e ao implement\u00e1-lo no Servi\u00e7o de Pediatria do Hospital do Esp\u00edrito Santo da Ilha Terceira, \u201cmanifestaram precisamente essa vontade de melhorar a vida dos outros\u201d.<\/p>\n<p style=\"text-align: justify;\"><span style=\"color: rgb(0, 0, 0);\">A Secret\u00e1ria Regional recordou que o voluntariado \u00e9 exercido de forma \u201cdesinteressada\u201d,\u00a0defendendo que, na nossa sociedade e nos tempos que atravessamos, \u201c\u00e9 importante reavivar o esp\u00edrito da solidariedade na constru\u00e7\u00e3o do bem comum\u201d.<\/span><\/p>\n<p style=\"text-align: justify;\"><span style=\"color: rgb(0, 0, 0);\">Por seu lado, o\u00a0Secret\u00e1rio Regional da Educa\u00e7\u00e3o, Ci\u00eancia e Cultura, que tamb\u00e9m participou nesta cerim\u00f3nia, destacou a import\u00e2ncia destes projetos no \u00e2mbito da cidadania para \u201ca constru\u00e7\u00e3o de um mundo melhor para as atuais e futuras gera\u00e7\u00f5es\u201d.<\/span><\/p>\n<p style=\"text-align: justify;\"><span style=\"color: rgb(0, 0, 0);\">Luiz Fagundes Duarte referiu ainda que a atribui\u00e7\u00e3o do galard\u00e3o \u00e0 EBS Tom\u00e1s de Borba significa tamb\u00e9m \u201co reconhecimento do trabalho desenvolvido n\u00e3o s\u00f3 pelos alunos, mas tamb\u00e9m do pessoal docente e n\u00e3o docente na constru\u00e7\u00e3o de uma escola de qualidade\u201d.<\/span><\/p>\n<p style=\"text-align: justify;\"><span style=\"color: rgb(0, 0, 0);\">A Escola de Forma\u00e7\u00e3o Tur\u00edstica e Hoteleira de S. Miguel, uma das\u00a015 escolas que concorreram \u00e0 primeira edi\u00e7\u00e3o do programa &#8216;Escola + Volunt\u00e1ria&#8217;, foi galardoada nesta cerim\u00f3nia com uma men\u00e7\u00e3o honrosa.<\/span><\/p>\n<p style=\"text-align: justify;\"><span style=\"color: rgb(0, 0, 0);\">O programa &#8216;Escola + Volunt\u00e1ria&#8217;, desenvolvido em parceria pelas secretarias regionais da Solidariedade Social e da Educa\u00e7\u00e3o, Ci\u00eancia e Cultura, tem um car\u00e1ter anual e pretende reconhecer e valorizar os projetos que promovam a\u00e7\u00f5es de voluntariado em ambiente escolar<\/span><\/p>\n<p style=\"text-align: justify;\"><span style=\"color: rgb(0, 0, 0);\"><em>DL\/Gacs<\/em><\/span><\/p>","protected":false},"excerpt":{"rendered":"<p>A Secret\u00e1ria Regional da Solidariedade Social apelou aos jovens a\u00e7orianos para que sejam mais solid\u00e1rios, salientando que este \u00e9 um sinal do combate contra a indiferen\u00e7a. Piedade Lalanda, que falava na cerim\u00f3nia de entrega do pr\u00e9mio &#8216;Escola + Volunt\u00e1ria&#8217; aos alunos da Escola B\u00e1sica e Secund\u00e1ria Tom\u00e1s de Borba, considerou que estes\u00a0 jovens,\u00a0ao desenvolverem o [&hellip;]<\/p>","protected":false},"author":2,"featured_media":121984,"comment_status":"open","ping_status":"open","sticky":false,"template":"","format":"standard","meta":[],"categories":[21],"tags":[],"acf":[],"yoast_head":"<!-- This site is optimized with the Yoast SEO plugin v20.10 - https:\/\/yoast.com\/wordpress\/plugins\/seo\/ -->\n<title>Secret\u00e1ria Regional da Solidariedade Social apela aos jovens para que sejam mais solid\u00e1rios - Di\u00e1rio da Lagoa<\/title>\n<meta name=\"robots\" content=\"index, follow, max-snippet:-1, max-image-preview:large, max-video-preview:-1\" \/>\n<link rel=\"canonical\" href=\"https:\/\/diariodalagoa.pt\/en\/secretaria-regional-da-solidariedade-social-apela-aos-jovens-para-que-sejam-mais-solidarios\/\" \/>\n<meta property=\"og:locale\" content=\"en_US\" \/>\n<meta property=\"og:type\" content=\"article\" \/>\n<meta property=\"og:title\" content=\"Secret\u00e1ria Regional da Solidariedade Social apela aos jovens para que sejam mais solid\u00e1rios - Di\u00e1rio da Lagoa\" \/>\n<meta property=\"og:description\" content=\"A Secret\u00e1ria Regional da Solidariedade Social apelou aos jovens a\u00e7orianos para que sejam mais solid\u00e1rios, salientando que este \u00e9 um sinal do combate contra a indiferen\u00e7a. Piedade Lalanda, que falava na cerim\u00f3nia de entrega do pr\u00e9mio &#8216;Escola + Volunt\u00e1ria&#8217; aos alunos da Escola B\u00e1sica e Secund\u00e1ria Tom\u00e1s de Borba, considerou que estes\u00a0 jovens,\u00a0ao desenvolverem o [&hellip;]\" \/>\n<meta property=\"og:url\" content=\"https:\/\/diariodalagoa.pt\/en\/secretaria-regional-da-solidariedade-social-apela-aos-jovens-para-que-sejam-mais-solidarios\/\" \/>\n<meta property=\"og:site_name\" content=\"Di\u00e1rio da Lagoa\" \/>\n<meta property=\"article:published_time\" content=\"2014-06-11T18:20:46+00:00\" \/>\n<meta property=\"og:image\" content=\"https:\/\/diariodalagoa.pt\/wp-content\/uploads\/2014\/06\/piedade-lalanda-fagunds-duarete-escola-mais-solidaria.jpg\" \/>\n\t<meta property=\"og:image:width\" content=\"720\" \/>\n\t<meta property=\"og:image:height\" content=\"381\" \/>\n\t<meta property=\"og:image:type\" content=\"image\/jpeg\" \/>\n<meta name=\"author\" content=\"Di\u00e1rio da Lagoa\" \/>\n<meta name=\"twitter:card\" content=\"summary_large_image\" \/>\n<meta name=\"twitter:label1\" content=\"Written by\" \/>\n\t<meta name=\"twitter:data1\" content=\"Di\u00e1rio da Lagoa\" \/>\n\t<meta name=\"twitter:label2\" content=\"Est. reading time\" \/>\n\t<meta name=\"twitter:data2\" content=\"2 minutes\" \/>\n<script type=\"application\/ld+json\" class=\"yoast-schema-graph\">{\"@context\":\"https:\/\/schema.org\",\"@graph\":[{\"@type\":\"WebPage\",\"@id\":\"https:\/\/diariodalagoa.pt\/secretaria-regional-da-solidariedade-social-apela-aos-jovens-para-que-sejam-mais-solidarios\/\",\"url\":\"https:\/\/diariodalagoa.pt\/secretaria-regional-da-solidariedade-social-apela-aos-jovens-para-que-sejam-mais-solidarios\/\",\"name\":\"Secret\u00e1ria Regional da Solidariedade Social apela aos jovens para que sejam mais solid\u00e1rios - Di\u00e1rio da Lagoa\",\"isPartOf\":{\"@id\":\"https:\/\/diariodalagoa.pt\/#website\"},\"datePublished\":\"2014-06-11T18:20:46+00:00\",\"dateModified\":\"2014-06-11T18:20:46+00:00\",\"author\":{\"@id\":\"https:\/\/diariodalagoa.pt\/#\/schema\/person\/1615a002370e8857b6f972834bc43ece\"},\"breadcrumb\":{\"@id\":\"https:\/\/diariodalagoa.pt\/secretaria-regional-da-solidariedade-social-apela-aos-jovens-para-que-sejam-mais-solidarios\/#breadcrumb\"},\"inLanguage\":\"en-US\",\"potentialAction\":[{\"@type\":\"ReadAction\",\"target\":[\"https:\/\/diariodalagoa.pt\/secretaria-regional-da-solidariedade-social-apela-aos-jovens-para-que-sejam-mais-solidarios\/\"]}]},{\"@type\":\"BreadcrumbList\",\"@id\":\"https:\/\/diariodalagoa.pt\/secretaria-regional-da-solidariedade-social-apela-aos-jovens-para-que-sejam-mais-solidarios\/#breadcrumb\",\"itemListElement\":[{\"@type\":\"ListItem\",\"position\":1,\"name\":\"In\u00edcio\",\"item\":\"https:\/\/diariodalagoa.pt\/\"},{\"@type\":\"ListItem\",\"position\":2,\"name\":\"Secret\u00e1ria Regional da Solidariedade Social apela aos jovens para que sejam mais solid\u00e1rios\"}]},{\"@type\":\"WebSite\",\"@id\":\"https:\/\/diariodalagoa.pt\/#website\",\"url\":\"https:\/\/diariodalagoa.pt\/\",\"name\":\"Di\u00e1rio da Lagoa\",\"description\":\"Di\u00e1rio da Lagoa. As not\u00edcias que contam. A partir da Lagoa, nos A\u00e7ores, para o mundo.\",\"potentialAction\":[{\"@type\":\"SearchAction\",\"target\":{\"@type\":\"EntryPoint\",\"urlTemplate\":\"https:\/\/diariodalagoa.pt\/?s={search_term_string}\"},\"query-input\":\"required name=search_term_string\"}],\"inLanguage\":\"en-US\"},{\"@type\":\"Person\",\"@id\":\"https:\/\/diariodalagoa.pt\/#\/schema\/person\/1615a002370e8857b6f972834bc43ece\",\"name\":\"Di\u00e1rio da Lagoa\",\"image\":{\"@type\":\"ImageObject\",\"inLanguage\":\"en-US\",\"@id\":\"https:\/\/diariodalagoa.pt\/#\/schema\/person\/image\/\",\"url\":\"https:\/\/secure.gravatar.com\/avatar\/2cb5cef90a26f8fbd4d9d930608102c5?s=96&d=mm&r=g\",\"contentUrl\":\"https:\/\/secure.gravatar.com\/avatar\/2cb5cef90a26f8fbd4d9d930608102c5?s=96&d=mm&r=g\",\"caption\":\"Di\u00e1rio da Lagoa\"},\"url\":\"https:\/\/diariodalagoa.pt\/en\/author\/diariodalagoa\/\"}]}<\/script>\n<!-- \/ Yoast SEO plugin. -->","yoast_head_json":{"title":"Secret\u00e1ria Regional da Solidariedade Social apela aos jovens para que sejam mais solid\u00e1rios - Di\u00e1rio da Lagoa","robots":{"index":"index","follow":"follow","max-snippet":"max-snippet:-1","max-image-preview":"max-image-preview:large","max-video-preview":"max-video-preview:-1"},"canonical":"https:\/\/diariodalagoa.pt\/en\/secretaria-regional-da-solidariedade-social-apela-aos-jovens-para-que-sejam-mais-solidarios\/","og_locale":"en_US","og_type":"article","og_title":"Secret\u00e1ria Regional da Solidariedade Social apela aos jovens para que sejam mais solid\u00e1rios - Di\u00e1rio da Lagoa","og_description":"A Secret\u00e1ria Regional da Solidariedade Social apelou aos jovens a\u00e7orianos para que sejam mais solid\u00e1rios, salientando que este \u00e9 um sinal do combate contra a indiferen\u00e7a. Piedade Lalanda, que falava na cerim\u00f3nia de entrega do pr\u00e9mio &#8216;Escola + Volunt\u00e1ria&#8217; aos alunos da Escola B\u00e1sica e Secund\u00e1ria Tom\u00e1s de Borba, considerou que estes\u00a0 jovens,\u00a0ao desenvolverem o [&hellip;]","og_url":"https:\/\/diariodalagoa.pt\/en\/secretaria-regional-da-solidariedade-social-apela-aos-jovens-para-que-sejam-mais-solidarios\/","og_site_name":"Di\u00e1rio da Lagoa","article_published_time":"2014-06-11T18:20:46+00:00","og_image":[{"width":720,"height":381,"url":"https:\/\/diariodalagoa.pt\/wp-content\/uploads\/2014\/06\/piedade-lalanda-fagunds-duarete-escola-mais-solidaria.jpg","type":"image\/jpeg"}],"author":"Di\u00e1rio da Lagoa","twitter_card":"summary_large_image","twitter_misc":{"Written by":"Di\u00e1rio da Lagoa","Est. reading time":"2 minutes"},"schema":{"@context":"https:\/\/schema.org","@graph":[{"@type":"WebPage","@id":"https:\/\/diariodalagoa.pt\/secretaria-regional-da-solidariedade-social-apela-aos-jovens-para-que-sejam-mais-solidarios\/","url":"https:\/\/diariodalagoa.pt\/secretaria-regional-da-solidariedade-social-apela-aos-jovens-para-que-sejam-mais-solidarios\/","name":"Secret\u00e1ria Regional da Solidariedade Social apela aos jovens para que sejam mais solid\u00e1rios - Di\u00e1rio da Lagoa","isPartOf":{"@id":"https:\/\/diariodalagoa.pt\/#website"},"datePublished":"2014-06-11T18:20:46+00:00","dateModified":"2014-06-11T18:20:46+00:00","author":{"@id":"https:\/\/diariodalagoa.pt\/#\/schema\/person\/1615a002370e8857b6f972834bc43ece"},"breadcrumb":{"@id":"https:\/\/diariodalagoa.pt\/secretaria-regional-da-solidariedade-social-apela-aos-jovens-para-que-sejam-mais-solidarios\/#breadcrumb"},"inLanguage":"en-US","potentialAction":[{"@type":"ReadAction","target":["https:\/\/diariodalagoa.pt\/secretaria-regional-da-solidariedade-social-apela-aos-jovens-para-que-sejam-mais-solidarios\/"]}]},{"@type":"BreadcrumbList","@id":"https:\/\/diariodalagoa.pt\/secretaria-regional-da-solidariedade-social-apela-aos-jovens-para-que-sejam-mais-solidarios\/#breadcrumb","itemListElement":[{"@type":"ListItem","position":1,"name":"In\u00edcio","item":"https:\/\/diariodalagoa.pt\/"},{"@type":"ListItem","position":2,"name":"Secret\u00e1ria Regional da Solidariedade Social apela aos jovens para que sejam mais solid\u00e1rios"}]},{"@type":"WebSite","@id":"https:\/\/diariodalagoa.pt\/#website","url":"https:\/\/diariodalagoa.pt\/","name":"Di\u00e1rio da Lagoa","description":"Di\u00e1rio da Lagoa. As not\u00edcias que contam. A partir da Lagoa, nos A\u00e7ores, para o mundo.","potentialAction":[{"@type":"SearchAction","target":{"@type":"EntryPoint","urlTemplate":"https:\/\/diariodalagoa.pt\/?s={search_term_string}"},"query-input":"required name=search_term_string"}],"inLanguage":"en-US"},{"@type":"Person","@id":"https:\/\/diariodalagoa.pt\/#\/schema\/person\/1615a002370e8857b6f972834bc43ece","name":"Di\u00e1rio da Lagoa","image":{"@type":"ImageObject","inLanguage":"en-US","@id":"https:\/\/diariodalagoa.pt\/#\/schema\/person\/image\/","url":"https:\/\/secure.gravatar.com\/avatar\/2cb5cef90a26f8fbd4d9d930608102c5?s=96&d=mm&r=g","contentUrl":"https:\/\/secure.gravatar.com\/avatar\/2cb5cef90a26f8fbd4d9d930608102c5?s=96&d=mm&r=g","caption":"Di\u00e1rio da Lagoa"},"url":"https:\/\/diariodalagoa.pt\/en\/author\/diariodalagoa\/"}]}},"_links":{"self":[{"href":"https:\/\/diariodalagoa.pt\/en\/wp-json\/wp\/v2\/posts\/5455"}],"collection":[{"href":"https:\/\/diariodalagoa.pt\/en\/wp-json\/wp\/v2\/posts"}],"about":[{"href":"https:\/\/diariodalagoa.pt\/en\/wp-json\/wp\/v2\/types\/post"}],"author":[{"embeddable":true,"href":"https:\/\/diariodalagoa.pt\/en\/wp-json\/wp\/v2\/users\/2"}],"replies":[{"embeddable":true,"href":"https:\/\/diariodalagoa.pt\/en\/wp-json\/wp\/v2\/comments?post=5455"}],"version-history":[{"count":0,"href":"https:\/\/diariodalagoa.pt\/en\/wp-json\/wp\/v2\/posts\/5455\/revisions"}],"wp:featuredmedia":[{"embeddable":true,"href":"https:\/\/diariodalagoa.pt\/en\/wp-json\/wp\/v2\/media\/121984"}],"wp:attachment":[{"href":"https:\/\/diariodalagoa.pt\/en\/wp-json\/wp\/v2\/media?parent=5455"}],"wp:term":[{"taxonomy":"category","embeddable":true,"href":"https:\/\/diariodalagoa.pt\/en\/wp-json\/wp\/v2\/categories?post=5455"},{"taxonomy":"post_tag","embeddable":true,"href":"https:\/\/diariodalagoa.pt\/en\/wp-json\/wp\/v2\/tags?post=5455"}],"curies":[{"name":"wp","href":"https:\/\/api.w.org\/{rel}","templated":true}]}}