{"id":5316,"date":"2014-06-07T21:43:10","date_gmt":"2014-06-07T21:43:10","guid":{"rendered":"http:\/\/diariodalagoa.pt\/?p=5316"},"modified":"2025-06-10T22:53:02","modified_gmt":"2025-06-10T22:53:02","slug":"lagoa-recebeu-limpeza-subaquatica-e-da-orla-costeira","status":"publish","type":"post","link":"https:\/\/diariodalagoa.pt\/en\/lagoa-recebeu-limpeza-subaquatica-e-da-orla-costeira\/","title":{"rendered":"Lagoa recebeu limpeza subaqu\u00e1tica e da orla costeira"},"content":{"rendered":"<p style=\"text-align: justify;\"><a href=\"http:\/\/diariodalagoa.pt\/wp-content\/uploads\/2014\/06\/Limpeza-subaquatica-Lagoa.jpg\"><img decoding=\"async\" class=\"alignnone size-full wp-image-5318\" src=\"http:\/\/diariodalagoa.pt\/wp-content\/uploads\/2014\/06\/Limpeza-subaquatica-Lagoa.jpg\" alt=\"Limpeza-subaquatica-Lagoa\" width=\"720\" height=\"378\" \/><\/a><\/p>\n<p style=\"text-align: justify;\"><span style=\"color: #000000;\">A C\u00e2mara Municipal de Lagoa realizou mais uma a\u00e7\u00e3o de sensibiliza\u00e7\u00e3o ambiental, nomeadamente uma a\u00e7\u00e3o de limpeza da orla costeira e subaqu\u00e1tica do concelho de Lagoa.<\/span><\/p>\n<p style=\"text-align: justify;\"><span style=\"color: #000000;\">Segundo Ver\u00f3nica Almeida, esta iniciativa insere-se na pol\u00edtica estrat\u00e9gica levada a cabo pelo executivo camar\u00e1rio, em mat\u00e9ria de ambiente principalmente no que respeita \u00e0s limpezas junto \u00e0 orla costeira lagoense, uma das mais bonitas dos A\u00e7ores.<\/span><\/p>\n<p style=\"text-align: justify;\"><span style=\"color: #000000;\">\u00c0 semelhan\u00e7a do que vem sucedendo nos \u00faltimos anos, os lagoenses voltaram a juntar-se em prol da defesa e preserva\u00e7\u00e3o do ambiente, numa a\u00e7\u00e3o parceira desenvolvida pelo CEFAL, CALAG e Clube N\u00e1utico, contando com o apoio da C\u00e2mara Municipal e de diversas colabora\u00e7\u00f5es e parcerias.<\/span><\/p>\n<p style=\"text-align: justify;\"><span style=\"color: #000000;\">A adjunta da presid\u00eancia da autarquia lagoense, em declara\u00e7\u00f5es ao jornal Di\u00e1rio da Lagoa, destacou a import\u00e2ncia do envolvimento da crian\u00e7as nestas a\u00e7\u00f5es, sendo que, segundo referiu, \u201cserem as crian\u00e7as a realizarem estas a\u00e7\u00f5es, \u00e9 pensar no futuro\u201d.<\/span><\/p>\n<p style=\"text-align: justify;\"><span style=\"color: #000000;\">Ver\u00f3nica Almeida adiantou que as crian\u00e7as s\u00e3o os que ir\u00e3o desenvolver a sociedade no futuro, e ser\u00e3o eles que ir\u00e3o transmitir os atuais valores.<\/span><\/p>\n<p style=\"text-align: justify;\"><span style=\"color: #000000;\">Por seu turno, Gilberto Vieira, o presidente da Junta de Freguesia do Ros\u00e1rio, considerou que se trata duma a\u00e7\u00e3o importante de sensibiliza\u00e7\u00e3o, para que as pessoas o possam fazer no seu dia-a-dia e em suas casas, pensando igualmente no futuro.<\/span><\/p>\n<p style=\"text-align: justify;\"><span style=\"color: #000000;\">Al\u00e9m da limpeza realizada, tiveram lugar outras atividades, destinadas aos mais novos, designadamente com pinturas faciais e um atelier de instrumentos musicais, promovido pelos alunos do curso de Anima\u00e7\u00e3o S\u00f3cio Cultural da Escola Secund\u00e1ria de Lagoa.<\/span><\/p>\n<p style=\"text-align: justify;\"><span style=\"color: #000000;\">O Porto dos Carneiros e as Piscinas Municipais de Lagoa acolheram ainda a exposi\u00e7\u00e3o fotogr\u00e1fica \u201cLagoa debaixo e fora de \u00e1gua\u201d de Nelson Raposo, constitu\u00edda por vinte fotos, dividindo-se em duas partes: uma primeira divulgando a potencialidade e biodiversidade existente da marinha existente na zona, sendo esta exposta nas Piscinas da Lagoa e a segunda parte homenageando a faina da pesca, que ficar\u00e1 exposta no Porto dos Carneiros.<\/span><\/p>\n<p style=\"text-align: justify;\"><span style=\"color: #000000;\">Houve ainda espa\u00e7o para um atelier de reutiliza\u00e7\u00e3o de res\u00edduos e materiais com Tiago Apolin\u00e1rio e a pintura de um painel pelo jovem Jos\u00e9 Pacheco.<\/span><\/p>\n<p style=\"text-align: justify;\"><span style=\"color: #000000;\"><em>DL<\/em><\/span><\/p>\n<p style=\"text-align: justify;\"><a href=\"https:\/\/www.facebook.com\/media\/set\/?set=a.245366748993540.1073741842.206053229591559&amp;type=1\" target=\"_blank\" rel=\"noopener\"><strong>Veja as fotos AQUI.<\/strong><\/a><\/p>","protected":false},"excerpt":{"rendered":"<p>A C\u00e2mara Municipal de Lagoa realizou mais uma a\u00e7\u00e3o de sensibiliza\u00e7\u00e3o ambiental, nomeadamente uma a\u00e7\u00e3o de limpeza da orla costeira e subaqu\u00e1tica do concelho de Lagoa. Segundo Ver\u00f3nica Almeida, esta iniciativa insere-se na pol\u00edtica estrat\u00e9gica levada a cabo pelo executivo camar\u00e1rio, em mat\u00e9ria de ambiente principalmente no que respeita \u00e0s limpezas junto \u00e0 orla costeira [&hellip;]<\/p>","protected":false},"author":2,"featured_media":113359,"comment_status":"open","ping_status":"open","sticky":false,"template":"","format":"standard","meta":[],"categories":[21],"tags":[],"acf":[],"yoast_head":"<!-- This site is optimized with the Yoast SEO plugin v20.10 - https:\/\/yoast.com\/wordpress\/plugins\/seo\/ -->\n<title>Lagoa recebeu limpeza subaqu\u00e1tica e da orla costeira - Di\u00e1rio da Lagoa<\/title>\n<meta name=\"robots\" content=\"index, follow, max-snippet:-1, max-image-preview:large, max-video-preview:-1\" \/>\n<link rel=\"canonical\" href=\"https:\/\/diariodalagoa.pt\/en\/lagoa-recebeu-limpeza-subaquatica-e-da-orla-costeira\/\" \/>\n<meta property=\"og:locale\" content=\"en_US\" \/>\n<meta property=\"og:type\" content=\"article\" \/>\n<meta property=\"og:title\" content=\"Lagoa recebeu limpeza subaqu\u00e1tica e da orla costeira - Di\u00e1rio da Lagoa\" \/>\n<meta property=\"og:description\" content=\"A C\u00e2mara Municipal de Lagoa realizou mais uma a\u00e7\u00e3o de sensibiliza\u00e7\u00e3o ambiental, nomeadamente uma a\u00e7\u00e3o de limpeza da orla costeira e subaqu\u00e1tica do concelho de Lagoa. Segundo Ver\u00f3nica Almeida, esta iniciativa insere-se na pol\u00edtica estrat\u00e9gica levada a cabo pelo executivo camar\u00e1rio, em mat\u00e9ria de ambiente principalmente no que respeita \u00e0s limpezas junto \u00e0 orla costeira [&hellip;]\" \/>\n<meta property=\"og:url\" content=\"https:\/\/diariodalagoa.pt\/en\/lagoa-recebeu-limpeza-subaquatica-e-da-orla-costeira\/\" \/>\n<meta property=\"og:site_name\" content=\"Di\u00e1rio da Lagoa\" \/>\n<meta property=\"article:published_time\" content=\"2014-06-07T21:43:10+00:00\" \/>\n<meta property=\"article:modified_time\" content=\"2025-06-10T22:53:02+00:00\" \/>\n<meta property=\"og:image\" content=\"https:\/\/diariodalagoa.pt\/wp-content\/uploads\/2014\/06\/limpeza-orla-costeira-lagoa.jpg\" \/>\n\t<meta property=\"og:image:width\" content=\"720\" \/>\n\t<meta property=\"og:image:height\" content=\"383\" \/>\n\t<meta property=\"og:image:type\" content=\"image\/jpeg\" \/>\n<meta name=\"author\" content=\"Di\u00e1rio da Lagoa\" \/>\n<meta name=\"twitter:card\" content=\"summary_large_image\" \/>\n<meta name=\"twitter:label1\" content=\"Written by\" \/>\n\t<meta name=\"twitter:data1\" content=\"Di\u00e1rio da Lagoa\" \/>\n\t<meta name=\"twitter:label2\" content=\"Est. reading time\" \/>\n\t<meta name=\"twitter:data2\" content=\"2 minutes\" \/>\n<script type=\"application\/ld+json\" class=\"yoast-schema-graph\">{\"@context\":\"https:\/\/schema.org\",\"@graph\":[{\"@type\":\"WebPage\",\"@id\":\"https:\/\/diariodalagoa.pt\/lagoa-recebeu-limpeza-subaquatica-e-da-orla-costeira\/\",\"url\":\"https:\/\/diariodalagoa.pt\/lagoa-recebeu-limpeza-subaquatica-e-da-orla-costeira\/\",\"name\":\"Lagoa recebeu limpeza subaqu\u00e1tica e da orla costeira - Di\u00e1rio da Lagoa\",\"isPartOf\":{\"@id\":\"https:\/\/diariodalagoa.pt\/#website\"},\"datePublished\":\"2014-06-07T21:43:10+00:00\",\"dateModified\":\"2025-06-10T22:53:02+00:00\",\"author\":{\"@id\":\"https:\/\/diariodalagoa.pt\/#\/schema\/person\/1615a002370e8857b6f972834bc43ece\"},\"breadcrumb\":{\"@id\":\"https:\/\/diariodalagoa.pt\/lagoa-recebeu-limpeza-subaquatica-e-da-orla-costeira\/#breadcrumb\"},\"inLanguage\":\"en-US\",\"potentialAction\":[{\"@type\":\"ReadAction\",\"target\":[\"https:\/\/diariodalagoa.pt\/lagoa-recebeu-limpeza-subaquatica-e-da-orla-costeira\/\"]}]},{\"@type\":\"BreadcrumbList\",\"@id\":\"https:\/\/diariodalagoa.pt\/lagoa-recebeu-limpeza-subaquatica-e-da-orla-costeira\/#breadcrumb\",\"itemListElement\":[{\"@type\":\"ListItem\",\"position\":1,\"name\":\"In\u00edcio\",\"item\":\"https:\/\/diariodalagoa.pt\/\"},{\"@type\":\"ListItem\",\"position\":2,\"name\":\"Lagoa recebeu limpeza subaqu\u00e1tica e da orla costeira\"}]},{\"@type\":\"WebSite\",\"@id\":\"https:\/\/diariodalagoa.pt\/#website\",\"url\":\"https:\/\/diariodalagoa.pt\/\",\"name\":\"Di\u00e1rio da Lagoa\",\"description\":\"Di\u00e1rio da Lagoa. As not\u00edcias que contam. A partir da Lagoa, nos A\u00e7ores, para o mundo.\",\"potentialAction\":[{\"@type\":\"SearchAction\",\"target\":{\"@type\":\"EntryPoint\",\"urlTemplate\":\"https:\/\/diariodalagoa.pt\/?s={search_term_string}\"},\"query-input\":\"required name=search_term_string\"}],\"inLanguage\":\"en-US\"},{\"@type\":\"Person\",\"@id\":\"https:\/\/diariodalagoa.pt\/#\/schema\/person\/1615a002370e8857b6f972834bc43ece\",\"name\":\"Di\u00e1rio da Lagoa\",\"image\":{\"@type\":\"ImageObject\",\"inLanguage\":\"en-US\",\"@id\":\"https:\/\/diariodalagoa.pt\/#\/schema\/person\/image\/\",\"url\":\"https:\/\/secure.gravatar.com\/avatar\/2cb5cef90a26f8fbd4d9d930608102c5?s=96&d=mm&r=g\",\"contentUrl\":\"https:\/\/secure.gravatar.com\/avatar\/2cb5cef90a26f8fbd4d9d930608102c5?s=96&d=mm&r=g\",\"caption\":\"Di\u00e1rio da Lagoa\"},\"url\":\"https:\/\/diariodalagoa.pt\/en\/author\/diariodalagoa\/\"}]}<\/script>\n<!-- \/ Yoast SEO plugin. -->","yoast_head_json":{"title":"Lagoa recebeu limpeza subaqu\u00e1tica e da orla costeira - Di\u00e1rio da Lagoa","robots":{"index":"index","follow":"follow","max-snippet":"max-snippet:-1","max-image-preview":"max-image-preview:large","max-video-preview":"max-video-preview:-1"},"canonical":"https:\/\/diariodalagoa.pt\/en\/lagoa-recebeu-limpeza-subaquatica-e-da-orla-costeira\/","og_locale":"en_US","og_type":"article","og_title":"Lagoa recebeu limpeza subaqu\u00e1tica e da orla costeira - Di\u00e1rio da Lagoa","og_description":"A C\u00e2mara Municipal de Lagoa realizou mais uma a\u00e7\u00e3o de sensibiliza\u00e7\u00e3o ambiental, nomeadamente uma a\u00e7\u00e3o de limpeza da orla costeira e subaqu\u00e1tica do concelho de Lagoa. Segundo Ver\u00f3nica Almeida, esta iniciativa insere-se na pol\u00edtica estrat\u00e9gica levada a cabo pelo executivo camar\u00e1rio, em mat\u00e9ria de ambiente principalmente no que respeita \u00e0s limpezas junto \u00e0 orla costeira [&hellip;]","og_url":"https:\/\/diariodalagoa.pt\/en\/lagoa-recebeu-limpeza-subaquatica-e-da-orla-costeira\/","og_site_name":"Di\u00e1rio da Lagoa","article_published_time":"2014-06-07T21:43:10+00:00","article_modified_time":"2025-06-10T22:53:02+00:00","og_image":[{"width":720,"height":383,"url":"https:\/\/diariodalagoa.pt\/wp-content\/uploads\/2014\/06\/limpeza-orla-costeira-lagoa.jpg","type":"image\/jpeg"}],"author":"Di\u00e1rio da Lagoa","twitter_card":"summary_large_image","twitter_misc":{"Written by":"Di\u00e1rio da Lagoa","Est. reading time":"2 minutes"},"schema":{"@context":"https:\/\/schema.org","@graph":[{"@type":"WebPage","@id":"https:\/\/diariodalagoa.pt\/lagoa-recebeu-limpeza-subaquatica-e-da-orla-costeira\/","url":"https:\/\/diariodalagoa.pt\/lagoa-recebeu-limpeza-subaquatica-e-da-orla-costeira\/","name":"Lagoa recebeu limpeza subaqu\u00e1tica e da orla costeira - Di\u00e1rio da Lagoa","isPartOf":{"@id":"https:\/\/diariodalagoa.pt\/#website"},"datePublished":"2014-06-07T21:43:10+00:00","dateModified":"2025-06-10T22:53:02+00:00","author":{"@id":"https:\/\/diariodalagoa.pt\/#\/schema\/person\/1615a002370e8857b6f972834bc43ece"},"breadcrumb":{"@id":"https:\/\/diariodalagoa.pt\/lagoa-recebeu-limpeza-subaquatica-e-da-orla-costeira\/#breadcrumb"},"inLanguage":"en-US","potentialAction":[{"@type":"ReadAction","target":["https:\/\/diariodalagoa.pt\/lagoa-recebeu-limpeza-subaquatica-e-da-orla-costeira\/"]}]},{"@type":"BreadcrumbList","@id":"https:\/\/diariodalagoa.pt\/lagoa-recebeu-limpeza-subaquatica-e-da-orla-costeira\/#breadcrumb","itemListElement":[{"@type":"ListItem","position":1,"name":"In\u00edcio","item":"https:\/\/diariodalagoa.pt\/"},{"@type":"ListItem","position":2,"name":"Lagoa recebeu limpeza subaqu\u00e1tica e da orla costeira"}]},{"@type":"WebSite","@id":"https:\/\/diariodalagoa.pt\/#website","url":"https:\/\/diariodalagoa.pt\/","name":"Di\u00e1rio da Lagoa","description":"Di\u00e1rio da Lagoa. As not\u00edcias que contam. A partir da Lagoa, nos A\u00e7ores, para o mundo.","potentialAction":[{"@type":"SearchAction","target":{"@type":"EntryPoint","urlTemplate":"https:\/\/diariodalagoa.pt\/?s={search_term_string}"},"query-input":"required name=search_term_string"}],"inLanguage":"en-US"},{"@type":"Person","@id":"https:\/\/diariodalagoa.pt\/#\/schema\/person\/1615a002370e8857b6f972834bc43ece","name":"Di\u00e1rio da Lagoa","image":{"@type":"ImageObject","inLanguage":"en-US","@id":"https:\/\/diariodalagoa.pt\/#\/schema\/person\/image\/","url":"https:\/\/secure.gravatar.com\/avatar\/2cb5cef90a26f8fbd4d9d930608102c5?s=96&d=mm&r=g","contentUrl":"https:\/\/secure.gravatar.com\/avatar\/2cb5cef90a26f8fbd4d9d930608102c5?s=96&d=mm&r=g","caption":"Di\u00e1rio da Lagoa"},"url":"https:\/\/diariodalagoa.pt\/en\/author\/diariodalagoa\/"}]}},"_links":{"self":[{"href":"https:\/\/diariodalagoa.pt\/en\/wp-json\/wp\/v2\/posts\/5316"}],"collection":[{"href":"https:\/\/diariodalagoa.pt\/en\/wp-json\/wp\/v2\/posts"}],"about":[{"href":"https:\/\/diariodalagoa.pt\/en\/wp-json\/wp\/v2\/types\/post"}],"author":[{"embeddable":true,"href":"https:\/\/diariodalagoa.pt\/en\/wp-json\/wp\/v2\/users\/2"}],"replies":[{"embeddable":true,"href":"https:\/\/diariodalagoa.pt\/en\/wp-json\/wp\/v2\/comments?post=5316"}],"version-history":[{"count":1,"href":"https:\/\/diariodalagoa.pt\/en\/wp-json\/wp\/v2\/posts\/5316\/revisions"}],"predecessor-version":[{"id":152833,"href":"https:\/\/diariodalagoa.pt\/en\/wp-json\/wp\/v2\/posts\/5316\/revisions\/152833"}],"wp:featuredmedia":[{"embeddable":true,"href":"https:\/\/diariodalagoa.pt\/en\/wp-json\/wp\/v2\/media\/113359"}],"wp:attachment":[{"href":"https:\/\/diariodalagoa.pt\/en\/wp-json\/wp\/v2\/media?parent=5316"}],"wp:term":[{"taxonomy":"category","embeddable":true,"href":"https:\/\/diariodalagoa.pt\/en\/wp-json\/wp\/v2\/categories?post=5316"},{"taxonomy":"post_tag","embeddable":true,"href":"https:\/\/diariodalagoa.pt\/en\/wp-json\/wp\/v2\/tags?post=5316"}],"curies":[{"name":"wp","href":"https:\/\/api.w.org\/{rel}","templated":true}]}}