{"id":5230,"date":"2014-06-05T16:27:08","date_gmt":"2014-06-05T17:27:08","guid":{"rendered":"http:\/\/diariodalagoa.pt\/?p=5230"},"modified":"2014-06-05T16:27:08","modified_gmt":"2014-06-05T17:27:08","slug":"parecer-de-vasco-cordeiro-aprovado-por-expressiva-maioria-na-comissao-de-recursos-naturais-do-comite-das-regioes","status":"publish","type":"post","link":"https:\/\/diariodalagoa.pt\/en\/parecer-de-vasco-cordeiro-aprovado-por-expressiva-maioria-na-comissao-de-recursos-naturais-do-comite-das-regioes\/","title":{"rendered":"Parecer de Vasco Cordeiro aprovado por expressiva maioria na Comiss\u00e3o de Recursos Naturais do Comit\u00e9 das Regi\u00f5es"},"content":{"rendered":"<p style=\"text-align: justify;\"><a href=\"http:\/\/diariodalagoa.pt\/wp-content\/uploads\/2014\/06\/Vsco-Cordeiro-Comite-Regioes.jpg\"><img decoding=\"async\" class=\"alignnone size-full wp-image-5231\" alt=\"Vsco-Cordeiro-Comite-Regioes\" src=\"http:\/\/diariodalagoa.pt\/wp-content\/uploads\/2014\/06\/Vsco-Cordeiro-Comite-Regioes.jpg\" width=\"720\" height=\"380\" \/><\/a><\/p>\n<p style=\"text-align: justify;\"><span style=\"color: #000000;\"><span style=\"line-height: 1.5em;\">A Comiss\u00e3o de Recursos Naturais do Comit\u00e9 das Regi\u00f5es aprovou, por expressiva maioria, o parecer da responsabilidade do Presidente do Governo dos A\u00e7ores sobre a nova estrat\u00e9gia proposta pela Comiss\u00e3o Europeia para o crescimento e emprego no setor do Turismo Costeiro e Mar\u00edtimo.<\/span>\u00a0<\/span><\/p>\n<p style=\"text-align: justify;\"><span style=\"color: #000000;\">Este relat\u00f3rio foi apresentado por Vasco Cordeiro na 20.\u00aa reuni\u00e3o da Comiss\u00e3o de Recursos Naturais do Comit\u00e9 das Regi\u00f5es, que est\u00e1 a decorrer hoje e sexta-feira, em Ponta Delgada.\u00a0<\/span><\/p>\n<p style=\"text-align: justify;\"><span style=\"color: #000000;\">O\u00a0Presidente do Governo salientou, em declara\u00e7\u00f5es aos jornalistas,\u00a0que o relat\u00f3rio, que tem em conta a realidade e a experi\u00eancia dos A\u00e7ores, real\u00e7a a import\u00e2ncia da Comunica\u00e7\u00e3o, que se traduz numa primeira abordagem estrat\u00e9gica por parte da Comiss\u00e3o Europeia ao setor espec\u00edfico do Turismo Costeiro e Mar\u00edtimo.\u00a0<\/span><\/p>\n<p style=\"text-align: justify;\"><span style=\"color: #000000;\">O parecer elaborado por Vasco Cordeiro chama, assim, a aten\u00e7\u00e3o da Comiss\u00e3o Europeia para quest\u00f5es que s\u00e3o importantes tamb\u00e9m para os A\u00e7ores, nomeadamente a rela\u00e7\u00e3o que se estabelece, necessariamente, entre o Turismo Costeiro, Mar\u00edtimo e N\u00e1utico e as quest\u00f5es da sustentabilidade ambiental.\u00a0<\/span><\/p>\n<p style=\"text-align: justify;\">\n<p style=\"text-align: justify;\"><span style=\"color: #000000;\">A Comiss\u00e3o de Recursos Naturais (NAT) do Comit\u00e9 das Regi\u00f5es est\u00e1 reunida em Ponta Delgada na sequ\u00eancia do convite apresentado pelo Presidente do Governo, em setembro de 2013, para a realiza\u00e7\u00e3o deste encontro nos A\u00e7ores.\u00a0<\/span><\/p>\n<p style=\"text-align: justify;\"><span style=\"color: #000000;\">A reuni\u00e3o da Comiss\u00e3o NAT ser\u00e1 complementada, na sexta-feira, com a organiza\u00e7\u00e3o conjunta entre o Governo dos A\u00e7ores e o Comit\u00e9 das Regi\u00f5es de um semin\u00e1rio internacional intitulado &#8216;Para l\u00e1 da \u00c9poca Alta &#8211; Promover o Turismo Sustent\u00e1vel durante todo o Ano&#8217;, que reunir\u00e1 respons\u00e1veis pol\u00edticos e representantes regionais e internacionais deste setor para abordar estrat\u00e9gias de combate \u00e0 sazonalidade nas regi\u00f5es europeias.\u00a0<\/span><\/p>\n<p style=\"text-align: justify;\"><span style=\"line-height: 1.5em; color: #000000;\">A NAT \u00e9 a comiss\u00e3o especializada do Comit\u00e9 das Regi\u00f5es em mat\u00e9ria de Agricultura, Pescas, Pol\u00edtica Mar\u00edtima, Turismo, Prote\u00e7\u00e3o Civil e Defesa do Consumidor na Uni\u00e3o Europeia, sendo composta por Presidentes e representantes de Regi\u00f5es e Munic\u00edpios dos\u00a028 Estados-Membros.<\/span><\/p>\n<p style=\"text-align: justify;\"><span style=\"color: #000000;\"><em>DL\/GaCS<\/em><\/span><\/p>","protected":false},"excerpt":{"rendered":"<p>A Comiss\u00e3o de Recursos Naturais do Comit\u00e9 das Regi\u00f5es aprovou, por expressiva maioria, o parecer da responsabilidade do Presidente do Governo dos A\u00e7ores sobre a nova estrat\u00e9gia proposta pela Comiss\u00e3o Europeia para o crescimento e emprego no setor do Turismo Costeiro e Mar\u00edtimo.\u00a0 Este relat\u00f3rio foi apresentado por Vasco Cordeiro na 20.\u00aa reuni\u00e3o da Comiss\u00e3o [&hellip;]<\/p>","protected":false},"author":2,"featured_media":121993,"comment_status":"open","ping_status":"open","sticky":false,"template":"","format":"standard","meta":[],"categories":[21],"tags":[],"acf":[],"yoast_head":"<!-- This site is optimized with the Yoast SEO plugin v20.10 - https:\/\/yoast.com\/wordpress\/plugins\/seo\/ -->\n<title>Parecer de Vasco Cordeiro aprovado por expressiva maioria na Comiss\u00e3o de Recursos Naturais do Comit\u00e9 das Regi\u00f5es - Di\u00e1rio da Lagoa<\/title>\n<meta name=\"robots\" content=\"index, follow, max-snippet:-1, max-image-preview:large, max-video-preview:-1\" \/>\n<link rel=\"canonical\" href=\"https:\/\/diariodalagoa.pt\/en\/parecer-de-vasco-cordeiro-aprovado-por-expressiva-maioria-na-comissao-de-recursos-naturais-do-comite-das-regioes\/\" \/>\n<meta property=\"og:locale\" content=\"en_US\" \/>\n<meta property=\"og:type\" content=\"article\" \/>\n<meta property=\"og:title\" content=\"Parecer de Vasco Cordeiro aprovado por expressiva maioria na Comiss\u00e3o de Recursos Naturais do Comit\u00e9 das Regi\u00f5es - Di\u00e1rio da Lagoa\" \/>\n<meta property=\"og:description\" content=\"A Comiss\u00e3o de Recursos Naturais do Comit\u00e9 das Regi\u00f5es aprovou, por expressiva maioria, o parecer da responsabilidade do Presidente do Governo dos A\u00e7ores sobre a nova estrat\u00e9gia proposta pela Comiss\u00e3o Europeia para o crescimento e emprego no setor do Turismo Costeiro e Mar\u00edtimo.\u00a0 Este relat\u00f3rio foi apresentado por Vasco Cordeiro na 20.\u00aa reuni\u00e3o da Comiss\u00e3o [&hellip;]\" \/>\n<meta property=\"og:url\" content=\"https:\/\/diariodalagoa.pt\/en\/parecer-de-vasco-cordeiro-aprovado-por-expressiva-maioria-na-comissao-de-recursos-naturais-do-comite-das-regioes\/\" \/>\n<meta property=\"og:site_name\" content=\"Di\u00e1rio da Lagoa\" \/>\n<meta property=\"article:published_time\" content=\"2014-06-05T17:27:08+00:00\" \/>\n<meta property=\"og:image\" content=\"https:\/\/diariodalagoa.pt\/wp-content\/uploads\/2014\/06\/vsco-cordeiro-comite-regioes.jpg\" \/>\n\t<meta property=\"og:image:width\" content=\"720\" \/>\n\t<meta property=\"og:image:height\" content=\"380\" \/>\n\t<meta property=\"og:image:type\" content=\"image\/jpeg\" \/>\n<meta name=\"author\" content=\"Di\u00e1rio da Lagoa\" \/>\n<meta name=\"twitter:card\" content=\"summary_large_image\" \/>\n<meta name=\"twitter:label1\" content=\"Written by\" \/>\n\t<meta name=\"twitter:data1\" content=\"Di\u00e1rio da Lagoa\" \/>\n\t<meta name=\"twitter:label2\" content=\"Est. reading time\" \/>\n\t<meta name=\"twitter:data2\" content=\"2 minutes\" \/>\n<script type=\"application\/ld+json\" class=\"yoast-schema-graph\">{\"@context\":\"https:\/\/schema.org\",\"@graph\":[{\"@type\":\"WebPage\",\"@id\":\"https:\/\/diariodalagoa.pt\/parecer-de-vasco-cordeiro-aprovado-por-expressiva-maioria-na-comissao-de-recursos-naturais-do-comite-das-regioes\/\",\"url\":\"https:\/\/diariodalagoa.pt\/parecer-de-vasco-cordeiro-aprovado-por-expressiva-maioria-na-comissao-de-recursos-naturais-do-comite-das-regioes\/\",\"name\":\"Parecer de Vasco Cordeiro aprovado por expressiva maioria na Comiss\u00e3o de Recursos Naturais do Comit\u00e9 das Regi\u00f5es - Di\u00e1rio da Lagoa\",\"isPartOf\":{\"@id\":\"https:\/\/diariodalagoa.pt\/#website\"},\"datePublished\":\"2014-06-05T17:27:08+00:00\",\"dateModified\":\"2014-06-05T17:27:08+00:00\",\"author\":{\"@id\":\"https:\/\/diariodalagoa.pt\/#\/schema\/person\/1615a002370e8857b6f972834bc43ece\"},\"breadcrumb\":{\"@id\":\"https:\/\/diariodalagoa.pt\/parecer-de-vasco-cordeiro-aprovado-por-expressiva-maioria-na-comissao-de-recursos-naturais-do-comite-das-regioes\/#breadcrumb\"},\"inLanguage\":\"en-US\",\"potentialAction\":[{\"@type\":\"ReadAction\",\"target\":[\"https:\/\/diariodalagoa.pt\/parecer-de-vasco-cordeiro-aprovado-por-expressiva-maioria-na-comissao-de-recursos-naturais-do-comite-das-regioes\/\"]}]},{\"@type\":\"BreadcrumbList\",\"@id\":\"https:\/\/diariodalagoa.pt\/parecer-de-vasco-cordeiro-aprovado-por-expressiva-maioria-na-comissao-de-recursos-naturais-do-comite-das-regioes\/#breadcrumb\",\"itemListElement\":[{\"@type\":\"ListItem\",\"position\":1,\"name\":\"In\u00edcio\",\"item\":\"https:\/\/diariodalagoa.pt\/\"},{\"@type\":\"ListItem\",\"position\":2,\"name\":\"Parecer de Vasco Cordeiro aprovado por expressiva maioria na Comiss\u00e3o de Recursos Naturais do Comit\u00e9 das Regi\u00f5es\"}]},{\"@type\":\"WebSite\",\"@id\":\"https:\/\/diariodalagoa.pt\/#website\",\"url\":\"https:\/\/diariodalagoa.pt\/\",\"name\":\"Di\u00e1rio da Lagoa\",\"description\":\"Di\u00e1rio da Lagoa. As not\u00edcias que contam. A partir da Lagoa, nos A\u00e7ores, para o mundo.\",\"potentialAction\":[{\"@type\":\"SearchAction\",\"target\":{\"@type\":\"EntryPoint\",\"urlTemplate\":\"https:\/\/diariodalagoa.pt\/?s={search_term_string}\"},\"query-input\":\"required name=search_term_string\"}],\"inLanguage\":\"en-US\"},{\"@type\":\"Person\",\"@id\":\"https:\/\/diariodalagoa.pt\/#\/schema\/person\/1615a002370e8857b6f972834bc43ece\",\"name\":\"Di\u00e1rio da Lagoa\",\"image\":{\"@type\":\"ImageObject\",\"inLanguage\":\"en-US\",\"@id\":\"https:\/\/diariodalagoa.pt\/#\/schema\/person\/image\/\",\"url\":\"https:\/\/secure.gravatar.com\/avatar\/2cb5cef90a26f8fbd4d9d930608102c5?s=96&d=mm&r=g\",\"contentUrl\":\"https:\/\/secure.gravatar.com\/avatar\/2cb5cef90a26f8fbd4d9d930608102c5?s=96&d=mm&r=g\",\"caption\":\"Di\u00e1rio da Lagoa\"},\"url\":\"https:\/\/diariodalagoa.pt\/en\/author\/diariodalagoa\/\"}]}<\/script>\n<!-- \/ Yoast SEO plugin. -->","yoast_head_json":{"title":"Parecer de Vasco Cordeiro aprovado por expressiva maioria na Comiss\u00e3o de Recursos Naturais do Comit\u00e9 das Regi\u00f5es - Di\u00e1rio da Lagoa","robots":{"index":"index","follow":"follow","max-snippet":"max-snippet:-1","max-image-preview":"max-image-preview:large","max-video-preview":"max-video-preview:-1"},"canonical":"https:\/\/diariodalagoa.pt\/en\/parecer-de-vasco-cordeiro-aprovado-por-expressiva-maioria-na-comissao-de-recursos-naturais-do-comite-das-regioes\/","og_locale":"en_US","og_type":"article","og_title":"Parecer de Vasco Cordeiro aprovado por expressiva maioria na Comiss\u00e3o de Recursos Naturais do Comit\u00e9 das Regi\u00f5es - Di\u00e1rio da Lagoa","og_description":"A Comiss\u00e3o de Recursos Naturais do Comit\u00e9 das Regi\u00f5es aprovou, por expressiva maioria, o parecer da responsabilidade do Presidente do Governo dos A\u00e7ores sobre a nova estrat\u00e9gia proposta pela Comiss\u00e3o Europeia para o crescimento e emprego no setor do Turismo Costeiro e Mar\u00edtimo.\u00a0 Este relat\u00f3rio foi apresentado por Vasco Cordeiro na 20.\u00aa reuni\u00e3o da Comiss\u00e3o [&hellip;]","og_url":"https:\/\/diariodalagoa.pt\/en\/parecer-de-vasco-cordeiro-aprovado-por-expressiva-maioria-na-comissao-de-recursos-naturais-do-comite-das-regioes\/","og_site_name":"Di\u00e1rio da Lagoa","article_published_time":"2014-06-05T17:27:08+00:00","og_image":[{"width":720,"height":380,"url":"https:\/\/diariodalagoa.pt\/wp-content\/uploads\/2014\/06\/vsco-cordeiro-comite-regioes.jpg","type":"image\/jpeg"}],"author":"Di\u00e1rio da Lagoa","twitter_card":"summary_large_image","twitter_misc":{"Written by":"Di\u00e1rio da Lagoa","Est. reading time":"2 minutes"},"schema":{"@context":"https:\/\/schema.org","@graph":[{"@type":"WebPage","@id":"https:\/\/diariodalagoa.pt\/parecer-de-vasco-cordeiro-aprovado-por-expressiva-maioria-na-comissao-de-recursos-naturais-do-comite-das-regioes\/","url":"https:\/\/diariodalagoa.pt\/parecer-de-vasco-cordeiro-aprovado-por-expressiva-maioria-na-comissao-de-recursos-naturais-do-comite-das-regioes\/","name":"Parecer de Vasco Cordeiro aprovado por expressiva maioria na Comiss\u00e3o de Recursos Naturais do Comit\u00e9 das Regi\u00f5es - Di\u00e1rio da Lagoa","isPartOf":{"@id":"https:\/\/diariodalagoa.pt\/#website"},"datePublished":"2014-06-05T17:27:08+00:00","dateModified":"2014-06-05T17:27:08+00:00","author":{"@id":"https:\/\/diariodalagoa.pt\/#\/schema\/person\/1615a002370e8857b6f972834bc43ece"},"breadcrumb":{"@id":"https:\/\/diariodalagoa.pt\/parecer-de-vasco-cordeiro-aprovado-por-expressiva-maioria-na-comissao-de-recursos-naturais-do-comite-das-regioes\/#breadcrumb"},"inLanguage":"en-US","potentialAction":[{"@type":"ReadAction","target":["https:\/\/diariodalagoa.pt\/parecer-de-vasco-cordeiro-aprovado-por-expressiva-maioria-na-comissao-de-recursos-naturais-do-comite-das-regioes\/"]}]},{"@type":"BreadcrumbList","@id":"https:\/\/diariodalagoa.pt\/parecer-de-vasco-cordeiro-aprovado-por-expressiva-maioria-na-comissao-de-recursos-naturais-do-comite-das-regioes\/#breadcrumb","itemListElement":[{"@type":"ListItem","position":1,"name":"In\u00edcio","item":"https:\/\/diariodalagoa.pt\/"},{"@type":"ListItem","position":2,"name":"Parecer de Vasco Cordeiro aprovado por expressiva maioria na Comiss\u00e3o de Recursos Naturais do Comit\u00e9 das Regi\u00f5es"}]},{"@type":"WebSite","@id":"https:\/\/diariodalagoa.pt\/#website","url":"https:\/\/diariodalagoa.pt\/","name":"Di\u00e1rio da Lagoa","description":"Di\u00e1rio da Lagoa. As not\u00edcias que contam. A partir da Lagoa, nos A\u00e7ores, para o mundo.","potentialAction":[{"@type":"SearchAction","target":{"@type":"EntryPoint","urlTemplate":"https:\/\/diariodalagoa.pt\/?s={search_term_string}"},"query-input":"required name=search_term_string"}],"inLanguage":"en-US"},{"@type":"Person","@id":"https:\/\/diariodalagoa.pt\/#\/schema\/person\/1615a002370e8857b6f972834bc43ece","name":"Di\u00e1rio da Lagoa","image":{"@type":"ImageObject","inLanguage":"en-US","@id":"https:\/\/diariodalagoa.pt\/#\/schema\/person\/image\/","url":"https:\/\/secure.gravatar.com\/avatar\/2cb5cef90a26f8fbd4d9d930608102c5?s=96&d=mm&r=g","contentUrl":"https:\/\/secure.gravatar.com\/avatar\/2cb5cef90a26f8fbd4d9d930608102c5?s=96&d=mm&r=g","caption":"Di\u00e1rio da Lagoa"},"url":"https:\/\/diariodalagoa.pt\/en\/author\/diariodalagoa\/"}]}},"_links":{"self":[{"href":"https:\/\/diariodalagoa.pt\/en\/wp-json\/wp\/v2\/posts\/5230"}],"collection":[{"href":"https:\/\/diariodalagoa.pt\/en\/wp-json\/wp\/v2\/posts"}],"about":[{"href":"https:\/\/diariodalagoa.pt\/en\/wp-json\/wp\/v2\/types\/post"}],"author":[{"embeddable":true,"href":"https:\/\/diariodalagoa.pt\/en\/wp-json\/wp\/v2\/users\/2"}],"replies":[{"embeddable":true,"href":"https:\/\/diariodalagoa.pt\/en\/wp-json\/wp\/v2\/comments?post=5230"}],"version-history":[{"count":0,"href":"https:\/\/diariodalagoa.pt\/en\/wp-json\/wp\/v2\/posts\/5230\/revisions"}],"wp:featuredmedia":[{"embeddable":true,"href":"https:\/\/diariodalagoa.pt\/en\/wp-json\/wp\/v2\/media\/121993"}],"wp:attachment":[{"href":"https:\/\/diariodalagoa.pt\/en\/wp-json\/wp\/v2\/media?parent=5230"}],"wp:term":[{"taxonomy":"category","embeddable":true,"href":"https:\/\/diariodalagoa.pt\/en\/wp-json\/wp\/v2\/categories?post=5230"},{"taxonomy":"post_tag","embeddable":true,"href":"https:\/\/diariodalagoa.pt\/en\/wp-json\/wp\/v2\/tags?post=5230"}],"curies":[{"name":"wp","href":"https:\/\/api.w.org\/{rel}","templated":true}]}}