{"id":5162,"date":"2014-06-03T08:50:37","date_gmt":"2014-06-03T08:50:37","guid":{"rendered":"http:\/\/diariodalagoa.pt\/?p=5162"},"modified":"2025-06-10T22:50:39","modified_gmt":"2025-06-10T22:50:39","slug":"lagoa-promove-limpeza-de-orla-costeira-e-subaquatica","status":"publish","type":"post","link":"https:\/\/diariodalagoa.pt\/en\/lagoa-promove-limpeza-de-orla-costeira-e-subaquatica\/","title":{"rendered":"Lagoa promove limpeza de orla costeira e subaqu\u00e1tica"},"content":{"rendered":"<p style=\"text-align: justify;\"><a href=\"http:\/\/diariodalagoa.pt\/wp-content\/uploads\/2014\/06\/Porto-carneiros-lagoa@CML.jpg\"><img decoding=\"async\" class=\"alignnone size-full wp-image-5163\" alt=\"Porto-carneiros-lagoa@CML\" src=\"http:\/\/diariodalagoa.pt\/wp-content\/uploads\/2014\/06\/Porto-carneiros-lagoa@CML.jpg\" width=\"720\" height=\"380\" \/><\/a><\/p>\n<p style=\"text-align: justify;\"><span style=\"color: #000000;\">A C\u00e2mara Municipal de Lagoa ir\u00e1 realizar uma iniciativa de sensibiliza\u00e7\u00e3o ambiental no pr\u00f3ximo s\u00e1bado, dia 7 de junho, que consiste numa a\u00e7\u00e3o de limpeza da orla costeira e subaqu\u00e1tica do concelho de Lagoa.<\/span><\/p>\n<p style=\"text-align: justify;\"><span style=\"color: #000000;\">A iniciativa insere-se na pol\u00edtica estrat\u00e9gica levada a cabo pelo executivo camar\u00e1rio, em mat\u00e9ria de ambiente principalmente no que respeita \u00e0s limpezas junto \u00e0 orla costeira lagoense, uma das mais bonitas dos A\u00e7ores.<\/span><\/p>\n<p style=\"text-align: justify;\"><span style=\"color: #000000;\">\u00c0 semelhan\u00e7a do que vem sucedendo nos \u00faltimos anos, os lagoenses v\u00e3o voltar a juntar-se em prol da defesa e preserva\u00e7\u00e3o do ambiente, numa a\u00e7\u00e3o parceira desenvolvida pelo CEFAL, CALAG e Clube N\u00e1utico, contando com o apoio da C\u00e2mara Municipal e de diversas colabora\u00e7\u00f5es e parcerias.<\/span><\/p>\n<p style=\"text-align: justify;\"><span style=\"color: #000000;\">Ap\u00f3s a concentra\u00e7\u00e3o, agendada para as 10h00 no Porto dos Carneiros, os volunt\u00e1rios ser\u00e3o distribu\u00eddos pelas diferentes \u00e1reas de interven\u00e7\u00e3o, designadamente Portinho de S. Pedro, Porto dos Carneiros e ba\u00eda de Santa Cruz, abrangendo a limpeza da orla costeira e subaqu\u00e1tica, numa iniciativa de interven\u00e7\u00e3o ambiental que procura envolver grupos sociais e a comunidade.<\/span><\/p>\n<p style=\"text-align: justify;\"><span style=\"color: #000000;\">Durante a manh\u00e3 de domingo, est\u00e3o previstas atividades para os mais novos, designadamente com pinturas faciais e um atelier de instrumentos musicais, promovido pelos alunos do curso de Anima\u00e7\u00e3o S\u00f3cio Cultural da Escola Secund\u00e1ria de Lagoa, enquanto os adultos se juntar\u00e3o para a limpeza da orla costeira com o objetivo de sensibilizar para a educa\u00e7\u00e3o ambiental, em particular, para a n\u00e3o polui\u00e7\u00e3o da costa e do mar, incentivando \u00e0 ado\u00e7\u00e3o de posturas ativas e respons\u00e1veis para com o meio ambiente.<\/span><\/p>\n<p style=\"text-align: justify;\"><span style=\"color: #000000;\">O Porto dos Carneiros e as Piscinas Municipais de Lagoa ir\u00e3o acolher ainda a exposi\u00e7\u00e3o fotogr\u00e1fica \u201cLagoa debaixo e fora de \u00e1gua\u201d de Nelson Raposo, constitu\u00edda por vinte fotos, dividindo-se em duas partes: uma primeira divulgando a potencialidade e biodiversidade existente da marinha existente na zona, sendo esta exposta nas Piscinas da Lagoa e a segunda parte homenageando a faina da pesca, que ficar\u00e1 exposta no Porto dos Carneiros.<\/span><\/p>\n<p style=\"text-align: justify;\"><span style=\"color: #000000;\">Outras atividades previstas ser\u00e1 a realiza\u00e7\u00e3o de um atelier de reutiliza\u00e7\u00e3o de res\u00edduos e materiais com Tiago Apolin\u00e1rio e a pintura de um painel pelo jovem Jos\u00e9 Pacheco.\u00a0<\/span><\/p>\n<p style=\"text-align: justify;\"><span style=\"color: #000000;\"><em>DL\/CML<\/em><\/span><\/p>\n<p style=\"text-align: justify;\"><span style=\"color: #000000;\">\u00a0<\/span><\/p>","protected":false},"excerpt":{"rendered":"<p>A C\u00e2mara Municipal de Lagoa ir\u00e1 realizar uma iniciativa de sensibiliza\u00e7\u00e3o ambiental no pr\u00f3ximo s\u00e1bado, dia 7 de junho, que consiste numa a\u00e7\u00e3o de limpeza da orla costeira e subaqu\u00e1tica do concelho de Lagoa. A iniciativa insere-se na pol\u00edtica estrat\u00e9gica levada a cabo pelo executivo camar\u00e1rio, em mat\u00e9ria de ambiente principalmente no que respeita \u00e0s [&hellip;]<\/p>","protected":false},"author":2,"featured_media":113363,"comment_status":"open","ping_status":"open","sticky":false,"template":"","format":"standard","meta":[],"categories":[21],"tags":[],"acf":[],"yoast_head":"<!-- This site is optimized with the Yoast SEO plugin v20.10 - https:\/\/yoast.com\/wordpress\/plugins\/seo\/ -->\n<title>Lagoa promove limpeza de orla costeira e subaqu\u00e1tica - Di\u00e1rio da Lagoa<\/title>\n<meta name=\"robots\" content=\"index, follow, max-snippet:-1, max-image-preview:large, max-video-preview:-1\" \/>\n<link rel=\"canonical\" href=\"https:\/\/diariodalagoa.pt\/en\/lagoa-promove-limpeza-de-orla-costeira-e-subaquatica\/\" \/>\n<meta property=\"og:locale\" content=\"en_US\" \/>\n<meta property=\"og:type\" content=\"article\" \/>\n<meta property=\"og:title\" content=\"Lagoa promove limpeza de orla costeira e subaqu\u00e1tica - Di\u00e1rio da Lagoa\" \/>\n<meta property=\"og:description\" content=\"A C\u00e2mara Municipal de Lagoa ir\u00e1 realizar uma iniciativa de sensibiliza\u00e7\u00e3o ambiental no pr\u00f3ximo s\u00e1bado, dia 7 de junho, que consiste numa a\u00e7\u00e3o de limpeza da orla costeira e subaqu\u00e1tica do concelho de Lagoa. A iniciativa insere-se na pol\u00edtica estrat\u00e9gica levada a cabo pelo executivo camar\u00e1rio, em mat\u00e9ria de ambiente principalmente no que respeita \u00e0s [&hellip;]\" \/>\n<meta property=\"og:url\" content=\"https:\/\/diariodalagoa.pt\/en\/lagoa-promove-limpeza-de-orla-costeira-e-subaquatica\/\" \/>\n<meta property=\"og:site_name\" content=\"Di\u00e1rio da Lagoa\" \/>\n<meta property=\"article:published_time\" content=\"2014-06-03T08:50:37+00:00\" \/>\n<meta property=\"article:modified_time\" content=\"2025-06-10T22:50:39+00:00\" \/>\n<meta property=\"og:image\" content=\"https:\/\/diariodalagoa.pt\/wp-content\/uploads\/2014\/06\/porto-carneiros-lagoacml.jpg\" \/>\n\t<meta property=\"og:image:width\" content=\"720\" \/>\n\t<meta property=\"og:image:height\" content=\"380\" \/>\n\t<meta property=\"og:image:type\" content=\"image\/jpeg\" \/>\n<meta name=\"author\" content=\"Di\u00e1rio da Lagoa\" \/>\n<meta name=\"twitter:card\" content=\"summary_large_image\" \/>\n<meta name=\"twitter:label1\" content=\"Written by\" \/>\n\t<meta name=\"twitter:data1\" content=\"Di\u00e1rio da Lagoa\" \/>\n\t<meta name=\"twitter:label2\" content=\"Est. reading time\" \/>\n\t<meta name=\"twitter:data2\" content=\"2 minutes\" \/>\n<script type=\"application\/ld+json\" class=\"yoast-schema-graph\">{\"@context\":\"https:\/\/schema.org\",\"@graph\":[{\"@type\":\"WebPage\",\"@id\":\"https:\/\/diariodalagoa.pt\/lagoa-promove-limpeza-de-orla-costeira-e-subaquatica\/\",\"url\":\"https:\/\/diariodalagoa.pt\/lagoa-promove-limpeza-de-orla-costeira-e-subaquatica\/\",\"name\":\"Lagoa promove limpeza de orla costeira e subaqu\u00e1tica - Di\u00e1rio da Lagoa\",\"isPartOf\":{\"@id\":\"https:\/\/diariodalagoa.pt\/#website\"},\"datePublished\":\"2014-06-03T08:50:37+00:00\",\"dateModified\":\"2025-06-10T22:50:39+00:00\",\"author\":{\"@id\":\"https:\/\/diariodalagoa.pt\/#\/schema\/person\/1615a002370e8857b6f972834bc43ece\"},\"breadcrumb\":{\"@id\":\"https:\/\/diariodalagoa.pt\/lagoa-promove-limpeza-de-orla-costeira-e-subaquatica\/#breadcrumb\"},\"inLanguage\":\"en-US\",\"potentialAction\":[{\"@type\":\"ReadAction\",\"target\":[\"https:\/\/diariodalagoa.pt\/lagoa-promove-limpeza-de-orla-costeira-e-subaquatica\/\"]}]},{\"@type\":\"BreadcrumbList\",\"@id\":\"https:\/\/diariodalagoa.pt\/lagoa-promove-limpeza-de-orla-costeira-e-subaquatica\/#breadcrumb\",\"itemListElement\":[{\"@type\":\"ListItem\",\"position\":1,\"name\":\"In\u00edcio\",\"item\":\"https:\/\/diariodalagoa.pt\/\"},{\"@type\":\"ListItem\",\"position\":2,\"name\":\"Lagoa promove limpeza de orla costeira e subaqu\u00e1tica\"}]},{\"@type\":\"WebSite\",\"@id\":\"https:\/\/diariodalagoa.pt\/#website\",\"url\":\"https:\/\/diariodalagoa.pt\/\",\"name\":\"Di\u00e1rio da Lagoa\",\"description\":\"Di\u00e1rio da Lagoa. As not\u00edcias que contam. A partir da Lagoa, nos A\u00e7ores, para o mundo.\",\"potentialAction\":[{\"@type\":\"SearchAction\",\"target\":{\"@type\":\"EntryPoint\",\"urlTemplate\":\"https:\/\/diariodalagoa.pt\/?s={search_term_string}\"},\"query-input\":\"required name=search_term_string\"}],\"inLanguage\":\"en-US\"},{\"@type\":\"Person\",\"@id\":\"https:\/\/diariodalagoa.pt\/#\/schema\/person\/1615a002370e8857b6f972834bc43ece\",\"name\":\"Di\u00e1rio da Lagoa\",\"image\":{\"@type\":\"ImageObject\",\"inLanguage\":\"en-US\",\"@id\":\"https:\/\/diariodalagoa.pt\/#\/schema\/person\/image\/\",\"url\":\"https:\/\/secure.gravatar.com\/avatar\/2cb5cef90a26f8fbd4d9d930608102c5?s=96&d=mm&r=g\",\"contentUrl\":\"https:\/\/secure.gravatar.com\/avatar\/2cb5cef90a26f8fbd4d9d930608102c5?s=96&d=mm&r=g\",\"caption\":\"Di\u00e1rio da Lagoa\"},\"url\":\"https:\/\/diariodalagoa.pt\/en\/author\/diariodalagoa\/\"}]}<\/script>\n<!-- \/ Yoast SEO plugin. -->","yoast_head_json":{"title":"Lagoa promove limpeza de orla costeira e subaqu\u00e1tica - Di\u00e1rio da Lagoa","robots":{"index":"index","follow":"follow","max-snippet":"max-snippet:-1","max-image-preview":"max-image-preview:large","max-video-preview":"max-video-preview:-1"},"canonical":"https:\/\/diariodalagoa.pt\/en\/lagoa-promove-limpeza-de-orla-costeira-e-subaquatica\/","og_locale":"en_US","og_type":"article","og_title":"Lagoa promove limpeza de orla costeira e subaqu\u00e1tica - Di\u00e1rio da Lagoa","og_description":"A C\u00e2mara Municipal de Lagoa ir\u00e1 realizar uma iniciativa de sensibiliza\u00e7\u00e3o ambiental no pr\u00f3ximo s\u00e1bado, dia 7 de junho, que consiste numa a\u00e7\u00e3o de limpeza da orla costeira e subaqu\u00e1tica do concelho de Lagoa. A iniciativa insere-se na pol\u00edtica estrat\u00e9gica levada a cabo pelo executivo camar\u00e1rio, em mat\u00e9ria de ambiente principalmente no que respeita \u00e0s [&hellip;]","og_url":"https:\/\/diariodalagoa.pt\/en\/lagoa-promove-limpeza-de-orla-costeira-e-subaquatica\/","og_site_name":"Di\u00e1rio da Lagoa","article_published_time":"2014-06-03T08:50:37+00:00","article_modified_time":"2025-06-10T22:50:39+00:00","og_image":[{"width":720,"height":380,"url":"https:\/\/diariodalagoa.pt\/wp-content\/uploads\/2014\/06\/porto-carneiros-lagoacml.jpg","type":"image\/jpeg"}],"author":"Di\u00e1rio da Lagoa","twitter_card":"summary_large_image","twitter_misc":{"Written by":"Di\u00e1rio da Lagoa","Est. reading time":"2 minutes"},"schema":{"@context":"https:\/\/schema.org","@graph":[{"@type":"WebPage","@id":"https:\/\/diariodalagoa.pt\/lagoa-promove-limpeza-de-orla-costeira-e-subaquatica\/","url":"https:\/\/diariodalagoa.pt\/lagoa-promove-limpeza-de-orla-costeira-e-subaquatica\/","name":"Lagoa promove limpeza de orla costeira e subaqu\u00e1tica - Di\u00e1rio da Lagoa","isPartOf":{"@id":"https:\/\/diariodalagoa.pt\/#website"},"datePublished":"2014-06-03T08:50:37+00:00","dateModified":"2025-06-10T22:50:39+00:00","author":{"@id":"https:\/\/diariodalagoa.pt\/#\/schema\/person\/1615a002370e8857b6f972834bc43ece"},"breadcrumb":{"@id":"https:\/\/diariodalagoa.pt\/lagoa-promove-limpeza-de-orla-costeira-e-subaquatica\/#breadcrumb"},"inLanguage":"en-US","potentialAction":[{"@type":"ReadAction","target":["https:\/\/diariodalagoa.pt\/lagoa-promove-limpeza-de-orla-costeira-e-subaquatica\/"]}]},{"@type":"BreadcrumbList","@id":"https:\/\/diariodalagoa.pt\/lagoa-promove-limpeza-de-orla-costeira-e-subaquatica\/#breadcrumb","itemListElement":[{"@type":"ListItem","position":1,"name":"In\u00edcio","item":"https:\/\/diariodalagoa.pt\/"},{"@type":"ListItem","position":2,"name":"Lagoa promove limpeza de orla costeira e subaqu\u00e1tica"}]},{"@type":"WebSite","@id":"https:\/\/diariodalagoa.pt\/#website","url":"https:\/\/diariodalagoa.pt\/","name":"Di\u00e1rio da Lagoa","description":"Di\u00e1rio da Lagoa. As not\u00edcias que contam. A partir da Lagoa, nos A\u00e7ores, para o mundo.","potentialAction":[{"@type":"SearchAction","target":{"@type":"EntryPoint","urlTemplate":"https:\/\/diariodalagoa.pt\/?s={search_term_string}"},"query-input":"required name=search_term_string"}],"inLanguage":"en-US"},{"@type":"Person","@id":"https:\/\/diariodalagoa.pt\/#\/schema\/person\/1615a002370e8857b6f972834bc43ece","name":"Di\u00e1rio da Lagoa","image":{"@type":"ImageObject","inLanguage":"en-US","@id":"https:\/\/diariodalagoa.pt\/#\/schema\/person\/image\/","url":"https:\/\/secure.gravatar.com\/avatar\/2cb5cef90a26f8fbd4d9d930608102c5?s=96&d=mm&r=g","contentUrl":"https:\/\/secure.gravatar.com\/avatar\/2cb5cef90a26f8fbd4d9d930608102c5?s=96&d=mm&r=g","caption":"Di\u00e1rio da Lagoa"},"url":"https:\/\/diariodalagoa.pt\/en\/author\/diariodalagoa\/"}]}},"_links":{"self":[{"href":"https:\/\/diariodalagoa.pt\/en\/wp-json\/wp\/v2\/posts\/5162"}],"collection":[{"href":"https:\/\/diariodalagoa.pt\/en\/wp-json\/wp\/v2\/posts"}],"about":[{"href":"https:\/\/diariodalagoa.pt\/en\/wp-json\/wp\/v2\/types\/post"}],"author":[{"embeddable":true,"href":"https:\/\/diariodalagoa.pt\/en\/wp-json\/wp\/v2\/users\/2"}],"replies":[{"embeddable":true,"href":"https:\/\/diariodalagoa.pt\/en\/wp-json\/wp\/v2\/comments?post=5162"}],"version-history":[{"count":1,"href":"https:\/\/diariodalagoa.pt\/en\/wp-json\/wp\/v2\/posts\/5162\/revisions"}],"predecessor-version":[{"id":152814,"href":"https:\/\/diariodalagoa.pt\/en\/wp-json\/wp\/v2\/posts\/5162\/revisions\/152814"}],"wp:featuredmedia":[{"embeddable":true,"href":"https:\/\/diariodalagoa.pt\/en\/wp-json\/wp\/v2\/media\/113363"}],"wp:attachment":[{"href":"https:\/\/diariodalagoa.pt\/en\/wp-json\/wp\/v2\/media?parent=5162"}],"wp:term":[{"taxonomy":"category","embeddable":true,"href":"https:\/\/diariodalagoa.pt\/en\/wp-json\/wp\/v2\/categories?post=5162"},{"taxonomy":"post_tag","embeddable":true,"href":"https:\/\/diariodalagoa.pt\/en\/wp-json\/wp\/v2\/tags?post=5162"}],"curies":[{"name":"wp","href":"https:\/\/api.w.org\/{rel}","templated":true}]}}