{"id":5112,"date":"2014-06-01T13:48:08","date_gmt":"2014-06-01T13:48:08","guid":{"rendered":"http:\/\/diariodalagoa.pt\/?p=5112"},"modified":"2025-06-10T22:50:48","modified_gmt":"2025-06-10T22:50:48","slug":"complexo-de-piscinas-da-lagoa-recebeu-simulacro-de-salvamento","status":"publish","type":"post","link":"https:\/\/diariodalagoa.pt\/en\/complexo-de-piscinas-da-lagoa-recebeu-simulacro-de-salvamento\/","title":{"rendered":"Complexo de Piscinas da Lagoa recebeu simulacro de salvamento"},"content":{"rendered":"<p style=\"text-align: justify;\"><a href=\"http:\/\/diariodalagoa.pt\/wp-content\/uploads\/2014\/06\/Simulacro-ANSA-Lagoa.jpg\"><img decoding=\"async\" class=\"alignnone size-full wp-image-5116\" alt=\"Simulacro-ANSA-Lagoa\" src=\"http:\/\/diariodalagoa.pt\/wp-content\/uploads\/2014\/06\/Simulacro-ANSA-Lagoa.jpg\" width=\"720\" height=\"382\" \/><\/a><\/p>\n<p style=\"text-align: justify;\"><span style=\"color: #000000;\">No \u00e2mbito do Curso de Nadadores Salvadores, decorreu no Complexo Municipal de Piscinas da Lagoa, uma demonstra\u00e7\u00e3o de meios de salvamento.<\/span><\/p>\n<p style=\"text-align: justify;\"><span style=\"color: #000000;\">Tratou-se de uma iniciativa promovida pela Autoridade Mar\u00edtima, Associa\u00e7\u00e3o de Nadadores Salvadores dos A\u00e7ores e C\u00e2mara Municipal de Lagoa, tendo consistido numa demonstra\u00e7\u00e3o com embarca\u00e7\u00f5es e manobras de salvamento.\u00a0<\/span><\/p>\n<p style=\"text-align: justify;\"><span style=\"color: #000000;\">Para o Capit\u00e3o do Porto de Ponta Delgada, trata-se de um elo importante no sistema de socorro que est\u00e1 implementado, e \u00e9 essencial, que nesta fase da forma\u00e7\u00e3o, haja igualmente uma consciencializa\u00e7\u00e3o para a seguran\u00e7a e vida da pessoas.\u00a0<\/span><\/p>\n<p style=\"text-align: justify;\"><span style=\"color: #000000;\">Uma consciencializa\u00e7\u00e3o que tem vindo a crescer, quer juntos dos nadadores salvadores, quer nos pr\u00f3prios banhistas, considera o Comandante Filipe Matos Nogueira.\u00a0<\/span><\/p>\n<p style=\"text-align: justify;\"><span style=\"color: #000000;\">Em declara\u00e7\u00f5es ao jornal Di\u00e1rio da Lagoa, o respons\u00e1vel pela Autoridade Mar\u00edtima refere que os utilizadores das zonas balneares respeitam mais os nadadores salvadores, e t\u00eam uma maior consci\u00eancia dos perigos que correm e que se exp\u00f5e se devem evitar.\u00a0<\/span><\/p>\n<p style=\"text-align: justify;\"><span style=\"color: #000000;\">Matos Nogueira adianta que o mar tem os seus riscos \u00e9 h\u00e1 que evit\u00e1-los, sendo que o salvamento come\u00e7a nos pr\u00f3prios cidad\u00e3os, evitando a ativa\u00e7\u00e3o do sistema de socorro que, por vezes, pode n\u00e3o chegar a tempo de salvar vidas.\u00a0<\/span><\/p>\n<p style=\"text-align: justify;\"><span style=\"color: #000000;\">Quanto ao Curso de Nadadores Salvadores, este ano inscreverem-se 32 formandos nas provas de admiss\u00e3o, embora apenas 19 cheguem aos exames finais j\u00e1 no pr\u00f3ximo fim-de-semana.\u00a0<\/span><\/p>\n<p style=\"text-align: justify;\"><span style=\"color: #000000;\">Segundo o presidente da Associa\u00e7\u00e3o de Nadadores Salvadores dos A\u00e7ores (ANSA), a forma\u00e7\u00e3o dos nadadores salvadores est\u00e1 cada vez mais profissional, e toda a capacidade t\u00e9cnica e humana \u00e9 levada duma forma que estes, ap\u00f3s conclu\u00eddo o curso, sabem o que fazer para serem excelentes profissionais.\u00a0<\/span><\/p>\n<p style=\"text-align: justify;\"><span style=\"color: #000000;\">Roberto S\u00e1 diz que os utilizadores das zonas balneares t\u00eam vindo a olhar para o nadador salvador de outra fora, com mais respeito, sendo que o pr\u00f3prio cidad\u00e3o est\u00e1 mais exigente, tendo j\u00e1 sido registadas queixas, junto das entidades competentes, por atua\u00e7\u00f5es menos corretas da parte de alguns nadadores salvadores.\u00a0<\/span><\/p>\n<p style=\"text-align: justify;\"><span style=\"color: #000000;\">Roberto S\u00e1 refere que este ano, as zonas balneares oficiais, dever\u00e3o estar garantidas com nadador salvador em n\u00famero suficiente. \u00a0\u00a0<\/span><\/p>\n<p style=\"text-align: justify;\"><span style=\"color: #000000;\">Ao longo do mais de 20 dias de curso, os candidatos a Nadadores Salvadores t\u00eam recebido forma\u00e7\u00e3o pr\u00e1tica e te\u00f3rica que lhes permitir\u00e1 nos dias 5 e 6 de junho concluir, com aproveitamento, as exigentes provas e exames de modo a integrarem as equipas de vigil\u00e2ncia e assist\u00eancia a banhistas na ilha de S\u00e3o Miguel.<\/span><\/p>\n<p style=\"text-align: justify;\"><span style=\"color: #000000;\"><em>DL<\/em><\/span><\/p>\n<p style=\"text-align: left;\"><a href=\"https:\/\/www.facebook.com\/media\/set\/?set=a.243519029178312.1073741840.206053229591559&amp;type=3\" target=\"_blank\" rel=\"noopener\"><span style=\"color: #000080;\">Veja as fotos AQUI.<\/span><\/a><\/p>","protected":false},"excerpt":{"rendered":"<p>No \u00e2mbito do Curso de Nadadores Salvadores, decorreu no Complexo Municipal de Piscinas da Lagoa, uma demonstra\u00e7\u00e3o de meios de salvamento. Tratou-se de uma iniciativa promovida pela Autoridade Mar\u00edtima, Associa\u00e7\u00e3o de Nadadores Salvadores dos A\u00e7ores e C\u00e2mara Municipal de Lagoa, tendo consistido numa demonstra\u00e7\u00e3o com embarca\u00e7\u00f5es e manobras de salvamento.\u00a0 Para o Capit\u00e3o do Porto [&hellip;]<\/p>","protected":false},"author":2,"featured_media":113364,"comment_status":"open","ping_status":"open","sticky":false,"template":"","format":"standard","meta":[],"categories":[21],"tags":[],"acf":[],"yoast_head":"<!-- This site is optimized with the Yoast SEO plugin v20.10 - https:\/\/yoast.com\/wordpress\/plugins\/seo\/ -->\n<title>Complexo de Piscinas da Lagoa recebeu simulacro de salvamento - Di\u00e1rio da Lagoa<\/title>\n<meta name=\"robots\" content=\"index, follow, max-snippet:-1, max-image-preview:large, max-video-preview:-1\" \/>\n<link rel=\"canonical\" href=\"https:\/\/diariodalagoa.pt\/en\/complexo-de-piscinas-da-lagoa-recebeu-simulacro-de-salvamento\/\" \/>\n<meta property=\"og:locale\" content=\"en_US\" \/>\n<meta property=\"og:type\" content=\"article\" \/>\n<meta property=\"og:title\" content=\"Complexo de Piscinas da Lagoa recebeu simulacro de salvamento - Di\u00e1rio da Lagoa\" \/>\n<meta property=\"og:description\" content=\"No \u00e2mbito do Curso de Nadadores Salvadores, decorreu no Complexo Municipal de Piscinas da Lagoa, uma demonstra\u00e7\u00e3o de meios de salvamento. Tratou-se de uma iniciativa promovida pela Autoridade Mar\u00edtima, Associa\u00e7\u00e3o de Nadadores Salvadores dos A\u00e7ores e C\u00e2mara Municipal de Lagoa, tendo consistido numa demonstra\u00e7\u00e3o com embarca\u00e7\u00f5es e manobras de salvamento.\u00a0 Para o Capit\u00e3o do Porto [&hellip;]\" \/>\n<meta property=\"og:url\" content=\"https:\/\/diariodalagoa.pt\/en\/complexo-de-piscinas-da-lagoa-recebeu-simulacro-de-salvamento\/\" \/>\n<meta property=\"og:site_name\" content=\"Di\u00e1rio da Lagoa\" \/>\n<meta property=\"article:published_time\" content=\"2014-06-01T13:48:08+00:00\" \/>\n<meta property=\"article:modified_time\" content=\"2025-06-10T22:50:48+00:00\" \/>\n<meta property=\"og:image\" content=\"https:\/\/diariodalagoa.pt\/wp-content\/uploads\/2014\/06\/simulacro-ansa-lagoa-piscinas.jpg\" \/>\n\t<meta property=\"og:image:width\" content=\"720\" \/>\n\t<meta property=\"og:image:height\" content=\"382\" \/>\n\t<meta property=\"og:image:type\" content=\"image\/jpeg\" \/>\n<meta name=\"author\" content=\"Di\u00e1rio da Lagoa\" \/>\n<meta name=\"twitter:card\" content=\"summary_large_image\" \/>\n<meta name=\"twitter:label1\" content=\"Written by\" \/>\n\t<meta name=\"twitter:data1\" content=\"Di\u00e1rio da Lagoa\" \/>\n\t<meta name=\"twitter:label2\" content=\"Est. reading time\" \/>\n\t<meta name=\"twitter:data2\" content=\"2 minutes\" \/>\n<script type=\"application\/ld+json\" class=\"yoast-schema-graph\">{\"@context\":\"https:\/\/schema.org\",\"@graph\":[{\"@type\":\"WebPage\",\"@id\":\"https:\/\/diariodalagoa.pt\/complexo-de-piscinas-da-lagoa-recebeu-simulacro-de-salvamento\/\",\"url\":\"https:\/\/diariodalagoa.pt\/complexo-de-piscinas-da-lagoa-recebeu-simulacro-de-salvamento\/\",\"name\":\"Complexo de Piscinas da Lagoa recebeu simulacro de salvamento - Di\u00e1rio da Lagoa\",\"isPartOf\":{\"@id\":\"https:\/\/diariodalagoa.pt\/#website\"},\"datePublished\":\"2014-06-01T13:48:08+00:00\",\"dateModified\":\"2025-06-10T22:50:48+00:00\",\"author\":{\"@id\":\"https:\/\/diariodalagoa.pt\/#\/schema\/person\/1615a002370e8857b6f972834bc43ece\"},\"breadcrumb\":{\"@id\":\"https:\/\/diariodalagoa.pt\/complexo-de-piscinas-da-lagoa-recebeu-simulacro-de-salvamento\/#breadcrumb\"},\"inLanguage\":\"en-US\",\"potentialAction\":[{\"@type\":\"ReadAction\",\"target\":[\"https:\/\/diariodalagoa.pt\/complexo-de-piscinas-da-lagoa-recebeu-simulacro-de-salvamento\/\"]}]},{\"@type\":\"BreadcrumbList\",\"@id\":\"https:\/\/diariodalagoa.pt\/complexo-de-piscinas-da-lagoa-recebeu-simulacro-de-salvamento\/#breadcrumb\",\"itemListElement\":[{\"@type\":\"ListItem\",\"position\":1,\"name\":\"In\u00edcio\",\"item\":\"https:\/\/diariodalagoa.pt\/\"},{\"@type\":\"ListItem\",\"position\":2,\"name\":\"Complexo de Piscinas da Lagoa recebeu simulacro de salvamento\"}]},{\"@type\":\"WebSite\",\"@id\":\"https:\/\/diariodalagoa.pt\/#website\",\"url\":\"https:\/\/diariodalagoa.pt\/\",\"name\":\"Di\u00e1rio da Lagoa\",\"description\":\"Di\u00e1rio da Lagoa. As not\u00edcias que contam. A partir da Lagoa, nos A\u00e7ores, para o mundo.\",\"potentialAction\":[{\"@type\":\"SearchAction\",\"target\":{\"@type\":\"EntryPoint\",\"urlTemplate\":\"https:\/\/diariodalagoa.pt\/?s={search_term_string}\"},\"query-input\":\"required name=search_term_string\"}],\"inLanguage\":\"en-US\"},{\"@type\":\"Person\",\"@id\":\"https:\/\/diariodalagoa.pt\/#\/schema\/person\/1615a002370e8857b6f972834bc43ece\",\"name\":\"Di\u00e1rio da Lagoa\",\"image\":{\"@type\":\"ImageObject\",\"inLanguage\":\"en-US\",\"@id\":\"https:\/\/diariodalagoa.pt\/#\/schema\/person\/image\/\",\"url\":\"https:\/\/secure.gravatar.com\/avatar\/2cb5cef90a26f8fbd4d9d930608102c5?s=96&d=mm&r=g\",\"contentUrl\":\"https:\/\/secure.gravatar.com\/avatar\/2cb5cef90a26f8fbd4d9d930608102c5?s=96&d=mm&r=g\",\"caption\":\"Di\u00e1rio da Lagoa\"},\"url\":\"https:\/\/diariodalagoa.pt\/en\/author\/diariodalagoa\/\"}]}<\/script>\n<!-- \/ Yoast SEO plugin. -->","yoast_head_json":{"title":"Complexo de Piscinas da Lagoa recebeu simulacro de salvamento - Di\u00e1rio da Lagoa","robots":{"index":"index","follow":"follow","max-snippet":"max-snippet:-1","max-image-preview":"max-image-preview:large","max-video-preview":"max-video-preview:-1"},"canonical":"https:\/\/diariodalagoa.pt\/en\/complexo-de-piscinas-da-lagoa-recebeu-simulacro-de-salvamento\/","og_locale":"en_US","og_type":"article","og_title":"Complexo de Piscinas da Lagoa recebeu simulacro de salvamento - Di\u00e1rio da Lagoa","og_description":"No \u00e2mbito do Curso de Nadadores Salvadores, decorreu no Complexo Municipal de Piscinas da Lagoa, uma demonstra\u00e7\u00e3o de meios de salvamento. Tratou-se de uma iniciativa promovida pela Autoridade Mar\u00edtima, Associa\u00e7\u00e3o de Nadadores Salvadores dos A\u00e7ores e C\u00e2mara Municipal de Lagoa, tendo consistido numa demonstra\u00e7\u00e3o com embarca\u00e7\u00f5es e manobras de salvamento.\u00a0 Para o Capit\u00e3o do Porto [&hellip;]","og_url":"https:\/\/diariodalagoa.pt\/en\/complexo-de-piscinas-da-lagoa-recebeu-simulacro-de-salvamento\/","og_site_name":"Di\u00e1rio da Lagoa","article_published_time":"2014-06-01T13:48:08+00:00","article_modified_time":"2025-06-10T22:50:48+00:00","og_image":[{"width":720,"height":382,"url":"https:\/\/diariodalagoa.pt\/wp-content\/uploads\/2014\/06\/simulacro-ansa-lagoa-piscinas.jpg","type":"image\/jpeg"}],"author":"Di\u00e1rio da Lagoa","twitter_card":"summary_large_image","twitter_misc":{"Written by":"Di\u00e1rio da Lagoa","Est. reading time":"2 minutes"},"schema":{"@context":"https:\/\/schema.org","@graph":[{"@type":"WebPage","@id":"https:\/\/diariodalagoa.pt\/complexo-de-piscinas-da-lagoa-recebeu-simulacro-de-salvamento\/","url":"https:\/\/diariodalagoa.pt\/complexo-de-piscinas-da-lagoa-recebeu-simulacro-de-salvamento\/","name":"Complexo de Piscinas da Lagoa recebeu simulacro de salvamento - Di\u00e1rio da Lagoa","isPartOf":{"@id":"https:\/\/diariodalagoa.pt\/#website"},"datePublished":"2014-06-01T13:48:08+00:00","dateModified":"2025-06-10T22:50:48+00:00","author":{"@id":"https:\/\/diariodalagoa.pt\/#\/schema\/person\/1615a002370e8857b6f972834bc43ece"},"breadcrumb":{"@id":"https:\/\/diariodalagoa.pt\/complexo-de-piscinas-da-lagoa-recebeu-simulacro-de-salvamento\/#breadcrumb"},"inLanguage":"en-US","potentialAction":[{"@type":"ReadAction","target":["https:\/\/diariodalagoa.pt\/complexo-de-piscinas-da-lagoa-recebeu-simulacro-de-salvamento\/"]}]},{"@type":"BreadcrumbList","@id":"https:\/\/diariodalagoa.pt\/complexo-de-piscinas-da-lagoa-recebeu-simulacro-de-salvamento\/#breadcrumb","itemListElement":[{"@type":"ListItem","position":1,"name":"In\u00edcio","item":"https:\/\/diariodalagoa.pt\/"},{"@type":"ListItem","position":2,"name":"Complexo de Piscinas da Lagoa recebeu simulacro de salvamento"}]},{"@type":"WebSite","@id":"https:\/\/diariodalagoa.pt\/#website","url":"https:\/\/diariodalagoa.pt\/","name":"Di\u00e1rio da Lagoa","description":"Di\u00e1rio da Lagoa. As not\u00edcias que contam. A partir da Lagoa, nos A\u00e7ores, para o mundo.","potentialAction":[{"@type":"SearchAction","target":{"@type":"EntryPoint","urlTemplate":"https:\/\/diariodalagoa.pt\/?s={search_term_string}"},"query-input":"required name=search_term_string"}],"inLanguage":"en-US"},{"@type":"Person","@id":"https:\/\/diariodalagoa.pt\/#\/schema\/person\/1615a002370e8857b6f972834bc43ece","name":"Di\u00e1rio da Lagoa","image":{"@type":"ImageObject","inLanguage":"en-US","@id":"https:\/\/diariodalagoa.pt\/#\/schema\/person\/image\/","url":"https:\/\/secure.gravatar.com\/avatar\/2cb5cef90a26f8fbd4d9d930608102c5?s=96&d=mm&r=g","contentUrl":"https:\/\/secure.gravatar.com\/avatar\/2cb5cef90a26f8fbd4d9d930608102c5?s=96&d=mm&r=g","caption":"Di\u00e1rio da Lagoa"},"url":"https:\/\/diariodalagoa.pt\/en\/author\/diariodalagoa\/"}]}},"_links":{"self":[{"href":"https:\/\/diariodalagoa.pt\/en\/wp-json\/wp\/v2\/posts\/5112"}],"collection":[{"href":"https:\/\/diariodalagoa.pt\/en\/wp-json\/wp\/v2\/posts"}],"about":[{"href":"https:\/\/diariodalagoa.pt\/en\/wp-json\/wp\/v2\/types\/post"}],"author":[{"embeddable":true,"href":"https:\/\/diariodalagoa.pt\/en\/wp-json\/wp\/v2\/users\/2"}],"replies":[{"embeddable":true,"href":"https:\/\/diariodalagoa.pt\/en\/wp-json\/wp\/v2\/comments?post=5112"}],"version-history":[{"count":1,"href":"https:\/\/diariodalagoa.pt\/en\/wp-json\/wp\/v2\/posts\/5112\/revisions"}],"predecessor-version":[{"id":152815,"href":"https:\/\/diariodalagoa.pt\/en\/wp-json\/wp\/v2\/posts\/5112\/revisions\/152815"}],"wp:featuredmedia":[{"embeddable":true,"href":"https:\/\/diariodalagoa.pt\/en\/wp-json\/wp\/v2\/media\/113364"}],"wp:attachment":[{"href":"https:\/\/diariodalagoa.pt\/en\/wp-json\/wp\/v2\/media?parent=5112"}],"wp:term":[{"taxonomy":"category","embeddable":true,"href":"https:\/\/diariodalagoa.pt\/en\/wp-json\/wp\/v2\/categories?post=5112"},{"taxonomy":"post_tag","embeddable":true,"href":"https:\/\/diariodalagoa.pt\/en\/wp-json\/wp\/v2\/tags?post=5112"}],"curies":[{"name":"wp","href":"https:\/\/api.w.org\/{rel}","templated":true}]}}