{"id":5069,"date":"2014-05-31T11:35:56","date_gmt":"2014-05-31T11:35:56","guid":{"rendered":"http:\/\/diariodalagoa.pt\/?p=5069"},"modified":"2014-05-31T11:35:56","modified_gmt":"2014-05-31T11:35:56","slug":"unidades-de-saude-familiar-constituem-boa-resposta-a-acorianos-sem-medico-de-familia","status":"publish","type":"post","link":"https:\/\/diariodalagoa.pt\/en\/unidades-de-saude-familiar-constituem-boa-resposta-a-acorianos-sem-medico-de-familia\/","title":{"rendered":"Unidades de Sa\u00fade Familiar constituem boa resposta a a\u00e7orianos sem m\u00e9dico de fam\u00edlia"},"content":{"rendered":"<div style=\"text-align: justify;\"><a href=\"http:\/\/diariodalagoa.pt\/wp-content\/uploads\/2014\/05\/LUIS-MAURICIO-MEDICOS-FAMILIA-30MAI2014.jpg\"><img decoding=\"async\" class=\"alignnone size-full wp-image-5070\" alt=\"LUIS-MAURICIO-MEDICOS-FAMILIA-30MAI2014\" src=\"http:\/\/diariodalagoa.pt\/wp-content\/uploads\/2014\/05\/LUIS-MAURICIO-MEDICOS-FAMILIA-30MAI2014.jpg\" width=\"720\" height=\"382\" \/><\/a><\/div>\n<div style=\"text-align: justify;\"><span style=\"color: #000000;\">\u00a0<\/span><\/div>\n<div style=\"text-align: justify;\">\n<p><span style=\"color: #000000;\">O PSD\/A\u00e7ores reafirmou sexta-feira a import\u00e2ncia de implementar a cria\u00e7\u00e3o de Unidades de Sa\u00fade Familiar (USF) como forma de \u201cmelhorar a acessibilidade aos cuidados prim\u00e1rios e de evitar custos desnecess\u00e1rios para as estruturas de cuidados diferenciados, como \u00e9 o caso dos hospitais\u201d.\u00a0<\/span><\/p>\n<p><span style=\"color: #000000;\">Segundo o deputado do PSD\/A\u00e7ores Lu\u00eds Maur\u00edcio, que falava \u00e0 comunica\u00e7\u00e3o social no final de uma reuni\u00e3o com a delega\u00e7\u00e3o dos A\u00e7ores da Associa\u00e7\u00e3o Portuguesa dos M\u00e9dicos de Medicina Geral e Familiar, continua a existir na Regi\u00e3o \u201cuma percentagem elevada de cidad\u00e3os sem cuidados de sa\u00fade de primeiro n\u00edvel\u201d pelo que \u00e9 \u201cnecess\u00e1rio encontrar boas respostas para as a\u00e7orianas e para os a\u00e7orianos\u201d.\u00a0<\/span><\/p>\n<p><span style=\"color: #000000;\">Nesse sentido, o PSD\/A\u00e7ores \u201cprop\u00f5e a cria\u00e7\u00e3o de Unidades de Sa\u00fade Familiar, \u00e0 semelhan\u00e7a do modelo que come\u00e7ou a ser implementado a n\u00edvel nacional em 2006, no \u00e2mbito da Reforma dos Cuidados de Sa\u00fade Prim\u00e1rios, ent\u00e3o iniciada, e que tem apresentado resultados assinal\u00e1veis\u201d.<\/span><\/p>\n<p><span style=\"color: #000000;\">Segundo dados revelados recentemente no Porto, durante o congresso destas unidades, salientou, que \u201cas equipas multidisciplinares \u2013 M\u00e9dicos, Enfermeiros, Pessoal Administrativo e Auxiliar \u2013 que constituem as USF, nomeadamente as de \u201cTipo B\u201d, \u00a0permitiram dar cobertura a mais 625 mil cidad\u00e3os consubstanciando ganhos de acessibilidade indesment\u00edveis\u201d, disse, salientando \u201cque estas unidades permitiram igualmente uma taxa de utiliza\u00e7\u00e3o de consultas superior em 76 por cento \u00e0s Unidades de Sa\u00fade convencionais \u2013 Centros de Sa\u00fade &#8211; \u00a0a diminui\u00e7\u00e3o de custos em meios complementares de diagn\u00f3stico, a diminui\u00e7\u00e3o \u00a0em \u00a030 por cento dos medicamentos faturados por utilizador, um melhor desempenho na vigil\u00e2ncia materno infantil, na doen\u00e7a cr\u00f3nica e na preven\u00e7\u00e3o oncol\u00f3gica\u201d.<\/span><\/p>\n<p><span style=\"color: #000000;\">O deputado social-democrata a\u00e7oriano lamenta, por isso, \u201ca an\u00e1lise feita pelo secret\u00e1rio regional que recusa a implementa\u00e7\u00e3o do modelo por ele representar um suposto aumento de custos em 25 por cento. Essa foi uma an\u00e1lise feita sem ter em conta os ganhos em sa\u00fade que este tipo de organiza\u00e7\u00e3o proporciona \u2013 e que j\u00e1 salientei &#8211; e que justificam de forma clara a aposta que a n\u00edvel nacional \u2013 iniciada por Correia de Campos \u2013 est\u00e1 a ser ampliada pela abertura consecutiva de novas Unidades\u201d.<\/span><\/p>\n<p><span style=\"color: #000000;\">Lu\u00eds Maur\u00edcio explicou que o modelo de Unidades de Sa\u00fade Familiar \u201cpermite que um maior n\u00famero de cidad\u00e3os possa ter acesso a cuidados prim\u00e1rios de sa\u00fade, assegura ganhos de efici\u00eancia global e constitui uma alternativa v\u00e1lida para responder \u00e0 atual dificuldade da falta de M\u00e9dicos de Fam\u00edlia que obriga, ainda, mais de tr\u00eas dezenas de milhar de a\u00e7orianos na Terceira e em S\u00e3o Miguel, onde este modelo deveria ser iniciado, a ter de recorrer aos Hospitais e \u00e0s urg\u00eancias hospitalares ou dos Centros de Sa\u00fade para ter acesso ao Servi\u00e7o Regional de Sa\u00fade \u201d.<\/span><\/p>\n<p><em><span style=\"color: #000000;\">DL\/PSD-A<\/span><\/em><\/p>\n<\/div>","protected":false},"excerpt":{"rendered":"<p>\u00a0 O PSD\/A\u00e7ores reafirmou sexta-feira a import\u00e2ncia de implementar a cria\u00e7\u00e3o de Unidades de Sa\u00fade Familiar (USF) como forma de \u201cmelhorar a acessibilidade aos cuidados prim\u00e1rios e de evitar custos desnecess\u00e1rios para as estruturas de cuidados diferenciados, como \u00e9 o caso dos hospitais\u201d.\u00a0 Segundo o deputado do PSD\/A\u00e7ores Lu\u00eds Maur\u00edcio, que falava \u00e0 comunica\u00e7\u00e3o social [&hellip;]<\/p>","protected":false},"author":2,"featured_media":122003,"comment_status":"open","ping_status":"open","sticky":false,"template":"","format":"standard","meta":[],"categories":[21],"tags":[],"acf":[],"yoast_head":"<!-- This site is optimized with the Yoast SEO plugin v20.10 - https:\/\/yoast.com\/wordpress\/plugins\/seo\/ -->\n<title>Unidades de Sa\u00fade Familiar constituem boa resposta a a\u00e7orianos sem m\u00e9dico de fam\u00edlia - Di\u00e1rio da Lagoa<\/title>\n<meta name=\"robots\" content=\"index, follow, max-snippet:-1, max-image-preview:large, max-video-preview:-1\" \/>\n<link rel=\"canonical\" href=\"https:\/\/diariodalagoa.pt\/en\/unidades-de-saude-familiar-constituem-boa-resposta-a-acorianos-sem-medico-de-familia\/\" \/>\n<meta property=\"og:locale\" content=\"en_US\" \/>\n<meta property=\"og:type\" content=\"article\" \/>\n<meta property=\"og:title\" content=\"Unidades de Sa\u00fade Familiar constituem boa resposta a a\u00e7orianos sem m\u00e9dico de fam\u00edlia - Di\u00e1rio da Lagoa\" \/>\n<meta property=\"og:description\" content=\"\u00a0 O PSD\/A\u00e7ores reafirmou sexta-feira a import\u00e2ncia de implementar a cria\u00e7\u00e3o de Unidades de Sa\u00fade Familiar (USF) como forma de \u201cmelhorar a acessibilidade aos cuidados prim\u00e1rios e de evitar custos desnecess\u00e1rios para as estruturas de cuidados diferenciados, como \u00e9 o caso dos hospitais\u201d.\u00a0 Segundo o deputado do PSD\/A\u00e7ores Lu\u00eds Maur\u00edcio, que falava \u00e0 comunica\u00e7\u00e3o social [&hellip;]\" \/>\n<meta property=\"og:url\" content=\"https:\/\/diariodalagoa.pt\/en\/unidades-de-saude-familiar-constituem-boa-resposta-a-acorianos-sem-medico-de-familia\/\" \/>\n<meta property=\"og:site_name\" content=\"Di\u00e1rio da Lagoa\" \/>\n<meta property=\"article:published_time\" content=\"2014-05-31T11:35:56+00:00\" \/>\n<meta property=\"og:image\" content=\"https:\/\/diariodalagoa.pt\/wp-content\/uploads\/2014\/05\/luis-mauricio-medicos-familia-30mai2014.jpg\" \/>\n\t<meta property=\"og:image:width\" content=\"720\" \/>\n\t<meta property=\"og:image:height\" content=\"382\" \/>\n\t<meta property=\"og:image:type\" content=\"image\/jpeg\" \/>\n<meta name=\"author\" content=\"Di\u00e1rio da Lagoa\" \/>\n<meta name=\"twitter:card\" content=\"summary_large_image\" \/>\n<meta name=\"twitter:label1\" content=\"Written by\" \/>\n\t<meta name=\"twitter:data1\" content=\"Di\u00e1rio da Lagoa\" \/>\n\t<meta name=\"twitter:label2\" content=\"Est. reading time\" \/>\n\t<meta name=\"twitter:data2\" content=\"2 minutes\" \/>\n<script type=\"application\/ld+json\" class=\"yoast-schema-graph\">{\"@context\":\"https:\/\/schema.org\",\"@graph\":[{\"@type\":\"WebPage\",\"@id\":\"https:\/\/diariodalagoa.pt\/unidades-de-saude-familiar-constituem-boa-resposta-a-acorianos-sem-medico-de-familia\/\",\"url\":\"https:\/\/diariodalagoa.pt\/unidades-de-saude-familiar-constituem-boa-resposta-a-acorianos-sem-medico-de-familia\/\",\"name\":\"Unidades de Sa\u00fade Familiar constituem boa resposta a a\u00e7orianos sem m\u00e9dico de fam\u00edlia - Di\u00e1rio da Lagoa\",\"isPartOf\":{\"@id\":\"https:\/\/diariodalagoa.pt\/#website\"},\"datePublished\":\"2014-05-31T11:35:56+00:00\",\"dateModified\":\"2014-05-31T11:35:56+00:00\",\"author\":{\"@id\":\"https:\/\/diariodalagoa.pt\/#\/schema\/person\/1615a002370e8857b6f972834bc43ece\"},\"breadcrumb\":{\"@id\":\"https:\/\/diariodalagoa.pt\/unidades-de-saude-familiar-constituem-boa-resposta-a-acorianos-sem-medico-de-familia\/#breadcrumb\"},\"inLanguage\":\"en-US\",\"potentialAction\":[{\"@type\":\"ReadAction\",\"target\":[\"https:\/\/diariodalagoa.pt\/unidades-de-saude-familiar-constituem-boa-resposta-a-acorianos-sem-medico-de-familia\/\"]}]},{\"@type\":\"BreadcrumbList\",\"@id\":\"https:\/\/diariodalagoa.pt\/unidades-de-saude-familiar-constituem-boa-resposta-a-acorianos-sem-medico-de-familia\/#breadcrumb\",\"itemListElement\":[{\"@type\":\"ListItem\",\"position\":1,\"name\":\"In\u00edcio\",\"item\":\"https:\/\/diariodalagoa.pt\/\"},{\"@type\":\"ListItem\",\"position\":2,\"name\":\"Unidades de Sa\u00fade Familiar constituem boa resposta a a\u00e7orianos sem m\u00e9dico de fam\u00edlia\"}]},{\"@type\":\"WebSite\",\"@id\":\"https:\/\/diariodalagoa.pt\/#website\",\"url\":\"https:\/\/diariodalagoa.pt\/\",\"name\":\"Di\u00e1rio da Lagoa\",\"description\":\"Di\u00e1rio da Lagoa. As not\u00edcias que contam. A partir da Lagoa, nos A\u00e7ores, para o mundo.\",\"potentialAction\":[{\"@type\":\"SearchAction\",\"target\":{\"@type\":\"EntryPoint\",\"urlTemplate\":\"https:\/\/diariodalagoa.pt\/?s={search_term_string}\"},\"query-input\":\"required name=search_term_string\"}],\"inLanguage\":\"en-US\"},{\"@type\":\"Person\",\"@id\":\"https:\/\/diariodalagoa.pt\/#\/schema\/person\/1615a002370e8857b6f972834bc43ece\",\"name\":\"Di\u00e1rio da Lagoa\",\"image\":{\"@type\":\"ImageObject\",\"inLanguage\":\"en-US\",\"@id\":\"https:\/\/diariodalagoa.pt\/#\/schema\/person\/image\/\",\"url\":\"https:\/\/secure.gravatar.com\/avatar\/2cb5cef90a26f8fbd4d9d930608102c5?s=96&d=mm&r=g\",\"contentUrl\":\"https:\/\/secure.gravatar.com\/avatar\/2cb5cef90a26f8fbd4d9d930608102c5?s=96&d=mm&r=g\",\"caption\":\"Di\u00e1rio da Lagoa\"},\"url\":\"https:\/\/diariodalagoa.pt\/en\/author\/diariodalagoa\/\"}]}<\/script>\n<!-- \/ Yoast SEO plugin. -->","yoast_head_json":{"title":"Unidades de Sa\u00fade Familiar constituem boa resposta a a\u00e7orianos sem m\u00e9dico de fam\u00edlia - Di\u00e1rio da Lagoa","robots":{"index":"index","follow":"follow","max-snippet":"max-snippet:-1","max-image-preview":"max-image-preview:large","max-video-preview":"max-video-preview:-1"},"canonical":"https:\/\/diariodalagoa.pt\/en\/unidades-de-saude-familiar-constituem-boa-resposta-a-acorianos-sem-medico-de-familia\/","og_locale":"en_US","og_type":"article","og_title":"Unidades de Sa\u00fade Familiar constituem boa resposta a a\u00e7orianos sem m\u00e9dico de fam\u00edlia - Di\u00e1rio da Lagoa","og_description":"\u00a0 O PSD\/A\u00e7ores reafirmou sexta-feira a import\u00e2ncia de implementar a cria\u00e7\u00e3o de Unidades de Sa\u00fade Familiar (USF) como forma de \u201cmelhorar a acessibilidade aos cuidados prim\u00e1rios e de evitar custos desnecess\u00e1rios para as estruturas de cuidados diferenciados, como \u00e9 o caso dos hospitais\u201d.\u00a0 Segundo o deputado do PSD\/A\u00e7ores Lu\u00eds Maur\u00edcio, que falava \u00e0 comunica\u00e7\u00e3o social [&hellip;]","og_url":"https:\/\/diariodalagoa.pt\/en\/unidades-de-saude-familiar-constituem-boa-resposta-a-acorianos-sem-medico-de-familia\/","og_site_name":"Di\u00e1rio da Lagoa","article_published_time":"2014-05-31T11:35:56+00:00","og_image":[{"width":720,"height":382,"url":"https:\/\/diariodalagoa.pt\/wp-content\/uploads\/2014\/05\/luis-mauricio-medicos-familia-30mai2014.jpg","type":"image\/jpeg"}],"author":"Di\u00e1rio da Lagoa","twitter_card":"summary_large_image","twitter_misc":{"Written by":"Di\u00e1rio da Lagoa","Est. reading time":"2 minutes"},"schema":{"@context":"https:\/\/schema.org","@graph":[{"@type":"WebPage","@id":"https:\/\/diariodalagoa.pt\/unidades-de-saude-familiar-constituem-boa-resposta-a-acorianos-sem-medico-de-familia\/","url":"https:\/\/diariodalagoa.pt\/unidades-de-saude-familiar-constituem-boa-resposta-a-acorianos-sem-medico-de-familia\/","name":"Unidades de Sa\u00fade Familiar constituem boa resposta a a\u00e7orianos sem m\u00e9dico de fam\u00edlia - Di\u00e1rio da Lagoa","isPartOf":{"@id":"https:\/\/diariodalagoa.pt\/#website"},"datePublished":"2014-05-31T11:35:56+00:00","dateModified":"2014-05-31T11:35:56+00:00","author":{"@id":"https:\/\/diariodalagoa.pt\/#\/schema\/person\/1615a002370e8857b6f972834bc43ece"},"breadcrumb":{"@id":"https:\/\/diariodalagoa.pt\/unidades-de-saude-familiar-constituem-boa-resposta-a-acorianos-sem-medico-de-familia\/#breadcrumb"},"inLanguage":"en-US","potentialAction":[{"@type":"ReadAction","target":["https:\/\/diariodalagoa.pt\/unidades-de-saude-familiar-constituem-boa-resposta-a-acorianos-sem-medico-de-familia\/"]}]},{"@type":"BreadcrumbList","@id":"https:\/\/diariodalagoa.pt\/unidades-de-saude-familiar-constituem-boa-resposta-a-acorianos-sem-medico-de-familia\/#breadcrumb","itemListElement":[{"@type":"ListItem","position":1,"name":"In\u00edcio","item":"https:\/\/diariodalagoa.pt\/"},{"@type":"ListItem","position":2,"name":"Unidades de Sa\u00fade Familiar constituem boa resposta a a\u00e7orianos sem m\u00e9dico de fam\u00edlia"}]},{"@type":"WebSite","@id":"https:\/\/diariodalagoa.pt\/#website","url":"https:\/\/diariodalagoa.pt\/","name":"Di\u00e1rio da Lagoa","description":"Di\u00e1rio da Lagoa. As not\u00edcias que contam. A partir da Lagoa, nos A\u00e7ores, para o mundo.","potentialAction":[{"@type":"SearchAction","target":{"@type":"EntryPoint","urlTemplate":"https:\/\/diariodalagoa.pt\/?s={search_term_string}"},"query-input":"required name=search_term_string"}],"inLanguage":"en-US"},{"@type":"Person","@id":"https:\/\/diariodalagoa.pt\/#\/schema\/person\/1615a002370e8857b6f972834bc43ece","name":"Di\u00e1rio da Lagoa","image":{"@type":"ImageObject","inLanguage":"en-US","@id":"https:\/\/diariodalagoa.pt\/#\/schema\/person\/image\/","url":"https:\/\/secure.gravatar.com\/avatar\/2cb5cef90a26f8fbd4d9d930608102c5?s=96&d=mm&r=g","contentUrl":"https:\/\/secure.gravatar.com\/avatar\/2cb5cef90a26f8fbd4d9d930608102c5?s=96&d=mm&r=g","caption":"Di\u00e1rio da Lagoa"},"url":"https:\/\/diariodalagoa.pt\/en\/author\/diariodalagoa\/"}]}},"_links":{"self":[{"href":"https:\/\/diariodalagoa.pt\/en\/wp-json\/wp\/v2\/posts\/5069"}],"collection":[{"href":"https:\/\/diariodalagoa.pt\/en\/wp-json\/wp\/v2\/posts"}],"about":[{"href":"https:\/\/diariodalagoa.pt\/en\/wp-json\/wp\/v2\/types\/post"}],"author":[{"embeddable":true,"href":"https:\/\/diariodalagoa.pt\/en\/wp-json\/wp\/v2\/users\/2"}],"replies":[{"embeddable":true,"href":"https:\/\/diariodalagoa.pt\/en\/wp-json\/wp\/v2\/comments?post=5069"}],"version-history":[{"count":0,"href":"https:\/\/diariodalagoa.pt\/en\/wp-json\/wp\/v2\/posts\/5069\/revisions"}],"wp:featuredmedia":[{"embeddable":true,"href":"https:\/\/diariodalagoa.pt\/en\/wp-json\/wp\/v2\/media\/122003"}],"wp:attachment":[{"href":"https:\/\/diariodalagoa.pt\/en\/wp-json\/wp\/v2\/media?parent=5069"}],"wp:term":[{"taxonomy":"category","embeddable":true,"href":"https:\/\/diariodalagoa.pt\/en\/wp-json\/wp\/v2\/categories?post=5069"},{"taxonomy":"post_tag","embeddable":true,"href":"https:\/\/diariodalagoa.pt\/en\/wp-json\/wp\/v2\/tags?post=5069"}],"curies":[{"name":"wp","href":"https:\/\/api.w.org\/{rel}","templated":true}]}}