{"id":4873,"date":"2014-05-27T15:11:03","date_gmt":"2014-05-27T16:11:03","guid":{"rendered":"http:\/\/diariodalagoa.pt\/?p=4873"},"modified":"2014-05-27T15:11:03","modified_gmt":"2014-05-27T16:11:03","slug":"acores-participam-em-conferencia-internacional-do-projeto-netbiome-csa","status":"publish","type":"post","link":"https:\/\/diariodalagoa.pt\/en\/acores-participam-em-conferencia-internacional-do-projeto-netbiome-csa\/","title":{"rendered":"A\u00e7ores participam em confer\u00eancia internacional do projeto NetBiome-CSA"},"content":{"rendered":"<p style=\"text-align: justify;\"><span style=\"color: #000000;\"><a href=\"http:\/\/diariodalagoa.pt\/wp-content\/uploads\/2014\/05\/netbiome-CSA.jpg\"><img decoding=\"async\" class=\"size-full wp-image-4874 alignnone\" alt=\"netbiome-CSA\" src=\"http:\/\/diariodalagoa.pt\/wp-content\/uploads\/2014\/05\/netbiome-CSA.jpg\" width=\"720\" height=\"378\" \/><\/a><\/span><\/p>\n<p style=\"text-align: justify;\"><span style=\"color: #000000;\">Os A\u00e7ores est\u00e3o a participar, em Las Palmas, nas Can\u00e1rias, na primeira de uma s\u00e9rie de reuni\u00f5es internacionais programadas no \u00e2mbito do projeto europeu NetBiome-CSA, que envolve, entre outros parceiros, sete regi\u00f5es insulares do Atl\u00e2ntico, \u00cdndico e Pac\u00edfico.<\/span><span style=\"color: #000000;\">\u00a0<\/span><\/p>\n<p style=\"text-align: justify;\"><span style=\"color: #000000;\">O NetBiome-CSA visa fortalecer a coopera\u00e7\u00e3o europeia na \u00e1rea da investiga\u00e7\u00e3o para a gest\u00e3o sustent\u00e1vel e inteligente da biodiversidade tropical e subtropical nas regi\u00f5es e territ\u00f3rios ultraperif\u00e9ricos.<\/span><span style=\"color: #000000;\">\u00a0<\/span><\/p>\n<p style=\"text-align: justify;\"><span style=\"color: #000000;\">A participa\u00e7\u00e3o dos A\u00e7ores,\u00a0assegurada pelo Fundo Regional para a Ci\u00eancia, na depend\u00eancia da Secretaria Regional da Educa\u00e7\u00e3o, Ci\u00eancia e Cultura, ocorre hoje na confer\u00eancia sobre o tema &#8220;Estimular o Desenvolvimento Sustent\u00e1vel da Alta Biodiversidade: Perspetivas de Crescimento Verde e Azul em Regi\u00f5es Ultraperif\u00e9ricas e dos Pa\u00edses e Territ\u00f3rios Ultramarinos&#8221;.<\/span><span style=\"color: #000000;\">\u00a0<\/span><\/p>\n<p style=\"text-align: justify;\"><span style=\"color: #000000;\">Esta confer\u00eancia, organizada pela Plataforma Oce\u00e2nica das Can\u00e1rias (PLOCAN),\u00a0constitui uma excelente oportunidade para as Regi\u00f5es Ultraperif\u00e9ricas e os pa\u00edses e territ\u00f3rios ultramarinos da Uni\u00e3o Europeia apresentarem e discutirem as suas ideias sobre o desenvolvimento verde e azul com base nos seus elevados \u00edndices de biodiversidade.<\/span><span style=\"color: #000000;\">\u00a0<\/span><\/p>\n<p style=\"text-align: justify;\"><span style=\"color: #000000;\">Nesta confer\u00eancia participam representantes dos A\u00e7ores, Madeira, Can\u00e1rias, Nova Caled\u00f3nia, Martinica, Guadalupe, Reuni\u00e3o, Antilhas Holandesas e Cabo Verde, que v\u00e3o apresentar e discutir os desafios mais urgentes para a conserva\u00e7\u00e3o e gest\u00e3o da biodiversidade nas respetivas reuni\u00f5es, previamente identificados atrav\u00e9s de um processo interativo, com uma base ampla de partes interessadas.<\/span><span style=\"color: #000000;\">\u00a0<\/span><\/p>\n<p style=\"text-align: justify;\"><span style=\"color: #000000;\">Os participantes v\u00e3o ainda criar grupos de trabalho multidisciplinares direcionados para enfrentar os desafios que venham a ser identificados, al\u00e9m de procurarem propostas de orienta\u00e7\u00e3o por parte de especialistas internacionais sobre ideias inovadoras para impulsionar o desenvolvimento sustent\u00e1vel derivado de alta biodiversidade.<\/span><span style=\"color: #000000;\">\u00a0<\/span><\/p>\n<p style=\"text-align: justify;\"><span style=\"color: #000000;\">Ao Fundo Regional para a Ci\u00eancia caber\u00e1 dinamizar a colabora\u00e7\u00e3o entre as tr\u00eas regi\u00f5es aut\u00f3nomas da Macaron\u00e9sia &#8211; A\u00e7ores, Madeira e Can\u00e1rias-, com o objetivo de tornar mais efetivas as respetivas a\u00e7\u00f5es de conserva\u00e7\u00e3o e gest\u00e3o da biodiversidade terrestre e marinha e melhor direcionar o investimento europeu nesta \u00e1rea.<\/span><\/p>\n<p style=\"text-align: justify;\"><em><span style=\"color: #000000;\">DL\/GaCS<\/span><\/em><\/p>","protected":false},"excerpt":{"rendered":"<p>Os A\u00e7ores est\u00e3o a participar, em Las Palmas, nas Can\u00e1rias, na primeira de uma s\u00e9rie de reuni\u00f5es internacionais programadas no \u00e2mbito do projeto europeu NetBiome-CSA, que envolve, entre outros parceiros, sete regi\u00f5es insulares do Atl\u00e2ntico, \u00cdndico e Pac\u00edfico.\u00a0 O NetBiome-CSA visa fortalecer a coopera\u00e7\u00e3o europeia na \u00e1rea da investiga\u00e7\u00e3o para a gest\u00e3o sustent\u00e1vel e inteligente [&hellip;]<\/p>","protected":false},"author":2,"featured_media":122009,"comment_status":"open","ping_status":"open","sticky":false,"template":"","format":"standard","meta":[],"categories":[21],"tags":[],"acf":[],"yoast_head":"<!-- This site is optimized with the Yoast SEO plugin v20.10 - https:\/\/yoast.com\/wordpress\/plugins\/seo\/ -->\n<title>A\u00e7ores participam em confer\u00eancia internacional do projeto NetBiome-CSA - Di\u00e1rio da Lagoa<\/title>\n<meta name=\"robots\" content=\"index, follow, max-snippet:-1, max-image-preview:large, max-video-preview:-1\" \/>\n<link rel=\"canonical\" href=\"https:\/\/diariodalagoa.pt\/en\/acores-participam-em-conferencia-internacional-do-projeto-netbiome-csa\/\" \/>\n<meta property=\"og:locale\" content=\"en_US\" \/>\n<meta property=\"og:type\" content=\"article\" \/>\n<meta property=\"og:title\" content=\"A\u00e7ores participam em confer\u00eancia internacional do projeto NetBiome-CSA - Di\u00e1rio da Lagoa\" \/>\n<meta property=\"og:description\" content=\"Os A\u00e7ores est\u00e3o a participar, em Las Palmas, nas Can\u00e1rias, na primeira de uma s\u00e9rie de reuni\u00f5es internacionais programadas no \u00e2mbito do projeto europeu NetBiome-CSA, que envolve, entre outros parceiros, sete regi\u00f5es insulares do Atl\u00e2ntico, \u00cdndico e Pac\u00edfico.\u00a0 O NetBiome-CSA visa fortalecer a coopera\u00e7\u00e3o europeia na \u00e1rea da investiga\u00e7\u00e3o para a gest\u00e3o sustent\u00e1vel e inteligente [&hellip;]\" \/>\n<meta property=\"og:url\" content=\"https:\/\/diariodalagoa.pt\/en\/acores-participam-em-conferencia-internacional-do-projeto-netbiome-csa\/\" \/>\n<meta property=\"og:site_name\" content=\"Di\u00e1rio da Lagoa\" \/>\n<meta property=\"article:published_time\" content=\"2014-05-27T16:11:03+00:00\" \/>\n<meta property=\"og:image\" content=\"https:\/\/diariodalagoa.pt\/wp-content\/uploads\/2014\/05\/netbiome-csa.jpg\" \/>\n\t<meta property=\"og:image:width\" content=\"720\" \/>\n\t<meta property=\"og:image:height\" content=\"378\" \/>\n\t<meta property=\"og:image:type\" content=\"image\/jpeg\" \/>\n<meta name=\"author\" content=\"Di\u00e1rio da Lagoa\" \/>\n<meta name=\"twitter:card\" content=\"summary_large_image\" \/>\n<meta name=\"twitter:label1\" content=\"Written by\" \/>\n\t<meta name=\"twitter:data1\" content=\"Di\u00e1rio da Lagoa\" \/>\n\t<meta name=\"twitter:label2\" content=\"Est. reading time\" \/>\n\t<meta name=\"twitter:data2\" content=\"2 minutes\" \/>\n<script type=\"application\/ld+json\" class=\"yoast-schema-graph\">{\"@context\":\"https:\/\/schema.org\",\"@graph\":[{\"@type\":\"WebPage\",\"@id\":\"https:\/\/diariodalagoa.pt\/acores-participam-em-conferencia-internacional-do-projeto-netbiome-csa\/\",\"url\":\"https:\/\/diariodalagoa.pt\/acores-participam-em-conferencia-internacional-do-projeto-netbiome-csa\/\",\"name\":\"A\u00e7ores participam em confer\u00eancia internacional do projeto NetBiome-CSA - Di\u00e1rio da Lagoa\",\"isPartOf\":{\"@id\":\"https:\/\/diariodalagoa.pt\/#website\"},\"datePublished\":\"2014-05-27T16:11:03+00:00\",\"dateModified\":\"2014-05-27T16:11:03+00:00\",\"author\":{\"@id\":\"https:\/\/diariodalagoa.pt\/#\/schema\/person\/1615a002370e8857b6f972834bc43ece\"},\"breadcrumb\":{\"@id\":\"https:\/\/diariodalagoa.pt\/acores-participam-em-conferencia-internacional-do-projeto-netbiome-csa\/#breadcrumb\"},\"inLanguage\":\"en-US\",\"potentialAction\":[{\"@type\":\"ReadAction\",\"target\":[\"https:\/\/diariodalagoa.pt\/acores-participam-em-conferencia-internacional-do-projeto-netbiome-csa\/\"]}]},{\"@type\":\"BreadcrumbList\",\"@id\":\"https:\/\/diariodalagoa.pt\/acores-participam-em-conferencia-internacional-do-projeto-netbiome-csa\/#breadcrumb\",\"itemListElement\":[{\"@type\":\"ListItem\",\"position\":1,\"name\":\"In\u00edcio\",\"item\":\"https:\/\/diariodalagoa.pt\/\"},{\"@type\":\"ListItem\",\"position\":2,\"name\":\"A\u00e7ores participam em confer\u00eancia internacional do projeto NetBiome-CSA\"}]},{\"@type\":\"WebSite\",\"@id\":\"https:\/\/diariodalagoa.pt\/#website\",\"url\":\"https:\/\/diariodalagoa.pt\/\",\"name\":\"Di\u00e1rio da Lagoa\",\"description\":\"Di\u00e1rio da Lagoa. As not\u00edcias que contam. A partir da Lagoa, nos A\u00e7ores, para o mundo.\",\"potentialAction\":[{\"@type\":\"SearchAction\",\"target\":{\"@type\":\"EntryPoint\",\"urlTemplate\":\"https:\/\/diariodalagoa.pt\/?s={search_term_string}\"},\"query-input\":\"required name=search_term_string\"}],\"inLanguage\":\"en-US\"},{\"@type\":\"Person\",\"@id\":\"https:\/\/diariodalagoa.pt\/#\/schema\/person\/1615a002370e8857b6f972834bc43ece\",\"name\":\"Di\u00e1rio da Lagoa\",\"image\":{\"@type\":\"ImageObject\",\"inLanguage\":\"en-US\",\"@id\":\"https:\/\/diariodalagoa.pt\/#\/schema\/person\/image\/\",\"url\":\"https:\/\/secure.gravatar.com\/avatar\/2cb5cef90a26f8fbd4d9d930608102c5?s=96&d=mm&r=g\",\"contentUrl\":\"https:\/\/secure.gravatar.com\/avatar\/2cb5cef90a26f8fbd4d9d930608102c5?s=96&d=mm&r=g\",\"caption\":\"Di\u00e1rio da Lagoa\"},\"url\":\"https:\/\/diariodalagoa.pt\/en\/author\/diariodalagoa\/\"}]}<\/script>\n<!-- \/ Yoast SEO plugin. -->","yoast_head_json":{"title":"A\u00e7ores participam em confer\u00eancia internacional do projeto NetBiome-CSA - Di\u00e1rio da Lagoa","robots":{"index":"index","follow":"follow","max-snippet":"max-snippet:-1","max-image-preview":"max-image-preview:large","max-video-preview":"max-video-preview:-1"},"canonical":"https:\/\/diariodalagoa.pt\/en\/acores-participam-em-conferencia-internacional-do-projeto-netbiome-csa\/","og_locale":"en_US","og_type":"article","og_title":"A\u00e7ores participam em confer\u00eancia internacional do projeto NetBiome-CSA - Di\u00e1rio da Lagoa","og_description":"Os A\u00e7ores est\u00e3o a participar, em Las Palmas, nas Can\u00e1rias, na primeira de uma s\u00e9rie de reuni\u00f5es internacionais programadas no \u00e2mbito do projeto europeu NetBiome-CSA, que envolve, entre outros parceiros, sete regi\u00f5es insulares do Atl\u00e2ntico, \u00cdndico e Pac\u00edfico.\u00a0 O NetBiome-CSA visa fortalecer a coopera\u00e7\u00e3o europeia na \u00e1rea da investiga\u00e7\u00e3o para a gest\u00e3o sustent\u00e1vel e inteligente [&hellip;]","og_url":"https:\/\/diariodalagoa.pt\/en\/acores-participam-em-conferencia-internacional-do-projeto-netbiome-csa\/","og_site_name":"Di\u00e1rio da Lagoa","article_published_time":"2014-05-27T16:11:03+00:00","og_image":[{"width":720,"height":378,"url":"https:\/\/diariodalagoa.pt\/wp-content\/uploads\/2014\/05\/netbiome-csa.jpg","type":"image\/jpeg"}],"author":"Di\u00e1rio da Lagoa","twitter_card":"summary_large_image","twitter_misc":{"Written by":"Di\u00e1rio da Lagoa","Est. reading time":"2 minutes"},"schema":{"@context":"https:\/\/schema.org","@graph":[{"@type":"WebPage","@id":"https:\/\/diariodalagoa.pt\/acores-participam-em-conferencia-internacional-do-projeto-netbiome-csa\/","url":"https:\/\/diariodalagoa.pt\/acores-participam-em-conferencia-internacional-do-projeto-netbiome-csa\/","name":"A\u00e7ores participam em confer\u00eancia internacional do projeto NetBiome-CSA - Di\u00e1rio da Lagoa","isPartOf":{"@id":"https:\/\/diariodalagoa.pt\/#website"},"datePublished":"2014-05-27T16:11:03+00:00","dateModified":"2014-05-27T16:11:03+00:00","author":{"@id":"https:\/\/diariodalagoa.pt\/#\/schema\/person\/1615a002370e8857b6f972834bc43ece"},"breadcrumb":{"@id":"https:\/\/diariodalagoa.pt\/acores-participam-em-conferencia-internacional-do-projeto-netbiome-csa\/#breadcrumb"},"inLanguage":"en-US","potentialAction":[{"@type":"ReadAction","target":["https:\/\/diariodalagoa.pt\/acores-participam-em-conferencia-internacional-do-projeto-netbiome-csa\/"]}]},{"@type":"BreadcrumbList","@id":"https:\/\/diariodalagoa.pt\/acores-participam-em-conferencia-internacional-do-projeto-netbiome-csa\/#breadcrumb","itemListElement":[{"@type":"ListItem","position":1,"name":"In\u00edcio","item":"https:\/\/diariodalagoa.pt\/"},{"@type":"ListItem","position":2,"name":"A\u00e7ores participam em confer\u00eancia internacional do projeto NetBiome-CSA"}]},{"@type":"WebSite","@id":"https:\/\/diariodalagoa.pt\/#website","url":"https:\/\/diariodalagoa.pt\/","name":"Di\u00e1rio da Lagoa","description":"Di\u00e1rio da Lagoa. As not\u00edcias que contam. A partir da Lagoa, nos A\u00e7ores, para o mundo.","potentialAction":[{"@type":"SearchAction","target":{"@type":"EntryPoint","urlTemplate":"https:\/\/diariodalagoa.pt\/?s={search_term_string}"},"query-input":"required name=search_term_string"}],"inLanguage":"en-US"},{"@type":"Person","@id":"https:\/\/diariodalagoa.pt\/#\/schema\/person\/1615a002370e8857b6f972834bc43ece","name":"Di\u00e1rio da Lagoa","image":{"@type":"ImageObject","inLanguage":"en-US","@id":"https:\/\/diariodalagoa.pt\/#\/schema\/person\/image\/","url":"https:\/\/secure.gravatar.com\/avatar\/2cb5cef90a26f8fbd4d9d930608102c5?s=96&d=mm&r=g","contentUrl":"https:\/\/secure.gravatar.com\/avatar\/2cb5cef90a26f8fbd4d9d930608102c5?s=96&d=mm&r=g","caption":"Di\u00e1rio da Lagoa"},"url":"https:\/\/diariodalagoa.pt\/en\/author\/diariodalagoa\/"}]}},"_links":{"self":[{"href":"https:\/\/diariodalagoa.pt\/en\/wp-json\/wp\/v2\/posts\/4873"}],"collection":[{"href":"https:\/\/diariodalagoa.pt\/en\/wp-json\/wp\/v2\/posts"}],"about":[{"href":"https:\/\/diariodalagoa.pt\/en\/wp-json\/wp\/v2\/types\/post"}],"author":[{"embeddable":true,"href":"https:\/\/diariodalagoa.pt\/en\/wp-json\/wp\/v2\/users\/2"}],"replies":[{"embeddable":true,"href":"https:\/\/diariodalagoa.pt\/en\/wp-json\/wp\/v2\/comments?post=4873"}],"version-history":[{"count":0,"href":"https:\/\/diariodalagoa.pt\/en\/wp-json\/wp\/v2\/posts\/4873\/revisions"}],"wp:featuredmedia":[{"embeddable":true,"href":"https:\/\/diariodalagoa.pt\/en\/wp-json\/wp\/v2\/media\/122009"}],"wp:attachment":[{"href":"https:\/\/diariodalagoa.pt\/en\/wp-json\/wp\/v2\/media?parent=4873"}],"wp:term":[{"taxonomy":"category","embeddable":true,"href":"https:\/\/diariodalagoa.pt\/en\/wp-json\/wp\/v2\/categories?post=4873"},{"taxonomy":"post_tag","embeddable":true,"href":"https:\/\/diariodalagoa.pt\/en\/wp-json\/wp\/v2\/tags?post=4873"}],"curies":[{"name":"wp","href":"https:\/\/api.w.org\/{rel}","templated":true}]}}