{"id":4848,"date":"2014-05-27T11:26:51","date_gmt":"2014-05-27T12:26:51","guid":{"rendered":"http:\/\/diariodalagoa.pt\/?p=4848"},"modified":"2014-05-27T11:26:51","modified_gmt":"2014-05-27T12:26:51","slug":"direcao-regional-da-juventude-promove-acoes-de-formacao-nas-areas-do-audiovisual-e-multimedia","status":"publish","type":"post","link":"https:\/\/diariodalagoa.pt\/en\/direcao-regional-da-juventude-promove-acoes-de-formacao-nas-areas-do-audiovisual-e-multimedia\/","title":{"rendered":"Dire\u00e7\u00e3o Regional da Juventude promove a\u00e7\u00f5es de forma\u00e7\u00e3o nas \u00e1reas do audiovisual e multim\u00e9dia"},"content":{"rendered":"<div id=\"attachment_4849\" style=\"width: 730px\" class=\"wp-caption alignnone\"><a href=\"http:\/\/diariodalagoa.pt\/wp-content\/uploads\/2014\/05\/multimedia.jpg\"><img aria-describedby=\"caption-attachment-4849\" decoding=\"async\" class=\"size-full wp-image-4849\" alt=\"(c) direitos reservados\" src=\"http:\/\/diariodalagoa.pt\/wp-content\/uploads\/2014\/05\/multimedia.jpg\" width=\"720\" height=\"380\" \/><\/a><p id=\"caption-attachment-4849\" class=\"wp-caption-text\">(c) direitos reservados<\/p><\/div>\n<p style=\"text-align: justify;\"><span style=\"color: #000000;\">O Governo dos A\u00e7ores, atrav\u00e9s da Dire\u00e7\u00e3o Regional da Juventude, em colabora\u00e7\u00e3o com a Academia de Juventude da Terceira e o Teatro Micaelense, vai promover\u00a0a realiza\u00e7\u00e3o de um conjunto de a\u00e7\u00f5es de forma\u00e7\u00e3o nas \u00e1reas\u00a0do audiovisual e multim\u00e9dia.\u00a0<\/span><\/p>\n<p style=\"text-align: justify;\"><span style=\"color: #000000;\">Estas\u00a0a\u00e7\u00f5es,\u00a0com uma dura\u00e7\u00e3o de 20 horas cada,\u00a0 abrangem a produ\u00e7\u00e3o de eventos, ilumina\u00e7\u00e3o de espet\u00e1culos, som ao vivo, design de cartazes e programa\u00e7\u00e3o mobile e tablet.\u00a0<\/span><\/p>\n<p style=\"text-align: justify;\"><span style=\"color: #000000;\">As forma\u00e7\u00f5es a desenvolver enquadram-se no Plano Formativo da Academia de Juventude e das Artes da Ilha Terceira e resultam de um protocolo entre a Dire\u00e7\u00e3o Regional da Juventude e a Cooperativa Praia Cultural, em parceria com a Restart &#8211; Instituto de Criatividade Artes e Novas Tecnologias.\u00a0<\/span><\/p>\n<p style=\"text-align: justify;\"><span style=\"color: #000000;\">Estas iniciativas s\u00e3o destinadas a jovens\u00a0e t\u00eam como objetivo principal o desenvolvimento de compet\u00eancias que melhorem o perfil vocacional de cada participante, centrando a avalia\u00e7\u00e3o no empenho, comunica\u00e7\u00e3o e criatividade.\u00a0<\/span><\/p>\n<p style=\"text-align: justify;\"><span style=\"color: #000000;\">A primeira a\u00e7\u00e3o ser\u00e1 um\u00a0workshop em Design de Cartazes, que decorrer\u00e1 de 30 maio a 1 de junho, na Academia de Juventude e das Artes da Ilha Terceira.\u00a0<\/span><\/p>\n<p style=\"text-align: justify;\"><span style=\"color: #000000;\">Na Academia de Juventude ter\u00e3o\u00a0ainda lugar mais quatro workshops, nomeadamente Som ao Vivo (13 a 15 de junho), Programa\u00e7\u00e3o Mobile e Tablet (4 a 6 de julho), Produ\u00e7\u00e3o de Eventos (19 a 21 de setembro) e Ilumina\u00e7\u00e3o de Espet\u00e1culos (17 a 19 de outubro).\u00a0<\/span><\/p>\n<p style=\"text-align: justify;\"><span style=\"color: #000000;\">No Teatro Micaelense, em Ponta Delgada,\u00a0decorrer\u00e3o os workshops Som ao Vivo (16 a 21 de junho), Programa\u00e7\u00e3o Mobile e Tablet (7 a 12 de julho), Produ\u00e7\u00e3o de Eventos (22 a 27 de setembro) e Ilumina\u00e7\u00e3o de Espet\u00e1culos (20 a 25 de outubro).\u00a0<\/span><\/p>\n<p style=\"text-align: justify;\"><span style=\"color: #000000;\">O Governo dos A\u00e7ores tem\u00a0vindo a promover desde\u00a02010 forma\u00e7\u00f5es nas mais variadas \u00e1reas contempor\u00e2neas, fomentando o empreendedorismo criativo e cultural, tendo j\u00e1 realizado mais de\u00a0duas dezenas de a\u00e7\u00f5es, abrangendo\u00a0mais de 200 jovens.<\/span><\/p>\n<p style=\"text-align: justify;\"><span style=\"color: #000000;\"><em>DL\/GaCS<\/em><\/span><\/p>","protected":false},"excerpt":{"rendered":"<p>O Governo dos A\u00e7ores, atrav\u00e9s da Dire\u00e7\u00e3o Regional da Juventude, em colabora\u00e7\u00e3o com a Academia de Juventude da Terceira e o Teatro Micaelense, vai promover\u00a0a realiza\u00e7\u00e3o de um conjunto de a\u00e7\u00f5es de forma\u00e7\u00e3o nas \u00e1reas\u00a0do audiovisual e multim\u00e9dia.\u00a0 Estas\u00a0a\u00e7\u00f5es,\u00a0com uma dura\u00e7\u00e3o de 20 horas cada,\u00a0 abrangem a produ\u00e7\u00e3o de eventos, ilumina\u00e7\u00e3o de espet\u00e1culos, som ao [&hellip;]<\/p>","protected":false},"author":2,"featured_media":122010,"comment_status":"open","ping_status":"open","sticky":false,"template":"","format":"standard","meta":[],"categories":[21],"tags":[],"acf":[],"yoast_head":"<!-- This site is optimized with the Yoast SEO plugin v20.10 - https:\/\/yoast.com\/wordpress\/plugins\/seo\/ -->\n<title>Dire\u00e7\u00e3o Regional da Juventude promove a\u00e7\u00f5es de forma\u00e7\u00e3o nas \u00e1reas do audiovisual e multim\u00e9dia - Di\u00e1rio da Lagoa<\/title>\n<meta name=\"robots\" content=\"index, follow, max-snippet:-1, max-image-preview:large, max-video-preview:-1\" \/>\n<link rel=\"canonical\" href=\"https:\/\/diariodalagoa.pt\/en\/direcao-regional-da-juventude-promove-acoes-de-formacao-nas-areas-do-audiovisual-e-multimedia\/\" \/>\n<meta property=\"og:locale\" content=\"en_US\" \/>\n<meta property=\"og:type\" content=\"article\" \/>\n<meta property=\"og:title\" content=\"Dire\u00e7\u00e3o Regional da Juventude promove a\u00e7\u00f5es de forma\u00e7\u00e3o nas \u00e1reas do audiovisual e multim\u00e9dia - Di\u00e1rio da Lagoa\" \/>\n<meta property=\"og:description\" content=\"O Governo dos A\u00e7ores, atrav\u00e9s da Dire\u00e7\u00e3o Regional da Juventude, em colabora\u00e7\u00e3o com a Academia de Juventude da Terceira e o Teatro Micaelense, vai promover\u00a0a realiza\u00e7\u00e3o de um conjunto de a\u00e7\u00f5es de forma\u00e7\u00e3o nas \u00e1reas\u00a0do audiovisual e multim\u00e9dia.\u00a0 Estas\u00a0a\u00e7\u00f5es,\u00a0com uma dura\u00e7\u00e3o de 20 horas cada,\u00a0 abrangem a produ\u00e7\u00e3o de eventos, ilumina\u00e7\u00e3o de espet\u00e1culos, som ao [&hellip;]\" \/>\n<meta property=\"og:url\" content=\"https:\/\/diariodalagoa.pt\/en\/direcao-regional-da-juventude-promove-acoes-de-formacao-nas-areas-do-audiovisual-e-multimedia\/\" \/>\n<meta property=\"og:site_name\" content=\"Di\u00e1rio da Lagoa\" \/>\n<meta property=\"article:published_time\" content=\"2014-05-27T12:26:51+00:00\" \/>\n<meta property=\"og:image\" content=\"https:\/\/diariodalagoa.pt\/wp-content\/uploads\/2014\/05\/multimedia.jpg\" \/>\n\t<meta property=\"og:image:width\" content=\"720\" \/>\n\t<meta property=\"og:image:height\" content=\"380\" \/>\n\t<meta property=\"og:image:type\" content=\"image\/jpeg\" \/>\n<meta name=\"author\" content=\"Di\u00e1rio da Lagoa\" \/>\n<meta name=\"twitter:card\" content=\"summary_large_image\" \/>\n<meta name=\"twitter:label1\" content=\"Written by\" \/>\n\t<meta name=\"twitter:data1\" content=\"Di\u00e1rio da Lagoa\" \/>\n\t<meta name=\"twitter:label2\" content=\"Est. reading time\" \/>\n\t<meta name=\"twitter:data2\" content=\"2 minutes\" \/>\n<script type=\"application\/ld+json\" class=\"yoast-schema-graph\">{\"@context\":\"https:\/\/schema.org\",\"@graph\":[{\"@type\":\"WebPage\",\"@id\":\"https:\/\/diariodalagoa.pt\/direcao-regional-da-juventude-promove-acoes-de-formacao-nas-areas-do-audiovisual-e-multimedia\/\",\"url\":\"https:\/\/diariodalagoa.pt\/direcao-regional-da-juventude-promove-acoes-de-formacao-nas-areas-do-audiovisual-e-multimedia\/\",\"name\":\"Dire\u00e7\u00e3o Regional da Juventude promove a\u00e7\u00f5es de forma\u00e7\u00e3o nas \u00e1reas do audiovisual e multim\u00e9dia - Di\u00e1rio da Lagoa\",\"isPartOf\":{\"@id\":\"https:\/\/diariodalagoa.pt\/#website\"},\"datePublished\":\"2014-05-27T12:26:51+00:00\",\"dateModified\":\"2014-05-27T12:26:51+00:00\",\"author\":{\"@id\":\"https:\/\/diariodalagoa.pt\/#\/schema\/person\/1615a002370e8857b6f972834bc43ece\"},\"breadcrumb\":{\"@id\":\"https:\/\/diariodalagoa.pt\/direcao-regional-da-juventude-promove-acoes-de-formacao-nas-areas-do-audiovisual-e-multimedia\/#breadcrumb\"},\"inLanguage\":\"en-US\",\"potentialAction\":[{\"@type\":\"ReadAction\",\"target\":[\"https:\/\/diariodalagoa.pt\/direcao-regional-da-juventude-promove-acoes-de-formacao-nas-areas-do-audiovisual-e-multimedia\/\"]}]},{\"@type\":\"BreadcrumbList\",\"@id\":\"https:\/\/diariodalagoa.pt\/direcao-regional-da-juventude-promove-acoes-de-formacao-nas-areas-do-audiovisual-e-multimedia\/#breadcrumb\",\"itemListElement\":[{\"@type\":\"ListItem\",\"position\":1,\"name\":\"In\u00edcio\",\"item\":\"https:\/\/diariodalagoa.pt\/\"},{\"@type\":\"ListItem\",\"position\":2,\"name\":\"Dire\u00e7\u00e3o Regional da Juventude promove a\u00e7\u00f5es de forma\u00e7\u00e3o nas \u00e1reas do audiovisual e multim\u00e9dia\"}]},{\"@type\":\"WebSite\",\"@id\":\"https:\/\/diariodalagoa.pt\/#website\",\"url\":\"https:\/\/diariodalagoa.pt\/\",\"name\":\"Di\u00e1rio da Lagoa\",\"description\":\"Di\u00e1rio da Lagoa. As not\u00edcias que contam. A partir da Lagoa, nos A\u00e7ores, para o mundo.\",\"potentialAction\":[{\"@type\":\"SearchAction\",\"target\":{\"@type\":\"EntryPoint\",\"urlTemplate\":\"https:\/\/diariodalagoa.pt\/?s={search_term_string}\"},\"query-input\":\"required name=search_term_string\"}],\"inLanguage\":\"en-US\"},{\"@type\":\"Person\",\"@id\":\"https:\/\/diariodalagoa.pt\/#\/schema\/person\/1615a002370e8857b6f972834bc43ece\",\"name\":\"Di\u00e1rio da Lagoa\",\"image\":{\"@type\":\"ImageObject\",\"inLanguage\":\"en-US\",\"@id\":\"https:\/\/diariodalagoa.pt\/#\/schema\/person\/image\/\",\"url\":\"https:\/\/secure.gravatar.com\/avatar\/2cb5cef90a26f8fbd4d9d930608102c5?s=96&d=mm&r=g\",\"contentUrl\":\"https:\/\/secure.gravatar.com\/avatar\/2cb5cef90a26f8fbd4d9d930608102c5?s=96&d=mm&r=g\",\"caption\":\"Di\u00e1rio da Lagoa\"},\"url\":\"https:\/\/diariodalagoa.pt\/en\/author\/diariodalagoa\/\"}]}<\/script>\n<!-- \/ Yoast SEO plugin. -->","yoast_head_json":{"title":"Dire\u00e7\u00e3o Regional da Juventude promove a\u00e7\u00f5es de forma\u00e7\u00e3o nas \u00e1reas do audiovisual e multim\u00e9dia - Di\u00e1rio da Lagoa","robots":{"index":"index","follow":"follow","max-snippet":"max-snippet:-1","max-image-preview":"max-image-preview:large","max-video-preview":"max-video-preview:-1"},"canonical":"https:\/\/diariodalagoa.pt\/en\/direcao-regional-da-juventude-promove-acoes-de-formacao-nas-areas-do-audiovisual-e-multimedia\/","og_locale":"en_US","og_type":"article","og_title":"Dire\u00e7\u00e3o Regional da Juventude promove a\u00e7\u00f5es de forma\u00e7\u00e3o nas \u00e1reas do audiovisual e multim\u00e9dia - Di\u00e1rio da Lagoa","og_description":"O Governo dos A\u00e7ores, atrav\u00e9s da Dire\u00e7\u00e3o Regional da Juventude, em colabora\u00e7\u00e3o com a Academia de Juventude da Terceira e o Teatro Micaelense, vai promover\u00a0a realiza\u00e7\u00e3o de um conjunto de a\u00e7\u00f5es de forma\u00e7\u00e3o nas \u00e1reas\u00a0do audiovisual e multim\u00e9dia.\u00a0 Estas\u00a0a\u00e7\u00f5es,\u00a0com uma dura\u00e7\u00e3o de 20 horas cada,\u00a0 abrangem a produ\u00e7\u00e3o de eventos, ilumina\u00e7\u00e3o de espet\u00e1culos, som ao [&hellip;]","og_url":"https:\/\/diariodalagoa.pt\/en\/direcao-regional-da-juventude-promove-acoes-de-formacao-nas-areas-do-audiovisual-e-multimedia\/","og_site_name":"Di\u00e1rio da Lagoa","article_published_time":"2014-05-27T12:26:51+00:00","og_image":[{"width":720,"height":380,"url":"https:\/\/diariodalagoa.pt\/wp-content\/uploads\/2014\/05\/multimedia.jpg","type":"image\/jpeg"}],"author":"Di\u00e1rio da Lagoa","twitter_card":"summary_large_image","twitter_misc":{"Written by":"Di\u00e1rio da Lagoa","Est. reading time":"2 minutes"},"schema":{"@context":"https:\/\/schema.org","@graph":[{"@type":"WebPage","@id":"https:\/\/diariodalagoa.pt\/direcao-regional-da-juventude-promove-acoes-de-formacao-nas-areas-do-audiovisual-e-multimedia\/","url":"https:\/\/diariodalagoa.pt\/direcao-regional-da-juventude-promove-acoes-de-formacao-nas-areas-do-audiovisual-e-multimedia\/","name":"Dire\u00e7\u00e3o Regional da Juventude promove a\u00e7\u00f5es de forma\u00e7\u00e3o nas \u00e1reas do audiovisual e multim\u00e9dia - Di\u00e1rio da Lagoa","isPartOf":{"@id":"https:\/\/diariodalagoa.pt\/#website"},"datePublished":"2014-05-27T12:26:51+00:00","dateModified":"2014-05-27T12:26:51+00:00","author":{"@id":"https:\/\/diariodalagoa.pt\/#\/schema\/person\/1615a002370e8857b6f972834bc43ece"},"breadcrumb":{"@id":"https:\/\/diariodalagoa.pt\/direcao-regional-da-juventude-promove-acoes-de-formacao-nas-areas-do-audiovisual-e-multimedia\/#breadcrumb"},"inLanguage":"en-US","potentialAction":[{"@type":"ReadAction","target":["https:\/\/diariodalagoa.pt\/direcao-regional-da-juventude-promove-acoes-de-formacao-nas-areas-do-audiovisual-e-multimedia\/"]}]},{"@type":"BreadcrumbList","@id":"https:\/\/diariodalagoa.pt\/direcao-regional-da-juventude-promove-acoes-de-formacao-nas-areas-do-audiovisual-e-multimedia\/#breadcrumb","itemListElement":[{"@type":"ListItem","position":1,"name":"In\u00edcio","item":"https:\/\/diariodalagoa.pt\/"},{"@type":"ListItem","position":2,"name":"Dire\u00e7\u00e3o Regional da Juventude promove a\u00e7\u00f5es de forma\u00e7\u00e3o nas \u00e1reas do audiovisual e multim\u00e9dia"}]},{"@type":"WebSite","@id":"https:\/\/diariodalagoa.pt\/#website","url":"https:\/\/diariodalagoa.pt\/","name":"Di\u00e1rio da Lagoa","description":"Di\u00e1rio da Lagoa. As not\u00edcias que contam. A partir da Lagoa, nos A\u00e7ores, para o mundo.","potentialAction":[{"@type":"SearchAction","target":{"@type":"EntryPoint","urlTemplate":"https:\/\/diariodalagoa.pt\/?s={search_term_string}"},"query-input":"required name=search_term_string"}],"inLanguage":"en-US"},{"@type":"Person","@id":"https:\/\/diariodalagoa.pt\/#\/schema\/person\/1615a002370e8857b6f972834bc43ece","name":"Di\u00e1rio da Lagoa","image":{"@type":"ImageObject","inLanguage":"en-US","@id":"https:\/\/diariodalagoa.pt\/#\/schema\/person\/image\/","url":"https:\/\/secure.gravatar.com\/avatar\/2cb5cef90a26f8fbd4d9d930608102c5?s=96&d=mm&r=g","contentUrl":"https:\/\/secure.gravatar.com\/avatar\/2cb5cef90a26f8fbd4d9d930608102c5?s=96&d=mm&r=g","caption":"Di\u00e1rio da Lagoa"},"url":"https:\/\/diariodalagoa.pt\/en\/author\/diariodalagoa\/"}]}},"_links":{"self":[{"href":"https:\/\/diariodalagoa.pt\/en\/wp-json\/wp\/v2\/posts\/4848"}],"collection":[{"href":"https:\/\/diariodalagoa.pt\/en\/wp-json\/wp\/v2\/posts"}],"about":[{"href":"https:\/\/diariodalagoa.pt\/en\/wp-json\/wp\/v2\/types\/post"}],"author":[{"embeddable":true,"href":"https:\/\/diariodalagoa.pt\/en\/wp-json\/wp\/v2\/users\/2"}],"replies":[{"embeddable":true,"href":"https:\/\/diariodalagoa.pt\/en\/wp-json\/wp\/v2\/comments?post=4848"}],"version-history":[{"count":0,"href":"https:\/\/diariodalagoa.pt\/en\/wp-json\/wp\/v2\/posts\/4848\/revisions"}],"wp:featuredmedia":[{"embeddable":true,"href":"https:\/\/diariodalagoa.pt\/en\/wp-json\/wp\/v2\/media\/122010"}],"wp:attachment":[{"href":"https:\/\/diariodalagoa.pt\/en\/wp-json\/wp\/v2\/media?parent=4848"}],"wp:term":[{"taxonomy":"category","embeddable":true,"href":"https:\/\/diariodalagoa.pt\/en\/wp-json\/wp\/v2\/categories?post=4848"},{"taxonomy":"post_tag","embeddable":true,"href":"https:\/\/diariodalagoa.pt\/en\/wp-json\/wp\/v2\/tags?post=4848"}],"curies":[{"name":"wp","href":"https:\/\/api.w.org\/{rel}","templated":true}]}}