{"id":4720,"date":"2014-05-22T17:18:22","date_gmt":"2014-05-22T18:18:22","guid":{"rendered":"http:\/\/diariodalagoa.pt\/?p=4720"},"modified":"2014-05-22T17:18:22","modified_gmt":"2014-05-22T18:18:22","slug":"comprar-produtos-dos-acores-e-dar-emprego-aos-acorianos","status":"publish","type":"post","link":"https:\/\/diariodalagoa.pt\/en\/comprar-produtos-dos-acores-e-dar-emprego-aos-acorianos\/","title":{"rendered":"Comprar produtos dos A\u00e7ores \u00e9 dar emprego aos a\u00e7orianos"},"content":{"rendered":"<p style=\"text-align: justify;\"><a href=\"http:\/\/diariodalagoa.pt\/wp-content\/uploads\/2014\/05\/produtos-regionais-hipermercados.jpg\"><img decoding=\"async\" class=\"size-full wp-image-4721 alignnone\" alt=\"produtos-regionais-hipermercados\" src=\"http:\/\/diariodalagoa.pt\/wp-content\/uploads\/2014\/05\/produtos-regionais-hipermercados.jpg\" width=\"720\" height=\"380\" \/><\/a><\/p>\n<p style=\"text-align: justify;\"><span style=\"color: #000000;\">O Vice-Presidente do Governo dos A\u00e7ores reiterou a ideia de que \u201ccomprar produtos dos A\u00e7ores \u00e9 dar emprego aos a\u00e7orianos\u201d e que, nessa medida, \u201co sucesso da economia regional depende muito da atitude que os consumidores a\u00e7orianos tiverem na prefer\u00eancia por produtos dos A\u00e7ores\u201d.\u00a0<\/span><\/p>\n<p style=\"text-align: justify;\"><span style=\"color: #000000;\">S\u00e9rgio \u00c1vila, que falava no final de uma visita a dois hipermercados \u00a0onde est\u00e3o a decorrer feiras de produtos a\u00e7orianos, alertou que\u00a0\u201ccada vez que adquirimos um produto de fora da regi\u00e3o estamos a contribuir para o emprego de fora da regi\u00e3o\u201d.\u00a0<\/span><\/p>\n<p style=\"text-align: justify;\"><span style=\"color: #000000;\">Para o Vice-Presidente,\u00a0para al\u00e9m da \u201cconsciencializa\u00e7\u00e3o&#8221; dos\u00a0consumidores a\u00e7orianos, um maior consumo de produtos regionais passa tamb\u00e9m pela capacidade das superf\u00edcies comerciais existentes no arquip\u00e9lago\u00a0&#8220;promoverem os produtos a\u00e7orianos&#8221; e de os produtores regionais &#8220;terem maior qualidade nos seus produtos\u201d.\u00a0\u00a0<\/span><\/p>\n<p style=\"text-align: justify;\"><span style=\"color: #000000;\">S\u00e9rgio \u00c1vila anunciou, a prop\u00f3sito, que, ainda este ano, o Governo Regional vai lan\u00e7ar um \u201ccat\u00e1logo de produtos a\u00e7orianos\u201d, no sentido de generalizar, cada vez mais, o conhecimento dos produtos regionais pelos pr\u00f3prios a\u00e7orianos.\u00a0<\/span><\/p>\n<p style=\"text-align: justify;\"><span style=\"color: #000000;\">A mais-valia que a Marca A\u00e7ores vai trazer aos produtos regionais, promovendo-os sobretudo no exterior da Regi\u00e3o, ser\u00e1 complementada com uma nova linha de apoio, a criar a partir do segundo semestre deste ano.\u00a0<\/span><\/p>\n<p style=\"text-align: justify;\"><span style=\"color: #000000;\">S\u00e9rgio \u00c1vila explicou que esses apoios, para al\u00e9m dos \u201ctransportes para fora da ilha de produ\u00e7\u00e3o\u201d, incidir\u00e3o sobre \u201ca comercializa\u00e7\u00e3o, a cria\u00e7\u00e3o de embalagens, a cria\u00e7\u00e3o de imagens dos produtos\u201d, bem como \u201co esfor\u00e7o que as empresas fa\u00e7am para colocar os produtos nas grandes superf\u00edcies\u201d.\u00a0<\/span><\/p>\n<p style=\"text-align: justify;\"><span style=\"color: #000000;\">O Vice-Presidente do Governo manifestou tamb\u00e9m a opini\u00e3o de que \u00e9 \u201cessencial\u201d a procura por uma especializa\u00e7\u00e3o, de modo a \u201ccada um se especializar naquilo que faz melhor.\u201d\u00a0<\/span><\/p>\n<p style=\"text-align: justify;\"><span style=\"color: #000000;\"><em>DL\/GaCS<\/em><\/span><\/p>","protected":false},"excerpt":{"rendered":"<p>O Vice-Presidente do Governo dos A\u00e7ores reiterou a ideia de que \u201ccomprar produtos dos A\u00e7ores \u00e9 dar emprego aos a\u00e7orianos\u201d e que, nessa medida, \u201co sucesso da economia regional depende muito da atitude que os consumidores a\u00e7orianos tiverem na prefer\u00eancia por produtos dos A\u00e7ores\u201d.\u00a0 S\u00e9rgio \u00c1vila, que falava no final de uma visita a dois [&hellip;]<\/p>","protected":false},"author":2,"featured_media":122013,"comment_status":"open","ping_status":"open","sticky":false,"template":"","format":"standard","meta":[],"categories":[21],"tags":[],"acf":[],"yoast_head":"<!-- This site is optimized with the Yoast SEO plugin v20.10 - https:\/\/yoast.com\/wordpress\/plugins\/seo\/ -->\n<title>Comprar produtos dos A\u00e7ores \u00e9 dar emprego aos a\u00e7orianos - Di\u00e1rio da Lagoa<\/title>\n<meta name=\"robots\" content=\"index, follow, max-snippet:-1, max-image-preview:large, max-video-preview:-1\" \/>\n<link rel=\"canonical\" href=\"https:\/\/diariodalagoa.pt\/en\/comprar-produtos-dos-acores-e-dar-emprego-aos-acorianos\/\" \/>\n<meta property=\"og:locale\" content=\"en_US\" \/>\n<meta property=\"og:type\" content=\"article\" \/>\n<meta property=\"og:title\" content=\"Comprar produtos dos A\u00e7ores \u00e9 dar emprego aos a\u00e7orianos - Di\u00e1rio da Lagoa\" \/>\n<meta property=\"og:description\" content=\"O Vice-Presidente do Governo dos A\u00e7ores reiterou a ideia de que \u201ccomprar produtos dos A\u00e7ores \u00e9 dar emprego aos a\u00e7orianos\u201d e que, nessa medida, \u201co sucesso da economia regional depende muito da atitude que os consumidores a\u00e7orianos tiverem na prefer\u00eancia por produtos dos A\u00e7ores\u201d.\u00a0 S\u00e9rgio \u00c1vila, que falava no final de uma visita a dois [&hellip;]\" \/>\n<meta property=\"og:url\" content=\"https:\/\/diariodalagoa.pt\/en\/comprar-produtos-dos-acores-e-dar-emprego-aos-acorianos\/\" \/>\n<meta property=\"og:site_name\" content=\"Di\u00e1rio da Lagoa\" \/>\n<meta property=\"article:published_time\" content=\"2014-05-22T18:18:22+00:00\" \/>\n<meta property=\"og:image\" content=\"https:\/\/diariodalagoa.pt\/wp-content\/uploads\/2014\/05\/produtos-regionais-hipermercados.jpg\" \/>\n\t<meta property=\"og:image:width\" content=\"720\" \/>\n\t<meta property=\"og:image:height\" content=\"380\" \/>\n\t<meta property=\"og:image:type\" content=\"image\/jpeg\" \/>\n<meta name=\"author\" content=\"Di\u00e1rio da Lagoa\" \/>\n<meta name=\"twitter:card\" content=\"summary_large_image\" \/>\n<meta name=\"twitter:label1\" content=\"Written by\" \/>\n\t<meta name=\"twitter:data1\" content=\"Di\u00e1rio da Lagoa\" \/>\n\t<meta name=\"twitter:label2\" content=\"Est. reading time\" \/>\n\t<meta name=\"twitter:data2\" content=\"2 minutes\" \/>\n<script type=\"application\/ld+json\" class=\"yoast-schema-graph\">{\"@context\":\"https:\/\/schema.org\",\"@graph\":[{\"@type\":\"WebPage\",\"@id\":\"https:\/\/diariodalagoa.pt\/comprar-produtos-dos-acores-e-dar-emprego-aos-acorianos\/\",\"url\":\"https:\/\/diariodalagoa.pt\/comprar-produtos-dos-acores-e-dar-emprego-aos-acorianos\/\",\"name\":\"Comprar produtos dos A\u00e7ores \u00e9 dar emprego aos a\u00e7orianos - Di\u00e1rio da Lagoa\",\"isPartOf\":{\"@id\":\"https:\/\/diariodalagoa.pt\/#website\"},\"datePublished\":\"2014-05-22T18:18:22+00:00\",\"dateModified\":\"2014-05-22T18:18:22+00:00\",\"author\":{\"@id\":\"https:\/\/diariodalagoa.pt\/#\/schema\/person\/1615a002370e8857b6f972834bc43ece\"},\"breadcrumb\":{\"@id\":\"https:\/\/diariodalagoa.pt\/comprar-produtos-dos-acores-e-dar-emprego-aos-acorianos\/#breadcrumb\"},\"inLanguage\":\"en-US\",\"potentialAction\":[{\"@type\":\"ReadAction\",\"target\":[\"https:\/\/diariodalagoa.pt\/comprar-produtos-dos-acores-e-dar-emprego-aos-acorianos\/\"]}]},{\"@type\":\"BreadcrumbList\",\"@id\":\"https:\/\/diariodalagoa.pt\/comprar-produtos-dos-acores-e-dar-emprego-aos-acorianos\/#breadcrumb\",\"itemListElement\":[{\"@type\":\"ListItem\",\"position\":1,\"name\":\"In\u00edcio\",\"item\":\"https:\/\/diariodalagoa.pt\/\"},{\"@type\":\"ListItem\",\"position\":2,\"name\":\"Comprar produtos dos A\u00e7ores \u00e9 dar emprego aos a\u00e7orianos\"}]},{\"@type\":\"WebSite\",\"@id\":\"https:\/\/diariodalagoa.pt\/#website\",\"url\":\"https:\/\/diariodalagoa.pt\/\",\"name\":\"Di\u00e1rio da Lagoa\",\"description\":\"Di\u00e1rio da Lagoa. As not\u00edcias que contam. A partir da Lagoa, nos A\u00e7ores, para o mundo.\",\"potentialAction\":[{\"@type\":\"SearchAction\",\"target\":{\"@type\":\"EntryPoint\",\"urlTemplate\":\"https:\/\/diariodalagoa.pt\/?s={search_term_string}\"},\"query-input\":\"required name=search_term_string\"}],\"inLanguage\":\"en-US\"},{\"@type\":\"Person\",\"@id\":\"https:\/\/diariodalagoa.pt\/#\/schema\/person\/1615a002370e8857b6f972834bc43ece\",\"name\":\"Di\u00e1rio da Lagoa\",\"image\":{\"@type\":\"ImageObject\",\"inLanguage\":\"en-US\",\"@id\":\"https:\/\/diariodalagoa.pt\/#\/schema\/person\/image\/\",\"url\":\"https:\/\/secure.gravatar.com\/avatar\/2cb5cef90a26f8fbd4d9d930608102c5?s=96&d=mm&r=g\",\"contentUrl\":\"https:\/\/secure.gravatar.com\/avatar\/2cb5cef90a26f8fbd4d9d930608102c5?s=96&d=mm&r=g\",\"caption\":\"Di\u00e1rio da Lagoa\"},\"url\":\"https:\/\/diariodalagoa.pt\/en\/author\/diariodalagoa\/\"}]}<\/script>\n<!-- \/ Yoast SEO plugin. -->","yoast_head_json":{"title":"Comprar produtos dos A\u00e7ores \u00e9 dar emprego aos a\u00e7orianos - Di\u00e1rio da Lagoa","robots":{"index":"index","follow":"follow","max-snippet":"max-snippet:-1","max-image-preview":"max-image-preview:large","max-video-preview":"max-video-preview:-1"},"canonical":"https:\/\/diariodalagoa.pt\/en\/comprar-produtos-dos-acores-e-dar-emprego-aos-acorianos\/","og_locale":"en_US","og_type":"article","og_title":"Comprar produtos dos A\u00e7ores \u00e9 dar emprego aos a\u00e7orianos - Di\u00e1rio da Lagoa","og_description":"O Vice-Presidente do Governo dos A\u00e7ores reiterou a ideia de que \u201ccomprar produtos dos A\u00e7ores \u00e9 dar emprego aos a\u00e7orianos\u201d e que, nessa medida, \u201co sucesso da economia regional depende muito da atitude que os consumidores a\u00e7orianos tiverem na prefer\u00eancia por produtos dos A\u00e7ores\u201d.\u00a0 S\u00e9rgio \u00c1vila, que falava no final de uma visita a dois [&hellip;]","og_url":"https:\/\/diariodalagoa.pt\/en\/comprar-produtos-dos-acores-e-dar-emprego-aos-acorianos\/","og_site_name":"Di\u00e1rio da Lagoa","article_published_time":"2014-05-22T18:18:22+00:00","og_image":[{"width":720,"height":380,"url":"https:\/\/diariodalagoa.pt\/wp-content\/uploads\/2014\/05\/produtos-regionais-hipermercados.jpg","type":"image\/jpeg"}],"author":"Di\u00e1rio da Lagoa","twitter_card":"summary_large_image","twitter_misc":{"Written by":"Di\u00e1rio da Lagoa","Est. reading time":"2 minutes"},"schema":{"@context":"https:\/\/schema.org","@graph":[{"@type":"WebPage","@id":"https:\/\/diariodalagoa.pt\/comprar-produtos-dos-acores-e-dar-emprego-aos-acorianos\/","url":"https:\/\/diariodalagoa.pt\/comprar-produtos-dos-acores-e-dar-emprego-aos-acorianos\/","name":"Comprar produtos dos A\u00e7ores \u00e9 dar emprego aos a\u00e7orianos - Di\u00e1rio da Lagoa","isPartOf":{"@id":"https:\/\/diariodalagoa.pt\/#website"},"datePublished":"2014-05-22T18:18:22+00:00","dateModified":"2014-05-22T18:18:22+00:00","author":{"@id":"https:\/\/diariodalagoa.pt\/#\/schema\/person\/1615a002370e8857b6f972834bc43ece"},"breadcrumb":{"@id":"https:\/\/diariodalagoa.pt\/comprar-produtos-dos-acores-e-dar-emprego-aos-acorianos\/#breadcrumb"},"inLanguage":"en-US","potentialAction":[{"@type":"ReadAction","target":["https:\/\/diariodalagoa.pt\/comprar-produtos-dos-acores-e-dar-emprego-aos-acorianos\/"]}]},{"@type":"BreadcrumbList","@id":"https:\/\/diariodalagoa.pt\/comprar-produtos-dos-acores-e-dar-emprego-aos-acorianos\/#breadcrumb","itemListElement":[{"@type":"ListItem","position":1,"name":"In\u00edcio","item":"https:\/\/diariodalagoa.pt\/"},{"@type":"ListItem","position":2,"name":"Comprar produtos dos A\u00e7ores \u00e9 dar emprego aos a\u00e7orianos"}]},{"@type":"WebSite","@id":"https:\/\/diariodalagoa.pt\/#website","url":"https:\/\/diariodalagoa.pt\/","name":"Di\u00e1rio da Lagoa","description":"Di\u00e1rio da Lagoa. As not\u00edcias que contam. A partir da Lagoa, nos A\u00e7ores, para o mundo.","potentialAction":[{"@type":"SearchAction","target":{"@type":"EntryPoint","urlTemplate":"https:\/\/diariodalagoa.pt\/?s={search_term_string}"},"query-input":"required name=search_term_string"}],"inLanguage":"en-US"},{"@type":"Person","@id":"https:\/\/diariodalagoa.pt\/#\/schema\/person\/1615a002370e8857b6f972834bc43ece","name":"Di\u00e1rio da Lagoa","image":{"@type":"ImageObject","inLanguage":"en-US","@id":"https:\/\/diariodalagoa.pt\/#\/schema\/person\/image\/","url":"https:\/\/secure.gravatar.com\/avatar\/2cb5cef90a26f8fbd4d9d930608102c5?s=96&d=mm&r=g","contentUrl":"https:\/\/secure.gravatar.com\/avatar\/2cb5cef90a26f8fbd4d9d930608102c5?s=96&d=mm&r=g","caption":"Di\u00e1rio da Lagoa"},"url":"https:\/\/diariodalagoa.pt\/en\/author\/diariodalagoa\/"}]}},"_links":{"self":[{"href":"https:\/\/diariodalagoa.pt\/en\/wp-json\/wp\/v2\/posts\/4720"}],"collection":[{"href":"https:\/\/diariodalagoa.pt\/en\/wp-json\/wp\/v2\/posts"}],"about":[{"href":"https:\/\/diariodalagoa.pt\/en\/wp-json\/wp\/v2\/types\/post"}],"author":[{"embeddable":true,"href":"https:\/\/diariodalagoa.pt\/en\/wp-json\/wp\/v2\/users\/2"}],"replies":[{"embeddable":true,"href":"https:\/\/diariodalagoa.pt\/en\/wp-json\/wp\/v2\/comments?post=4720"}],"version-history":[{"count":0,"href":"https:\/\/diariodalagoa.pt\/en\/wp-json\/wp\/v2\/posts\/4720\/revisions"}],"wp:featuredmedia":[{"embeddable":true,"href":"https:\/\/diariodalagoa.pt\/en\/wp-json\/wp\/v2\/media\/122013"}],"wp:attachment":[{"href":"https:\/\/diariodalagoa.pt\/en\/wp-json\/wp\/v2\/media?parent=4720"}],"wp:term":[{"taxonomy":"category","embeddable":true,"href":"https:\/\/diariodalagoa.pt\/en\/wp-json\/wp\/v2\/categories?post=4720"},{"taxonomy":"post_tag","embeddable":true,"href":"https:\/\/diariodalagoa.pt\/en\/wp-json\/wp\/v2\/tags?post=4720"}],"curies":[{"name":"wp","href":"https:\/\/api.w.org\/{rel}","templated":true}]}}