{"id":4635,"date":"2014-05-07T14:47:18","date_gmt":"2014-05-07T14:47:18","guid":{"rendered":"http:\/\/diariodalagoa.pt\/?p=4635"},"modified":"2025-06-10T22:42:47","modified_gmt":"2025-06-10T22:42:47","slug":"ii-ciclo-de-conferencias-da-lagoa","status":"publish","type":"post","link":"https:\/\/diariodalagoa.pt\/en\/ii-ciclo-de-conferencias-da-lagoa\/","title":{"rendered":"II Ciclo de Confer\u00eancias da Lagoa"},"content":{"rendered":"<div id=\"attachment_4636\" style=\"width: 730px\" class=\"wp-caption alignnone\"><a href=\"https:\/\/www.facebook.com\/media\/set\/?set=a.237095636487318.1073741834.206053229591559&amp;type=3\" target=\"_blank\" rel=\"noopener noreferrer\"><img aria-describedby=\"caption-attachment-4636\" decoding=\"async\" class=\"size-full wp-image-4636\" src=\"http:\/\/diariodalagoa.pt\/wp-content\/uploads\/2014\/05\/Ciclo-Conferencias-patrimonio-religioso.jpg\" alt=\"Clique na imagem para aceder ao \u00c1lbum de Fotografias\" width=\"720\" height=\"373\"><\/a><p id=\"caption-attachment-4636\" class=\"wp-caption-text\"><span style=\"color: #003300;\"><strong>Clique na imagem para aceder ao \u00c1lbum de Fotografias<\/strong><\/span><\/p><\/div>\n<p>O Cineteatro Lagoense recebeu a 3\u00aa confer\u00eancia do II Ciclo de Confer\u00eancias \u201cConversas na Lagoa\u201d, e dedicada ao \u201cPatrim\u00f3nio Religioso\u201d.<\/p>\n<p>Trata-se de mais uma confer\u00eancia, que surge na sequ\u00eancia das duas j\u00e1 realizadas, sendo que esta alerta para a necessidade que existe de despertar as pessoas para o conhecimento do patrim\u00f3nio das igrejas a\u00e7orianas.<\/p>\n<p>Para esta 3\u00aa confer\u00eancia foram oradores, Ana Maria Fernandes, que falou sobre \u201cArte Sacra \u2013 a preserva\u00e7\u00e3o do&nbsp;patrim\u00f3nio\u201d; Duarte Chaves, com o tema \u201cS\u00e3o Francisco de Assis, quest\u00f5es em volta da hagiologia e da iconografia de um santo mendicante\u201d e Margarida Lalanda que abordou a quest\u00e3o de \u201co que sabemos e o que julgamos saber do patrim\u00f3nio religioso feminino?\u201d.<\/p>\n<p><em>DL<\/em><\/p>\n<p>Leia mais em:&nbsp;<a href=\"https:\/\/diariodalagoa.pt\/en\/patrimonio-religioso-esteve-em-debate-na-lagoa\/\">http:\/\/diariodalagoa.pt\/patrimonio-religioso-esteve-em-debate-na-lagoa\/<\/a><\/p>\n<p><a href=\"https:\/\/diariodalagoa.pt\/en\/urge-classificar-o-patrimonio-religioso-e-despertar-as-pessoas-para-o-seu-reconhecimento\/\">http:\/\/diariodalagoa.pt\/urge-classificar-o-patrimonio-religioso-e-despertar-as-pessoas-para-o-seu-reconhecimento\/<\/a><\/p>","protected":false},"excerpt":{"rendered":"<p>O Cineteatro Lagoense recebeu a 3\u00aa confer\u00eancia do II Ciclo de Confer\u00eancias \u201cConversas na Lagoa\u201d, e dedicada ao \u201cPatrim\u00f3nio Religioso\u201d. Trata-se de mais uma confer\u00eancia, que surge na sequ\u00eancia das duas j\u00e1 realizadas, sendo que esta alerta para a necessidade que existe de despertar as pessoas para o conhecimento do patrim\u00f3nio das igrejas a\u00e7orianas. Para [&hellip;]<\/p>","protected":false},"author":2,"featured_media":113388,"comment_status":"open","ping_status":"open","sticky":false,"template":"","format":"standard","meta":[],"categories":[21],"tags":[],"acf":[],"yoast_head":"<!-- This site is optimized with the Yoast SEO plugin v20.10 - https:\/\/yoast.com\/wordpress\/plugins\/seo\/ -->\n<title>II Ciclo de Confer\u00eancias da Lagoa - Di\u00e1rio da Lagoa<\/title>\n<meta name=\"robots\" content=\"index, follow, max-snippet:-1, max-image-preview:large, max-video-preview:-1\" \/>\n<link rel=\"canonical\" href=\"https:\/\/diariodalagoa.pt\/en\/ii-ciclo-de-conferencias-da-lagoa\/\" \/>\n<meta property=\"og:locale\" content=\"en_US\" \/>\n<meta property=\"og:type\" content=\"article\" \/>\n<meta property=\"og:title\" content=\"II Ciclo de Confer\u00eancias da Lagoa - Di\u00e1rio da Lagoa\" \/>\n<meta property=\"og:description\" content=\"O Cineteatro Lagoense recebeu a 3\u00aa confer\u00eancia do II Ciclo de Confer\u00eancias \u201cConversas na Lagoa\u201d, e dedicada ao \u201cPatrim\u00f3nio Religioso\u201d. Trata-se de mais uma confer\u00eancia, que surge na sequ\u00eancia das duas j\u00e1 realizadas, sendo que esta alerta para a necessidade que existe de despertar as pessoas para o conhecimento do patrim\u00f3nio das igrejas a\u00e7orianas. Para [&hellip;]\" \/>\n<meta property=\"og:url\" content=\"https:\/\/diariodalagoa.pt\/en\/ii-ciclo-de-conferencias-da-lagoa\/\" \/>\n<meta property=\"og:site_name\" content=\"Di\u00e1rio da Lagoa\" \/>\n<meta property=\"article:published_time\" content=\"2014-05-07T14:47:18+00:00\" \/>\n<meta property=\"article:modified_time\" content=\"2025-06-10T22:42:47+00:00\" \/>\n<meta property=\"og:image\" content=\"https:\/\/diariodalagoa.pt\/wp-content\/uploads\/2014\/05\/ciclo-conferencias-patrimonio-religioso.jpg\" \/>\n\t<meta property=\"og:image:width\" content=\"720\" \/>\n\t<meta property=\"og:image:height\" content=\"373\" \/>\n\t<meta property=\"og:image:type\" content=\"image\/jpeg\" \/>\n<meta name=\"author\" content=\"Di\u00e1rio da Lagoa\" \/>\n<meta name=\"twitter:card\" content=\"summary_large_image\" \/>\n<meta name=\"twitter:label1\" content=\"Written by\" \/>\n\t<meta name=\"twitter:data1\" content=\"Di\u00e1rio da Lagoa\" \/>\n\t<meta name=\"twitter:label2\" content=\"Est. reading time\" \/>\n\t<meta name=\"twitter:data2\" content=\"1 minute\" \/>\n<script type=\"application\/ld+json\" class=\"yoast-schema-graph\">{\"@context\":\"https:\/\/schema.org\",\"@graph\":[{\"@type\":\"WebPage\",\"@id\":\"https:\/\/diariodalagoa.pt\/ii-ciclo-de-conferencias-da-lagoa\/\",\"url\":\"https:\/\/diariodalagoa.pt\/ii-ciclo-de-conferencias-da-lagoa\/\",\"name\":\"II Ciclo de Confer\u00eancias da Lagoa - Di\u00e1rio da Lagoa\",\"isPartOf\":{\"@id\":\"https:\/\/diariodalagoa.pt\/#website\"},\"datePublished\":\"2014-05-07T14:47:18+00:00\",\"dateModified\":\"2025-06-10T22:42:47+00:00\",\"author\":{\"@id\":\"https:\/\/diariodalagoa.pt\/#\/schema\/person\/1615a002370e8857b6f972834bc43ece\"},\"breadcrumb\":{\"@id\":\"https:\/\/diariodalagoa.pt\/ii-ciclo-de-conferencias-da-lagoa\/#breadcrumb\"},\"inLanguage\":\"en-US\",\"potentialAction\":[{\"@type\":\"ReadAction\",\"target\":[\"https:\/\/diariodalagoa.pt\/ii-ciclo-de-conferencias-da-lagoa\/\"]}]},{\"@type\":\"BreadcrumbList\",\"@id\":\"https:\/\/diariodalagoa.pt\/ii-ciclo-de-conferencias-da-lagoa\/#breadcrumb\",\"itemListElement\":[{\"@type\":\"ListItem\",\"position\":1,\"name\":\"In\u00edcio\",\"item\":\"https:\/\/diariodalagoa.pt\/\"},{\"@type\":\"ListItem\",\"position\":2,\"name\":\"II Ciclo de Confer\u00eancias da Lagoa\"}]},{\"@type\":\"WebSite\",\"@id\":\"https:\/\/diariodalagoa.pt\/#website\",\"url\":\"https:\/\/diariodalagoa.pt\/\",\"name\":\"Di\u00e1rio da Lagoa\",\"description\":\"Di\u00e1rio da Lagoa. As not\u00edcias que contam. A partir da Lagoa, nos A\u00e7ores, para o mundo.\",\"potentialAction\":[{\"@type\":\"SearchAction\",\"target\":{\"@type\":\"EntryPoint\",\"urlTemplate\":\"https:\/\/diariodalagoa.pt\/?s={search_term_string}\"},\"query-input\":\"required name=search_term_string\"}],\"inLanguage\":\"en-US\"},{\"@type\":\"Person\",\"@id\":\"https:\/\/diariodalagoa.pt\/#\/schema\/person\/1615a002370e8857b6f972834bc43ece\",\"name\":\"Di\u00e1rio da Lagoa\",\"image\":{\"@type\":\"ImageObject\",\"inLanguage\":\"en-US\",\"@id\":\"https:\/\/diariodalagoa.pt\/#\/schema\/person\/image\/\",\"url\":\"https:\/\/secure.gravatar.com\/avatar\/2cb5cef90a26f8fbd4d9d930608102c5?s=96&d=mm&r=g\",\"contentUrl\":\"https:\/\/secure.gravatar.com\/avatar\/2cb5cef90a26f8fbd4d9d930608102c5?s=96&d=mm&r=g\",\"caption\":\"Di\u00e1rio da Lagoa\"},\"url\":\"https:\/\/diariodalagoa.pt\/en\/author\/diariodalagoa\/\"}]}<\/script>\n<!-- \/ Yoast SEO plugin. -->","yoast_head_json":{"title":"II Ciclo de Confer\u00eancias da Lagoa - Di\u00e1rio da Lagoa","robots":{"index":"index","follow":"follow","max-snippet":"max-snippet:-1","max-image-preview":"max-image-preview:large","max-video-preview":"max-video-preview:-1"},"canonical":"https:\/\/diariodalagoa.pt\/en\/ii-ciclo-de-conferencias-da-lagoa\/","og_locale":"en_US","og_type":"article","og_title":"II Ciclo de Confer\u00eancias da Lagoa - Di\u00e1rio da Lagoa","og_description":"O Cineteatro Lagoense recebeu a 3\u00aa confer\u00eancia do II Ciclo de Confer\u00eancias \u201cConversas na Lagoa\u201d, e dedicada ao \u201cPatrim\u00f3nio Religioso\u201d. Trata-se de mais uma confer\u00eancia, que surge na sequ\u00eancia das duas j\u00e1 realizadas, sendo que esta alerta para a necessidade que existe de despertar as pessoas para o conhecimento do patrim\u00f3nio das igrejas a\u00e7orianas. Para [&hellip;]","og_url":"https:\/\/diariodalagoa.pt\/en\/ii-ciclo-de-conferencias-da-lagoa\/","og_site_name":"Di\u00e1rio da Lagoa","article_published_time":"2014-05-07T14:47:18+00:00","article_modified_time":"2025-06-10T22:42:47+00:00","og_image":[{"width":720,"height":373,"url":"https:\/\/diariodalagoa.pt\/wp-content\/uploads\/2014\/05\/ciclo-conferencias-patrimonio-religioso.jpg","type":"image\/jpeg"}],"author":"Di\u00e1rio da Lagoa","twitter_card":"summary_large_image","twitter_misc":{"Written by":"Di\u00e1rio da Lagoa","Est. reading time":"1 minute"},"schema":{"@context":"https:\/\/schema.org","@graph":[{"@type":"WebPage","@id":"https:\/\/diariodalagoa.pt\/ii-ciclo-de-conferencias-da-lagoa\/","url":"https:\/\/diariodalagoa.pt\/ii-ciclo-de-conferencias-da-lagoa\/","name":"II Ciclo de Confer\u00eancias da Lagoa - Di\u00e1rio da Lagoa","isPartOf":{"@id":"https:\/\/diariodalagoa.pt\/#website"},"datePublished":"2014-05-07T14:47:18+00:00","dateModified":"2025-06-10T22:42:47+00:00","author":{"@id":"https:\/\/diariodalagoa.pt\/#\/schema\/person\/1615a002370e8857b6f972834bc43ece"},"breadcrumb":{"@id":"https:\/\/diariodalagoa.pt\/ii-ciclo-de-conferencias-da-lagoa\/#breadcrumb"},"inLanguage":"en-US","potentialAction":[{"@type":"ReadAction","target":["https:\/\/diariodalagoa.pt\/ii-ciclo-de-conferencias-da-lagoa\/"]}]},{"@type":"BreadcrumbList","@id":"https:\/\/diariodalagoa.pt\/ii-ciclo-de-conferencias-da-lagoa\/#breadcrumb","itemListElement":[{"@type":"ListItem","position":1,"name":"In\u00edcio","item":"https:\/\/diariodalagoa.pt\/"},{"@type":"ListItem","position":2,"name":"II Ciclo de Confer\u00eancias da Lagoa"}]},{"@type":"WebSite","@id":"https:\/\/diariodalagoa.pt\/#website","url":"https:\/\/diariodalagoa.pt\/","name":"Di\u00e1rio da Lagoa","description":"Di\u00e1rio da Lagoa. As not\u00edcias que contam. A partir da Lagoa, nos A\u00e7ores, para o mundo.","potentialAction":[{"@type":"SearchAction","target":{"@type":"EntryPoint","urlTemplate":"https:\/\/diariodalagoa.pt\/?s={search_term_string}"},"query-input":"required name=search_term_string"}],"inLanguage":"en-US"},{"@type":"Person","@id":"https:\/\/diariodalagoa.pt\/#\/schema\/person\/1615a002370e8857b6f972834bc43ece","name":"Di\u00e1rio da Lagoa","image":{"@type":"ImageObject","inLanguage":"en-US","@id":"https:\/\/diariodalagoa.pt\/#\/schema\/person\/image\/","url":"https:\/\/secure.gravatar.com\/avatar\/2cb5cef90a26f8fbd4d9d930608102c5?s=96&d=mm&r=g","contentUrl":"https:\/\/secure.gravatar.com\/avatar\/2cb5cef90a26f8fbd4d9d930608102c5?s=96&d=mm&r=g","caption":"Di\u00e1rio da Lagoa"},"url":"https:\/\/diariodalagoa.pt\/en\/author\/diariodalagoa\/"}]}},"_links":{"self":[{"href":"https:\/\/diariodalagoa.pt\/en\/wp-json\/wp\/v2\/posts\/4635"}],"collection":[{"href":"https:\/\/diariodalagoa.pt\/en\/wp-json\/wp\/v2\/posts"}],"about":[{"href":"https:\/\/diariodalagoa.pt\/en\/wp-json\/wp\/v2\/types\/post"}],"author":[{"embeddable":true,"href":"https:\/\/diariodalagoa.pt\/en\/wp-json\/wp\/v2\/users\/2"}],"replies":[{"embeddable":true,"href":"https:\/\/diariodalagoa.pt\/en\/wp-json\/wp\/v2\/comments?post=4635"}],"version-history":[{"count":1,"href":"https:\/\/diariodalagoa.pt\/en\/wp-json\/wp\/v2\/posts\/4635\/revisions"}],"predecessor-version":[{"id":152802,"href":"https:\/\/diariodalagoa.pt\/en\/wp-json\/wp\/v2\/posts\/4635\/revisions\/152802"}],"wp:featuredmedia":[{"embeddable":true,"href":"https:\/\/diariodalagoa.pt\/en\/wp-json\/wp\/v2\/media\/113388"}],"wp:attachment":[{"href":"https:\/\/diariodalagoa.pt\/en\/wp-json\/wp\/v2\/media?parent=4635"}],"wp:term":[{"taxonomy":"category","embeddable":true,"href":"https:\/\/diariodalagoa.pt\/en\/wp-json\/wp\/v2\/categories?post=4635"},{"taxonomy":"post_tag","embeddable":true,"href":"https:\/\/diariodalagoa.pt\/en\/wp-json\/wp\/v2\/tags?post=4635"}],"curies":[{"name":"wp","href":"https:\/\/api.w.org\/{rel}","templated":true}]}}