{"id":45293,"date":"2017-04-19T10:09:22","date_gmt":"2017-04-19T10:09:22","guid":{"rendered":"https:\/\/diariodalagoa.pt\/?p=45293"},"modified":"2024-06-12T11:36:04","modified_gmt":"2024-06-12T11:36:04","slug":"biblioteca-publica-de-ponta-fica-como-fiel-depositaria-de-cartas-originais-de-antero-que-sao-propriedade-da-autarquia","status":"publish","type":"post","link":"https:\/\/diariodalagoa.pt\/en\/biblioteca-publica-de-ponta-fica-como-fiel-depositaria-de-cartas-originais-de-antero-que-sao-propriedade-da-autarquia\/","title":{"rendered":"Biblioteca P\u00fablica de Ponta fica como fiel deposit\u00e1ria de cartas originais de Antero que s\u00e3o propriedade da Autarquia"},"content":{"rendered":"<p style=\"text-align: justify;\"><img decoding=\"async\" class=\"aligncenter size-full wp-image-45295\" src=\"https:\/\/diariodalagoa.pt\/wp-content\/uploads\/2017\/04\/068A0770.jpg\" alt=\"\" width=\"750\" height=\"365\" \/><\/p>\n<p style=\"text-align: justify;\"><span style=\"color: #000000;\">O Presidente da C\u00e2mara, Jos\u00e9 Manuel Boleiro, anunciou, esta ter\u00e7a-feira, Dia Municipal de Antero Quental, que as cartas in\u00e9ditas daquele que foi um dos maiores pensadores portugueses de todos os tempos, ser\u00e3o entregues \u00e0 Biblioteca P\u00fablica e Arquivo Regional de Ponta Delgada, entidade que ficar\u00e1 como fiel deposit\u00e1ria dos documentos referidos.<\/span><\/p>\n<p style=\"text-align: justify;\"><span style=\"color: #000000;\">Depois de participar na cerim\u00f3nia de entrega dos Diplomas de M\u00e9rito aos alunos do Ensino Secund\u00e1rio e aos alunos do Ensino B\u00e1sico, que decorreu na Escola Secund\u00e1ria Antero de Quental, no dia em que passaram 175 anos do seu nascimento (Dia da Escola), Jos\u00e9 Manuel Bolieiro, acompanhado dos respons\u00e1veis da Secund\u00e1ria, da Associa\u00e7\u00e3o dos Antigos Alunos do Liceu Antero de Quental, presidida pro Pedro Gomes, e do coordenador das comemora\u00e7\u00f5es, Pedro Pascoal, o Presidente Jos\u00e9 Manuel Bolieiro, depositou uma coroa de flores junto ao busto que se encontra no jardim do Col\u00e9gio (jardim Antero de Quental, no Largo do Col\u00e9gio.<\/span><\/p>\n<p style=\"text-align: justify;\"><span style=\"color: #000000;\">As comemora\u00e7\u00f5es terminaram com o lan\u00e7amento de uma nova edi\u00e7\u00e3o do livro \u201cAs Fadas\u201d, de Antero de Quental, no Sal\u00e3o Nobre dos Pa\u00e7os do Concelho. Uma iniciativa da Associa\u00e7\u00e3o dos Antigos Alunos do Liceu Antero de Quental e da Editora Artes e Letras, com ilustra\u00e7\u00f5es dos alunos de Artes da Escola Secund\u00e1ria que tem como patrono o grande pensador, poeta e pol\u00edtico. A edi\u00e7\u00e3o foi apoiada pela C\u00e2mara Municipal de Ponta Delgada.<\/span><\/p>\n<p style=\"text-align: justify;\"><span style=\"color: #000000;\">Na sua interven\u00e7\u00e3o, no Sal\u00e3o Nobre, Jos\u00e9 Manuel Bolieiro, ao anunciar a ced\u00eancia, para dep\u00f3sito, das cartas in\u00e9ditas de Antero (propriedade da Autarquia), \u00e0 Biblioteca P\u00fablica e Arquivo Regional de Ponta Delgada, referiu que tal s\u00f3 poss\u00edvel em concerta\u00e7\u00e3o com a Dire\u00e7\u00e3o Regional da Cultura.<\/span><\/p>\n<p style=\"text-align: justify;\"><img decoding=\"async\" class=\"aligncenter size-full wp-image-45294\" src=\"https:\/\/diariodalagoa.pt\/wp-content\/uploads\/2017\/04\/068A0649.jpg\" alt=\"\" width=\"750\" height=\"389\" \/><\/p>\n<p style=\"text-align: justify;\"><span style=\"color: #000000;\">Jos\u00e9 Manuel Bolieiro anunciou, por outro lado, que, em conversa\u00e7\u00f5es desenvolvidas, ao longo destes \u00faltimos anos, quer com a Dire\u00e7\u00e3o Regional da Cultura, quer com a Irmandade e com o Santu\u00e1rio do Santo Cristo, propomos fazer um memorial de Antero de Quental, no Campo de S\u00e3o Francisco.<\/span><\/p>\n<p style=\"text-align: justify;\"><span style=\"color: #000000;\">O autarca\u00a0referiu, ainda, que no Dia Municipal de Antero de Quental, a Autarquia conseguiu, em parceria, concretizar uma s\u00e9rie de iniciativas, comemorando o legado de Antero.<\/span><\/p>\n<p style=\"text-align: justify;\"><span style=\"color: #000000;\"><em>DL\/CMPD<\/em><\/span><\/p>","protected":false},"excerpt":{"rendered":"<p>O Presidente da C\u00e2mara, Jos\u00e9 Manuel Boleiro, anunciou, esta ter\u00e7a-feira, Dia Municipal de Antero Quental, que as cartas in\u00e9ditas daquele que foi um dos maiores pensadores portugueses de todos os tempos, ser\u00e3o entregues \u00e0 Biblioteca P\u00fablica e Arquivo Regional de Ponta Delgada, entidade que ficar\u00e1 como fiel deposit\u00e1ria dos documentos referidos. Depois de participar na [&hellip;]<\/p>","protected":false},"author":2,"featured_media":123993,"comment_status":"open","ping_status":"open","sticky":false,"template":"","format":"standard","meta":[],"categories":[21],"tags":[],"acf":[],"yoast_head":"<!-- This site is optimized with the Yoast SEO plugin v20.10 - https:\/\/yoast.com\/wordpress\/plugins\/seo\/ -->\n<title>Biblioteca P\u00fablica de Ponta fica como fiel deposit\u00e1ria de cartas originais de Antero que s\u00e3o propriedade da Autarquia - Di\u00e1rio da Lagoa<\/title>\n<meta name=\"robots\" content=\"index, follow, max-snippet:-1, max-image-preview:large, max-video-preview:-1\" \/>\n<link rel=\"canonical\" href=\"https:\/\/diariodalagoa.pt\/en\/biblioteca-publica-de-ponta-fica-como-fiel-depositaria-de-cartas-originais-de-antero-que-sao-propriedade-da-autarquia\/\" \/>\n<meta property=\"og:locale\" content=\"en_US\" \/>\n<meta property=\"og:type\" content=\"article\" \/>\n<meta property=\"og:title\" content=\"Biblioteca P\u00fablica de Ponta fica como fiel deposit\u00e1ria de cartas originais de Antero que s\u00e3o propriedade da Autarquia - Di\u00e1rio da Lagoa\" \/>\n<meta property=\"og:description\" content=\"O Presidente da C\u00e2mara, Jos\u00e9 Manuel Boleiro, anunciou, esta ter\u00e7a-feira, Dia Municipal de Antero Quental, que as cartas in\u00e9ditas daquele que foi um dos maiores pensadores portugueses de todos os tempos, ser\u00e3o entregues \u00e0 Biblioteca P\u00fablica e Arquivo Regional de Ponta Delgada, entidade que ficar\u00e1 como fiel deposit\u00e1ria dos documentos referidos. Depois de participar na [&hellip;]\" \/>\n<meta property=\"og:url\" content=\"https:\/\/diariodalagoa.pt\/en\/biblioteca-publica-de-ponta-fica-como-fiel-depositaria-de-cartas-originais-de-antero-que-sao-propriedade-da-autarquia\/\" \/>\n<meta property=\"og:site_name\" content=\"Di\u00e1rio da Lagoa\" \/>\n<meta property=\"article:published_time\" content=\"2017-04-19T10:09:22+00:00\" \/>\n<meta property=\"article:modified_time\" content=\"2024-06-12T11:36:04+00:00\" \/>\n<meta property=\"og:image\" content=\"https:\/\/diariodalagoa.pt\/wp-content\/uploads\/2017\/04\/068a0649-1.jpg\" \/>\n\t<meta property=\"og:image:width\" content=\"750\" \/>\n\t<meta property=\"og:image:height\" content=\"389\" \/>\n\t<meta property=\"og:image:type\" content=\"image\/jpeg\" \/>\n<meta name=\"author\" content=\"Di\u00e1rio da Lagoa\" \/>\n<meta name=\"twitter:card\" content=\"summary_large_image\" \/>\n<meta name=\"twitter:label1\" content=\"Written by\" \/>\n\t<meta name=\"twitter:data1\" content=\"Di\u00e1rio da Lagoa\" \/>\n\t<meta name=\"twitter:label2\" content=\"Est. reading time\" \/>\n\t<meta name=\"twitter:data2\" content=\"2 minutes\" \/>\n<script type=\"application\/ld+json\" class=\"yoast-schema-graph\">{\"@context\":\"https:\/\/schema.org\",\"@graph\":[{\"@type\":\"WebPage\",\"@id\":\"https:\/\/diariodalagoa.pt\/biblioteca-publica-de-ponta-fica-como-fiel-depositaria-de-cartas-originais-de-antero-que-sao-propriedade-da-autarquia\/\",\"url\":\"https:\/\/diariodalagoa.pt\/biblioteca-publica-de-ponta-fica-como-fiel-depositaria-de-cartas-originais-de-antero-que-sao-propriedade-da-autarquia\/\",\"name\":\"Biblioteca P\u00fablica de Ponta fica como fiel deposit\u00e1ria de cartas originais de Antero que s\u00e3o propriedade da Autarquia - Di\u00e1rio da Lagoa\",\"isPartOf\":{\"@id\":\"https:\/\/diariodalagoa.pt\/#website\"},\"datePublished\":\"2017-04-19T10:09:22+00:00\",\"dateModified\":\"2024-06-12T11:36:04+00:00\",\"author\":{\"@id\":\"https:\/\/diariodalagoa.pt\/#\/schema\/person\/1615a002370e8857b6f972834bc43ece\"},\"breadcrumb\":{\"@id\":\"https:\/\/diariodalagoa.pt\/biblioteca-publica-de-ponta-fica-como-fiel-depositaria-de-cartas-originais-de-antero-que-sao-propriedade-da-autarquia\/#breadcrumb\"},\"inLanguage\":\"en-US\",\"potentialAction\":[{\"@type\":\"ReadAction\",\"target\":[\"https:\/\/diariodalagoa.pt\/biblioteca-publica-de-ponta-fica-como-fiel-depositaria-de-cartas-originais-de-antero-que-sao-propriedade-da-autarquia\/\"]}]},{\"@type\":\"BreadcrumbList\",\"@id\":\"https:\/\/diariodalagoa.pt\/biblioteca-publica-de-ponta-fica-como-fiel-depositaria-de-cartas-originais-de-antero-que-sao-propriedade-da-autarquia\/#breadcrumb\",\"itemListElement\":[{\"@type\":\"ListItem\",\"position\":1,\"name\":\"In\u00edcio\",\"item\":\"https:\/\/diariodalagoa.pt\/\"},{\"@type\":\"ListItem\",\"position\":2,\"name\":\"Biblioteca P\u00fablica de Ponta fica como fiel deposit\u00e1ria de cartas originais de Antero que s\u00e3o propriedade da Autarquia\"}]},{\"@type\":\"WebSite\",\"@id\":\"https:\/\/diariodalagoa.pt\/#website\",\"url\":\"https:\/\/diariodalagoa.pt\/\",\"name\":\"Di\u00e1rio da Lagoa\",\"description\":\"Di\u00e1rio da Lagoa. As not\u00edcias que contam. A partir da Lagoa, nos A\u00e7ores, para o mundo.\",\"potentialAction\":[{\"@type\":\"SearchAction\",\"target\":{\"@type\":\"EntryPoint\",\"urlTemplate\":\"https:\/\/diariodalagoa.pt\/?s={search_term_string}\"},\"query-input\":\"required name=search_term_string\"}],\"inLanguage\":\"en-US\"},{\"@type\":\"Person\",\"@id\":\"https:\/\/diariodalagoa.pt\/#\/schema\/person\/1615a002370e8857b6f972834bc43ece\",\"name\":\"Di\u00e1rio da Lagoa\",\"image\":{\"@type\":\"ImageObject\",\"inLanguage\":\"en-US\",\"@id\":\"https:\/\/diariodalagoa.pt\/#\/schema\/person\/image\/\",\"url\":\"https:\/\/secure.gravatar.com\/avatar\/2cb5cef90a26f8fbd4d9d930608102c5?s=96&d=mm&r=g\",\"contentUrl\":\"https:\/\/secure.gravatar.com\/avatar\/2cb5cef90a26f8fbd4d9d930608102c5?s=96&d=mm&r=g\",\"caption\":\"Di\u00e1rio da Lagoa\"},\"url\":\"https:\/\/diariodalagoa.pt\/en\/author\/diariodalagoa\/\"}]}<\/script>\n<!-- \/ Yoast SEO plugin. -->","yoast_head_json":{"title":"Biblioteca P\u00fablica de Ponta fica como fiel deposit\u00e1ria de cartas originais de Antero que s\u00e3o propriedade da Autarquia - Di\u00e1rio da Lagoa","robots":{"index":"index","follow":"follow","max-snippet":"max-snippet:-1","max-image-preview":"max-image-preview:large","max-video-preview":"max-video-preview:-1"},"canonical":"https:\/\/diariodalagoa.pt\/en\/biblioteca-publica-de-ponta-fica-como-fiel-depositaria-de-cartas-originais-de-antero-que-sao-propriedade-da-autarquia\/","og_locale":"en_US","og_type":"article","og_title":"Biblioteca P\u00fablica de Ponta fica como fiel deposit\u00e1ria de cartas originais de Antero que s\u00e3o propriedade da Autarquia - Di\u00e1rio da Lagoa","og_description":"O Presidente da C\u00e2mara, Jos\u00e9 Manuel Boleiro, anunciou, esta ter\u00e7a-feira, Dia Municipal de Antero Quental, que as cartas in\u00e9ditas daquele que foi um dos maiores pensadores portugueses de todos os tempos, ser\u00e3o entregues \u00e0 Biblioteca P\u00fablica e Arquivo Regional de Ponta Delgada, entidade que ficar\u00e1 como fiel deposit\u00e1ria dos documentos referidos. Depois de participar na [&hellip;]","og_url":"https:\/\/diariodalagoa.pt\/en\/biblioteca-publica-de-ponta-fica-como-fiel-depositaria-de-cartas-originais-de-antero-que-sao-propriedade-da-autarquia\/","og_site_name":"Di\u00e1rio da Lagoa","article_published_time":"2017-04-19T10:09:22+00:00","article_modified_time":"2024-06-12T11:36:04+00:00","og_image":[{"width":750,"height":389,"url":"https:\/\/diariodalagoa.pt\/wp-content\/uploads\/2017\/04\/068a0649-1.jpg","type":"image\/jpeg"}],"author":"Di\u00e1rio da Lagoa","twitter_card":"summary_large_image","twitter_misc":{"Written by":"Di\u00e1rio da Lagoa","Est. reading time":"2 minutes"},"schema":{"@context":"https:\/\/schema.org","@graph":[{"@type":"WebPage","@id":"https:\/\/diariodalagoa.pt\/biblioteca-publica-de-ponta-fica-como-fiel-depositaria-de-cartas-originais-de-antero-que-sao-propriedade-da-autarquia\/","url":"https:\/\/diariodalagoa.pt\/biblioteca-publica-de-ponta-fica-como-fiel-depositaria-de-cartas-originais-de-antero-que-sao-propriedade-da-autarquia\/","name":"Biblioteca P\u00fablica de Ponta fica como fiel deposit\u00e1ria de cartas originais de Antero que s\u00e3o propriedade da Autarquia - Di\u00e1rio da Lagoa","isPartOf":{"@id":"https:\/\/diariodalagoa.pt\/#website"},"datePublished":"2017-04-19T10:09:22+00:00","dateModified":"2024-06-12T11:36:04+00:00","author":{"@id":"https:\/\/diariodalagoa.pt\/#\/schema\/person\/1615a002370e8857b6f972834bc43ece"},"breadcrumb":{"@id":"https:\/\/diariodalagoa.pt\/biblioteca-publica-de-ponta-fica-como-fiel-depositaria-de-cartas-originais-de-antero-que-sao-propriedade-da-autarquia\/#breadcrumb"},"inLanguage":"en-US","potentialAction":[{"@type":"ReadAction","target":["https:\/\/diariodalagoa.pt\/biblioteca-publica-de-ponta-fica-como-fiel-depositaria-de-cartas-originais-de-antero-que-sao-propriedade-da-autarquia\/"]}]},{"@type":"BreadcrumbList","@id":"https:\/\/diariodalagoa.pt\/biblioteca-publica-de-ponta-fica-como-fiel-depositaria-de-cartas-originais-de-antero-que-sao-propriedade-da-autarquia\/#breadcrumb","itemListElement":[{"@type":"ListItem","position":1,"name":"In\u00edcio","item":"https:\/\/diariodalagoa.pt\/"},{"@type":"ListItem","position":2,"name":"Biblioteca P\u00fablica de Ponta fica como fiel deposit\u00e1ria de cartas originais de Antero que s\u00e3o propriedade da Autarquia"}]},{"@type":"WebSite","@id":"https:\/\/diariodalagoa.pt\/#website","url":"https:\/\/diariodalagoa.pt\/","name":"Di\u00e1rio da Lagoa","description":"Di\u00e1rio da Lagoa. As not\u00edcias que contam. A partir da Lagoa, nos A\u00e7ores, para o mundo.","potentialAction":[{"@type":"SearchAction","target":{"@type":"EntryPoint","urlTemplate":"https:\/\/diariodalagoa.pt\/?s={search_term_string}"},"query-input":"required name=search_term_string"}],"inLanguage":"en-US"},{"@type":"Person","@id":"https:\/\/diariodalagoa.pt\/#\/schema\/person\/1615a002370e8857b6f972834bc43ece","name":"Di\u00e1rio da Lagoa","image":{"@type":"ImageObject","inLanguage":"en-US","@id":"https:\/\/diariodalagoa.pt\/#\/schema\/person\/image\/","url":"https:\/\/secure.gravatar.com\/avatar\/2cb5cef90a26f8fbd4d9d930608102c5?s=96&d=mm&r=g","contentUrl":"https:\/\/secure.gravatar.com\/avatar\/2cb5cef90a26f8fbd4d9d930608102c5?s=96&d=mm&r=g","caption":"Di\u00e1rio da Lagoa"},"url":"https:\/\/diariodalagoa.pt\/en\/author\/diariodalagoa\/"}]}},"_links":{"self":[{"href":"https:\/\/diariodalagoa.pt\/en\/wp-json\/wp\/v2\/posts\/45293"}],"collection":[{"href":"https:\/\/diariodalagoa.pt\/en\/wp-json\/wp\/v2\/posts"}],"about":[{"href":"https:\/\/diariodalagoa.pt\/en\/wp-json\/wp\/v2\/types\/post"}],"author":[{"embeddable":true,"href":"https:\/\/diariodalagoa.pt\/en\/wp-json\/wp\/v2\/users\/2"}],"replies":[{"embeddable":true,"href":"https:\/\/diariodalagoa.pt\/en\/wp-json\/wp\/v2\/comments?post=45293"}],"version-history":[{"count":1,"href":"https:\/\/diariodalagoa.pt\/en\/wp-json\/wp\/v2\/posts\/45293\/revisions"}],"predecessor-version":[{"id":136268,"href":"https:\/\/diariodalagoa.pt\/en\/wp-json\/wp\/v2\/posts\/45293\/revisions\/136268"}],"wp:featuredmedia":[{"embeddable":true,"href":"https:\/\/diariodalagoa.pt\/en\/wp-json\/wp\/v2\/media\/123993"}],"wp:attachment":[{"href":"https:\/\/diariodalagoa.pt\/en\/wp-json\/wp\/v2\/media?parent=45293"}],"wp:term":[{"taxonomy":"category","embeddable":true,"href":"https:\/\/diariodalagoa.pt\/en\/wp-json\/wp\/v2\/categories?post=45293"},{"taxonomy":"post_tag","embeddable":true,"href":"https:\/\/diariodalagoa.pt\/en\/wp-json\/wp\/v2\/tags?post=45293"}],"curies":[{"name":"wp","href":"https:\/\/api.w.org\/{rel}","templated":true}]}}