{"id":4446,"date":"2014-05-14T14:07:01","date_gmt":"2014-05-14T15:07:01","guid":{"rendered":"http:\/\/diariodalagoa.pt\/?p=4446"},"modified":"2014-05-14T14:07:01","modified_gmt":"2014-05-14T15:07:01","slug":"moodys-sobe-rating-dos-acores-e-da-madeira","status":"publish","type":"post","link":"https:\/\/diariodalagoa.pt\/en\/moodys-sobe-rating-dos-acores-e-da-madeira\/","title":{"rendered":"Moody&#8217;s sobe rating dos A\u00e7ores e da Madeira"},"content":{"rendered":"<p><a href=\"http:\/\/diariodalagoa.pt\/wp-content\/uploads\/2014\/02\/PalacioConceicao_fev13@RA-6.jpg\"><img decoding=\"async\" class=\"alignnone size-full wp-image-90\" alt=\"PalacioConceicao_fev13@RA (6)\" src=\"http:\/\/diariodalagoa.pt\/wp-content\/uploads\/2014\/02\/PalacioConceicao_fev13@RA-6.jpg\" width=\"620\" height=\"298\" \/><\/a><\/p>\n<p style=\"text-align: justify;\"><span style=\"color: #000000;\">A Moodys subiu em um ponto o rating dos A\u00e7ores de Ba3 para B1, tendo ao mesmo tempo subido o rating da Madeira de B2 para B3.<\/span><\/p>\n<p style=\"text-align: justify;\"><span style=\"color: #000000;\">Em simult\u00e2neo, a Moodys colocou estas classifica\u00e7\u00f5es em revis\u00e3o para uma posterior subida. A revis\u00e3o dos ratings est\u00e1 previsto concluir-se no prazo de 90 dias ou assim que a revis\u00e3o dos ratings soberanos esteja conclu\u00edda, esclarece uma nota hoje conhecida.<\/span><\/p>\n<p style=\"text-align: justify;\"><span style=\"color: #000000; line-height: 1.5em;\">As subidas de hoje foram provocadas pelo aumento, pela Moodys, em um ponto, da nota\u00e7\u00e3o do rating soberano de Portugal de Ba3 para Ba2, a 9 de Maio de 2014.\u00a0<\/span><\/p>\n<p style=\"text-align: justify;\"><span style=\"color: #000000;\">A subida dos ratings do Governo de Portugal tem implica\u00e7\u00f5es para os ratings regional e local (RLGs) dentro do pa\u00eds, dadas as estreitas liga\u00e7\u00f5es operacionais e financeiras entre o governo central e suas RLGs.<\/span><\/p>\n<p style=\"text-align: justify;\"><span style=\"color: #000000;\">Esclarece ainda a Moodys que os<\/span><span style=\"color: #000000; line-height: 1.5em;\">\u00a0ratings dos A\u00e7ores e da Madeira refletem principalmente, o alto apoio que as Regi\u00f5es continuam a receber proveniente do governo central, o que garante que as suas obriga\u00e7\u00f5es financeiras sejam atendidas atrav\u00e9s de empr\u00e9stimos das finan\u00e7as portuguesas, se for necess\u00e1rio.<\/span><\/p>\n<p style=\"text-align: justify;\"><span style=\"color: #000000;\">Ambas as Regi\u00f5es usufruem de altos n\u00edveis de apoio do Governo, por isso a Moody\u00b4s entende que s\u00e3o elas, em \u00faltima inst\u00e2ncia, as respons\u00e1veis pela consolida\u00e7\u00e3o or\u00e7amental.<\/span><\/p>\n<p style=\"text-align: justify;\"><span style=\"color: #000000;\">A par das suas m\u00e9tricas financeiras fracas, esta autonomia fiscal \u00e9 respons\u00e1vel pelo diferencial entre os ratings destas Regi\u00f5es e do Governo central.<\/span><\/p>\n<p style=\"text-align: justify;\"><span style=\"color: #000000;\">&#8220;A posi\u00e7\u00e3o fiscal mais forte dos A\u00e7ores e os seus n\u00edveis de d\u00edvida (d\u00edvida l\u00edquida direta e indireta de 237% da receita operacional no final do ano de 2013, quando comparados com a Madeira com 409% de acordo com dados provis\u00f3rios) justificam uma classifica\u00e7\u00e3o que excede a Madeira em dois n\u00edveis. Os A\u00e7ores n\u00e3o exigiram mais do governo desde o empr\u00e9stimo do Estado, no valor de 135 milh\u00f5es, contratualizado em agosto de 2012, no auge da crise na Europa&#8221;, refere a mesma nota.<\/span><\/p>\n<p style=\"text-align: justify;\"><span style=\"color: #000000; line-height: 1.5em;\">A coloca\u00e7\u00e3o em revis\u00e3o para poss\u00edvel subida resulta da decis\u00e3o da Moodys em colocar os ratings da d\u00edvida portuguesa em revis\u00e3o para upgrade e reflete o estreito relacionamento entre as RLGs e o governo central.<\/span><\/p>\n<p style=\"text-align: justify;\"><span style=\"color: #000000;\">Por isso, a revis\u00e3o dos ratings soberanos de Portugal levar\u00e1 a uma atualiza\u00e7\u00e3o, sendo que isso provavelmente ter\u00e1 implica\u00e7\u00f5es correspondentes para as RLGs portugueses.<\/span><\/p>\n<p style=\"text-align: justify;\"><span style=\"color: #000000;\">A revis\u00e3o para upgrade dever\u00e1 estar conclu\u00edda a par com a que se iniciou sobre os ratings soberanos, esclarece a ag\u00eancia\u00a0de nota\u00e7\u00e3o<\/span><\/p>\n<p style=\"text-align: justify;\"><span style=\"color: #000000;\"><em>DL\/Moodys<\/em><\/span><\/p>","protected":false},"excerpt":{"rendered":"<p>A Moodys subiu em um ponto o rating dos A\u00e7ores de Ba3 para B1, tendo ao mesmo tempo subido o rating da Madeira de B2 para B3. Em simult\u00e2neo, a Moodys colocou estas classifica\u00e7\u00f5es em revis\u00e3o para uma posterior subida. A revis\u00e3o dos ratings est\u00e1 previsto concluir-se no prazo de 90 dias ou assim que [&hellip;]<\/p>","protected":false},"author":2,"featured_media":122026,"comment_status":"open","ping_status":"open","sticky":false,"template":"","format":"standard","meta":[],"categories":[21],"tags":[],"acf":[],"yoast_head":"<!-- This site is optimized with the Yoast SEO plugin v20.10 - https:\/\/yoast.com\/wordpress\/plugins\/seo\/ -->\n<title>Moody&#039;s sobe rating dos A\u00e7ores e da Madeira - Di\u00e1rio da Lagoa<\/title>\n<meta name=\"robots\" content=\"index, follow, max-snippet:-1, max-image-preview:large, max-video-preview:-1\" \/>\n<link rel=\"canonical\" href=\"https:\/\/diariodalagoa.pt\/en\/moodys-sobe-rating-dos-acores-e-da-madeira\/\" \/>\n<meta property=\"og:locale\" content=\"en_US\" \/>\n<meta property=\"og:type\" content=\"article\" \/>\n<meta property=\"og:title\" content=\"Moody&#039;s sobe rating dos A\u00e7ores e da Madeira - Di\u00e1rio da Lagoa\" \/>\n<meta property=\"og:description\" content=\"A Moodys subiu em um ponto o rating dos A\u00e7ores de Ba3 para B1, tendo ao mesmo tempo subido o rating da Madeira de B2 para B3. Em simult\u00e2neo, a Moodys colocou estas classifica\u00e7\u00f5es em revis\u00e3o para uma posterior subida. A revis\u00e3o dos ratings est\u00e1 previsto concluir-se no prazo de 90 dias ou assim que [&hellip;]\" \/>\n<meta property=\"og:url\" content=\"https:\/\/diariodalagoa.pt\/en\/moodys-sobe-rating-dos-acores-e-da-madeira\/\" \/>\n<meta property=\"og:site_name\" content=\"Di\u00e1rio da Lagoa\" \/>\n<meta property=\"article:published_time\" content=\"2014-05-14T15:07:01+00:00\" \/>\n<meta property=\"og:image\" content=\"https:\/\/diariodalagoa.pt\/wp-content\/uploads\/2014\/05\/palacioconceicao-fev13ra-6.jpg\" \/>\n\t<meta property=\"og:image:width\" content=\"620\" \/>\n\t<meta property=\"og:image:height\" content=\"298\" \/>\n\t<meta property=\"og:image:type\" content=\"image\/jpeg\" \/>\n<meta name=\"author\" content=\"Di\u00e1rio da Lagoa\" \/>\n<meta name=\"twitter:card\" content=\"summary_large_image\" \/>\n<meta name=\"twitter:label1\" content=\"Written by\" \/>\n\t<meta name=\"twitter:data1\" content=\"Di\u00e1rio da Lagoa\" \/>\n\t<meta name=\"twitter:label2\" content=\"Est. reading time\" \/>\n\t<meta name=\"twitter:data2\" content=\"2 minutes\" \/>\n<script type=\"application\/ld+json\" class=\"yoast-schema-graph\">{\"@context\":\"https:\/\/schema.org\",\"@graph\":[{\"@type\":\"WebPage\",\"@id\":\"https:\/\/diariodalagoa.pt\/moodys-sobe-rating-dos-acores-e-da-madeira\/\",\"url\":\"https:\/\/diariodalagoa.pt\/moodys-sobe-rating-dos-acores-e-da-madeira\/\",\"name\":\"Moody's sobe rating dos A\u00e7ores e da Madeira - Di\u00e1rio da Lagoa\",\"isPartOf\":{\"@id\":\"https:\/\/diariodalagoa.pt\/#website\"},\"datePublished\":\"2014-05-14T15:07:01+00:00\",\"dateModified\":\"2014-05-14T15:07:01+00:00\",\"author\":{\"@id\":\"https:\/\/diariodalagoa.pt\/#\/schema\/person\/1615a002370e8857b6f972834bc43ece\"},\"breadcrumb\":{\"@id\":\"https:\/\/diariodalagoa.pt\/moodys-sobe-rating-dos-acores-e-da-madeira\/#breadcrumb\"},\"inLanguage\":\"en-US\",\"potentialAction\":[{\"@type\":\"ReadAction\",\"target\":[\"https:\/\/diariodalagoa.pt\/moodys-sobe-rating-dos-acores-e-da-madeira\/\"]}]},{\"@type\":\"BreadcrumbList\",\"@id\":\"https:\/\/diariodalagoa.pt\/moodys-sobe-rating-dos-acores-e-da-madeira\/#breadcrumb\",\"itemListElement\":[{\"@type\":\"ListItem\",\"position\":1,\"name\":\"In\u00edcio\",\"item\":\"https:\/\/diariodalagoa.pt\/\"},{\"@type\":\"ListItem\",\"position\":2,\"name\":\"Moody&#8217;s sobe rating dos A\u00e7ores e da Madeira\"}]},{\"@type\":\"WebSite\",\"@id\":\"https:\/\/diariodalagoa.pt\/#website\",\"url\":\"https:\/\/diariodalagoa.pt\/\",\"name\":\"Di\u00e1rio da Lagoa\",\"description\":\"Di\u00e1rio da Lagoa. As not\u00edcias que contam. A partir da Lagoa, nos A\u00e7ores, para o mundo.\",\"potentialAction\":[{\"@type\":\"SearchAction\",\"target\":{\"@type\":\"EntryPoint\",\"urlTemplate\":\"https:\/\/diariodalagoa.pt\/?s={search_term_string}\"},\"query-input\":\"required name=search_term_string\"}],\"inLanguage\":\"en-US\"},{\"@type\":\"Person\",\"@id\":\"https:\/\/diariodalagoa.pt\/#\/schema\/person\/1615a002370e8857b6f972834bc43ece\",\"name\":\"Di\u00e1rio da Lagoa\",\"image\":{\"@type\":\"ImageObject\",\"inLanguage\":\"en-US\",\"@id\":\"https:\/\/diariodalagoa.pt\/#\/schema\/person\/image\/\",\"url\":\"https:\/\/secure.gravatar.com\/avatar\/2cb5cef90a26f8fbd4d9d930608102c5?s=96&d=mm&r=g\",\"contentUrl\":\"https:\/\/secure.gravatar.com\/avatar\/2cb5cef90a26f8fbd4d9d930608102c5?s=96&d=mm&r=g\",\"caption\":\"Di\u00e1rio da Lagoa\"},\"url\":\"https:\/\/diariodalagoa.pt\/en\/author\/diariodalagoa\/\"}]}<\/script>\n<!-- \/ Yoast SEO plugin. -->","yoast_head_json":{"title":"Moody's sobe rating dos A\u00e7ores e da Madeira - Di\u00e1rio da Lagoa","robots":{"index":"index","follow":"follow","max-snippet":"max-snippet:-1","max-image-preview":"max-image-preview:large","max-video-preview":"max-video-preview:-1"},"canonical":"https:\/\/diariodalagoa.pt\/en\/moodys-sobe-rating-dos-acores-e-da-madeira\/","og_locale":"en_US","og_type":"article","og_title":"Moody's sobe rating dos A\u00e7ores e da Madeira - Di\u00e1rio da Lagoa","og_description":"A Moodys subiu em um ponto o rating dos A\u00e7ores de Ba3 para B1, tendo ao mesmo tempo subido o rating da Madeira de B2 para B3. Em simult\u00e2neo, a Moodys colocou estas classifica\u00e7\u00f5es em revis\u00e3o para uma posterior subida. A revis\u00e3o dos ratings est\u00e1 previsto concluir-se no prazo de 90 dias ou assim que [&hellip;]","og_url":"https:\/\/diariodalagoa.pt\/en\/moodys-sobe-rating-dos-acores-e-da-madeira\/","og_site_name":"Di\u00e1rio da Lagoa","article_published_time":"2014-05-14T15:07:01+00:00","og_image":[{"width":620,"height":298,"url":"https:\/\/diariodalagoa.pt\/wp-content\/uploads\/2014\/05\/palacioconceicao-fev13ra-6.jpg","type":"image\/jpeg"}],"author":"Di\u00e1rio da Lagoa","twitter_card":"summary_large_image","twitter_misc":{"Written by":"Di\u00e1rio da Lagoa","Est. reading time":"2 minutes"},"schema":{"@context":"https:\/\/schema.org","@graph":[{"@type":"WebPage","@id":"https:\/\/diariodalagoa.pt\/moodys-sobe-rating-dos-acores-e-da-madeira\/","url":"https:\/\/diariodalagoa.pt\/moodys-sobe-rating-dos-acores-e-da-madeira\/","name":"Moody's sobe rating dos A\u00e7ores e da Madeira - Di\u00e1rio da Lagoa","isPartOf":{"@id":"https:\/\/diariodalagoa.pt\/#website"},"datePublished":"2014-05-14T15:07:01+00:00","dateModified":"2014-05-14T15:07:01+00:00","author":{"@id":"https:\/\/diariodalagoa.pt\/#\/schema\/person\/1615a002370e8857b6f972834bc43ece"},"breadcrumb":{"@id":"https:\/\/diariodalagoa.pt\/moodys-sobe-rating-dos-acores-e-da-madeira\/#breadcrumb"},"inLanguage":"en-US","potentialAction":[{"@type":"ReadAction","target":["https:\/\/diariodalagoa.pt\/moodys-sobe-rating-dos-acores-e-da-madeira\/"]}]},{"@type":"BreadcrumbList","@id":"https:\/\/diariodalagoa.pt\/moodys-sobe-rating-dos-acores-e-da-madeira\/#breadcrumb","itemListElement":[{"@type":"ListItem","position":1,"name":"In\u00edcio","item":"https:\/\/diariodalagoa.pt\/"},{"@type":"ListItem","position":2,"name":"Moody&#8217;s sobe rating dos A\u00e7ores e da Madeira"}]},{"@type":"WebSite","@id":"https:\/\/diariodalagoa.pt\/#website","url":"https:\/\/diariodalagoa.pt\/","name":"Di\u00e1rio da Lagoa","description":"Di\u00e1rio da Lagoa. As not\u00edcias que contam. A partir da Lagoa, nos A\u00e7ores, para o mundo.","potentialAction":[{"@type":"SearchAction","target":{"@type":"EntryPoint","urlTemplate":"https:\/\/diariodalagoa.pt\/?s={search_term_string}"},"query-input":"required name=search_term_string"}],"inLanguage":"en-US"},{"@type":"Person","@id":"https:\/\/diariodalagoa.pt\/#\/schema\/person\/1615a002370e8857b6f972834bc43ece","name":"Di\u00e1rio da Lagoa","image":{"@type":"ImageObject","inLanguage":"en-US","@id":"https:\/\/diariodalagoa.pt\/#\/schema\/person\/image\/","url":"https:\/\/secure.gravatar.com\/avatar\/2cb5cef90a26f8fbd4d9d930608102c5?s=96&d=mm&r=g","contentUrl":"https:\/\/secure.gravatar.com\/avatar\/2cb5cef90a26f8fbd4d9d930608102c5?s=96&d=mm&r=g","caption":"Di\u00e1rio da Lagoa"},"url":"https:\/\/diariodalagoa.pt\/en\/author\/diariodalagoa\/"}]}},"_links":{"self":[{"href":"https:\/\/diariodalagoa.pt\/en\/wp-json\/wp\/v2\/posts\/4446"}],"collection":[{"href":"https:\/\/diariodalagoa.pt\/en\/wp-json\/wp\/v2\/posts"}],"about":[{"href":"https:\/\/diariodalagoa.pt\/en\/wp-json\/wp\/v2\/types\/post"}],"author":[{"embeddable":true,"href":"https:\/\/diariodalagoa.pt\/en\/wp-json\/wp\/v2\/users\/2"}],"replies":[{"embeddable":true,"href":"https:\/\/diariodalagoa.pt\/en\/wp-json\/wp\/v2\/comments?post=4446"}],"version-history":[{"count":0,"href":"https:\/\/diariodalagoa.pt\/en\/wp-json\/wp\/v2\/posts\/4446\/revisions"}],"wp:featuredmedia":[{"embeddable":true,"href":"https:\/\/diariodalagoa.pt\/en\/wp-json\/wp\/v2\/media\/122026"}],"wp:attachment":[{"href":"https:\/\/diariodalagoa.pt\/en\/wp-json\/wp\/v2\/media?parent=4446"}],"wp:term":[{"taxonomy":"category","embeddable":true,"href":"https:\/\/diariodalagoa.pt\/en\/wp-json\/wp\/v2\/categories?post=4446"},{"taxonomy":"post_tag","embeddable":true,"href":"https:\/\/diariodalagoa.pt\/en\/wp-json\/wp\/v2\/tags?post=4446"}],"curies":[{"name":"wp","href":"https:\/\/api.w.org\/{rel}","templated":true}]}}