{"id":4304,"date":"2014-05-08T12:08:17","date_gmt":"2014-05-08T12:08:17","guid":{"rendered":"http:\/\/diariodalagoa.pt\/?p=4304"},"modified":"2014-05-08T12:08:17","modified_gmt":"2014-05-08T12:08:17","slug":"luis-cabral-defende-participacao-dos-medicos-de-familia-na-gestao-das-unidades-de-saude","status":"publish","type":"post","link":"https:\/\/diariodalagoa.pt\/en\/luis-cabral-defende-participacao-dos-medicos-de-familia-na-gestao-das-unidades-de-saude\/","title":{"rendered":"Lu\u00eds Cabral defende participa\u00e7\u00e3o dos m\u00e9dicos de fam\u00edlia na gest\u00e3o das unidades de sa\u00fade"},"content":{"rendered":"<p style=\"text-align: justify;\"><a href=\"http:\/\/diariodalagoa.pt\/wp-content\/uploads\/2014\/05\/Luis-Cabral-Secretario-regional-saude-jornadas-medicos-familia.jpg\"><img decoding=\"async\" class=\"alignnone size-full wp-image-4305\" alt=\"Luis-Cabral-Secretario-regional-saude-jornadas-medicos-familia\" src=\"http:\/\/diariodalagoa.pt\/wp-content\/uploads\/2014\/05\/Luis-Cabral-Secretario-regional-saude-jornadas-medicos-familia.jpg\" width=\"720\" height=\"380\" \/><\/a><\/p>\n<p style=\"text-align: justify;\"><span style=\"color: #000000;\">O Secret\u00e1rio Regional da Sa\u00fade revelou que o Executivo pretende introduzir um novo sistema de financiamento das Unidades de Sa\u00fade de Ilha que permita um maior envolvimento dos m\u00e9dicos de fam\u00edlia. <\/span><\/p>\n<p style=\"text-align: justify;\"><span style=\"color: #000000;\">Segundo Luis Cabral, o executivo tem defendido a implementa\u00e7\u00e3o nos A\u00e7ores das Unidades de Sa\u00fade Familiares, mas frisou que se trata de uma medida que se tem verificado ser de reduzida efic\u00e1cia a n\u00edvel nacional. <\/span><\/p>\n<p style=\"text-align: justify;\"><span style=\"color: #000000;\">Nesse sentido, considerou que as 99 estruturas de sa\u00fade existentes no arquip\u00e9lago, contando com os hospitais, centros de sa\u00fade, postos e extens\u00f5es de sa\u00fade, representam uma malha de servi\u00e7os de sa\u00fade de proximidade que n\u00e3o \u00e9 f\u00e1cil atingir nem manter com o sistema proposto. <\/span><\/p>\n<p style=\"text-align: justify;\"><span style=\"color: #000000;\">O Secret\u00e1rio Regional admitiu que faltam m\u00e9dicos de Medicina Geral e Familiar em algumas unidades, mas frisou tamb\u00e9m \u201cque muitos concelhos t\u00eam a sua situa\u00e7\u00e3o regularizada\u201d, assegurando que continua a ser uma prioridade do Executivo que todos os a\u00e7orianos tenham m\u00e9dico de fam\u00edlia. <\/span><\/p>\n<p style=\"text-align: justify;\"><span style=\"color: #000000;\">Para Lu\u00eds Cabral,\u00a0os 46 m\u00e9dicos que se encontram presentemente a fazer internato m\u00e9dico em Medicina Geral e Familiar em unidades de sa\u00fade da Regi\u00e3o \u201cser\u00e3o praticamente suficientes para responder \u00e0s necessidades\u201d. <\/span><\/p>\n<p style=\"text-align: justify;\"><span style=\"color: #000000;\">Por outro lado, salientou que \u201cos hor\u00e1rios de 40 horas semanais permitiram, no conjunto dos v\u00e1rios centros de sa\u00fade da Unidade de Sa\u00fade de Ilha de S. Miguel, que o n\u00famero de consultas de Medicina Geral e Familiar passasse de 150 mil em 2012, para 282 mil em 2013, o que corresponde a um crescimento de 82%\u201d. <\/span><\/p>\n<p style=\"text-align: justify;\"><span style=\"color: #000000;\">Lu\u00eds Cabral afirmou ainda que a cobertura assistencial a pessoas sem m\u00e9dico de fam\u00edlia tem vindo a aumentar, recordando que, \u201cs\u00f3 em 2013, realizaram-se nos centros de sa\u00fade de Angra do Hero\u00edsmo, Ponta Delgada e Ribeira Grande, 22 mil consultas a utentes sem m\u00e9dico de fam\u00edlia\u201d. <\/span><\/p>\n<p style=\"text-align: justify;\"><span style=\"color: #000000;\">O ecret\u00e1rio Regional a Sa\u00fade falava, esta quinta-feira, dia 8 de maio,\u00a0 no \u00e2mbito das XIV Jornadas dos M\u00e9dicos de Fam\u00edlia dos A\u00e7ores, a decorrer em Ponta Delgada, ilha de S\u00e3o Miguel.<\/span><\/p>\n<p><em>DL\/GaCS<\/em><\/p>","protected":false},"excerpt":{"rendered":"<p>O Secret\u00e1rio Regional da Sa\u00fade revelou que o Executivo pretende introduzir um novo sistema de financiamento das Unidades de Sa\u00fade de Ilha que permita um maior envolvimento dos m\u00e9dicos de fam\u00edlia. Segundo Luis Cabral, o executivo tem defendido a implementa\u00e7\u00e3o nos A\u00e7ores das Unidades de Sa\u00fade Familiares, mas frisou que se trata de uma medida [&hellip;]<\/p>","protected":false},"author":2,"featured_media":122029,"comment_status":"open","ping_status":"open","sticky":false,"template":"","format":"standard","meta":[],"categories":[21],"tags":[],"acf":[],"yoast_head":"<!-- This site is optimized with the Yoast SEO plugin v20.10 - https:\/\/yoast.com\/wordpress\/plugins\/seo\/ -->\n<title>Lu\u00eds Cabral defende participa\u00e7\u00e3o dos m\u00e9dicos de fam\u00edlia na gest\u00e3o das unidades de sa\u00fade - Di\u00e1rio da Lagoa<\/title>\n<meta name=\"robots\" content=\"index, follow, max-snippet:-1, max-image-preview:large, max-video-preview:-1\" \/>\n<link rel=\"canonical\" href=\"https:\/\/diariodalagoa.pt\/en\/luis-cabral-defende-participacao-dos-medicos-de-familia-na-gestao-das-unidades-de-saude\/\" \/>\n<meta property=\"og:locale\" content=\"en_US\" \/>\n<meta property=\"og:type\" content=\"article\" \/>\n<meta property=\"og:title\" content=\"Lu\u00eds Cabral defende participa\u00e7\u00e3o dos m\u00e9dicos de fam\u00edlia na gest\u00e3o das unidades de sa\u00fade - Di\u00e1rio da Lagoa\" \/>\n<meta property=\"og:description\" content=\"O Secret\u00e1rio Regional da Sa\u00fade revelou que o Executivo pretende introduzir um novo sistema de financiamento das Unidades de Sa\u00fade de Ilha que permita um maior envolvimento dos m\u00e9dicos de fam\u00edlia. Segundo Luis Cabral, o executivo tem defendido a implementa\u00e7\u00e3o nos A\u00e7ores das Unidades de Sa\u00fade Familiares, mas frisou que se trata de uma medida [&hellip;]\" \/>\n<meta property=\"og:url\" content=\"https:\/\/diariodalagoa.pt\/en\/luis-cabral-defende-participacao-dos-medicos-de-familia-na-gestao-das-unidades-de-saude\/\" \/>\n<meta property=\"og:site_name\" content=\"Di\u00e1rio da Lagoa\" \/>\n<meta property=\"article:published_time\" content=\"2014-05-08T12:08:17+00:00\" \/>\n<meta property=\"og:image\" content=\"https:\/\/diariodalagoa.pt\/wp-content\/uploads\/2014\/05\/luis-cabral-secretario-regional-saude-jornadas-medicos-familia.jpg\" \/>\n\t<meta property=\"og:image:width\" content=\"720\" \/>\n\t<meta property=\"og:image:height\" content=\"380\" \/>\n\t<meta property=\"og:image:type\" content=\"image\/jpeg\" \/>\n<meta name=\"author\" content=\"Di\u00e1rio da Lagoa\" \/>\n<meta name=\"twitter:card\" content=\"summary_large_image\" \/>\n<meta name=\"twitter:label1\" content=\"Written by\" \/>\n\t<meta name=\"twitter:data1\" content=\"Di\u00e1rio da Lagoa\" \/>\n\t<meta name=\"twitter:label2\" content=\"Est. reading time\" \/>\n\t<meta name=\"twitter:data2\" content=\"2 minutes\" \/>\n<script type=\"application\/ld+json\" class=\"yoast-schema-graph\">{\"@context\":\"https:\/\/schema.org\",\"@graph\":[{\"@type\":\"WebPage\",\"@id\":\"https:\/\/diariodalagoa.pt\/luis-cabral-defende-participacao-dos-medicos-de-familia-na-gestao-das-unidades-de-saude\/\",\"url\":\"https:\/\/diariodalagoa.pt\/luis-cabral-defende-participacao-dos-medicos-de-familia-na-gestao-das-unidades-de-saude\/\",\"name\":\"Lu\u00eds Cabral defende participa\u00e7\u00e3o dos m\u00e9dicos de fam\u00edlia na gest\u00e3o das unidades de sa\u00fade - Di\u00e1rio da Lagoa\",\"isPartOf\":{\"@id\":\"https:\/\/diariodalagoa.pt\/#website\"},\"datePublished\":\"2014-05-08T12:08:17+00:00\",\"dateModified\":\"2014-05-08T12:08:17+00:00\",\"author\":{\"@id\":\"https:\/\/diariodalagoa.pt\/#\/schema\/person\/1615a002370e8857b6f972834bc43ece\"},\"breadcrumb\":{\"@id\":\"https:\/\/diariodalagoa.pt\/luis-cabral-defende-participacao-dos-medicos-de-familia-na-gestao-das-unidades-de-saude\/#breadcrumb\"},\"inLanguage\":\"en-US\",\"potentialAction\":[{\"@type\":\"ReadAction\",\"target\":[\"https:\/\/diariodalagoa.pt\/luis-cabral-defende-participacao-dos-medicos-de-familia-na-gestao-das-unidades-de-saude\/\"]}]},{\"@type\":\"BreadcrumbList\",\"@id\":\"https:\/\/diariodalagoa.pt\/luis-cabral-defende-participacao-dos-medicos-de-familia-na-gestao-das-unidades-de-saude\/#breadcrumb\",\"itemListElement\":[{\"@type\":\"ListItem\",\"position\":1,\"name\":\"In\u00edcio\",\"item\":\"https:\/\/diariodalagoa.pt\/\"},{\"@type\":\"ListItem\",\"position\":2,\"name\":\"Lu\u00eds Cabral defende participa\u00e7\u00e3o dos m\u00e9dicos de fam\u00edlia na gest\u00e3o das unidades de sa\u00fade\"}]},{\"@type\":\"WebSite\",\"@id\":\"https:\/\/diariodalagoa.pt\/#website\",\"url\":\"https:\/\/diariodalagoa.pt\/\",\"name\":\"Di\u00e1rio da Lagoa\",\"description\":\"Di\u00e1rio da Lagoa. As not\u00edcias que contam. A partir da Lagoa, nos A\u00e7ores, para o mundo.\",\"potentialAction\":[{\"@type\":\"SearchAction\",\"target\":{\"@type\":\"EntryPoint\",\"urlTemplate\":\"https:\/\/diariodalagoa.pt\/?s={search_term_string}\"},\"query-input\":\"required name=search_term_string\"}],\"inLanguage\":\"en-US\"},{\"@type\":\"Person\",\"@id\":\"https:\/\/diariodalagoa.pt\/#\/schema\/person\/1615a002370e8857b6f972834bc43ece\",\"name\":\"Di\u00e1rio da Lagoa\",\"image\":{\"@type\":\"ImageObject\",\"inLanguage\":\"en-US\",\"@id\":\"https:\/\/diariodalagoa.pt\/#\/schema\/person\/image\/\",\"url\":\"https:\/\/secure.gravatar.com\/avatar\/2cb5cef90a26f8fbd4d9d930608102c5?s=96&d=mm&r=g\",\"contentUrl\":\"https:\/\/secure.gravatar.com\/avatar\/2cb5cef90a26f8fbd4d9d930608102c5?s=96&d=mm&r=g\",\"caption\":\"Di\u00e1rio da Lagoa\"},\"url\":\"https:\/\/diariodalagoa.pt\/en\/author\/diariodalagoa\/\"}]}<\/script>\n<!-- \/ Yoast SEO plugin. -->","yoast_head_json":{"title":"Lu\u00eds Cabral defende participa\u00e7\u00e3o dos m\u00e9dicos de fam\u00edlia na gest\u00e3o das unidades de sa\u00fade - Di\u00e1rio da Lagoa","robots":{"index":"index","follow":"follow","max-snippet":"max-snippet:-1","max-image-preview":"max-image-preview:large","max-video-preview":"max-video-preview:-1"},"canonical":"https:\/\/diariodalagoa.pt\/en\/luis-cabral-defende-participacao-dos-medicos-de-familia-na-gestao-das-unidades-de-saude\/","og_locale":"en_US","og_type":"article","og_title":"Lu\u00eds Cabral defende participa\u00e7\u00e3o dos m\u00e9dicos de fam\u00edlia na gest\u00e3o das unidades de sa\u00fade - Di\u00e1rio da Lagoa","og_description":"O Secret\u00e1rio Regional da Sa\u00fade revelou que o Executivo pretende introduzir um novo sistema de financiamento das Unidades de Sa\u00fade de Ilha que permita um maior envolvimento dos m\u00e9dicos de fam\u00edlia. Segundo Luis Cabral, o executivo tem defendido a implementa\u00e7\u00e3o nos A\u00e7ores das Unidades de Sa\u00fade Familiares, mas frisou que se trata de uma medida [&hellip;]","og_url":"https:\/\/diariodalagoa.pt\/en\/luis-cabral-defende-participacao-dos-medicos-de-familia-na-gestao-das-unidades-de-saude\/","og_site_name":"Di\u00e1rio da Lagoa","article_published_time":"2014-05-08T12:08:17+00:00","og_image":[{"width":720,"height":380,"url":"https:\/\/diariodalagoa.pt\/wp-content\/uploads\/2014\/05\/luis-cabral-secretario-regional-saude-jornadas-medicos-familia.jpg","type":"image\/jpeg"}],"author":"Di\u00e1rio da Lagoa","twitter_card":"summary_large_image","twitter_misc":{"Written by":"Di\u00e1rio da Lagoa","Est. reading time":"2 minutes"},"schema":{"@context":"https:\/\/schema.org","@graph":[{"@type":"WebPage","@id":"https:\/\/diariodalagoa.pt\/luis-cabral-defende-participacao-dos-medicos-de-familia-na-gestao-das-unidades-de-saude\/","url":"https:\/\/diariodalagoa.pt\/luis-cabral-defende-participacao-dos-medicos-de-familia-na-gestao-das-unidades-de-saude\/","name":"Lu\u00eds Cabral defende participa\u00e7\u00e3o dos m\u00e9dicos de fam\u00edlia na gest\u00e3o das unidades de sa\u00fade - Di\u00e1rio da Lagoa","isPartOf":{"@id":"https:\/\/diariodalagoa.pt\/#website"},"datePublished":"2014-05-08T12:08:17+00:00","dateModified":"2014-05-08T12:08:17+00:00","author":{"@id":"https:\/\/diariodalagoa.pt\/#\/schema\/person\/1615a002370e8857b6f972834bc43ece"},"breadcrumb":{"@id":"https:\/\/diariodalagoa.pt\/luis-cabral-defende-participacao-dos-medicos-de-familia-na-gestao-das-unidades-de-saude\/#breadcrumb"},"inLanguage":"en-US","potentialAction":[{"@type":"ReadAction","target":["https:\/\/diariodalagoa.pt\/luis-cabral-defende-participacao-dos-medicos-de-familia-na-gestao-das-unidades-de-saude\/"]}]},{"@type":"BreadcrumbList","@id":"https:\/\/diariodalagoa.pt\/luis-cabral-defende-participacao-dos-medicos-de-familia-na-gestao-das-unidades-de-saude\/#breadcrumb","itemListElement":[{"@type":"ListItem","position":1,"name":"In\u00edcio","item":"https:\/\/diariodalagoa.pt\/"},{"@type":"ListItem","position":2,"name":"Lu\u00eds Cabral defende participa\u00e7\u00e3o dos m\u00e9dicos de fam\u00edlia na gest\u00e3o das unidades de sa\u00fade"}]},{"@type":"WebSite","@id":"https:\/\/diariodalagoa.pt\/#website","url":"https:\/\/diariodalagoa.pt\/","name":"Di\u00e1rio da Lagoa","description":"Di\u00e1rio da Lagoa. As not\u00edcias que contam. A partir da Lagoa, nos A\u00e7ores, para o mundo.","potentialAction":[{"@type":"SearchAction","target":{"@type":"EntryPoint","urlTemplate":"https:\/\/diariodalagoa.pt\/?s={search_term_string}"},"query-input":"required name=search_term_string"}],"inLanguage":"en-US"},{"@type":"Person","@id":"https:\/\/diariodalagoa.pt\/#\/schema\/person\/1615a002370e8857b6f972834bc43ece","name":"Di\u00e1rio da Lagoa","image":{"@type":"ImageObject","inLanguage":"en-US","@id":"https:\/\/diariodalagoa.pt\/#\/schema\/person\/image\/","url":"https:\/\/secure.gravatar.com\/avatar\/2cb5cef90a26f8fbd4d9d930608102c5?s=96&d=mm&r=g","contentUrl":"https:\/\/secure.gravatar.com\/avatar\/2cb5cef90a26f8fbd4d9d930608102c5?s=96&d=mm&r=g","caption":"Di\u00e1rio da Lagoa"},"url":"https:\/\/diariodalagoa.pt\/en\/author\/diariodalagoa\/"}]}},"_links":{"self":[{"href":"https:\/\/diariodalagoa.pt\/en\/wp-json\/wp\/v2\/posts\/4304"}],"collection":[{"href":"https:\/\/diariodalagoa.pt\/en\/wp-json\/wp\/v2\/posts"}],"about":[{"href":"https:\/\/diariodalagoa.pt\/en\/wp-json\/wp\/v2\/types\/post"}],"author":[{"embeddable":true,"href":"https:\/\/diariodalagoa.pt\/en\/wp-json\/wp\/v2\/users\/2"}],"replies":[{"embeddable":true,"href":"https:\/\/diariodalagoa.pt\/en\/wp-json\/wp\/v2\/comments?post=4304"}],"version-history":[{"count":0,"href":"https:\/\/diariodalagoa.pt\/en\/wp-json\/wp\/v2\/posts\/4304\/revisions"}],"wp:featuredmedia":[{"embeddable":true,"href":"https:\/\/diariodalagoa.pt\/en\/wp-json\/wp\/v2\/media\/122029"}],"wp:attachment":[{"href":"https:\/\/diariodalagoa.pt\/en\/wp-json\/wp\/v2\/media?parent=4304"}],"wp:term":[{"taxonomy":"category","embeddable":true,"href":"https:\/\/diariodalagoa.pt\/en\/wp-json\/wp\/v2\/categories?post=4304"},{"taxonomy":"post_tag","embeddable":true,"href":"https:\/\/diariodalagoa.pt\/en\/wp-json\/wp\/v2\/tags?post=4304"}],"curies":[{"name":"wp","href":"https:\/\/api.w.org\/{rel}","templated":true}]}}