{"id":4270,"date":"2014-05-07T23:37:28","date_gmt":"2014-05-07T23:37:28","guid":{"rendered":"https:\/\/diariodalagoa.pt\/?p=4270"},"modified":"2025-06-10T22:42:39","modified_gmt":"2025-06-10T22:42:39","slug":"urge-classificar-o-patrimonio-religioso-e-despertar-as-pessoas-para-o-seu-reconhecimento","status":"publish","type":"post","link":"https:\/\/diariodalagoa.pt\/en\/urge-classificar-o-patrimonio-religioso-e-despertar-as-pessoas-para-o-seu-reconhecimento\/","title":{"rendered":"Urge classificar o patrim\u00f3nio religioso e despertar as pessoas para o seu reconhecimento"},"content":{"rendered":"<p style=\"text-align: justify;\">[soliloquy id=&#8221;4284&#8243;]<\/p>\n<p style=\"text-align: justify;\"><span style=\"color: #000000;\">O presidente do Instituto Cultural Padre Jo\u00e3o Jos\u00e9 Tavares \u00e9 da opini\u00e3o de que urge classificar o patrim\u00f3nio religioso e despertar as pessoas para o seu reconhecimento.\u00a0<\/span><\/p>\n<p style=\"text-align: justify;\"><span style=\"color: #000000;\">Rui C\u00e2mara, que falava ao Di\u00e1rio da Lagoa, \u00e0 margem da realiza\u00e7\u00e3o da 3\u00aa confer\u00eancia do II Ciclo de Confer\u00eancias \u201cConversas na Lagoa\u201d, e dedicada exatamente ao \u201cPatrim\u00f3nio Religioso\u201d.\u00a0<\/span><\/p>\n<p style=\"text-align: justify;\"><span style=\"color: #000000;\">Trata-se de mais uma confer\u00eancia, que surge na sequ\u00eancia das duas j\u00e1 realizadas, sendo que esta alerta para a necessidade que existe de despertar as pessoas para o conhecimento do patrim\u00f3nio das igrejas a\u00e7orianas.\u00a0<\/span><\/p>\n<p style=\"text-align: justify;\"><span style=\"color: #000000;\">Rui C\u00e2mara refere que deveria ser feito um levantamento do patrim\u00f3nio existente, principalmente o religioso.\u00a0<\/span><\/p>\n<p style=\"text-align: justify;\"><span style=\"color: #000000;\">\u201c \u00c9 preciso torna-lo mais seguro\u201d refere o respons\u00e1vel, que \u00e9 da opini\u00e3o de que, inclusive, alguns p\u00e1rocos deveriam ter mais conhecimento do pr\u00f3prio patrim\u00f3nio religioso existente.\u00a0<\/span><\/p>\n<p style=\"text-align: justify;\"><span style=\"color: #000000;\">\u00c9 preciso saber que patrim\u00f3nio existe, a melhor maneira de o preservar e dotar o patrim\u00f3nio duma certa seguran\u00e7a\u201d, refere o presidente do Instituto Cultural Padre Jo\u00e3o Jos\u00e9 Tavares, alertando para o facto de se j\u00e1 terem registado alguns assaltos a Igrejas.\u00a0<\/span><\/p>\n<p style=\"text-align: justify;\"><span style=\"color: #000000;\">Para esta 3\u00aa confer\u00eancia foram oradores, Ana Maria Fernandes, que falou sobre \u201cArte Sacra \u2013 a preserva\u00e7\u00e3o do\u00a0patrim\u00f3nio\u201d; Duarte Chaves, com o tema \u201cS\u00e3o Francisco de Assis, quest\u00f5es em volta da hagiologia e da iconografia de um santo mendicante\u201d e Margarida Lalanda que abordou a quest\u00e3o de \u201co que sabemos e o que julgamos saber do patrim\u00f3nio religioso feminino?\u201d.\u00a0<\/span><\/p>\n<p style=\"text-align: justify;\"><span style=\"color: #000000;\">Esta confer\u00eancia teve lugar no Cine Teatro Lagoense -\u201dFrancisco d\u2019Amaral Almeida\u201d, na Lagoa.<\/span><\/p>\n<p style=\"text-align: justify;\"><span style=\"color: #000000;\"><em>DL<\/em>\u00a0<\/span><\/p>","protected":false},"excerpt":{"rendered":"<p>[soliloquy id=&#8221;4284&#8243;] O presidente do Instituto Cultural Padre Jo\u00e3o Jos\u00e9 Tavares \u00e9 da opini\u00e3o de que urge classificar o patrim\u00f3nio religioso e despertar as pessoas para o seu reconhecimento.\u00a0 Rui C\u00e2mara, que falava ao Di\u00e1rio da Lagoa, \u00e0 margem da realiza\u00e7\u00e3o da 3\u00aa confer\u00eancia do II Ciclo de Confer\u00eancias \u201cConversas na Lagoa\u201d, e dedicada exatamente [&hellip;]<\/p>","protected":false},"author":2,"featured_media":125363,"comment_status":"open","ping_status":"open","sticky":false,"template":"","format":"standard","meta":[],"categories":[21],"tags":[],"acf":[],"yoast_head":"<!-- This site is optimized with the Yoast SEO plugin v20.10 - https:\/\/yoast.com\/wordpress\/plugins\/seo\/ -->\n<title>Urge classificar o patrim\u00f3nio religioso e despertar as pessoas para o seu reconhecimento - Di\u00e1rio da Lagoa<\/title>\n<meta name=\"robots\" content=\"index, follow, max-snippet:-1, max-image-preview:large, max-video-preview:-1\" \/>\n<link rel=\"canonical\" href=\"https:\/\/diariodalagoa.pt\/en\/urge-classificar-o-patrimonio-religioso-e-despertar-as-pessoas-para-o-seu-reconhecimento\/\" \/>\n<meta property=\"og:locale\" content=\"en_US\" \/>\n<meta property=\"og:type\" content=\"article\" \/>\n<meta property=\"og:title\" content=\"Urge classificar o patrim\u00f3nio religioso e despertar as pessoas para o seu reconhecimento - Di\u00e1rio da Lagoa\" \/>\n<meta property=\"og:description\" content=\"[soliloquy id=&#8221;4284&#8243;] O presidente do Instituto Cultural Padre Jo\u00e3o Jos\u00e9 Tavares \u00e9 da opini\u00e3o de que urge classificar o patrim\u00f3nio religioso e despertar as pessoas para o seu reconhecimento.\u00a0 Rui C\u00e2mara, que falava ao Di\u00e1rio da Lagoa, \u00e0 margem da realiza\u00e7\u00e3o da 3\u00aa confer\u00eancia do II Ciclo de Confer\u00eancias \u201cConversas na Lagoa\u201d, e dedicada exatamente [&hellip;]\" \/>\n<meta property=\"og:url\" content=\"https:\/\/diariodalagoa.pt\/en\/urge-classificar-o-patrimonio-religioso-e-despertar-as-pessoas-para-o-seu-reconhecimento\/\" \/>\n<meta property=\"og:site_name\" content=\"Di\u00e1rio da Lagoa\" \/>\n<meta property=\"article:published_time\" content=\"2014-05-07T23:37:28+00:00\" \/>\n<meta property=\"article:modified_time\" content=\"2025-06-10T22:42:39+00:00\" \/>\n<meta property=\"og:image\" content=\"https:\/\/diariodalagoa.pt\/wp-content\/uploads\/2014\/05\/ciclo-conferencias-lagoa-patrimonio-religioso-41-1.jpg\" \/>\n\t<meta property=\"og:image:width\" content=\"720\" \/>\n\t<meta property=\"og:image:height\" content=\"380\" \/>\n\t<meta property=\"og:image:type\" content=\"image\/jpeg\" \/>\n<meta name=\"author\" content=\"Di\u00e1rio da Lagoa\" \/>\n<meta name=\"twitter:card\" content=\"summary_large_image\" \/>\n<meta name=\"twitter:label1\" content=\"Written by\" \/>\n\t<meta name=\"twitter:data1\" content=\"Di\u00e1rio da Lagoa\" \/>\n\t<meta name=\"twitter:label2\" content=\"Est. reading time\" \/>\n\t<meta name=\"twitter:data2\" content=\"1 minute\" \/>\n<script type=\"application\/ld+json\" class=\"yoast-schema-graph\">{\"@context\":\"https:\/\/schema.org\",\"@graph\":[{\"@type\":\"WebPage\",\"@id\":\"https:\/\/diariodalagoa.pt\/urge-classificar-o-patrimonio-religioso-e-despertar-as-pessoas-para-o-seu-reconhecimento\/\",\"url\":\"https:\/\/diariodalagoa.pt\/urge-classificar-o-patrimonio-religioso-e-despertar-as-pessoas-para-o-seu-reconhecimento\/\",\"name\":\"Urge classificar o patrim\u00f3nio religioso e despertar as pessoas para o seu reconhecimento - Di\u00e1rio da Lagoa\",\"isPartOf\":{\"@id\":\"https:\/\/diariodalagoa.pt\/#website\"},\"datePublished\":\"2014-05-07T23:37:28+00:00\",\"dateModified\":\"2025-06-10T22:42:39+00:00\",\"author\":{\"@id\":\"https:\/\/diariodalagoa.pt\/#\/schema\/person\/1615a002370e8857b6f972834bc43ece\"},\"breadcrumb\":{\"@id\":\"https:\/\/diariodalagoa.pt\/urge-classificar-o-patrimonio-religioso-e-despertar-as-pessoas-para-o-seu-reconhecimento\/#breadcrumb\"},\"inLanguage\":\"en-US\",\"potentialAction\":[{\"@type\":\"ReadAction\",\"target\":[\"https:\/\/diariodalagoa.pt\/urge-classificar-o-patrimonio-religioso-e-despertar-as-pessoas-para-o-seu-reconhecimento\/\"]}]},{\"@type\":\"BreadcrumbList\",\"@id\":\"https:\/\/diariodalagoa.pt\/urge-classificar-o-patrimonio-religioso-e-despertar-as-pessoas-para-o-seu-reconhecimento\/#breadcrumb\",\"itemListElement\":[{\"@type\":\"ListItem\",\"position\":1,\"name\":\"In\u00edcio\",\"item\":\"https:\/\/diariodalagoa.pt\/\"},{\"@type\":\"ListItem\",\"position\":2,\"name\":\"Urge classificar o patrim\u00f3nio religioso e despertar as pessoas para o seu reconhecimento\"}]},{\"@type\":\"WebSite\",\"@id\":\"https:\/\/diariodalagoa.pt\/#website\",\"url\":\"https:\/\/diariodalagoa.pt\/\",\"name\":\"Di\u00e1rio da Lagoa\",\"description\":\"Di\u00e1rio da Lagoa. As not\u00edcias que contam. A partir da Lagoa, nos A\u00e7ores, para o mundo.\",\"potentialAction\":[{\"@type\":\"SearchAction\",\"target\":{\"@type\":\"EntryPoint\",\"urlTemplate\":\"https:\/\/diariodalagoa.pt\/?s={search_term_string}\"},\"query-input\":\"required name=search_term_string\"}],\"inLanguage\":\"en-US\"},{\"@type\":\"Person\",\"@id\":\"https:\/\/diariodalagoa.pt\/#\/schema\/person\/1615a002370e8857b6f972834bc43ece\",\"name\":\"Di\u00e1rio da Lagoa\",\"image\":{\"@type\":\"ImageObject\",\"inLanguage\":\"en-US\",\"@id\":\"https:\/\/diariodalagoa.pt\/#\/schema\/person\/image\/\",\"url\":\"https:\/\/secure.gravatar.com\/avatar\/2cb5cef90a26f8fbd4d9d930608102c5?s=96&d=mm&r=g\",\"contentUrl\":\"https:\/\/secure.gravatar.com\/avatar\/2cb5cef90a26f8fbd4d9d930608102c5?s=96&d=mm&r=g\",\"caption\":\"Di\u00e1rio da Lagoa\"},\"url\":\"https:\/\/diariodalagoa.pt\/en\/author\/diariodalagoa\/\"}]}<\/script>\n<!-- \/ Yoast SEO plugin. -->","yoast_head_json":{"title":"Urge classificar o patrim\u00f3nio religioso e despertar as pessoas para o seu reconhecimento - Di\u00e1rio da Lagoa","robots":{"index":"index","follow":"follow","max-snippet":"max-snippet:-1","max-image-preview":"max-image-preview:large","max-video-preview":"max-video-preview:-1"},"canonical":"https:\/\/diariodalagoa.pt\/en\/urge-classificar-o-patrimonio-religioso-e-despertar-as-pessoas-para-o-seu-reconhecimento\/","og_locale":"en_US","og_type":"article","og_title":"Urge classificar o patrim\u00f3nio religioso e despertar as pessoas para o seu reconhecimento - Di\u00e1rio da Lagoa","og_description":"[soliloquy id=&#8221;4284&#8243;] O presidente do Instituto Cultural Padre Jo\u00e3o Jos\u00e9 Tavares \u00e9 da opini\u00e3o de que urge classificar o patrim\u00f3nio religioso e despertar as pessoas para o seu reconhecimento.\u00a0 Rui C\u00e2mara, que falava ao Di\u00e1rio da Lagoa, \u00e0 margem da realiza\u00e7\u00e3o da 3\u00aa confer\u00eancia do II Ciclo de Confer\u00eancias \u201cConversas na Lagoa\u201d, e dedicada exatamente [&hellip;]","og_url":"https:\/\/diariodalagoa.pt\/en\/urge-classificar-o-patrimonio-religioso-e-despertar-as-pessoas-para-o-seu-reconhecimento\/","og_site_name":"Di\u00e1rio da Lagoa","article_published_time":"2014-05-07T23:37:28+00:00","article_modified_time":"2025-06-10T22:42:39+00:00","og_image":[{"width":720,"height":380,"url":"https:\/\/diariodalagoa.pt\/wp-content\/uploads\/2014\/05\/ciclo-conferencias-lagoa-patrimonio-religioso-41-1.jpg","type":"image\/jpeg"}],"author":"Di\u00e1rio da Lagoa","twitter_card":"summary_large_image","twitter_misc":{"Written by":"Di\u00e1rio da Lagoa","Est. reading time":"1 minute"},"schema":{"@context":"https:\/\/schema.org","@graph":[{"@type":"WebPage","@id":"https:\/\/diariodalagoa.pt\/urge-classificar-o-patrimonio-religioso-e-despertar-as-pessoas-para-o-seu-reconhecimento\/","url":"https:\/\/diariodalagoa.pt\/urge-classificar-o-patrimonio-religioso-e-despertar-as-pessoas-para-o-seu-reconhecimento\/","name":"Urge classificar o patrim\u00f3nio religioso e despertar as pessoas para o seu reconhecimento - Di\u00e1rio da Lagoa","isPartOf":{"@id":"https:\/\/diariodalagoa.pt\/#website"},"datePublished":"2014-05-07T23:37:28+00:00","dateModified":"2025-06-10T22:42:39+00:00","author":{"@id":"https:\/\/diariodalagoa.pt\/#\/schema\/person\/1615a002370e8857b6f972834bc43ece"},"breadcrumb":{"@id":"https:\/\/diariodalagoa.pt\/urge-classificar-o-patrimonio-religioso-e-despertar-as-pessoas-para-o-seu-reconhecimento\/#breadcrumb"},"inLanguage":"en-US","potentialAction":[{"@type":"ReadAction","target":["https:\/\/diariodalagoa.pt\/urge-classificar-o-patrimonio-religioso-e-despertar-as-pessoas-para-o-seu-reconhecimento\/"]}]},{"@type":"BreadcrumbList","@id":"https:\/\/diariodalagoa.pt\/urge-classificar-o-patrimonio-religioso-e-despertar-as-pessoas-para-o-seu-reconhecimento\/#breadcrumb","itemListElement":[{"@type":"ListItem","position":1,"name":"In\u00edcio","item":"https:\/\/diariodalagoa.pt\/"},{"@type":"ListItem","position":2,"name":"Urge classificar o patrim\u00f3nio religioso e despertar as pessoas para o seu reconhecimento"}]},{"@type":"WebSite","@id":"https:\/\/diariodalagoa.pt\/#website","url":"https:\/\/diariodalagoa.pt\/","name":"Di\u00e1rio da Lagoa","description":"Di\u00e1rio da Lagoa. As not\u00edcias que contam. A partir da Lagoa, nos A\u00e7ores, para o mundo.","potentialAction":[{"@type":"SearchAction","target":{"@type":"EntryPoint","urlTemplate":"https:\/\/diariodalagoa.pt\/?s={search_term_string}"},"query-input":"required name=search_term_string"}],"inLanguage":"en-US"},{"@type":"Person","@id":"https:\/\/diariodalagoa.pt\/#\/schema\/person\/1615a002370e8857b6f972834bc43ece","name":"Di\u00e1rio da Lagoa","image":{"@type":"ImageObject","inLanguage":"en-US","@id":"https:\/\/diariodalagoa.pt\/#\/schema\/person\/image\/","url":"https:\/\/secure.gravatar.com\/avatar\/2cb5cef90a26f8fbd4d9d930608102c5?s=96&d=mm&r=g","contentUrl":"https:\/\/secure.gravatar.com\/avatar\/2cb5cef90a26f8fbd4d9d930608102c5?s=96&d=mm&r=g","caption":"Di\u00e1rio da Lagoa"},"url":"https:\/\/diariodalagoa.pt\/en\/author\/diariodalagoa\/"}]}},"_links":{"self":[{"href":"https:\/\/diariodalagoa.pt\/en\/wp-json\/wp\/v2\/posts\/4270"}],"collection":[{"href":"https:\/\/diariodalagoa.pt\/en\/wp-json\/wp\/v2\/posts"}],"about":[{"href":"https:\/\/diariodalagoa.pt\/en\/wp-json\/wp\/v2\/types\/post"}],"author":[{"embeddable":true,"href":"https:\/\/diariodalagoa.pt\/en\/wp-json\/wp\/v2\/users\/2"}],"replies":[{"embeddable":true,"href":"https:\/\/diariodalagoa.pt\/en\/wp-json\/wp\/v2\/comments?post=4270"}],"version-history":[{"count":1,"href":"https:\/\/diariodalagoa.pt\/en\/wp-json\/wp\/v2\/posts\/4270\/revisions"}],"predecessor-version":[{"id":144292,"href":"https:\/\/diariodalagoa.pt\/en\/wp-json\/wp\/v2\/posts\/4270\/revisions\/144292"}],"wp:featuredmedia":[{"embeddable":true,"href":"https:\/\/diariodalagoa.pt\/en\/wp-json\/wp\/v2\/media\/125363"}],"wp:attachment":[{"href":"https:\/\/diariodalagoa.pt\/en\/wp-json\/wp\/v2\/media?parent=4270"}],"wp:term":[{"taxonomy":"category","embeddable":true,"href":"https:\/\/diariodalagoa.pt\/en\/wp-json\/wp\/v2\/categories?post=4270"},{"taxonomy":"post_tag","embeddable":true,"href":"https:\/\/diariodalagoa.pt\/en\/wp-json\/wp\/v2\/tags?post=4270"}],"curies":[{"name":"wp","href":"https:\/\/api.w.org\/{rel}","templated":true}]}}