{"id":4232,"date":"2014-04-12T23:30:41","date_gmt":"2014-04-12T23:30:41","guid":{"rendered":"http:\/\/diariodalagoa.pt\/?p=4232"},"modified":"2025-06-10T22:38:35","modified_gmt":"2025-06-10T22:38:35","slug":"lagoa-tem-grandes-desafios-futuros-diz-a-historiadora-susana-goulart","status":"publish","type":"post","link":"https:\/\/diariodalagoa.pt\/en\/lagoa-tem-grandes-desafios-futuros-diz-a-historiadora-susana-goulart\/","title":{"rendered":"Lagoa tem grandes desafios futuros, diz a historiadora Susana Goulart"},"content":{"rendered":"<p style=\"text-align: justify;\"><a href=\"http:\/\/diariodalagoa.pt\/wp-content\/uploads\/2014\/05\/Susana-Goualrt-aniversario-lagoa.jpg\"><img decoding=\"async\" class=\"alignnone size-full wp-image-4233\" alt=\"Susana-Goualrt-aniversario-lagoa\" src=\"http:\/\/diariodalagoa.pt\/wp-content\/uploads\/2014\/05\/Susana-Goualrt-aniversario-lagoa.jpg\" width=\"720\" height=\"382\" \/><\/a><\/p>\n<p style=\"text-align: justify;\"><span style=\"color: #000000;\">\u201cA riqueza de um pais, duma regi\u00e3o ou de uma ilha, concelho ou cidade, \u00e9 um reflexo de v\u00e1rios fatores, sendo o mais importante a sua popula\u00e7\u00e3o\u201d, considera a historiadora Susana Goulart, que falava sobre o passado, presente e futuro da Lagoa.<\/span><span style=\"color: #000000;\">\u00a0<\/span><\/p>\n<p style=\"text-align: justify;\"><span style=\"color: #000000;\">Quantos somos, onde estamos e o que pudemos fazer foram quest\u00f5es abordadas pela historiadora, no \u00e2mbito das comemora\u00e7\u00f5es do 2\u00ba anivers\u00e1rio da eleva\u00e7\u00e3o a Cidade da Lagoa.<\/span><span style=\"color: #000000;\">\u00a0<\/span><\/p>\n<p style=\"text-align: justify;\"><span style=\"color: #000000;\">Segundo Susana Goulart, a Lagoa tem mostrado um crescimento continuado, sendo que no s\u00e9c. XVI, existiam neste concelho cerca de 2 mil pessoas, em meados do s\u00e9c. XIX j\u00e1 eram cerca de 5 mil. Por volta de 1930 na Lagoa j\u00e1 residiam cerca de 10 mil pessoas, e nos \u00faltimos sensos na Lagoa j\u00e1 residiam cerca de 14 mil habitantes, sendo a Lagoa o concelho que tem a maior densidade populacional, de todo o arquip\u00e9lago.<\/span><span style=\"color: #000000;\">\u00a0<\/span><\/p>\n<p style=\"text-align: justify;\"><span style=\"color: #000000;\">Um crescimento que surge dos progressos efetivos, e desenvolvimento em termos da vida privada e p\u00fablica.<\/span><span style=\"color: #000000;\">\u00a0<\/span><\/p>\n<p style=\"text-align: justify;\"><span style=\"color: #000000;\">At\u00e9 ao inico do s\u00e9c. XX a mortalidade era elevada, n\u00e3o s\u00f3 em adultos mas tamb\u00e9m com elevada taxa de mortalidade infantil.<\/span><span style=\"color: #000000;\">\u00a0<\/span><\/p>\n<p style=\"text-align: justify;\"><span style=\"color: #000000;\">Por outro lado, e face \u00e0s m\u00e1s condi\u00e7\u00f5es p\u00fablicas, foi feito um grande esfor\u00e7o tecnol\u00f3gico industrial para que fosse feita uma melhoria neste sentido.<\/span><span style=\"color: #000000;\">\u00a0<\/span><\/p>\n<p style=\"text-align: justify;\"><span style=\"color: #000000;\">Um progresso que chegou tamb\u00e9m \u00e0 \u00e1gua pot\u00e1vel \u00e0 popula\u00e7\u00e3o, tendo sido nos fontan\u00e1rios fundamentais, situa\u00e7\u00e3o de melhoria verificada na primeira metade do s\u00e9c. XX.<\/span><span style=\"color: #000000;\">\u00a0<\/span><\/p>\n<p style=\"text-align: justify;\"><span style=\"color: #000000;\">Face aos melhoramentos, a popula\u00e7\u00e3o aumentou, tornou-se mais saud\u00e1vel, e garantiu a sobreviv\u00eancia dos mais novos, refere a historiadora.<\/span><span style=\"color: #000000;\">\u00a0<\/span><\/p>\n<p style=\"text-align: justify;\"><span style=\"color: #000000;\">Nos dados estat\u00edsticos dos \u00faltimos sensos de 2011, \u00e9 poss\u00edvel verificar o volume da popula\u00e7\u00e3o jovem na Lagoa, sendo que cerca de \u00bc da popula\u00e7\u00e3o tem menos que 14 anos.<\/span><span style=\"color: #000000;\">\u00a0<\/span><\/p>\n<p style=\"text-align: justify;\"><span style=\"color: #000000;\">Um crescimento populacional que permitiu consolidar a Lagoa, e foi tamb\u00e9m ajudado pela localiza\u00e7\u00e3o geogr\u00e1fica do munic\u00edpio.<\/span><span style=\"color: #000000;\">\u00a0<\/span><\/p>\n<p style=\"text-align: justify;\"><span style=\"color: #000000;\">Despois da entrada em 1986 de Portugal \u00e0 Comunidade Europeia, Portugal duplicou o n\u00famero de cidades, de 88 para 158, tendo a Lagoa sido criada em 2012, contribuindo assim para que sejam 159 o n\u00famero de cidades portuguesas.<\/span><span style=\"color: #000000;\">\u00a0<\/span><\/p>\n<p style=\"text-align: justify;\"><span style=\"color: #000000;\">Segundo a historiadora, esta dignifica\u00e7\u00e3o de vila a cidade, foi um corol\u00e1rio de todo um longo processo, e que foi demarcado pelo Rei Dom Jo\u00e3o III, faltando oito anos para que Lagoa assinale os 500 anos de vila.<\/span><span style=\"color: #000000;\">\u00a0<\/span><\/p>\n<p style=\"text-align: justify;\"><span style=\"color: #000000;\">H\u00e1 492 anos, a 11 de abril a Lagoa iria beneficiar de outro acontecimento, Dom Jo\u00e3o III dignificou a Lagoa em abril, veio a ser desenvolvida em 1593 e nos anos subsequentes, devido \u00e0 cat\u00e1strofe em Vila Franca do Campo.<\/span><span style=\"color: #000000;\">\u00a0<\/span><\/p>\n<p style=\"text-align: justify;\"><span style=\"color: #000000;\">O s\u00e9c. XVIII e XIX, a Lagoa tinha uma forte liga\u00e7\u00e3o com outros portos da regi\u00e3o, cinco na totalidade, sendo o Porto dos Carneiros o porto de liga\u00e7\u00e3o. Uma centralidade, que segundo a historiadora, fez com que se tenha percebido que a Lagoa tenha ganha um protagonismo pol\u00edtico no s\u00e9c. XVII e XVIII.<\/span><span style=\"color: #000000;\">\u00a0<\/span><\/p>\n<p style=\"text-align: justify;\"><span style=\"color: #000000;\">\u201cAquilo que hoje \u00e9 designado pelo Associa\u00e7\u00e3o de munic\u00edpios da ilha de S\u00e3o Miguel, foi inventado no s\u00e9c. XVII, altura em que na Lagoa, todos os presidentes de c\u00e2mara se juntavam, para enviar os manuscritos ao governo nacional, queixando-se dos elevados impostos\u201d, recordou.<\/span><span style=\"color: #000000;\">\u00a0<\/span><\/p>\n<p style=\"text-align: justify;\"><span style=\"color: #000000;\">Por outro lado, segundo Susana Goulart, o destino econ\u00f3mico deste concelho foi marcado pela sua debilidade agr\u00edcola, n\u00e3o tendo terrenos prop\u00edcios ao setor prim\u00e1rio.<\/span><span style=\"color: #000000;\">\u00a0<\/span><\/p>\n<p style=\"text-align: justify;\"><span style=\"color: #000000;\">A excel\u00eancia da Lagoa foi nomeadamente na produ\u00e7\u00e3o vin\u00edcola. N\u00e3o muito setor prim\u00e1rio, mas neste, o vinho era uma mais-valia, destacou.<\/span><\/p>\n<p style=\"text-align: justify;\"><span style=\"color: #000000;\">Numa segunda atividade prim\u00e1ria importante, foi a pesca, com destaque para o Porto dos Carneiros, onde os Irm\u00e3os da Confraria de S\u00e3o Pedro Gon\u00e7alves tinham uma atividade din\u00e2mica.<\/span><\/p>\n<p style=\"text-align: justify;\"><span style=\"color: #000000;\">Segundo Susana Goulart, ter\u00e1 sido esta fr\u00e1gil apet\u00eancia lagoense para o setor prim\u00e1rio, que permitiu o desenvolvimento do setor secund\u00e1rio, tendo-se tornada conhecida como \u201cVila Oper\u00e1ria\u201d.<\/span><span style=\"color: #000000;\">\u00a0<\/span><\/p>\n<p style=\"text-align: justify;\"><span style=\"color: #000000;\">Assim surgem as f\u00e1bricas de ra\u00e7\u00f5es, que v\u00eam desde o s\u00e9c. XVIII, XIX e primeira metade do s\u00e9c. XX, moinhos de \u00e1gua, com destaque para os 20 moinhos de \u00e1gua localizados em \u00c1gua de Pau, e dois de vento localizados j\u00e1 na Lagoa, quatro fornos de cal, cer\u00e2mica e \u00e1lcool, tendo sido este setor desenvolvido duma forma eficaz.<\/span><span style=\"color: #000000;\">\u00a0<\/span><\/p>\n<p style=\"text-align: justify;\"><span style=\"color: #000000;\">Em estat\u00edsticas de 1890, 75% da exporta\u00e7\u00e3o e S\u00e3o Miguel era \u00e1lcool, sendo a f\u00e1brica de \u00e1lcool da Lagoa uma capacidade e import\u00e2ncia socia-econ\u00f3mica importante. Desenvolvimento industrial atraiu novas tecnologias das quais a mais importante era a luz el\u00e9trica.<\/span><span style=\"color: #000000;\">\u00a0<\/span><\/p>\n<p style=\"text-align: justify;\"><span style=\"color: #000000;\">Perante tudo isto, segundo a historiadora, no futuro, a Lagoa deve potenciar a sua heran\u00e7a, sendo um sitio pequeno onde facilmente se chega a todo o lado, \u00e9 central na sua geografia, e com um historial e inova\u00e7\u00e3o no \u00e2mbito do setor secund\u00e1rio.<\/span><span style=\"color: #000000;\">\u00a0<\/span><\/p>\n<p style=\"text-align: justify;\"><span style=\"color: #000000;\">Ao n\u00edvel dos desafios futuros, Susana Goulart destaca duas \u00e1reas que devem ser alvo de uma reflex\u00e3o s\u00e9ria.<\/span><span style=\"color: #000000;\">\u00a0<\/span><\/p>\n<p style=\"text-align: justify;\"><span style=\"color: #000000;\">Em primeiro lugar, na \u00e1rea da sa\u00fade, nomeadamente na gerontologia, visto que a tend\u00eancia \u00e9 para uma popula\u00e7\u00e3o mais idosa, sendo que, atualmente, a esperan\u00e7a de vida \u00e9 de 76 anos de idade nos homens e feminina cerca de 82 anos, e a Lagoa reflete esta tend\u00eancia. Nos sensos de 2011, havia 566 idosos com mais de 75 anos, destas 320 s\u00e3o mulheres, e 246 homens.<\/span><span style=\"color: #000000;\">\u00a0<\/span><\/p>\n<p style=\"text-align: justify;\"><span style=\"color: #000000;\">Segundo Susana Goulart, este envelhecimento, que tende a ser mais volumoso nas d\u00e9cadas que se seguem, \u00e9 um grande desafio para o munic\u00edpio.<\/span><span style=\"color: #000000;\">\u00a0<\/span><\/p>\n<p style=\"text-align: justify;\"><span style=\"color: #000000;\">Ainda na \u00e1rea da sa\u00fade, diz a historiadora que \u00e9 necess\u00e1rio dar mais aten\u00e7\u00e3o \u00e0s doen\u00e7as urbanas, o caso da psiquiatria e da psicologia, sendo que n\u00famero de doen\u00e7as mentais est\u00e1 a aumentar.<\/span><span style=\"color: #000000;\">\u00a0<\/span><\/p>\n<p style=\"text-align: justify;\"><span style=\"color: #000000;\">Por outro lado, a historiadora salienta a \u00e1rea das tecnologias da comunica\u00e7\u00e3o, onde h\u00e1 a necessidade de saber usar a informa\u00e7\u00e3o, sabe esperar pelos resultados e trabalhar em equipa, sendo a Lagoa ter\u00e1 um futuro promissor, que s\u00e3o fundamentais, segundo a historiadora.<\/span><span style=\"color: #000000;\">\u00a0<\/span><\/p>\n<p style=\"text-align: justify;\"><span style=\"color: #000000;\">\u201cTer sa\u00fade e saber comunicar no mundo e com o mundo, aprece-me de facto a grande li\u00e7\u00e3o que se poder\u00e1 partilhar com as gera\u00e7\u00f5es futuras, naquilo que foi o passado, o presente e o futuro da lagoa\u201d, disse.<\/span><\/p>\n<p style=\"text-align: justify;\"><em><span style=\"color: #000000;\">DL<\/span><\/em><\/p>","protected":false},"excerpt":{"rendered":"<p>\u201cA riqueza de um pais, duma regi\u00e3o ou de uma ilha, concelho ou cidade, \u00e9 um reflexo de v\u00e1rios fatores, sendo o mais importante a sua popula\u00e7\u00e3o\u201d, considera a historiadora Susana Goulart, que falava sobre o passado, presente e futuro da Lagoa.\u00a0 Quantos somos, onde estamos e o que pudemos fazer foram quest\u00f5es abordadas pela [&hellip;]<\/p>","protected":false},"author":2,"featured_media":113417,"comment_status":"open","ping_status":"open","sticky":false,"template":"","format":"standard","meta":[],"categories":[21],"tags":[],"acf":[],"yoast_head":"<!-- This site is optimized with the Yoast SEO plugin v20.10 - https:\/\/yoast.com\/wordpress\/plugins\/seo\/ -->\n<title>Lagoa tem grandes desafios futuros, diz a historiadora Susana Goulart - Di\u00e1rio da Lagoa<\/title>\n<meta name=\"robots\" content=\"index, follow, max-snippet:-1, max-image-preview:large, max-video-preview:-1\" \/>\n<link rel=\"canonical\" href=\"https:\/\/diariodalagoa.pt\/en\/lagoa-tem-grandes-desafios-futuros-diz-a-historiadora-susana-goulart\/\" \/>\n<meta property=\"og:locale\" content=\"en_US\" \/>\n<meta property=\"og:type\" content=\"article\" \/>\n<meta property=\"og:title\" content=\"Lagoa tem grandes desafios futuros, diz a historiadora Susana Goulart - Di\u00e1rio da Lagoa\" \/>\n<meta property=\"og:description\" content=\"\u201cA riqueza de um pais, duma regi\u00e3o ou de uma ilha, concelho ou cidade, \u00e9 um reflexo de v\u00e1rios fatores, sendo o mais importante a sua popula\u00e7\u00e3o\u201d, considera a historiadora Susana Goulart, que falava sobre o passado, presente e futuro da Lagoa.\u00a0 Quantos somos, onde estamos e o que pudemos fazer foram quest\u00f5es abordadas pela [&hellip;]\" \/>\n<meta property=\"og:url\" content=\"https:\/\/diariodalagoa.pt\/en\/lagoa-tem-grandes-desafios-futuros-diz-a-historiadora-susana-goulart\/\" \/>\n<meta property=\"og:site_name\" content=\"Di\u00e1rio da Lagoa\" \/>\n<meta property=\"article:published_time\" content=\"2014-04-12T23:30:41+00:00\" \/>\n<meta property=\"article:modified_time\" content=\"2025-06-10T22:38:35+00:00\" \/>\n<meta property=\"og:image\" content=\"https:\/\/diariodalagoa.pt\/wp-content\/uploads\/2014\/04\/susana-goualrt-aniversario-lagoa.jpg\" \/>\n\t<meta property=\"og:image:width\" content=\"720\" \/>\n\t<meta property=\"og:image:height\" content=\"382\" \/>\n\t<meta property=\"og:image:type\" content=\"image\/jpeg\" \/>\n<meta name=\"author\" content=\"Di\u00e1rio da Lagoa\" \/>\n<meta name=\"twitter:card\" content=\"summary_large_image\" \/>\n<meta name=\"twitter:label1\" content=\"Written by\" \/>\n\t<meta name=\"twitter:data1\" content=\"Di\u00e1rio da Lagoa\" \/>\n\t<meta name=\"twitter:label2\" content=\"Est. reading time\" \/>\n\t<meta name=\"twitter:data2\" content=\"5 minutes\" \/>\n<script type=\"application\/ld+json\" class=\"yoast-schema-graph\">{\"@context\":\"https:\/\/schema.org\",\"@graph\":[{\"@type\":\"WebPage\",\"@id\":\"https:\/\/diariodalagoa.pt\/lagoa-tem-grandes-desafios-futuros-diz-a-historiadora-susana-goulart\/\",\"url\":\"https:\/\/diariodalagoa.pt\/lagoa-tem-grandes-desafios-futuros-diz-a-historiadora-susana-goulart\/\",\"name\":\"Lagoa tem grandes desafios futuros, diz a historiadora Susana Goulart - Di\u00e1rio da Lagoa\",\"isPartOf\":{\"@id\":\"https:\/\/diariodalagoa.pt\/#website\"},\"datePublished\":\"2014-04-12T23:30:41+00:00\",\"dateModified\":\"2025-06-10T22:38:35+00:00\",\"author\":{\"@id\":\"https:\/\/diariodalagoa.pt\/#\/schema\/person\/1615a002370e8857b6f972834bc43ece\"},\"breadcrumb\":{\"@id\":\"https:\/\/diariodalagoa.pt\/lagoa-tem-grandes-desafios-futuros-diz-a-historiadora-susana-goulart\/#breadcrumb\"},\"inLanguage\":\"en-US\",\"potentialAction\":[{\"@type\":\"ReadAction\",\"target\":[\"https:\/\/diariodalagoa.pt\/lagoa-tem-grandes-desafios-futuros-diz-a-historiadora-susana-goulart\/\"]}]},{\"@type\":\"BreadcrumbList\",\"@id\":\"https:\/\/diariodalagoa.pt\/lagoa-tem-grandes-desafios-futuros-diz-a-historiadora-susana-goulart\/#breadcrumb\",\"itemListElement\":[{\"@type\":\"ListItem\",\"position\":1,\"name\":\"In\u00edcio\",\"item\":\"https:\/\/diariodalagoa.pt\/\"},{\"@type\":\"ListItem\",\"position\":2,\"name\":\"Lagoa tem grandes desafios futuros, diz a historiadora Susana Goulart\"}]},{\"@type\":\"WebSite\",\"@id\":\"https:\/\/diariodalagoa.pt\/#website\",\"url\":\"https:\/\/diariodalagoa.pt\/\",\"name\":\"Di\u00e1rio da Lagoa\",\"description\":\"Di\u00e1rio da Lagoa. As not\u00edcias que contam. A partir da Lagoa, nos A\u00e7ores, para o mundo.\",\"potentialAction\":[{\"@type\":\"SearchAction\",\"target\":{\"@type\":\"EntryPoint\",\"urlTemplate\":\"https:\/\/diariodalagoa.pt\/?s={search_term_string}\"},\"query-input\":\"required name=search_term_string\"}],\"inLanguage\":\"en-US\"},{\"@type\":\"Person\",\"@id\":\"https:\/\/diariodalagoa.pt\/#\/schema\/person\/1615a002370e8857b6f972834bc43ece\",\"name\":\"Di\u00e1rio da Lagoa\",\"image\":{\"@type\":\"ImageObject\",\"inLanguage\":\"en-US\",\"@id\":\"https:\/\/diariodalagoa.pt\/#\/schema\/person\/image\/\",\"url\":\"https:\/\/secure.gravatar.com\/avatar\/2cb5cef90a26f8fbd4d9d930608102c5?s=96&d=mm&r=g\",\"contentUrl\":\"https:\/\/secure.gravatar.com\/avatar\/2cb5cef90a26f8fbd4d9d930608102c5?s=96&d=mm&r=g\",\"caption\":\"Di\u00e1rio da Lagoa\"},\"url\":\"https:\/\/diariodalagoa.pt\/en\/author\/diariodalagoa\/\"}]}<\/script>\n<!-- \/ Yoast SEO plugin. -->","yoast_head_json":{"title":"Lagoa tem grandes desafios futuros, diz a historiadora Susana Goulart - Di\u00e1rio da Lagoa","robots":{"index":"index","follow":"follow","max-snippet":"max-snippet:-1","max-image-preview":"max-image-preview:large","max-video-preview":"max-video-preview:-1"},"canonical":"https:\/\/diariodalagoa.pt\/en\/lagoa-tem-grandes-desafios-futuros-diz-a-historiadora-susana-goulart\/","og_locale":"en_US","og_type":"article","og_title":"Lagoa tem grandes desafios futuros, diz a historiadora Susana Goulart - Di\u00e1rio da Lagoa","og_description":"\u201cA riqueza de um pais, duma regi\u00e3o ou de uma ilha, concelho ou cidade, \u00e9 um reflexo de v\u00e1rios fatores, sendo o mais importante a sua popula\u00e7\u00e3o\u201d, considera a historiadora Susana Goulart, que falava sobre o passado, presente e futuro da Lagoa.\u00a0 Quantos somos, onde estamos e o que pudemos fazer foram quest\u00f5es abordadas pela [&hellip;]","og_url":"https:\/\/diariodalagoa.pt\/en\/lagoa-tem-grandes-desafios-futuros-diz-a-historiadora-susana-goulart\/","og_site_name":"Di\u00e1rio da Lagoa","article_published_time":"2014-04-12T23:30:41+00:00","article_modified_time":"2025-06-10T22:38:35+00:00","og_image":[{"width":720,"height":382,"url":"https:\/\/diariodalagoa.pt\/wp-content\/uploads\/2014\/04\/susana-goualrt-aniversario-lagoa.jpg","type":"image\/jpeg"}],"author":"Di\u00e1rio da Lagoa","twitter_card":"summary_large_image","twitter_misc":{"Written by":"Di\u00e1rio da Lagoa","Est. reading time":"5 minutes"},"schema":{"@context":"https:\/\/schema.org","@graph":[{"@type":"WebPage","@id":"https:\/\/diariodalagoa.pt\/lagoa-tem-grandes-desafios-futuros-diz-a-historiadora-susana-goulart\/","url":"https:\/\/diariodalagoa.pt\/lagoa-tem-grandes-desafios-futuros-diz-a-historiadora-susana-goulart\/","name":"Lagoa tem grandes desafios futuros, diz a historiadora Susana Goulart - Di\u00e1rio da Lagoa","isPartOf":{"@id":"https:\/\/diariodalagoa.pt\/#website"},"datePublished":"2014-04-12T23:30:41+00:00","dateModified":"2025-06-10T22:38:35+00:00","author":{"@id":"https:\/\/diariodalagoa.pt\/#\/schema\/person\/1615a002370e8857b6f972834bc43ece"},"breadcrumb":{"@id":"https:\/\/diariodalagoa.pt\/lagoa-tem-grandes-desafios-futuros-diz-a-historiadora-susana-goulart\/#breadcrumb"},"inLanguage":"en-US","potentialAction":[{"@type":"ReadAction","target":["https:\/\/diariodalagoa.pt\/lagoa-tem-grandes-desafios-futuros-diz-a-historiadora-susana-goulart\/"]}]},{"@type":"BreadcrumbList","@id":"https:\/\/diariodalagoa.pt\/lagoa-tem-grandes-desafios-futuros-diz-a-historiadora-susana-goulart\/#breadcrumb","itemListElement":[{"@type":"ListItem","position":1,"name":"In\u00edcio","item":"https:\/\/diariodalagoa.pt\/"},{"@type":"ListItem","position":2,"name":"Lagoa tem grandes desafios futuros, diz a historiadora Susana Goulart"}]},{"@type":"WebSite","@id":"https:\/\/diariodalagoa.pt\/#website","url":"https:\/\/diariodalagoa.pt\/","name":"Di\u00e1rio da Lagoa","description":"Di\u00e1rio da Lagoa. As not\u00edcias que contam. A partir da Lagoa, nos A\u00e7ores, para o mundo.","potentialAction":[{"@type":"SearchAction","target":{"@type":"EntryPoint","urlTemplate":"https:\/\/diariodalagoa.pt\/?s={search_term_string}"},"query-input":"required name=search_term_string"}],"inLanguage":"en-US"},{"@type":"Person","@id":"https:\/\/diariodalagoa.pt\/#\/schema\/person\/1615a002370e8857b6f972834bc43ece","name":"Di\u00e1rio da Lagoa","image":{"@type":"ImageObject","inLanguage":"en-US","@id":"https:\/\/diariodalagoa.pt\/#\/schema\/person\/image\/","url":"https:\/\/secure.gravatar.com\/avatar\/2cb5cef90a26f8fbd4d9d930608102c5?s=96&d=mm&r=g","contentUrl":"https:\/\/secure.gravatar.com\/avatar\/2cb5cef90a26f8fbd4d9d930608102c5?s=96&d=mm&r=g","caption":"Di\u00e1rio da Lagoa"},"url":"https:\/\/diariodalagoa.pt\/en\/author\/diariodalagoa\/"}]}},"_links":{"self":[{"href":"https:\/\/diariodalagoa.pt\/en\/wp-json\/wp\/v2\/posts\/4232"}],"collection":[{"href":"https:\/\/diariodalagoa.pt\/en\/wp-json\/wp\/v2\/posts"}],"about":[{"href":"https:\/\/diariodalagoa.pt\/en\/wp-json\/wp\/v2\/types\/post"}],"author":[{"embeddable":true,"href":"https:\/\/diariodalagoa.pt\/en\/wp-json\/wp\/v2\/users\/2"}],"replies":[{"embeddable":true,"href":"https:\/\/diariodalagoa.pt\/en\/wp-json\/wp\/v2\/comments?post=4232"}],"version-history":[{"count":1,"href":"https:\/\/diariodalagoa.pt\/en\/wp-json\/wp\/v2\/posts\/4232\/revisions"}],"predecessor-version":[{"id":152763,"href":"https:\/\/diariodalagoa.pt\/en\/wp-json\/wp\/v2\/posts\/4232\/revisions\/152763"}],"wp:featuredmedia":[{"embeddable":true,"href":"https:\/\/diariodalagoa.pt\/en\/wp-json\/wp\/v2\/media\/113417"}],"wp:attachment":[{"href":"https:\/\/diariodalagoa.pt\/en\/wp-json\/wp\/v2\/media?parent=4232"}],"wp:term":[{"taxonomy":"category","embeddable":true,"href":"https:\/\/diariodalagoa.pt\/en\/wp-json\/wp\/v2\/categories?post=4232"},{"taxonomy":"post_tag","embeddable":true,"href":"https:\/\/diariodalagoa.pt\/en\/wp-json\/wp\/v2\/tags?post=4232"}],"curies":[{"name":"wp","href":"https:\/\/api.w.org\/{rel}","templated":true}]}}