{"id":37323,"date":"2016-10-02T23:08:15","date_gmt":"2016-10-02T23:08:15","guid":{"rendered":"http:\/\/diariodalagoa.pt\/?p=37323"},"modified":"2025-06-21T00:24:54","modified_gmt":"2025-06-21T00:24:54","slug":"dois-lagoenses-na-lista-do-ps-por-sao-miguel-a-assembleia-regional","status":"publish","type":"post","link":"https:\/\/diariodalagoa.pt\/en\/dois-lagoenses-na-lista-do-ps-por-sao-miguel-a-assembleia-regional\/","title":{"rendered":"Dois lagoenses na lista do PS por S\u00e3o Miguel \u00e0 Assembleia Regional"},"content":{"rendered":"<p style=\"text-align: justify;\"><img decoding=\"async\" class=\"aligncenter size-full wp-image-37510\" src=\"http:\/\/diariodalagoa.pt\/wp-content\/uploads\/2016\/09\/Regionais-2016-PS-Sao-Miguel-lagoa-A\u00e7ores.jpg\" alt=\"regionais-2016-ps-sao-miguel-lagoa-acores\" width=\"720\" height=\"380\" \/><\/p>\n<p style=\"text-align: justify;\"><span style=\"color: #000000;\">S\u00e3o treze as for\u00e7as pol\u00edticas que se apresentam \u00e0s elei\u00e7\u00f5es legislativas regionais dos A\u00e7ores, a 16 de outubro pelo c\u00edrculo de S\u00e3o Miguel.<\/span><\/p>\n<p style=\"text-align: justify;\"><span style=\"color: #000000;\">Nas pr\u00f3ximas elei\u00e7\u00f5es regionais, o c\u00edrculo de S\u00e3o Miguel elege 20 deputados para a Assembleia Legislativa dos A\u00e7ores, mais um do que em 2012.<\/span><\/p>\n<p style=\"text-align: justify;\"><span style=\"color: #000000;\">O aumento do n\u00famero de deputados a eleger por S\u00e3o Miguel deve-se ao crescimento do n\u00famero de eleitores na maior ilha do arquip\u00e9lago, que, comparativamente \u00e0s elei\u00e7\u00f5es de h\u00e1 quatro anos, tem mais 2.819 eleitores inscritos, passando de 124.387 para 127.206 eleitores.<\/span><\/p>\n<p style=\"text-align: justify;\"><span style=\"color: #000000;\">Das v\u00e1rias listas apresentadas v\u00e1rias s\u00e3o as que apresentam candidatos do concelho de Lagoa, e alguns deles em lugares eleg\u00edveis.<\/span><\/p>\n<p style=\"text-align: justify;\"><span style=\"color: #000000;\">Assim, nas listas do Partido Socialista, encabe\u00e7ada por Vasco Cordeiro, surge Susana Goulart Costa, atual vereadora na C\u00e2mara Municipal de Lagoa e membro da Assembleia Municipal.<\/span><\/p>\n<p style=\"text-align: justify;\"><span style=\"color: #000000;\">Assim, nas listas do Partido Socialista surge Susana Goulart Costa, atual vereadora na C\u00e2mara Municipal de Lagoa e membro da Assembleia Municipal.<\/span><\/p>\n<p style=\"text-align: justify;\"><span style=\"color: #000000;\">Ao Jornal Di\u00e1rio da Lagoa disse ter aceite este desafio para poder continuar a prestar um servi\u00e7o p\u00fablico. \u201cDesde h\u00e1 alguns anos tenho sentido esta motiva\u00e7\u00e3o de me dedicar \u00e0 causa p\u00fablica. Estive ligada \u00e0 Assembleia Municipal de Lagoa, tendo sido presidente durante dois anos, atualmente sou vereadora n\u00e3o executiva na autarquia. E o que me leva a aceitar a envolver a estes cargos \u00e9 contribuir, dentro das minhas limita\u00e7\u00f5es, para o desenvolvimento da Lagoa, ou seja, a presta\u00e7\u00e3o das causas p\u00fabicas\u201d.<\/span><\/p>\n<p style=\"text-align: justify;\"><span style=\"color: #000000;\">Avan\u00e7ar para um cargo regional, diz que \u00e9 uma honra, uma vez que ir\u00e1 permitir, n\u00e3o s\u00f3 defender os interesses da ilha no seu todo, assim como todo o arquip\u00e9lago.<\/span><\/p>\n<p style=\"text-align: justify;\"><span style=\"color: #000000;\">Por outro lado, nesta entrevista Susana Goulart Costa recorda que, a n\u00edvel de organiza\u00e7\u00e3o social, existem duas \u00e1reas fundamentais, sa\u00fade e educa\u00e7\u00e3o. S\u00e3o pilares, refor\u00e7a.<\/span><\/p>\n<p style=\"text-align: justify;\"><span style=\"color: #000000;\">\u201c\u00c9 com a educa\u00e7\u00e3o que se consegue desenvolver o emprego, o empreendedorismo, o desenvolvimento das empresas, sendo a educa\u00e7\u00e3o uma ferramenta fundamental para se avan\u00e7ar e conseguir o desenvolvimento de \u00e1reas como tecnologia, das ci\u00eancias, do turismo\u201d.<\/span><\/p>\n<p style=\"text-align: justify;\"><span style=\"color: #000000;\">Segundo referiu, na \u00e1rea da educa\u00e7\u00e3o existem desafios que est\u00e3o a ser diagnosticados, e \u00e9 importante haver esse diagn\u00f3stico, quer do pr\u00e9-escolar at\u00e9 \u00e0 Universidade, esta \u00faltima \u00e0 qual est\u00e1 ligada h\u00e1 j\u00e1 25 anos.<\/span><\/p>\n<p style=\"text-align: justify;\"><span style=\"color: #000000;\">\u201c\u00c9 preciso saber as dificuldades e os m\u00e9ritos da escola p\u00fablica e \u00e9 importante fazer o diagn\u00f3stico de quais s\u00e3o as grandes fragilidades do ensino p\u00fablico nos A\u00e7ores, mas tamb\u00e9m os m\u00e9ritos, porque existem excelentes professores, h\u00e1 projetos dentro das escalas que s\u00e3o excecionais.\u201d.<\/span><\/p>\n<p style=\"text-align: justify;\"><span style=\"color: #000000;\">Suzana Goulart Costa recorda que a Escola Secund\u00e1ria de Lagoa tem sido um exemplo de refer\u00eancia a n\u00edvel de projetos e de envolvimento dos alunos em grandes programas internacionais.<\/span><\/p>\n<p style=\"text-align: justify;\"><span style=\"color: #000000;\">A candidata socialista diz que \u00e9 preciso fazer a liga\u00e7\u00e3o entre as quest\u00f5es que precisam de maior aten\u00e7\u00e3o e potenciar aquelas que j\u00e1 est\u00e3o em rampa de lan\u00e7amento, para poderem ir mais longe, sendo de resto um dos seus interesses a defender nos pr\u00f3ximos quatro anos.<\/span><\/p>\n<p style=\"text-align: justify;\"><span style=\"color: #000000;\">Tudo isto a par das quest\u00f5es da cultura, do patrim\u00f3nio, dos museus, dos projetos de turismo cultural, sendo estes tamb\u00e9m quest\u00f5es de interesse, e neste caso diz ser importante refor\u00e7ar a import\u00e2ncia do patrim\u00f3nio e da cultura.<\/span><\/p>\n<p style=\"text-align: justify;\"><span style=\"color: #000000;\">\u201cPrecisamos de oferecer, a par do turismo de natureza e ambiental, um turismo cultural de qualidade. Temos 500 anos de historia, temos um potencial imenso para atrair um turismo de qualidade sendo importante fazer com que as quest\u00f5es de turismo de paisagem e de natureza sejam alicer\u00e7adas pelo refor\u00e7o do turismo de cultura que nos A\u00e7ores faz todo o sentido\u201d, rematou.<\/span><\/p>\n<p style=\"text-align: justify;\"><span style=\"color: #000000;\">Surge ainda na lista do PS Frederico Sousa, atual Diretor Regional da Solidariedade Social.<\/span><\/p>\n<p style=\"text-align: justify;\"><span style=\"color: #000000;\">Ao nosso jornal, defendeu que a experi\u00eancia que teve como Diretor regional da Solidariedade Social foi extremamente gratificante e enriquecedora o que o leva a acreditar num projeto como o do partido socialista, e num executivo que conseguiu perceber com rigor, disciplina o peso da responsabilidade de representar os a\u00e7orianos.<\/span><\/p>\n<p style=\"text-align: justify;\"><span style=\"color: #000000;\">Segundo Frederico Sousa, \u201c\u00e9 uma honra voltar a fazer parte das listas do PS, sempre na perspetiva, n\u00e3o pelo que foi feito, mas pelo que ainda falta fazer. Acredito no projeto, nas pessoas que comp\u00f5em esta lista e na extrema confian\u00e7a de que os a\u00e7orianos ir\u00e3o reconhecer o trabalho desenvolvido nos \u00faltimos quatro anos\u201d.<\/span><\/p>\n<p style=\"text-align: justify;\"><span style=\"color: #000000;\">O candidato lagoense refor\u00e7a que esta \u00e9 uma \u00e1rea dif\u00edcil e que tem de ser trabalhada de forma articulada com outros departamentos, no caso da sa\u00fade, educa\u00e7\u00e3o, habita\u00e7\u00e3o. \u201cTrata-se de uma \u00e1rea uma abrang\u00eancia muito grande, que lida diretamente com institui\u00e7\u00f5es, mas tamb\u00e9m com fam\u00edlias, e nessa perspetiva tem de haver uma abertura e um rigor muito grande e essencialmente poder trabalhar com toda a comunidade, com todas as for\u00e7as vivas, quer sejam elas p\u00fablicas ou privadas\u201d.<\/span><\/p>\n<p style=\"text-align: justify;\"><span style=\"color: #000000;\">\u201c\u00c9 sem d\u00favida uma \u00e1rea extremamente exigente e dif\u00edcil, mas tamb\u00e9m se fosse f\u00e1cil n\u00e3o tinha tanto interesse\u201d, refor\u00e7ou.<\/span><\/p>\n<p style=\"text-align: justify;\"><span style=\"color: #000000;\"><em>DL<\/em><\/span><\/p>","protected":false},"excerpt":{"rendered":"<p>S\u00e3o treze as for\u00e7as pol\u00edticas que se apresentam \u00e0s elei\u00e7\u00f5es legislativas regionais dos A\u00e7ores, a 16 de outubro pelo c\u00edrculo de S\u00e3o Miguel. Nas pr\u00f3ximas elei\u00e7\u00f5es regionais, o c\u00edrculo de S\u00e3o Miguel elege 20 deputados para a Assembleia Legislativa dos A\u00e7ores, mais um do que em 2012. O aumento do n\u00famero de deputados a eleger [&hellip;]<\/p>","protected":false},"author":2,"featured_media":112449,"comment_status":"open","ping_status":"open","sticky":false,"template":"","format":"standard","meta":[],"categories":[21],"tags":[],"acf":[],"yoast_head":"<!-- This site is optimized with the Yoast SEO plugin v20.10 - https:\/\/yoast.com\/wordpress\/plugins\/seo\/ -->\n<title>Dois lagoenses na lista do PS por S\u00e3o Miguel \u00e0 Assembleia Regional - Di\u00e1rio da Lagoa<\/title>\n<meta name=\"robots\" content=\"index, follow, max-snippet:-1, max-image-preview:large, max-video-preview:-1\" \/>\n<link rel=\"canonical\" href=\"https:\/\/diariodalagoa.pt\/en\/dois-lagoenses-na-lista-do-ps-por-sao-miguel-a-assembleia-regional\/\" \/>\n<meta property=\"og:locale\" content=\"en_US\" \/>\n<meta property=\"og:type\" content=\"article\" \/>\n<meta property=\"og:title\" content=\"Dois lagoenses na lista do PS por S\u00e3o Miguel \u00e0 Assembleia Regional - Di\u00e1rio da Lagoa\" \/>\n<meta property=\"og:description\" content=\"S\u00e3o treze as for\u00e7as pol\u00edticas que se apresentam \u00e0s elei\u00e7\u00f5es legislativas regionais dos A\u00e7ores, a 16 de outubro pelo c\u00edrculo de S\u00e3o Miguel. Nas pr\u00f3ximas elei\u00e7\u00f5es regionais, o c\u00edrculo de S\u00e3o Miguel elege 20 deputados para a Assembleia Legislativa dos A\u00e7ores, mais um do que em 2012. O aumento do n\u00famero de deputados a eleger [&hellip;]\" \/>\n<meta property=\"og:url\" content=\"https:\/\/diariodalagoa.pt\/en\/dois-lagoenses-na-lista-do-ps-por-sao-miguel-a-assembleia-regional\/\" \/>\n<meta property=\"og:site_name\" content=\"Di\u00e1rio da Lagoa\" \/>\n<meta property=\"article:published_time\" content=\"2016-10-02T23:08:15+00:00\" \/>\n<meta property=\"article:modified_time\" content=\"2025-06-21T00:24:54+00:00\" \/>\n<meta property=\"og:image\" content=\"https:\/\/diariodalagoa.pt\/wp-content\/uploads\/2016\/10\/regionais-2016-ps-sao-miguel-lagoa-acores.jpg\" \/>\n\t<meta property=\"og:image:width\" content=\"720\" \/>\n\t<meta property=\"og:image:height\" content=\"380\" \/>\n\t<meta property=\"og:image:type\" content=\"image\/jpeg\" \/>\n<meta name=\"author\" content=\"Di\u00e1rio da Lagoa\" \/>\n<meta name=\"twitter:card\" content=\"summary_large_image\" \/>\n<meta name=\"twitter:label1\" content=\"Written by\" \/>\n\t<meta name=\"twitter:data1\" content=\"Di\u00e1rio da Lagoa\" \/>\n\t<meta name=\"twitter:label2\" content=\"Est. reading time\" \/>\n\t<meta name=\"twitter:data2\" content=\"4 minutes\" \/>\n<script type=\"application\/ld+json\" class=\"yoast-schema-graph\">{\"@context\":\"https:\/\/schema.org\",\"@graph\":[{\"@type\":\"WebPage\",\"@id\":\"https:\/\/diariodalagoa.pt\/dois-lagoenses-na-lista-do-ps-por-sao-miguel-a-assembleia-regional\/\",\"url\":\"https:\/\/diariodalagoa.pt\/dois-lagoenses-na-lista-do-ps-por-sao-miguel-a-assembleia-regional\/\",\"name\":\"Dois lagoenses na lista do PS por S\u00e3o Miguel \u00e0 Assembleia Regional - Di\u00e1rio da Lagoa\",\"isPartOf\":{\"@id\":\"https:\/\/diariodalagoa.pt\/#website\"},\"datePublished\":\"2016-10-02T23:08:15+00:00\",\"dateModified\":\"2025-06-21T00:24:54+00:00\",\"author\":{\"@id\":\"https:\/\/diariodalagoa.pt\/#\/schema\/person\/1615a002370e8857b6f972834bc43ece\"},\"breadcrumb\":{\"@id\":\"https:\/\/diariodalagoa.pt\/dois-lagoenses-na-lista-do-ps-por-sao-miguel-a-assembleia-regional\/#breadcrumb\"},\"inLanguage\":\"en-US\",\"potentialAction\":[{\"@type\":\"ReadAction\",\"target\":[\"https:\/\/diariodalagoa.pt\/dois-lagoenses-na-lista-do-ps-por-sao-miguel-a-assembleia-regional\/\"]}]},{\"@type\":\"BreadcrumbList\",\"@id\":\"https:\/\/diariodalagoa.pt\/dois-lagoenses-na-lista-do-ps-por-sao-miguel-a-assembleia-regional\/#breadcrumb\",\"itemListElement\":[{\"@type\":\"ListItem\",\"position\":1,\"name\":\"In\u00edcio\",\"item\":\"https:\/\/diariodalagoa.pt\/\"},{\"@type\":\"ListItem\",\"position\":2,\"name\":\"Dois lagoenses na lista do PS por S\u00e3o Miguel \u00e0 Assembleia Regional\"}]},{\"@type\":\"WebSite\",\"@id\":\"https:\/\/diariodalagoa.pt\/#website\",\"url\":\"https:\/\/diariodalagoa.pt\/\",\"name\":\"Di\u00e1rio da Lagoa\",\"description\":\"Di\u00e1rio da Lagoa. As not\u00edcias que contam. A partir da Lagoa, nos A\u00e7ores, para o mundo.\",\"potentialAction\":[{\"@type\":\"SearchAction\",\"target\":{\"@type\":\"EntryPoint\",\"urlTemplate\":\"https:\/\/diariodalagoa.pt\/?s={search_term_string}\"},\"query-input\":\"required name=search_term_string\"}],\"inLanguage\":\"en-US\"},{\"@type\":\"Person\",\"@id\":\"https:\/\/diariodalagoa.pt\/#\/schema\/person\/1615a002370e8857b6f972834bc43ece\",\"name\":\"Di\u00e1rio da Lagoa\",\"image\":{\"@type\":\"ImageObject\",\"inLanguage\":\"en-US\",\"@id\":\"https:\/\/diariodalagoa.pt\/#\/schema\/person\/image\/\",\"url\":\"https:\/\/secure.gravatar.com\/avatar\/2cb5cef90a26f8fbd4d9d930608102c5?s=96&d=mm&r=g\",\"contentUrl\":\"https:\/\/secure.gravatar.com\/avatar\/2cb5cef90a26f8fbd4d9d930608102c5?s=96&d=mm&r=g\",\"caption\":\"Di\u00e1rio da Lagoa\"},\"url\":\"https:\/\/diariodalagoa.pt\/en\/author\/diariodalagoa\/\"}]}<\/script>\n<!-- \/ Yoast SEO plugin. -->","yoast_head_json":{"title":"Dois lagoenses na lista do PS por S\u00e3o Miguel \u00e0 Assembleia Regional - Di\u00e1rio da Lagoa","robots":{"index":"index","follow":"follow","max-snippet":"max-snippet:-1","max-image-preview":"max-image-preview:large","max-video-preview":"max-video-preview:-1"},"canonical":"https:\/\/diariodalagoa.pt\/en\/dois-lagoenses-na-lista-do-ps-por-sao-miguel-a-assembleia-regional\/","og_locale":"en_US","og_type":"article","og_title":"Dois lagoenses na lista do PS por S\u00e3o Miguel \u00e0 Assembleia Regional - Di\u00e1rio da Lagoa","og_description":"S\u00e3o treze as for\u00e7as pol\u00edticas que se apresentam \u00e0s elei\u00e7\u00f5es legislativas regionais dos A\u00e7ores, a 16 de outubro pelo c\u00edrculo de S\u00e3o Miguel. Nas pr\u00f3ximas elei\u00e7\u00f5es regionais, o c\u00edrculo de S\u00e3o Miguel elege 20 deputados para a Assembleia Legislativa dos A\u00e7ores, mais um do que em 2012. O aumento do n\u00famero de deputados a eleger [&hellip;]","og_url":"https:\/\/diariodalagoa.pt\/en\/dois-lagoenses-na-lista-do-ps-por-sao-miguel-a-assembleia-regional\/","og_site_name":"Di\u00e1rio da Lagoa","article_published_time":"2016-10-02T23:08:15+00:00","article_modified_time":"2025-06-21T00:24:54+00:00","og_image":[{"width":720,"height":380,"url":"https:\/\/diariodalagoa.pt\/wp-content\/uploads\/2016\/10\/regionais-2016-ps-sao-miguel-lagoa-acores.jpg","type":"image\/jpeg"}],"author":"Di\u00e1rio da Lagoa","twitter_card":"summary_large_image","twitter_misc":{"Written by":"Di\u00e1rio da Lagoa","Est. reading time":"4 minutes"},"schema":{"@context":"https:\/\/schema.org","@graph":[{"@type":"WebPage","@id":"https:\/\/diariodalagoa.pt\/dois-lagoenses-na-lista-do-ps-por-sao-miguel-a-assembleia-regional\/","url":"https:\/\/diariodalagoa.pt\/dois-lagoenses-na-lista-do-ps-por-sao-miguel-a-assembleia-regional\/","name":"Dois lagoenses na lista do PS por S\u00e3o Miguel \u00e0 Assembleia Regional - Di\u00e1rio da Lagoa","isPartOf":{"@id":"https:\/\/diariodalagoa.pt\/#website"},"datePublished":"2016-10-02T23:08:15+00:00","dateModified":"2025-06-21T00:24:54+00:00","author":{"@id":"https:\/\/diariodalagoa.pt\/#\/schema\/person\/1615a002370e8857b6f972834bc43ece"},"breadcrumb":{"@id":"https:\/\/diariodalagoa.pt\/dois-lagoenses-na-lista-do-ps-por-sao-miguel-a-assembleia-regional\/#breadcrumb"},"inLanguage":"en-US","potentialAction":[{"@type":"ReadAction","target":["https:\/\/diariodalagoa.pt\/dois-lagoenses-na-lista-do-ps-por-sao-miguel-a-assembleia-regional\/"]}]},{"@type":"BreadcrumbList","@id":"https:\/\/diariodalagoa.pt\/dois-lagoenses-na-lista-do-ps-por-sao-miguel-a-assembleia-regional\/#breadcrumb","itemListElement":[{"@type":"ListItem","position":1,"name":"In\u00edcio","item":"https:\/\/diariodalagoa.pt\/"},{"@type":"ListItem","position":2,"name":"Dois lagoenses na lista do PS por S\u00e3o Miguel \u00e0 Assembleia Regional"}]},{"@type":"WebSite","@id":"https:\/\/diariodalagoa.pt\/#website","url":"https:\/\/diariodalagoa.pt\/","name":"Di\u00e1rio da Lagoa","description":"Di\u00e1rio da Lagoa. As not\u00edcias que contam. A partir da Lagoa, nos A\u00e7ores, para o mundo.","potentialAction":[{"@type":"SearchAction","target":{"@type":"EntryPoint","urlTemplate":"https:\/\/diariodalagoa.pt\/?s={search_term_string}"},"query-input":"required name=search_term_string"}],"inLanguage":"en-US"},{"@type":"Person","@id":"https:\/\/diariodalagoa.pt\/#\/schema\/person\/1615a002370e8857b6f972834bc43ece","name":"Di\u00e1rio da Lagoa","image":{"@type":"ImageObject","inLanguage":"en-US","@id":"https:\/\/diariodalagoa.pt\/#\/schema\/person\/image\/","url":"https:\/\/secure.gravatar.com\/avatar\/2cb5cef90a26f8fbd4d9d930608102c5?s=96&d=mm&r=g","contentUrl":"https:\/\/secure.gravatar.com\/avatar\/2cb5cef90a26f8fbd4d9d930608102c5?s=96&d=mm&r=g","caption":"Di\u00e1rio da Lagoa"},"url":"https:\/\/diariodalagoa.pt\/en\/author\/diariodalagoa\/"}]}},"_links":{"self":[{"href":"https:\/\/diariodalagoa.pt\/en\/wp-json\/wp\/v2\/posts\/37323"}],"collection":[{"href":"https:\/\/diariodalagoa.pt\/en\/wp-json\/wp\/v2\/posts"}],"about":[{"href":"https:\/\/diariodalagoa.pt\/en\/wp-json\/wp\/v2\/types\/post"}],"author":[{"embeddable":true,"href":"https:\/\/diariodalagoa.pt\/en\/wp-json\/wp\/v2\/users\/2"}],"replies":[{"embeddable":true,"href":"https:\/\/diariodalagoa.pt\/en\/wp-json\/wp\/v2\/comments?post=37323"}],"version-history":[{"count":1,"href":"https:\/\/diariodalagoa.pt\/en\/wp-json\/wp\/v2\/posts\/37323\/revisions"}],"predecessor-version":[{"id":154849,"href":"https:\/\/diariodalagoa.pt\/en\/wp-json\/wp\/v2\/posts\/37323\/revisions\/154849"}],"wp:featuredmedia":[{"embeddable":true,"href":"https:\/\/diariodalagoa.pt\/en\/wp-json\/wp\/v2\/media\/112449"}],"wp:attachment":[{"href":"https:\/\/diariodalagoa.pt\/en\/wp-json\/wp\/v2\/media?parent=37323"}],"wp:term":[{"taxonomy":"category","embeddable":true,"href":"https:\/\/diariodalagoa.pt\/en\/wp-json\/wp\/v2\/categories?post=37323"},{"taxonomy":"post_tag","embeddable":true,"href":"https:\/\/diariodalagoa.pt\/en\/wp-json\/wp\/v2\/tags?post=37323"}],"curies":[{"name":"wp","href":"https:\/\/api.w.org\/{rel}","templated":true}]}}