{"id":3682,"date":"2014-04-22T23:07:27","date_gmt":"2014-04-23T00:07:27","guid":{"rendered":"http:\/\/diariodalagoa.pt\/?p=3682"},"modified":"2014-04-22T23:07:27","modified_gmt":"2014-04-23T00:07:27","slug":"caritas-angariou-mais-de-327-mil-euros-no-peditorio-anual","status":"publish","type":"post","link":"https:\/\/diariodalagoa.pt\/en\/caritas-angariou-mais-de-327-mil-euros-no-peditorio-anual\/","title":{"rendered":"C\u00e1ritas angariou mais de 327 mil euros no pedit\u00f3rio anual"},"content":{"rendered":"<p style=\"text-align: justify;\"><span style=\"color: #000000;\"><a href=\"http:\/\/diariodalagoa.pt\/wp-content\/uploads\/2014\/04\/semana_caritas_2014_.jpg\"><img decoding=\"async\" class=\"size-full wp-image-3683 alignnone\" alt=\"semana_caritas_2014_\" src=\"http:\/\/diariodalagoa.pt\/wp-content\/uploads\/2014\/04\/semana_caritas_2014_.jpg\" width=\"720\" height=\"282\" \/><\/a><br \/>\n<\/span><\/p>\n<p style=\"text-align: justify;\"><span style=\"color: #000000;\">A C\u00e1ritas Portuguesa revelou que recolheu cerca de 327 mil euros no pedit\u00f3rio anual que decorreu entre 20 e 23 de mar\u00e7o, um valor que representa um aumento de 11 por cento em rela\u00e7\u00e3o ao ano anterior.<\/span><span style=\"color: #000000;\">\u00a0<\/span><\/p>\n<p style=\"text-align: justify;\"><span style=\"color: #000000;\">\u201cEste ano o pedit\u00f3rio p\u00fablico da C\u00e1ritas angariou um total de 327 957,65 euros, sendo que este valor representa um aumento de 11 por cento face ao ano anterior, destinando-se esta verba inteiramente ao apoio social prestado pelas C\u00e1ritas Diocesanas\u201d, revela um comunicado enviado \u00e0 Ag\u00eancia ECCLESIA.<\/span><span style=\"color: #000000;\">\u00a0<\/span><\/p>\n<p style=\"text-align: justify;\"><span style=\"color: #000000;\">Nos A\u00e7ores, durante esta semana, a C\u00e1ritas Diocesana angariou 24 mil euros s\u00f3 na ilha Terceira atrav\u00e9s do pedit\u00f3rio nacional e do programa V\u00e9rtice.<\/span><span style=\"color: #000000;\">\u00a0<\/span><\/p>\n<p style=\"text-align: justify;\"><span style=\"color: #000000;\">Por apurar est\u00e1 ainda o valor das ren\u00fancias quaresmais que revertem a favor do Fundo de Emerg\u00eancia Social da C\u00e1ritas Diocesana. No entanto s\u00f3 na Par\u00f3quia da S\u00e9 em Angra, entre as coletas das missas e os envelopes distribu\u00eddos pelas resid\u00eancias particulares, foram recolhidos cerca de dois mil euros, segundo avan\u00e7ou ao Portal da Diocese o Vig\u00e1rio Geral, Pe H\u00e9lder Fonseca Mendes.<\/span><\/p>\n<p style=\"text-align: justify;\"><span style=\"color: #000000; line-height: 1.5em;\">Independentemente do valor \u201co importante \u00e9 que esta verba vem permitir o prolongamento do Fundo de Emerg\u00eancia Social da C\u00e1ritas para al\u00e9m de dezembro deste ano\u201d, assegura o Vig\u00e1rio Geral que sublinha, ainda, que se trata de uma \u201cresposta significativa e importante\u201d na ajuda social.<\/span><span style=\"color: #000000;\">\u00a0<\/span><\/p>\n<p style=\"text-align: justify;\"><span style=\"color: #000000;\">A C\u00e1ritas Portuguesa j\u00e1 expressou \u201co mais profundo sentido de gratid\u00e3o\u201d e \u201capre\u00e7o pela disponibilidade e boa vontade a todos os que participaram neste pedit\u00f3rio\u201d lembrando que este aumento representa \u201cn\u00e3o apenas a generosidade do povo portugu\u00eas mas uma apurada no\u00e7\u00e3o de partilha, solidariedade e de justi\u00e7a\u201d.<\/span><span style=\"color: #000000;\">\u00a0<\/span><\/p>\n<p style=\"text-align: justify;\"><span style=\"color: #000000;\">No ano de 2013 a C\u00e1ritas apoiou mais de 139 059 pessoas, integrados em 52 967 mil agregados familiares.<\/span><span style=\"color: #000000;\">\u00a0<\/span><\/p>\n<p style=\"text-align: justify;\"><span style=\"color: #000000;\">O pedit\u00f3rio anual integrou-se na Semana Nacional C\u00e1ritas, envolveu cerca de 2 mil par\u00f3quias, espalhadas por todo o territ\u00f3rio nacional, numa a\u00e7\u00e3o desenvolvida inteiramente por volunt\u00e1rios que tem como objetivo \u201ca angaria\u00e7\u00e3o de fundos para minorar as dificuldades sociais das pessoas e fam\u00edlias que chegam a cada uma das C\u00e1ritas Diocesanas\u201d.<\/span><\/p>\n<p style=\"text-align: justify;\"><span style=\"color: #000000;\"><em>DL\/Portal da Diocese<\/em><\/span><\/p>","protected":false},"excerpt":{"rendered":"<p>A C\u00e1ritas Portuguesa revelou que recolheu cerca de 327 mil euros no pedit\u00f3rio anual que decorreu entre 20 e 23 de mar\u00e7o, um valor que representa um aumento de 11 por cento em rela\u00e7\u00e3o ao ano anterior.\u00a0 \u201cEste ano o pedit\u00f3rio p\u00fablico da C\u00e1ritas angariou um total de 327 957,65 euros, sendo que este valor [&hellip;]<\/p>","protected":false},"author":2,"featured_media":122048,"comment_status":"open","ping_status":"open","sticky":false,"template":"","format":"standard","meta":[],"categories":[21],"tags":[],"acf":[],"yoast_head":"<!-- This site is optimized with the Yoast SEO plugin v20.10 - https:\/\/yoast.com\/wordpress\/plugins\/seo\/ -->\n<title>C\u00e1ritas angariou mais de 327 mil euros no pedit\u00f3rio anual - Di\u00e1rio da Lagoa<\/title>\n<meta name=\"robots\" content=\"index, follow, max-snippet:-1, max-image-preview:large, max-video-preview:-1\" \/>\n<link rel=\"canonical\" href=\"https:\/\/diariodalagoa.pt\/en\/caritas-angariou-mais-de-327-mil-euros-no-peditorio-anual\/\" \/>\n<meta property=\"og:locale\" content=\"en_US\" \/>\n<meta property=\"og:type\" content=\"article\" \/>\n<meta property=\"og:title\" content=\"C\u00e1ritas angariou mais de 327 mil euros no pedit\u00f3rio anual - Di\u00e1rio da Lagoa\" \/>\n<meta property=\"og:description\" content=\"A C\u00e1ritas Portuguesa revelou que recolheu cerca de 327 mil euros no pedit\u00f3rio anual que decorreu entre 20 e 23 de mar\u00e7o, um valor que representa um aumento de 11 por cento em rela\u00e7\u00e3o ao ano anterior.\u00a0 \u201cEste ano o pedit\u00f3rio p\u00fablico da C\u00e1ritas angariou um total de 327 957,65 euros, sendo que este valor [&hellip;]\" \/>\n<meta property=\"og:url\" content=\"https:\/\/diariodalagoa.pt\/en\/caritas-angariou-mais-de-327-mil-euros-no-peditorio-anual\/\" \/>\n<meta property=\"og:site_name\" content=\"Di\u00e1rio da Lagoa\" \/>\n<meta property=\"article:published_time\" content=\"2014-04-23T00:07:27+00:00\" \/>\n<meta property=\"og:image\" content=\"https:\/\/diariodalagoa.pt\/wp-content\/uploads\/2014\/04\/semana-caritas-2014.jpg\" \/>\n\t<meta property=\"og:image:width\" content=\"720\" \/>\n\t<meta property=\"og:image:height\" content=\"282\" \/>\n\t<meta property=\"og:image:type\" content=\"image\/jpeg\" \/>\n<meta name=\"author\" content=\"Di\u00e1rio da Lagoa\" \/>\n<meta name=\"twitter:card\" content=\"summary_large_image\" \/>\n<meta name=\"twitter:label1\" content=\"Written by\" \/>\n\t<meta name=\"twitter:data1\" content=\"Di\u00e1rio da Lagoa\" \/>\n\t<meta name=\"twitter:label2\" content=\"Est. reading time\" \/>\n\t<meta name=\"twitter:data2\" content=\"2 minutes\" \/>\n<script type=\"application\/ld+json\" class=\"yoast-schema-graph\">{\"@context\":\"https:\/\/schema.org\",\"@graph\":[{\"@type\":\"WebPage\",\"@id\":\"https:\/\/diariodalagoa.pt\/caritas-angariou-mais-de-327-mil-euros-no-peditorio-anual\/\",\"url\":\"https:\/\/diariodalagoa.pt\/caritas-angariou-mais-de-327-mil-euros-no-peditorio-anual\/\",\"name\":\"C\u00e1ritas angariou mais de 327 mil euros no pedit\u00f3rio anual - Di\u00e1rio da Lagoa\",\"isPartOf\":{\"@id\":\"https:\/\/diariodalagoa.pt\/#website\"},\"datePublished\":\"2014-04-23T00:07:27+00:00\",\"dateModified\":\"2014-04-23T00:07:27+00:00\",\"author\":{\"@id\":\"https:\/\/diariodalagoa.pt\/#\/schema\/person\/1615a002370e8857b6f972834bc43ece\"},\"breadcrumb\":{\"@id\":\"https:\/\/diariodalagoa.pt\/caritas-angariou-mais-de-327-mil-euros-no-peditorio-anual\/#breadcrumb\"},\"inLanguage\":\"en-US\",\"potentialAction\":[{\"@type\":\"ReadAction\",\"target\":[\"https:\/\/diariodalagoa.pt\/caritas-angariou-mais-de-327-mil-euros-no-peditorio-anual\/\"]}]},{\"@type\":\"BreadcrumbList\",\"@id\":\"https:\/\/diariodalagoa.pt\/caritas-angariou-mais-de-327-mil-euros-no-peditorio-anual\/#breadcrumb\",\"itemListElement\":[{\"@type\":\"ListItem\",\"position\":1,\"name\":\"In\u00edcio\",\"item\":\"https:\/\/diariodalagoa.pt\/\"},{\"@type\":\"ListItem\",\"position\":2,\"name\":\"C\u00e1ritas angariou mais de 327 mil euros no pedit\u00f3rio anual\"}]},{\"@type\":\"WebSite\",\"@id\":\"https:\/\/diariodalagoa.pt\/#website\",\"url\":\"https:\/\/diariodalagoa.pt\/\",\"name\":\"Di\u00e1rio da Lagoa\",\"description\":\"Di\u00e1rio da Lagoa. As not\u00edcias que contam. A partir da Lagoa, nos A\u00e7ores, para o mundo.\",\"potentialAction\":[{\"@type\":\"SearchAction\",\"target\":{\"@type\":\"EntryPoint\",\"urlTemplate\":\"https:\/\/diariodalagoa.pt\/?s={search_term_string}\"},\"query-input\":\"required name=search_term_string\"}],\"inLanguage\":\"en-US\"},{\"@type\":\"Person\",\"@id\":\"https:\/\/diariodalagoa.pt\/#\/schema\/person\/1615a002370e8857b6f972834bc43ece\",\"name\":\"Di\u00e1rio da Lagoa\",\"image\":{\"@type\":\"ImageObject\",\"inLanguage\":\"en-US\",\"@id\":\"https:\/\/diariodalagoa.pt\/#\/schema\/person\/image\/\",\"url\":\"https:\/\/secure.gravatar.com\/avatar\/2cb5cef90a26f8fbd4d9d930608102c5?s=96&d=mm&r=g\",\"contentUrl\":\"https:\/\/secure.gravatar.com\/avatar\/2cb5cef90a26f8fbd4d9d930608102c5?s=96&d=mm&r=g\",\"caption\":\"Di\u00e1rio da Lagoa\"},\"url\":\"https:\/\/diariodalagoa.pt\/en\/author\/diariodalagoa\/\"}]}<\/script>\n<!-- \/ Yoast SEO plugin. -->","yoast_head_json":{"title":"C\u00e1ritas angariou mais de 327 mil euros no pedit\u00f3rio anual - Di\u00e1rio da Lagoa","robots":{"index":"index","follow":"follow","max-snippet":"max-snippet:-1","max-image-preview":"max-image-preview:large","max-video-preview":"max-video-preview:-1"},"canonical":"https:\/\/diariodalagoa.pt\/en\/caritas-angariou-mais-de-327-mil-euros-no-peditorio-anual\/","og_locale":"en_US","og_type":"article","og_title":"C\u00e1ritas angariou mais de 327 mil euros no pedit\u00f3rio anual - Di\u00e1rio da Lagoa","og_description":"A C\u00e1ritas Portuguesa revelou que recolheu cerca de 327 mil euros no pedit\u00f3rio anual que decorreu entre 20 e 23 de mar\u00e7o, um valor que representa um aumento de 11 por cento em rela\u00e7\u00e3o ao ano anterior.\u00a0 \u201cEste ano o pedit\u00f3rio p\u00fablico da C\u00e1ritas angariou um total de 327 957,65 euros, sendo que este valor [&hellip;]","og_url":"https:\/\/diariodalagoa.pt\/en\/caritas-angariou-mais-de-327-mil-euros-no-peditorio-anual\/","og_site_name":"Di\u00e1rio da Lagoa","article_published_time":"2014-04-23T00:07:27+00:00","og_image":[{"width":720,"height":282,"url":"https:\/\/diariodalagoa.pt\/wp-content\/uploads\/2014\/04\/semana-caritas-2014.jpg","type":"image\/jpeg"}],"author":"Di\u00e1rio da Lagoa","twitter_card":"summary_large_image","twitter_misc":{"Written by":"Di\u00e1rio da Lagoa","Est. reading time":"2 minutes"},"schema":{"@context":"https:\/\/schema.org","@graph":[{"@type":"WebPage","@id":"https:\/\/diariodalagoa.pt\/caritas-angariou-mais-de-327-mil-euros-no-peditorio-anual\/","url":"https:\/\/diariodalagoa.pt\/caritas-angariou-mais-de-327-mil-euros-no-peditorio-anual\/","name":"C\u00e1ritas angariou mais de 327 mil euros no pedit\u00f3rio anual - Di\u00e1rio da Lagoa","isPartOf":{"@id":"https:\/\/diariodalagoa.pt\/#website"},"datePublished":"2014-04-23T00:07:27+00:00","dateModified":"2014-04-23T00:07:27+00:00","author":{"@id":"https:\/\/diariodalagoa.pt\/#\/schema\/person\/1615a002370e8857b6f972834bc43ece"},"breadcrumb":{"@id":"https:\/\/diariodalagoa.pt\/caritas-angariou-mais-de-327-mil-euros-no-peditorio-anual\/#breadcrumb"},"inLanguage":"en-US","potentialAction":[{"@type":"ReadAction","target":["https:\/\/diariodalagoa.pt\/caritas-angariou-mais-de-327-mil-euros-no-peditorio-anual\/"]}]},{"@type":"BreadcrumbList","@id":"https:\/\/diariodalagoa.pt\/caritas-angariou-mais-de-327-mil-euros-no-peditorio-anual\/#breadcrumb","itemListElement":[{"@type":"ListItem","position":1,"name":"In\u00edcio","item":"https:\/\/diariodalagoa.pt\/"},{"@type":"ListItem","position":2,"name":"C\u00e1ritas angariou mais de 327 mil euros no pedit\u00f3rio anual"}]},{"@type":"WebSite","@id":"https:\/\/diariodalagoa.pt\/#website","url":"https:\/\/diariodalagoa.pt\/","name":"Di\u00e1rio da Lagoa","description":"Di\u00e1rio da Lagoa. As not\u00edcias que contam. A partir da Lagoa, nos A\u00e7ores, para o mundo.","potentialAction":[{"@type":"SearchAction","target":{"@type":"EntryPoint","urlTemplate":"https:\/\/diariodalagoa.pt\/?s={search_term_string}"},"query-input":"required name=search_term_string"}],"inLanguage":"en-US"},{"@type":"Person","@id":"https:\/\/diariodalagoa.pt\/#\/schema\/person\/1615a002370e8857b6f972834bc43ece","name":"Di\u00e1rio da Lagoa","image":{"@type":"ImageObject","inLanguage":"en-US","@id":"https:\/\/diariodalagoa.pt\/#\/schema\/person\/image\/","url":"https:\/\/secure.gravatar.com\/avatar\/2cb5cef90a26f8fbd4d9d930608102c5?s=96&d=mm&r=g","contentUrl":"https:\/\/secure.gravatar.com\/avatar\/2cb5cef90a26f8fbd4d9d930608102c5?s=96&d=mm&r=g","caption":"Di\u00e1rio da Lagoa"},"url":"https:\/\/diariodalagoa.pt\/en\/author\/diariodalagoa\/"}]}},"_links":{"self":[{"href":"https:\/\/diariodalagoa.pt\/en\/wp-json\/wp\/v2\/posts\/3682"}],"collection":[{"href":"https:\/\/diariodalagoa.pt\/en\/wp-json\/wp\/v2\/posts"}],"about":[{"href":"https:\/\/diariodalagoa.pt\/en\/wp-json\/wp\/v2\/types\/post"}],"author":[{"embeddable":true,"href":"https:\/\/diariodalagoa.pt\/en\/wp-json\/wp\/v2\/users\/2"}],"replies":[{"embeddable":true,"href":"https:\/\/diariodalagoa.pt\/en\/wp-json\/wp\/v2\/comments?post=3682"}],"version-history":[{"count":0,"href":"https:\/\/diariodalagoa.pt\/en\/wp-json\/wp\/v2\/posts\/3682\/revisions"}],"wp:featuredmedia":[{"embeddable":true,"href":"https:\/\/diariodalagoa.pt\/en\/wp-json\/wp\/v2\/media\/122048"}],"wp:attachment":[{"href":"https:\/\/diariodalagoa.pt\/en\/wp-json\/wp\/v2\/media?parent=3682"}],"wp:term":[{"taxonomy":"category","embeddable":true,"href":"https:\/\/diariodalagoa.pt\/en\/wp-json\/wp\/v2\/categories?post=3682"},{"taxonomy":"post_tag","embeddable":true,"href":"https:\/\/diariodalagoa.pt\/en\/wp-json\/wp\/v2\/tags?post=3682"}],"curies":[{"name":"wp","href":"https:\/\/api.w.org\/{rel}","templated":true}]}}