{"id":35017,"date":"2016-07-17T12:10:39","date_gmt":"2016-07-17T12:10:39","guid":{"rendered":"https:\/\/diariodalagoa.pt\/?p=35017"},"modified":"2025-06-10T23:43:22","modified_gmt":"2025-06-10T23:43:22","slug":"17-inscritos-para-o-lotus-rallye-a-decorrer-dias-23-e-24-de-julho","status":"publish","type":"post","link":"https:\/\/diariodalagoa.pt\/en\/17-inscritos-para-o-lotus-rallye-a-decorrer-dias-23-e-24-de-julho\/","title":{"rendered":"17 inscritos para o Lotus Rallye a decorrer dias 23 e 24 de julho"},"content":{"rendered":"<p style=\"text-align: justify;\"><img decoding=\"async\" class=\"aligncenter size-full wp-image-33205\" src=\"https:\/\/diariodalagoa.pt\/wp-content\/uploads\/2016\/06\/Ricardo-Moura-rallye-Azores-Airlines-solu\u00e7\u00f5es-M-classificativa_Jornal-Diario-da-lagoa-A\u00e7ores.jpg\" alt=\"Ricardo Moura rallye Azores Airlines solu\u00e7\u00f5es M classificativa_Jornal Diario da lagoa A\u00e7ores\" width=\"960\" height=\"506\" \/><\/p>\n<p style=\"text-align: justify;\"><span style=\"color: #000000;\">S\u00e3o 17 (dezassete) os pilotos inscritos para a edi\u00e7\u00e3o de 2016 do Lotus Rallye, a quarta prova pontu\u00e1vel para o Campeonato de Ralis dos A\u00e7ores, que se realiza na ilha de S\u00e3o Miguel entre 23 e 24 de julho.<\/span><\/p>\n<p style=\"text-align: justify;\"><span style=\"color: #000000;\">Para al\u00e9m da presen\u00e7a dos dois Ford Fiesta R5 de Ricardo Moura e Lu\u00eds Miguel Rego, Hugo Mesquita, Ruben Rodrigues e Pedro Rodrigues, marcam presen\u00e7a ao volante dos seus Mitsubishi Lancer Evo IX, num segmento onde se notam as aus\u00eancias de Rui Moniz, que por motivos de sa\u00fade est\u00e1 privado de participar na prova, mas tamb\u00e9m de Pedro Vale, que troca a bacquet do lado esquerdo pela do lado direito para acompanhar Pedro Rodrigues.<\/span><\/p>\n<p style=\"text-align: justify;\"><span style=\"color: #000000;\">Rafael Botelho volta aos comandos do seu Citroen Saxo, depois de ter experimentado as sensa\u00e7\u00f5es do Citroen DS3 R3T, uma vez que este est\u00e1 indispon\u00edvel para este rali, pois Henrique Moniz volta a marcar presen\u00e7a em ralis, ao inscrever-se nesta prova, gerando o natural destaque na luta pelas duas rodas motrizes, com Jo\u00e3o Faria e Marco Soares tamb\u00e9m a marcarem presen\u00e7a na prova, no que diz respeito a homologados.<\/span><\/p>\n<p style=\"text-align: justify;\"><span style=\"color: #000000;\">Marco Medeiros, Bruno Tavares (de regresso), David Paiva (que se estreia ao volante, depois de se ter sagrado vencedor do Trof\u00e9u de Ralis de S\u00e3o Miguel em 2013 ao lado de Ruben Santos), Adriano Medeiros, Lu\u00eds Mota, Augusto Ponte (outro regresso de se saudar) e Ant\u00f3nio Moniz, constituem o lote de pilotos que v\u00e3o lugar pelo melhor lugar entre os n\u00e3o homologados e em viaturas duas rodas motrizes, onde tamb\u00e9m n\u00e3o h\u00e1 que esquecer a participa\u00e7\u00e3o de Jo\u00e3o Torres ao volante do \u00fanico VSH 4RM presente em prova.<\/span><\/p>\n<p style=\"text-align: justify;\"><span style=\"color: #000000;\">O Lotus Rallye de 2016 realiza-se entre 23 e 24 de julho na ilha de S\u00e3o Miguel, com o dia 23 de julho a ficar reservado para a disputa de Lagoa Stage e ainda da Qualifying Stage, numa inova\u00e7\u00e3o a introduzir em provas pontu\u00e1veis apenas para o Campeonato de Ralis dos A\u00e7ores. <\/span><\/p>\n<p style=\"text-align: justify;\"><span style=\"color: #000000;\">J\u00e1 no domingo ser\u00e3o oito as provas especiais de classifica\u00e7\u00e3o a percorrer, para determinar o vencedor que ser\u00e1 proclamado pelas 17:00 em p\u00f3dio instalado na Alameda do Conhecimento, no Tecnoparque de Lagoa.<\/span><\/p>\n<p style=\"text-align: justify;\"><span style=\"color: #000000;\"><em>DL\/GDC<\/em><\/span><\/p>","protected":false},"excerpt":{"rendered":"<p>S\u00e3o 17 (dezassete) os pilotos inscritos para a edi\u00e7\u00e3o de 2016 do Lotus Rallye, a quarta prova pontu\u00e1vel para o Campeonato de Ralis dos A\u00e7ores, que se realiza na ilha de S\u00e3o Miguel entre 23 e 24 de julho. Para al\u00e9m da presen\u00e7a dos dois Ford Fiesta R5 de Ricardo Moura e Lu\u00eds Miguel Rego, [&hellip;]<\/p>","protected":false},"author":2,"featured_media":124361,"comment_status":"open","ping_status":"open","sticky":false,"template":"","format":"standard","meta":[],"categories":[21],"tags":[],"acf":[],"yoast_head":"<!-- This site is optimized with the Yoast SEO plugin v20.10 - https:\/\/yoast.com\/wordpress\/plugins\/seo\/ -->\n<title>17 inscritos para o Lotus Rallye a decorrer dias 23 e 24 de julho - Di\u00e1rio da Lagoa<\/title>\n<meta name=\"robots\" content=\"index, follow, max-snippet:-1, max-image-preview:large, max-video-preview:-1\" \/>\n<link rel=\"canonical\" href=\"https:\/\/diariodalagoa.pt\/en\/17-inscritos-para-o-lotus-rallye-a-decorrer-dias-23-e-24-de-julho\/\" \/>\n<meta property=\"og:locale\" content=\"en_US\" \/>\n<meta property=\"og:type\" content=\"article\" \/>\n<meta property=\"og:title\" content=\"17 inscritos para o Lotus Rallye a decorrer dias 23 e 24 de julho - Di\u00e1rio da Lagoa\" \/>\n<meta property=\"og:description\" content=\"S\u00e3o 17 (dezassete) os pilotos inscritos para a edi\u00e7\u00e3o de 2016 do Lotus Rallye, a quarta prova pontu\u00e1vel para o Campeonato de Ralis dos A\u00e7ores, que se realiza na ilha de S\u00e3o Miguel entre 23 e 24 de julho. Para al\u00e9m da presen\u00e7a dos dois Ford Fiesta R5 de Ricardo Moura e Lu\u00eds Miguel Rego, [&hellip;]\" \/>\n<meta property=\"og:url\" content=\"https:\/\/diariodalagoa.pt\/en\/17-inscritos-para-o-lotus-rallye-a-decorrer-dias-23-e-24-de-julho\/\" \/>\n<meta property=\"og:site_name\" content=\"Di\u00e1rio da Lagoa\" \/>\n<meta property=\"article:published_time\" content=\"2016-07-17T12:10:39+00:00\" \/>\n<meta property=\"article:modified_time\" content=\"2025-06-10T23:43:22+00:00\" \/>\n<meta property=\"og:image\" content=\"https:\/\/diariodalagoa.pt\/wp-content\/uploads\/2016\/07\/ricardo-moura-rallye-azores-airlines-solucoes-m-classificativa-jornal-diario-da-lagoa-acores.jpg\" \/>\n\t<meta property=\"og:image:width\" content=\"960\" \/>\n\t<meta property=\"og:image:height\" content=\"506\" \/>\n\t<meta property=\"og:image:type\" content=\"image\/jpeg\" \/>\n<meta name=\"author\" content=\"Di\u00e1rio da Lagoa\" \/>\n<meta name=\"twitter:card\" content=\"summary_large_image\" \/>\n<meta name=\"twitter:label1\" content=\"Written by\" \/>\n\t<meta name=\"twitter:data1\" content=\"Di\u00e1rio da Lagoa\" \/>\n\t<meta name=\"twitter:label2\" content=\"Est. reading time\" \/>\n\t<meta name=\"twitter:data2\" content=\"2 minutes\" \/>\n<script type=\"application\/ld+json\" class=\"yoast-schema-graph\">{\"@context\":\"https:\/\/schema.org\",\"@graph\":[{\"@type\":\"WebPage\",\"@id\":\"https:\/\/diariodalagoa.pt\/17-inscritos-para-o-lotus-rallye-a-decorrer-dias-23-e-24-de-julho\/\",\"url\":\"https:\/\/diariodalagoa.pt\/17-inscritos-para-o-lotus-rallye-a-decorrer-dias-23-e-24-de-julho\/\",\"name\":\"17 inscritos para o Lotus Rallye a decorrer dias 23 e 24 de julho - Di\u00e1rio da Lagoa\",\"isPartOf\":{\"@id\":\"https:\/\/diariodalagoa.pt\/#website\"},\"datePublished\":\"2016-07-17T12:10:39+00:00\",\"dateModified\":\"2025-06-10T23:43:22+00:00\",\"author\":{\"@id\":\"https:\/\/diariodalagoa.pt\/#\/schema\/person\/1615a002370e8857b6f972834bc43ece\"},\"breadcrumb\":{\"@id\":\"https:\/\/diariodalagoa.pt\/17-inscritos-para-o-lotus-rallye-a-decorrer-dias-23-e-24-de-julho\/#breadcrumb\"},\"inLanguage\":\"en-US\",\"potentialAction\":[{\"@type\":\"ReadAction\",\"target\":[\"https:\/\/diariodalagoa.pt\/17-inscritos-para-o-lotus-rallye-a-decorrer-dias-23-e-24-de-julho\/\"]}]},{\"@type\":\"BreadcrumbList\",\"@id\":\"https:\/\/diariodalagoa.pt\/17-inscritos-para-o-lotus-rallye-a-decorrer-dias-23-e-24-de-julho\/#breadcrumb\",\"itemListElement\":[{\"@type\":\"ListItem\",\"position\":1,\"name\":\"In\u00edcio\",\"item\":\"https:\/\/diariodalagoa.pt\/\"},{\"@type\":\"ListItem\",\"position\":2,\"name\":\"17 inscritos para o Lotus Rallye a decorrer dias 23 e 24 de julho\"}]},{\"@type\":\"WebSite\",\"@id\":\"https:\/\/diariodalagoa.pt\/#website\",\"url\":\"https:\/\/diariodalagoa.pt\/\",\"name\":\"Di\u00e1rio da Lagoa\",\"description\":\"Di\u00e1rio da Lagoa. As not\u00edcias que contam. A partir da Lagoa, nos A\u00e7ores, para o mundo.\",\"potentialAction\":[{\"@type\":\"SearchAction\",\"target\":{\"@type\":\"EntryPoint\",\"urlTemplate\":\"https:\/\/diariodalagoa.pt\/?s={search_term_string}\"},\"query-input\":\"required name=search_term_string\"}],\"inLanguage\":\"en-US\"},{\"@type\":\"Person\",\"@id\":\"https:\/\/diariodalagoa.pt\/#\/schema\/person\/1615a002370e8857b6f972834bc43ece\",\"name\":\"Di\u00e1rio da Lagoa\",\"image\":{\"@type\":\"ImageObject\",\"inLanguage\":\"en-US\",\"@id\":\"https:\/\/diariodalagoa.pt\/#\/schema\/person\/image\/\",\"url\":\"https:\/\/secure.gravatar.com\/avatar\/2cb5cef90a26f8fbd4d9d930608102c5?s=96&d=mm&r=g\",\"contentUrl\":\"https:\/\/secure.gravatar.com\/avatar\/2cb5cef90a26f8fbd4d9d930608102c5?s=96&d=mm&r=g\",\"caption\":\"Di\u00e1rio da Lagoa\"},\"url\":\"https:\/\/diariodalagoa.pt\/en\/author\/diariodalagoa\/\"}]}<\/script>\n<!-- \/ Yoast SEO plugin. -->","yoast_head_json":{"title":"17 inscritos para o Lotus Rallye a decorrer dias 23 e 24 de julho - Di\u00e1rio da Lagoa","robots":{"index":"index","follow":"follow","max-snippet":"max-snippet:-1","max-image-preview":"max-image-preview:large","max-video-preview":"max-video-preview:-1"},"canonical":"https:\/\/diariodalagoa.pt\/en\/17-inscritos-para-o-lotus-rallye-a-decorrer-dias-23-e-24-de-julho\/","og_locale":"en_US","og_type":"article","og_title":"17 inscritos para o Lotus Rallye a decorrer dias 23 e 24 de julho - Di\u00e1rio da Lagoa","og_description":"S\u00e3o 17 (dezassete) os pilotos inscritos para a edi\u00e7\u00e3o de 2016 do Lotus Rallye, a quarta prova pontu\u00e1vel para o Campeonato de Ralis dos A\u00e7ores, que se realiza na ilha de S\u00e3o Miguel entre 23 e 24 de julho. Para al\u00e9m da presen\u00e7a dos dois Ford Fiesta R5 de Ricardo Moura e Lu\u00eds Miguel Rego, [&hellip;]","og_url":"https:\/\/diariodalagoa.pt\/en\/17-inscritos-para-o-lotus-rallye-a-decorrer-dias-23-e-24-de-julho\/","og_site_name":"Di\u00e1rio da Lagoa","article_published_time":"2016-07-17T12:10:39+00:00","article_modified_time":"2025-06-10T23:43:22+00:00","og_image":[{"width":960,"height":506,"url":"https:\/\/diariodalagoa.pt\/wp-content\/uploads\/2016\/07\/ricardo-moura-rallye-azores-airlines-solucoes-m-classificativa-jornal-diario-da-lagoa-acores.jpg","type":"image\/jpeg"}],"author":"Di\u00e1rio da Lagoa","twitter_card":"summary_large_image","twitter_misc":{"Written by":"Di\u00e1rio da Lagoa","Est. reading time":"2 minutes"},"schema":{"@context":"https:\/\/schema.org","@graph":[{"@type":"WebPage","@id":"https:\/\/diariodalagoa.pt\/17-inscritos-para-o-lotus-rallye-a-decorrer-dias-23-e-24-de-julho\/","url":"https:\/\/diariodalagoa.pt\/17-inscritos-para-o-lotus-rallye-a-decorrer-dias-23-e-24-de-julho\/","name":"17 inscritos para o Lotus Rallye a decorrer dias 23 e 24 de julho - Di\u00e1rio da Lagoa","isPartOf":{"@id":"https:\/\/diariodalagoa.pt\/#website"},"datePublished":"2016-07-17T12:10:39+00:00","dateModified":"2025-06-10T23:43:22+00:00","author":{"@id":"https:\/\/diariodalagoa.pt\/#\/schema\/person\/1615a002370e8857b6f972834bc43ece"},"breadcrumb":{"@id":"https:\/\/diariodalagoa.pt\/17-inscritos-para-o-lotus-rallye-a-decorrer-dias-23-e-24-de-julho\/#breadcrumb"},"inLanguage":"en-US","potentialAction":[{"@type":"ReadAction","target":["https:\/\/diariodalagoa.pt\/17-inscritos-para-o-lotus-rallye-a-decorrer-dias-23-e-24-de-julho\/"]}]},{"@type":"BreadcrumbList","@id":"https:\/\/diariodalagoa.pt\/17-inscritos-para-o-lotus-rallye-a-decorrer-dias-23-e-24-de-julho\/#breadcrumb","itemListElement":[{"@type":"ListItem","position":1,"name":"In\u00edcio","item":"https:\/\/diariodalagoa.pt\/"},{"@type":"ListItem","position":2,"name":"17 inscritos para o Lotus Rallye a decorrer dias 23 e 24 de julho"}]},{"@type":"WebSite","@id":"https:\/\/diariodalagoa.pt\/#website","url":"https:\/\/diariodalagoa.pt\/","name":"Di\u00e1rio da Lagoa","description":"Di\u00e1rio da Lagoa. As not\u00edcias que contam. A partir da Lagoa, nos A\u00e7ores, para o mundo.","potentialAction":[{"@type":"SearchAction","target":{"@type":"EntryPoint","urlTemplate":"https:\/\/diariodalagoa.pt\/?s={search_term_string}"},"query-input":"required name=search_term_string"}],"inLanguage":"en-US"},{"@type":"Person","@id":"https:\/\/diariodalagoa.pt\/#\/schema\/person\/1615a002370e8857b6f972834bc43ece","name":"Di\u00e1rio da Lagoa","image":{"@type":"ImageObject","inLanguage":"en-US","@id":"https:\/\/diariodalagoa.pt\/#\/schema\/person\/image\/","url":"https:\/\/secure.gravatar.com\/avatar\/2cb5cef90a26f8fbd4d9d930608102c5?s=96&d=mm&r=g","contentUrl":"https:\/\/secure.gravatar.com\/avatar\/2cb5cef90a26f8fbd4d9d930608102c5?s=96&d=mm&r=g","caption":"Di\u00e1rio da Lagoa"},"url":"https:\/\/diariodalagoa.pt\/en\/author\/diariodalagoa\/"}]}},"_links":{"self":[{"href":"https:\/\/diariodalagoa.pt\/en\/wp-json\/wp\/v2\/posts\/35017"}],"collection":[{"href":"https:\/\/diariodalagoa.pt\/en\/wp-json\/wp\/v2\/posts"}],"about":[{"href":"https:\/\/diariodalagoa.pt\/en\/wp-json\/wp\/v2\/types\/post"}],"author":[{"embeddable":true,"href":"https:\/\/diariodalagoa.pt\/en\/wp-json\/wp\/v2\/users\/2"}],"replies":[{"embeddable":true,"href":"https:\/\/diariodalagoa.pt\/en\/wp-json\/wp\/v2\/comments?post=35017"}],"version-history":[{"count":1,"href":"https:\/\/diariodalagoa.pt\/en\/wp-json\/wp\/v2\/posts\/35017\/revisions"}],"predecessor-version":[{"id":139442,"href":"https:\/\/diariodalagoa.pt\/en\/wp-json\/wp\/v2\/posts\/35017\/revisions\/139442"}],"wp:featuredmedia":[{"embeddable":true,"href":"https:\/\/diariodalagoa.pt\/en\/wp-json\/wp\/v2\/media\/124361"}],"wp:attachment":[{"href":"https:\/\/diariodalagoa.pt\/en\/wp-json\/wp\/v2\/media?parent=35017"}],"wp:term":[{"taxonomy":"category","embeddable":true,"href":"https:\/\/diariodalagoa.pt\/en\/wp-json\/wp\/v2\/categories?post=35017"},{"taxonomy":"post_tag","embeddable":true,"href":"https:\/\/diariodalagoa.pt\/en\/wp-json\/wp\/v2\/tags?post=35017"}],"curies":[{"name":"wp","href":"https:\/\/api.w.org\/{rel}","templated":true}]}}