{"id":2941,"date":"2014-04-06T16:39:38","date_gmt":"2014-04-06T16:39:38","guid":{"rendered":"http:\/\/diariodalagoa.pt\/?p=2941"},"modified":"2014-04-06T16:39:38","modified_gmt":"2014-04-06T16:39:38","slug":"eleicoes-europeias-e-democracia","status":"publish","type":"post","link":"https:\/\/diariodalagoa.pt\/en\/eleicoes-europeias-e-democracia\/","title":{"rendered":"Elei\u00e7\u00f5es europeias e democracia"},"content":{"rendered":"<div class=\"wp-block-image is-style-rounded\"><figure class=\"aligncenter size-full is-resized\"><img decoding=\"async\" src=\"https:\/\/diariodalagoa.pt\/wp-content\/uploads\/2022\/09\/Paulo-Casaca-DR.jpg\" alt=\"\" class=\"wp-image-103582\" width=\"413\" height=\"413\"\/><figcaption><strong>Paulo Casaca<\/strong><\/figcaption><\/figure><\/div>\n\n\n<p><span style=\"color: #000000;\">Em 2009, nas \u00faltimas elei\u00e7\u00f5es europeias, a taxa de absten\u00e7\u00e3o atingiu nos A\u00e7ores a cifra de quase 80% recorde absoluto de desapego pelo ato eleitoral europeu.<\/span><\/p>\n<p><span style=\"color: #000000;\">A primeira raz\u00e3o de ser desse desapego foi recentemente explicada por uma jovem polit\u00f3logo nacional, Pedro Magalh\u00e3es, que explicou ser Portugal o pa\u00eds europeu em que existe uma maior falta de capacidade de influ\u00eancia do eleitor sobre quem \u00e9 eleito.<\/span><\/p>\n<p><span style=\"color: #000000;\">Em concreto, e tal como eu mesmo constatei na noite eleitoral europeia de 2009, enquanto eu com o meu voto na lista socialista pretendia eleger o candidato pelos A\u00e7ores Lu\u00eds Paulo Alves, na verdade o meu voto apenas contribuiu para eleger a \u00faltima candidata socialista eleita, a Dr.\u00aa Ana Gomes, algo totalmente contr\u00e1rio \u00e0s minhas inten\u00e7\u00f5es.<\/span><\/p>\n<p><span style=\"color: #000000;\">Esta aberra\u00e7\u00e3o do sistema pol\u00edtico nacional \u2013 que ningu\u00e9m no aparelho pol\u00edtico nacional contempla emendar \u2013 \u00e9 a raz\u00e3o de fundo do progressivo afastamento do eleitor da decis\u00e3o pol\u00edtica.<\/span><\/p>\n<p><span style=\"color: #000000;\">No caso das elei\u00e7\u00f5es europeias, as quest\u00f5es v\u00e3o substancialmente mais fundo, porque o processo decis\u00f3rio europeu d\u00e1 raz\u00f5es suplementares para esse desapego. A pol\u00edtica econ\u00f3mica e monet\u00e1ria europeia \u2013 conhecida entre n\u00f3s como a pol\u00edtica da austeridade ou a pol\u00edtica da troika \u2013 foi aprovada pelo Parlamento Europeu em pesados pacotes regulamentares conhecidos pelas suas siglas inglesas, six pack e two pack.<\/span><\/p>\n<p><span style=\"color: #000000;\">Esta aprova\u00e7\u00e3o do Parlamento Europeu s\u00f3 existiu em fun\u00e7\u00e3o do voto un\u00e2nime e empenhado dos partidos do arco governativo \u2013 O PP, o PS e o PSD sem rigorosamente nenhuma diferen\u00e7a entre eles.<\/span><\/p>\n<p><span style=\"color: #000000;\">No entanto, dentro de portas, o discurso desses mesmos partidos tem sido totalmente diverso, dependendo unicamente de estarem ou n\u00e3o no poder. Quando o PSD e o PP estavam na oposi\u00e7\u00e3o, estes e o senhor Presidente da Rep\u00fablica explicaram que o pa\u00eds j\u00e1 n\u00e3o aguentava mais austeridade, garantiram que com eles n\u00e3o se iria aumentar impostos ou tocar no subs\u00eddio de Natal, enquanto o PS, no Governo, ia paulatina e envergonhadamente aplicando a pol\u00edtica econ\u00f3mica e monet\u00e1ria europeia.\u00a0\u00a0<\/span><\/p>\n<p><span style=\"color: #000000;\">Assim que se inverteram as posi\u00e7\u00f5es no Governo, o discurso inverteu-se, com o PS a declarar que estava contra a austeridade e o PSD e PP a pratic\u00e1-la.<\/span><\/p>\n<p><span style=\"color: #000000;\">Enquanto isso, uns e outros, de bra\u00e7o dado, no Parlamento Europeu, continuaram a aprovar toda a pol\u00edtica econ\u00f3mica e monet\u00e1ria europeia, nomeadamente a que mandata de forma rigorosa a atua\u00e7\u00e3o da dita troika, cujo \u00faltimo pacote legislativo foi aprovado em Maio de 2013.<\/span><\/p>\n<p><span style=\"color: #000000;\">Para tornar a charada ainda mais completa, exatamente os mesmos que legislaram toda a arquitetura pol\u00edtica que dirige os trabalhos da troika entre n\u00f3s, anunciaram uma pseudo-comiss\u00e3o de inqu\u00e9rito em que escassos meses depois de legislarem o curso de a\u00e7\u00e3o da troika pretenderam nada ter a ver com a sua atua\u00e7\u00e3o.<\/span><\/p>\n<p><span style=\"color: #000000;\">A generalidade do cidad\u00e3o eleitor n\u00e3o conhece os pormenores de toda esta fraude pol\u00edtica mas compreende que o sistema democr\u00e1tico n\u00e3o funciona e que aquilo que se pratica n\u00e3o \u00e9 aquilo em que se vota, e por isso tende a reagir atrav\u00e9s da absten\u00e7\u00e3o.<\/span><\/p>\n<p><span style=\"color: #000000;\">Na presente campanha eleitoral para as elei\u00e7\u00f5es europeias a situa\u00e7\u00e3o continua a agravar-se, com os principais partidos pol\u00edticos portugueses a fazer crer que as elei\u00e7\u00f5es nada t\u00eam a ver com a Europa mas apenas com um primeiro round das elei\u00e7\u00f5es legislativas em que os portugueses n\u00e3o t\u00eam realmente escolhas pol\u00edticas a fazer mas apenas a do rosto do Primeiro-Ministro.<\/span><\/p>\n<p><span style=\"color: #000000;\">Isso n\u00e3o \u00e9 contudo verdade, e toda a quest\u00e3o est\u00e1 em saber se vamos ou n\u00e3o conseguir furar o c\u00edrculo de sil\u00eancio e opacidade que se aperta \u00e0 nossa volta.<\/span><\/p>\n<p><span style=\"color: #000000;\">Aos portugueses, para al\u00e9m da op\u00e7\u00e3o entre a continuidade da atual situa\u00e7\u00e3o \u2013 protagonizada pelos partidos do arco governativo que indistintamente votaram a atual pol\u00edtica e v\u00e3o continuar a faz\u00ea-lo se lhes for dado mandato para isso \u2013 e o arco da rejei\u00e7\u00e3o feito pelos partidos euroc\u00e9ticos que querem mandar borda fora todo o acervo europeu, h\u00e1 uma alternativa reformista que n\u00e3o promete o para\u00edso mas promete mudan\u00e7as substantivas \u00e0 pol\u00edtica econ\u00f3mica e monet\u00e1ria europeia.<\/span><\/p>","protected":false},"excerpt":{"rendered":"<p>Em 2009, nas \u00faltimas elei\u00e7\u00f5es europeias, a taxa de absten\u00e7\u00e3o atingiu nos A\u00e7ores a cifra de quase 80% recorde absoluto de desapego pelo ato eleitoral europeu. A primeira raz\u00e3o de ser desse desapego foi recentemente explicada por uma jovem polit\u00f3logo nacional, Pedro Magalh\u00e3es, que explicou ser Portugal o pa\u00eds europeu em que existe uma maior [&hellip;]<\/p>","protected":false},"author":2,"featured_media":110279,"comment_status":"open","ping_status":"open","sticky":false,"template":"","format":"standard","meta":[],"categories":[11],"tags":[],"acf":[],"yoast_head":"<!-- This site is optimized with the Yoast SEO plugin v20.10 - https:\/\/yoast.com\/wordpress\/plugins\/seo\/ -->\n<title>Elei\u00e7\u00f5es europeias e democracia - Di\u00e1rio da Lagoa<\/title>\n<meta name=\"robots\" content=\"index, follow, max-snippet:-1, max-image-preview:large, max-video-preview:-1\" \/>\n<link rel=\"canonical\" href=\"https:\/\/diariodalagoa.pt\/en\/eleicoes-europeias-e-democracia\/\" \/>\n<meta property=\"og:locale\" content=\"en_US\" \/>\n<meta property=\"og:type\" content=\"article\" \/>\n<meta property=\"og:title\" content=\"Elei\u00e7\u00f5es europeias e democracia - Di\u00e1rio da Lagoa\" \/>\n<meta property=\"og:description\" content=\"Em 2009, nas \u00faltimas elei\u00e7\u00f5es europeias, a taxa de absten\u00e7\u00e3o atingiu nos A\u00e7ores a cifra de quase 80% recorde absoluto de desapego pelo ato eleitoral europeu. A primeira raz\u00e3o de ser desse desapego foi recentemente explicada por uma jovem polit\u00f3logo nacional, Pedro Magalh\u00e3es, que explicou ser Portugal o pa\u00eds europeu em que existe uma maior [&hellip;]\" \/>\n<meta property=\"og:url\" content=\"https:\/\/diariodalagoa.pt\/en\/eleicoes-europeias-e-democracia\/\" \/>\n<meta property=\"og:site_name\" content=\"Di\u00e1rio da Lagoa\" \/>\n<meta property=\"article:published_time\" content=\"2014-04-06T16:39:38+00:00\" \/>\n<meta property=\"og:image\" content=\"https:\/\/diariodalagoa.pt\/wp-content\/uploads\/2014\/04\/paulo-casaca-europa-dia-mundial-4.jpg\" \/>\n\t<meta property=\"og:image:width\" content=\"720\" \/>\n\t<meta property=\"og:image:height\" content=\"382\" \/>\n\t<meta property=\"og:image:type\" content=\"image\/jpeg\" \/>\n<meta name=\"author\" content=\"Di\u00e1rio da Lagoa\" \/>\n<meta name=\"twitter:card\" content=\"summary_large_image\" \/>\n<meta name=\"twitter:label1\" content=\"Written by\" \/>\n\t<meta name=\"twitter:data1\" content=\"Di\u00e1rio da Lagoa\" \/>\n\t<meta name=\"twitter:label2\" content=\"Est. reading time\" \/>\n\t<meta name=\"twitter:data2\" content=\"4 minutes\" \/>\n<script type=\"application\/ld+json\" class=\"yoast-schema-graph\">{\"@context\":\"https:\/\/schema.org\",\"@graph\":[{\"@type\":\"WebPage\",\"@id\":\"https:\/\/diariodalagoa.pt\/eleicoes-europeias-e-democracia\/\",\"url\":\"https:\/\/diariodalagoa.pt\/eleicoes-europeias-e-democracia\/\",\"name\":\"Elei\u00e7\u00f5es europeias e democracia - Di\u00e1rio da Lagoa\",\"isPartOf\":{\"@id\":\"https:\/\/diariodalagoa.pt\/#website\"},\"datePublished\":\"2014-04-06T16:39:38+00:00\",\"dateModified\":\"2014-04-06T16:39:38+00:00\",\"author\":{\"@id\":\"https:\/\/diariodalagoa.pt\/#\/schema\/person\/1615a002370e8857b6f972834bc43ece\"},\"breadcrumb\":{\"@id\":\"https:\/\/diariodalagoa.pt\/eleicoes-europeias-e-democracia\/#breadcrumb\"},\"inLanguage\":\"en-US\",\"potentialAction\":[{\"@type\":\"ReadAction\",\"target\":[\"https:\/\/diariodalagoa.pt\/eleicoes-europeias-e-democracia\/\"]}]},{\"@type\":\"BreadcrumbList\",\"@id\":\"https:\/\/diariodalagoa.pt\/eleicoes-europeias-e-democracia\/#breadcrumb\",\"itemListElement\":[{\"@type\":\"ListItem\",\"position\":1,\"name\":\"In\u00edcio\",\"item\":\"https:\/\/diariodalagoa.pt\/\"},{\"@type\":\"ListItem\",\"position\":2,\"name\":\"Elei\u00e7\u00f5es europeias e democracia\"}]},{\"@type\":\"WebSite\",\"@id\":\"https:\/\/diariodalagoa.pt\/#website\",\"url\":\"https:\/\/diariodalagoa.pt\/\",\"name\":\"Di\u00e1rio da Lagoa\",\"description\":\"Di\u00e1rio da Lagoa. As not\u00edcias que contam. A partir da Lagoa, nos A\u00e7ores, para o mundo.\",\"potentialAction\":[{\"@type\":\"SearchAction\",\"target\":{\"@type\":\"EntryPoint\",\"urlTemplate\":\"https:\/\/diariodalagoa.pt\/?s={search_term_string}\"},\"query-input\":\"required name=search_term_string\"}],\"inLanguage\":\"en-US\"},{\"@type\":\"Person\",\"@id\":\"https:\/\/diariodalagoa.pt\/#\/schema\/person\/1615a002370e8857b6f972834bc43ece\",\"name\":\"Di\u00e1rio da Lagoa\",\"image\":{\"@type\":\"ImageObject\",\"inLanguage\":\"en-US\",\"@id\":\"https:\/\/diariodalagoa.pt\/#\/schema\/person\/image\/\",\"url\":\"https:\/\/secure.gravatar.com\/avatar\/2cb5cef90a26f8fbd4d9d930608102c5?s=96&d=mm&r=g\",\"contentUrl\":\"https:\/\/secure.gravatar.com\/avatar\/2cb5cef90a26f8fbd4d9d930608102c5?s=96&d=mm&r=g\",\"caption\":\"Di\u00e1rio da Lagoa\"},\"url\":\"https:\/\/diariodalagoa.pt\/en\/author\/diariodalagoa\/\"}]}<\/script>\n<!-- \/ Yoast SEO plugin. -->","yoast_head_json":{"title":"Elei\u00e7\u00f5es europeias e democracia - Di\u00e1rio da Lagoa","robots":{"index":"index","follow":"follow","max-snippet":"max-snippet:-1","max-image-preview":"max-image-preview:large","max-video-preview":"max-video-preview:-1"},"canonical":"https:\/\/diariodalagoa.pt\/en\/eleicoes-europeias-e-democracia\/","og_locale":"en_US","og_type":"article","og_title":"Elei\u00e7\u00f5es europeias e democracia - Di\u00e1rio da Lagoa","og_description":"Em 2009, nas \u00faltimas elei\u00e7\u00f5es europeias, a taxa de absten\u00e7\u00e3o atingiu nos A\u00e7ores a cifra de quase 80% recorde absoluto de desapego pelo ato eleitoral europeu. A primeira raz\u00e3o de ser desse desapego foi recentemente explicada por uma jovem polit\u00f3logo nacional, Pedro Magalh\u00e3es, que explicou ser Portugal o pa\u00eds europeu em que existe uma maior [&hellip;]","og_url":"https:\/\/diariodalagoa.pt\/en\/eleicoes-europeias-e-democracia\/","og_site_name":"Di\u00e1rio da Lagoa","article_published_time":"2014-04-06T16:39:38+00:00","og_image":[{"width":720,"height":382,"url":"https:\/\/diariodalagoa.pt\/wp-content\/uploads\/2014\/04\/paulo-casaca-europa-dia-mundial-4.jpg","type":"image\/jpeg"}],"author":"Di\u00e1rio da Lagoa","twitter_card":"summary_large_image","twitter_misc":{"Written by":"Di\u00e1rio da Lagoa","Est. reading time":"4 minutes"},"schema":{"@context":"https:\/\/schema.org","@graph":[{"@type":"WebPage","@id":"https:\/\/diariodalagoa.pt\/eleicoes-europeias-e-democracia\/","url":"https:\/\/diariodalagoa.pt\/eleicoes-europeias-e-democracia\/","name":"Elei\u00e7\u00f5es europeias e democracia - Di\u00e1rio da Lagoa","isPartOf":{"@id":"https:\/\/diariodalagoa.pt\/#website"},"datePublished":"2014-04-06T16:39:38+00:00","dateModified":"2014-04-06T16:39:38+00:00","author":{"@id":"https:\/\/diariodalagoa.pt\/#\/schema\/person\/1615a002370e8857b6f972834bc43ece"},"breadcrumb":{"@id":"https:\/\/diariodalagoa.pt\/eleicoes-europeias-e-democracia\/#breadcrumb"},"inLanguage":"en-US","potentialAction":[{"@type":"ReadAction","target":["https:\/\/diariodalagoa.pt\/eleicoes-europeias-e-democracia\/"]}]},{"@type":"BreadcrumbList","@id":"https:\/\/diariodalagoa.pt\/eleicoes-europeias-e-democracia\/#breadcrumb","itemListElement":[{"@type":"ListItem","position":1,"name":"In\u00edcio","item":"https:\/\/diariodalagoa.pt\/"},{"@type":"ListItem","position":2,"name":"Elei\u00e7\u00f5es europeias e democracia"}]},{"@type":"WebSite","@id":"https:\/\/diariodalagoa.pt\/#website","url":"https:\/\/diariodalagoa.pt\/","name":"Di\u00e1rio da Lagoa","description":"Di\u00e1rio da Lagoa. As not\u00edcias que contam. A partir da Lagoa, nos A\u00e7ores, para o mundo.","potentialAction":[{"@type":"SearchAction","target":{"@type":"EntryPoint","urlTemplate":"https:\/\/diariodalagoa.pt\/?s={search_term_string}"},"query-input":"required name=search_term_string"}],"inLanguage":"en-US"},{"@type":"Person","@id":"https:\/\/diariodalagoa.pt\/#\/schema\/person\/1615a002370e8857b6f972834bc43ece","name":"Di\u00e1rio da Lagoa","image":{"@type":"ImageObject","inLanguage":"en-US","@id":"https:\/\/diariodalagoa.pt\/#\/schema\/person\/image\/","url":"https:\/\/secure.gravatar.com\/avatar\/2cb5cef90a26f8fbd4d9d930608102c5?s=96&d=mm&r=g","contentUrl":"https:\/\/secure.gravatar.com\/avatar\/2cb5cef90a26f8fbd4d9d930608102c5?s=96&d=mm&r=g","caption":"Di\u00e1rio da Lagoa"},"url":"https:\/\/diariodalagoa.pt\/en\/author\/diariodalagoa\/"}]}},"_links":{"self":[{"href":"https:\/\/diariodalagoa.pt\/en\/wp-json\/wp\/v2\/posts\/2941"}],"collection":[{"href":"https:\/\/diariodalagoa.pt\/en\/wp-json\/wp\/v2\/posts"}],"about":[{"href":"https:\/\/diariodalagoa.pt\/en\/wp-json\/wp\/v2\/types\/post"}],"author":[{"embeddable":true,"href":"https:\/\/diariodalagoa.pt\/en\/wp-json\/wp\/v2\/users\/2"}],"replies":[{"embeddable":true,"href":"https:\/\/diariodalagoa.pt\/en\/wp-json\/wp\/v2\/comments?post=2941"}],"version-history":[{"count":0,"href":"https:\/\/diariodalagoa.pt\/en\/wp-json\/wp\/v2\/posts\/2941\/revisions"}],"wp:featuredmedia":[{"embeddable":true,"href":"https:\/\/diariodalagoa.pt\/en\/wp-json\/wp\/v2\/media\/110279"}],"wp:attachment":[{"href":"https:\/\/diariodalagoa.pt\/en\/wp-json\/wp\/v2\/media?parent=2941"}],"wp:term":[{"taxonomy":"category","embeddable":true,"href":"https:\/\/diariodalagoa.pt\/en\/wp-json\/wp\/v2\/categories?post=2941"},{"taxonomy":"post_tag","embeddable":true,"href":"https:\/\/diariodalagoa.pt\/en\/wp-json\/wp\/v2\/tags?post=2941"}],"curies":[{"name":"wp","href":"https:\/\/api.w.org\/{rel}","templated":true}]}}