{"id":2814,"date":"2014-04-05T23:31:46","date_gmt":"2014-04-06T00:31:46","guid":{"rendered":"http:\/\/diariodalagoa.pt\/?p=2814"},"modified":"2014-04-05T23:31:46","modified_gmt":"2014-04-06T00:31:46","slug":"piedade-lalanda-defende-importancia-do-voluntariado-organizado","status":"publish","type":"post","link":"https:\/\/diariodalagoa.pt\/en\/piedade-lalanda-defende-importancia-do-voluntariado-organizado\/","title":{"rendered":"Piedade Lalanda defende import\u00e2ncia do voluntariado organizado"},"content":{"rendered":"<div id=\"attachment_2815\" style=\"width: 730px\" class=\"wp-caption alignnone\"><a href=\"http:\/\/diariodalagoa.pt\/wp-content\/uploads\/2014\/04\/Piedade-Lalanda-Volunatriado.jpg\"><img aria-describedby=\"caption-attachment-2815\" decoding=\"async\" class=\"size-full wp-image-2815\" alt=\"(c) Gacs\" src=\"http:\/\/diariodalagoa.pt\/wp-content\/uploads\/2014\/04\/Piedade-Lalanda-Volunatriado.jpg\" width=\"720\" height=\"379\" \/><\/a><p id=\"caption-attachment-2815\" class=\"wp-caption-text\">(c) Gacs<\/p><\/div>\n<p style=\"text-align: justify;\"><span style=\"color: #000000;\"><span style=\"line-height: 1.5em;\">A Secret\u00e1ria Regional da Solidariedade Social defendeu a import\u00e2ncia do voluntariado organizado, que resulta do &#8220;esp\u00edrito de servi\u00e7o e da disponibilidade dos cidad\u00e3os&#8221; para desenvolver uma determinada a\u00e7\u00e3o, mas que se &#8220;integra no contexto de um programa organizado por uma entidade promotora, com objetivos de desenvolver atividades de interesse geral\u201d.<\/span>\u00a0<\/span><\/p>\n<p style=\"text-align: justify;\"><span style=\"color: #000000;\">Numa comunica\u00e7\u00e3o sobre o tema Voluntariado nos A\u00e7ores, na sess\u00e3o de encerramento do Congresso Internacional de Cuidados Paliativos nos A\u00e7ores, em Ponta Delgada, Piedade Lalanda, considerou que \u201co voluntariado integrado numa \u00e1rea de interven\u00e7\u00e3o social, devidamente enquadrado pela equipa t\u00e9cnica, pode complementar a resposta da institui\u00e7\u00e3o, ser uma mais-valia e contribuir para a qualidade do servi\u00e7o que \u00e9 prestado ao cidad\u00e3o\u201d.\u00a0\u00a0<\/span><\/p>\n<p style=\"text-align: justify;\"><span style=\"color: #000000;\">Na sua interven\u00e7\u00e3o, a respons\u00e1vel pela pasta da Solidariedade Social recordou que o Governo dos A\u00e7ores, atrav\u00e9s da Secretaria Regional da Solidariedade Social, tem estado a trabalhar nesta mat\u00e9ria, quer do ponto de vista legislativo, quer na promo\u00e7\u00e3o de iniciativas locais.\u00a0\u00a0<\/span><\/p>\n<p style=\"text-align: justify;\"><span style=\"color: #000000;\">Para Piedade Lalanda, os volunt\u00e1rios, integrados em projetos de voluntariado promovidos por institui\u00e7\u00f5es, p\u00fablicas ou privadas, t\u00eam \u201cum papel muito significativo em diferentes \u00e1reas de interven\u00e7\u00e3o de interesse para a comunidade\u201d, sendo que a sua a\u00e7\u00e3o, particularmente no funcionamento das Institui\u00e7\u00f5es Particulares de Solidariedade Social, pode representar \u201cuma mais-valia\u201d na liga\u00e7\u00e3o com a comunidade envolvente.\u00a0<\/span><\/p>\n<p style=\"text-align: justify;\"><span style=\"color: #000000;\">A respons\u00e1vel pela pasta da Solidariedade Social considerou ainda que \u201c\u00e9 necess\u00e1rio incutir nos jovens o esp\u00edrito do voluntariado\u201d, educando-os para a \u201cdefesa dos direitos humanos e refor\u00e7ar o sentido da solidariedade, da coopera\u00e7\u00e3o e da responsabilidade c\u00edvica que isso implica\u201d.<\/span><\/p>\n<p style=\"text-align: justify;\"><span style=\"color: #000000;\">Nesse sentido, apontou como exemplo o programa Escola mais Volunt\u00e1ria, promovido pelo Executivo a\u00e7oriano, que envolve jovens, professores e a comunidade de v\u00e1rias escolas da Regi\u00e3o, cujo logotipo ser\u00e1 apresentado\u00a0neste m\u00eas.<\/span><\/p>\n<p style=\"text-align: justify;\"><span style=\"color: #000000;\"><em>DL\/Gacs<\/em><\/span><\/p>","protected":false},"excerpt":{"rendered":"<p>A Secret\u00e1ria Regional da Solidariedade Social defendeu a import\u00e2ncia do voluntariado organizado, que resulta do &#8220;esp\u00edrito de servi\u00e7o e da disponibilidade dos cidad\u00e3os&#8221; para desenvolver uma determinada a\u00e7\u00e3o, mas que se &#8220;integra no contexto de um programa organizado por uma entidade promotora, com objetivos de desenvolver atividades de interesse geral\u201d.\u00a0 Numa comunica\u00e7\u00e3o sobre o tema [&hellip;]<\/p>","protected":false},"author":2,"featured_media":122060,"comment_status":"open","ping_status":"open","sticky":false,"template":"","format":"standard","meta":[],"categories":[21],"tags":[],"acf":[],"yoast_head":"<!-- This site is optimized with the Yoast SEO plugin v20.10 - https:\/\/yoast.com\/wordpress\/plugins\/seo\/ -->\n<title>Piedade Lalanda defende import\u00e2ncia do voluntariado organizado - Di\u00e1rio da Lagoa<\/title>\n<meta name=\"robots\" content=\"index, follow, max-snippet:-1, max-image-preview:large, max-video-preview:-1\" \/>\n<link rel=\"canonical\" href=\"https:\/\/diariodalagoa.pt\/en\/piedade-lalanda-defende-importancia-do-voluntariado-organizado\/\" \/>\n<meta property=\"og:locale\" content=\"en_US\" \/>\n<meta property=\"og:type\" content=\"article\" \/>\n<meta property=\"og:title\" content=\"Piedade Lalanda defende import\u00e2ncia do voluntariado organizado - Di\u00e1rio da Lagoa\" \/>\n<meta property=\"og:description\" content=\"A Secret\u00e1ria Regional da Solidariedade Social defendeu a import\u00e2ncia do voluntariado organizado, que resulta do &#8220;esp\u00edrito de servi\u00e7o e da disponibilidade dos cidad\u00e3os&#8221; para desenvolver uma determinada a\u00e7\u00e3o, mas que se &#8220;integra no contexto de um programa organizado por uma entidade promotora, com objetivos de desenvolver atividades de interesse geral\u201d.\u00a0 Numa comunica\u00e7\u00e3o sobre o tema [&hellip;]\" \/>\n<meta property=\"og:url\" content=\"https:\/\/diariodalagoa.pt\/en\/piedade-lalanda-defende-importancia-do-voluntariado-organizado\/\" \/>\n<meta property=\"og:site_name\" content=\"Di\u00e1rio da Lagoa\" \/>\n<meta property=\"article:published_time\" content=\"2014-04-06T00:31:46+00:00\" \/>\n<meta property=\"og:image\" content=\"https:\/\/diariodalagoa.pt\/wp-content\/uploads\/2014\/04\/piedade-lalanda-volunatriado-1.jpg\" \/>\n\t<meta property=\"og:image:width\" content=\"720\" \/>\n\t<meta property=\"og:image:height\" content=\"379\" \/>\n\t<meta property=\"og:image:type\" content=\"image\/jpeg\" \/>\n<meta name=\"author\" content=\"Di\u00e1rio da Lagoa\" \/>\n<meta name=\"twitter:card\" content=\"summary_large_image\" \/>\n<meta name=\"twitter:label1\" content=\"Written by\" \/>\n\t<meta name=\"twitter:data1\" content=\"Di\u00e1rio da Lagoa\" \/>\n\t<meta name=\"twitter:label2\" content=\"Est. reading time\" \/>\n\t<meta name=\"twitter:data2\" content=\"2 minutes\" \/>\n<script type=\"application\/ld+json\" class=\"yoast-schema-graph\">{\"@context\":\"https:\/\/schema.org\",\"@graph\":[{\"@type\":\"WebPage\",\"@id\":\"https:\/\/diariodalagoa.pt\/piedade-lalanda-defende-importancia-do-voluntariado-organizado\/\",\"url\":\"https:\/\/diariodalagoa.pt\/piedade-lalanda-defende-importancia-do-voluntariado-organizado\/\",\"name\":\"Piedade Lalanda defende import\u00e2ncia do voluntariado organizado - Di\u00e1rio da Lagoa\",\"isPartOf\":{\"@id\":\"https:\/\/diariodalagoa.pt\/#website\"},\"datePublished\":\"2014-04-06T00:31:46+00:00\",\"dateModified\":\"2014-04-06T00:31:46+00:00\",\"author\":{\"@id\":\"https:\/\/diariodalagoa.pt\/#\/schema\/person\/1615a002370e8857b6f972834bc43ece\"},\"breadcrumb\":{\"@id\":\"https:\/\/diariodalagoa.pt\/piedade-lalanda-defende-importancia-do-voluntariado-organizado\/#breadcrumb\"},\"inLanguage\":\"en-US\",\"potentialAction\":[{\"@type\":\"ReadAction\",\"target\":[\"https:\/\/diariodalagoa.pt\/piedade-lalanda-defende-importancia-do-voluntariado-organizado\/\"]}]},{\"@type\":\"BreadcrumbList\",\"@id\":\"https:\/\/diariodalagoa.pt\/piedade-lalanda-defende-importancia-do-voluntariado-organizado\/#breadcrumb\",\"itemListElement\":[{\"@type\":\"ListItem\",\"position\":1,\"name\":\"In\u00edcio\",\"item\":\"https:\/\/diariodalagoa.pt\/\"},{\"@type\":\"ListItem\",\"position\":2,\"name\":\"Piedade Lalanda defende import\u00e2ncia do voluntariado organizado\"}]},{\"@type\":\"WebSite\",\"@id\":\"https:\/\/diariodalagoa.pt\/#website\",\"url\":\"https:\/\/diariodalagoa.pt\/\",\"name\":\"Di\u00e1rio da Lagoa\",\"description\":\"Di\u00e1rio da Lagoa. As not\u00edcias que contam. A partir da Lagoa, nos A\u00e7ores, para o mundo.\",\"potentialAction\":[{\"@type\":\"SearchAction\",\"target\":{\"@type\":\"EntryPoint\",\"urlTemplate\":\"https:\/\/diariodalagoa.pt\/?s={search_term_string}\"},\"query-input\":\"required name=search_term_string\"}],\"inLanguage\":\"en-US\"},{\"@type\":\"Person\",\"@id\":\"https:\/\/diariodalagoa.pt\/#\/schema\/person\/1615a002370e8857b6f972834bc43ece\",\"name\":\"Di\u00e1rio da Lagoa\",\"image\":{\"@type\":\"ImageObject\",\"inLanguage\":\"en-US\",\"@id\":\"https:\/\/diariodalagoa.pt\/#\/schema\/person\/image\/\",\"url\":\"https:\/\/secure.gravatar.com\/avatar\/2cb5cef90a26f8fbd4d9d930608102c5?s=96&d=mm&r=g\",\"contentUrl\":\"https:\/\/secure.gravatar.com\/avatar\/2cb5cef90a26f8fbd4d9d930608102c5?s=96&d=mm&r=g\",\"caption\":\"Di\u00e1rio da Lagoa\"},\"url\":\"https:\/\/diariodalagoa.pt\/en\/author\/diariodalagoa\/\"}]}<\/script>\n<!-- \/ Yoast SEO plugin. -->","yoast_head_json":{"title":"Piedade Lalanda defende import\u00e2ncia do voluntariado organizado - Di\u00e1rio da Lagoa","robots":{"index":"index","follow":"follow","max-snippet":"max-snippet:-1","max-image-preview":"max-image-preview:large","max-video-preview":"max-video-preview:-1"},"canonical":"https:\/\/diariodalagoa.pt\/en\/piedade-lalanda-defende-importancia-do-voluntariado-organizado\/","og_locale":"en_US","og_type":"article","og_title":"Piedade Lalanda defende import\u00e2ncia do voluntariado organizado - Di\u00e1rio da Lagoa","og_description":"A Secret\u00e1ria Regional da Solidariedade Social defendeu a import\u00e2ncia do voluntariado organizado, que resulta do &#8220;esp\u00edrito de servi\u00e7o e da disponibilidade dos cidad\u00e3os&#8221; para desenvolver uma determinada a\u00e7\u00e3o, mas que se &#8220;integra no contexto de um programa organizado por uma entidade promotora, com objetivos de desenvolver atividades de interesse geral\u201d.\u00a0 Numa comunica\u00e7\u00e3o sobre o tema [&hellip;]","og_url":"https:\/\/diariodalagoa.pt\/en\/piedade-lalanda-defende-importancia-do-voluntariado-organizado\/","og_site_name":"Di\u00e1rio da Lagoa","article_published_time":"2014-04-06T00:31:46+00:00","og_image":[{"width":720,"height":379,"url":"https:\/\/diariodalagoa.pt\/wp-content\/uploads\/2014\/04\/piedade-lalanda-volunatriado-1.jpg","type":"image\/jpeg"}],"author":"Di\u00e1rio da Lagoa","twitter_card":"summary_large_image","twitter_misc":{"Written by":"Di\u00e1rio da Lagoa","Est. reading time":"2 minutes"},"schema":{"@context":"https:\/\/schema.org","@graph":[{"@type":"WebPage","@id":"https:\/\/diariodalagoa.pt\/piedade-lalanda-defende-importancia-do-voluntariado-organizado\/","url":"https:\/\/diariodalagoa.pt\/piedade-lalanda-defende-importancia-do-voluntariado-organizado\/","name":"Piedade Lalanda defende import\u00e2ncia do voluntariado organizado - Di\u00e1rio da Lagoa","isPartOf":{"@id":"https:\/\/diariodalagoa.pt\/#website"},"datePublished":"2014-04-06T00:31:46+00:00","dateModified":"2014-04-06T00:31:46+00:00","author":{"@id":"https:\/\/diariodalagoa.pt\/#\/schema\/person\/1615a002370e8857b6f972834bc43ece"},"breadcrumb":{"@id":"https:\/\/diariodalagoa.pt\/piedade-lalanda-defende-importancia-do-voluntariado-organizado\/#breadcrumb"},"inLanguage":"en-US","potentialAction":[{"@type":"ReadAction","target":["https:\/\/diariodalagoa.pt\/piedade-lalanda-defende-importancia-do-voluntariado-organizado\/"]}]},{"@type":"BreadcrumbList","@id":"https:\/\/diariodalagoa.pt\/piedade-lalanda-defende-importancia-do-voluntariado-organizado\/#breadcrumb","itemListElement":[{"@type":"ListItem","position":1,"name":"In\u00edcio","item":"https:\/\/diariodalagoa.pt\/"},{"@type":"ListItem","position":2,"name":"Piedade Lalanda defende import\u00e2ncia do voluntariado organizado"}]},{"@type":"WebSite","@id":"https:\/\/diariodalagoa.pt\/#website","url":"https:\/\/diariodalagoa.pt\/","name":"Di\u00e1rio da Lagoa","description":"Di\u00e1rio da Lagoa. As not\u00edcias que contam. A partir da Lagoa, nos A\u00e7ores, para o mundo.","potentialAction":[{"@type":"SearchAction","target":{"@type":"EntryPoint","urlTemplate":"https:\/\/diariodalagoa.pt\/?s={search_term_string}"},"query-input":"required name=search_term_string"}],"inLanguage":"en-US"},{"@type":"Person","@id":"https:\/\/diariodalagoa.pt\/#\/schema\/person\/1615a002370e8857b6f972834bc43ece","name":"Di\u00e1rio da Lagoa","image":{"@type":"ImageObject","inLanguage":"en-US","@id":"https:\/\/diariodalagoa.pt\/#\/schema\/person\/image\/","url":"https:\/\/secure.gravatar.com\/avatar\/2cb5cef90a26f8fbd4d9d930608102c5?s=96&d=mm&r=g","contentUrl":"https:\/\/secure.gravatar.com\/avatar\/2cb5cef90a26f8fbd4d9d930608102c5?s=96&d=mm&r=g","caption":"Di\u00e1rio da Lagoa"},"url":"https:\/\/diariodalagoa.pt\/en\/author\/diariodalagoa\/"}]}},"_links":{"self":[{"href":"https:\/\/diariodalagoa.pt\/en\/wp-json\/wp\/v2\/posts\/2814"}],"collection":[{"href":"https:\/\/diariodalagoa.pt\/en\/wp-json\/wp\/v2\/posts"}],"about":[{"href":"https:\/\/diariodalagoa.pt\/en\/wp-json\/wp\/v2\/types\/post"}],"author":[{"embeddable":true,"href":"https:\/\/diariodalagoa.pt\/en\/wp-json\/wp\/v2\/users\/2"}],"replies":[{"embeddable":true,"href":"https:\/\/diariodalagoa.pt\/en\/wp-json\/wp\/v2\/comments?post=2814"}],"version-history":[{"count":0,"href":"https:\/\/diariodalagoa.pt\/en\/wp-json\/wp\/v2\/posts\/2814\/revisions"}],"wp:featuredmedia":[{"embeddable":true,"href":"https:\/\/diariodalagoa.pt\/en\/wp-json\/wp\/v2\/media\/122060"}],"wp:attachment":[{"href":"https:\/\/diariodalagoa.pt\/en\/wp-json\/wp\/v2\/media?parent=2814"}],"wp:term":[{"taxonomy":"category","embeddable":true,"href":"https:\/\/diariodalagoa.pt\/en\/wp-json\/wp\/v2\/categories?post=2814"},{"taxonomy":"post_tag","embeddable":true,"href":"https:\/\/diariodalagoa.pt\/en\/wp-json\/wp\/v2\/tags?post=2814"}],"curies":[{"name":"wp","href":"https:\/\/api.w.org\/{rel}","templated":true}]}}