{"id":26428,"date":"2016-01-29T00:18:42","date_gmt":"2016-01-29T00:18:42","guid":{"rendered":"https:\/\/diariodalagoa.pt\/?p=26428"},"modified":"2024-09-27T16:38:04","modified_gmt":"2024-09-27T16:38:04","slug":"xi-festival-e-cantorias-ao-desafio-nos-remedios","status":"publish","type":"post","link":"https:\/\/diariodalagoa.pt\/en\/xi-festival-e-cantorias-ao-desafio-nos-remedios\/","title":{"rendered":"XI Festival de Cantorias ao Desafio nos Rem\u00e9dios"},"content":{"rendered":"<p><a href=\"https:\/\/diariodalagoa.pt\/wp-content\/uploads\/2016\/01\/Cantorias-ao-desafio-remedios-2016_cartaz.jpg\" target=\"_blank\" rel=\"attachment wp-att-26429 noopener noreferrer\"><img decoding=\"async\" class=\"alignleft wp-image-26429\" src=\"https:\/\/diariodalagoa.pt\/wp-content\/uploads\/2016\/01\/Cantorias-ao-desafio-remedios-2016_cartaz.jpg\" alt=\"Cantorias ao desafio remedios 2016_cartaz\" width=\"318\" height=\"450\" \/><\/a><span style=\"color: #000000;\">O Polidesportivo dos Rem\u00e9dios recebe mais uma edi\u00e7\u00e3o do Festival de Cantorias ao Desafio.<\/span><\/p>\n<p><span style=\"color: #000000;\">Trata-se da XI Festival de Cantorias ao Desafio, e ir\u00e1 decorrer de 12 a 14 de fevereiro, no lugar do Rem\u00e9dios.<\/span><\/p>\n<p><span style=\"color: #000000;\">Este ano estar\u00e3o presentes novamente cantadores das ilhas de S\u00e3o Miguel, Terceira e S\u00e3o Jorge.<\/span><\/p>","protected":false},"excerpt":{"rendered":"<p>O Polidesportivo dos Rem\u00e9dios recebe mais uma edi\u00e7\u00e3o do Festival de Cantorias ao Desafio. Trata-se da XI Festival de Cantorias ao Desafio, e ir\u00e1 decorrer de 12 a 14 de fevereiro, no lugar do Rem\u00e9dios. Este ano estar\u00e3o presentes novamente cantadores das ilhas de S\u00e3o Miguel, Terceira e S\u00e3o Jorge.<\/p>","protected":false},"author":2,"featured_media":124746,"comment_status":"open","ping_status":"open","sticky":false,"template":"","format":"standard","meta":[],"categories":[21],"tags":[],"acf":[],"yoast_head":"<!-- This site is optimized with the Yoast SEO plugin v20.10 - https:\/\/yoast.com\/wordpress\/plugins\/seo\/ -->\n<title>XI Festival de Cantorias ao Desafio nos Rem\u00e9dios - Di\u00e1rio da Lagoa<\/title>\n<meta name=\"robots\" content=\"index, follow, max-snippet:-1, max-image-preview:large, max-video-preview:-1\" \/>\n<link rel=\"canonical\" href=\"https:\/\/diariodalagoa.pt\/en\/xi-festival-e-cantorias-ao-desafio-nos-remedios\/\" \/>\n<meta property=\"og:locale\" content=\"en_US\" \/>\n<meta property=\"og:type\" content=\"article\" \/>\n<meta property=\"og:title\" content=\"XI Festival de Cantorias ao Desafio nos Rem\u00e9dios - Di\u00e1rio da Lagoa\" \/>\n<meta property=\"og:description\" content=\"O Polidesportivo dos Rem\u00e9dios recebe mais uma edi\u00e7\u00e3o do Festival de Cantorias ao Desafio. Trata-se da XI Festival de Cantorias ao Desafio, e ir\u00e1 decorrer de 12 a 14 de fevereiro, no lugar do Rem\u00e9dios. Este ano estar\u00e3o presentes novamente cantadores das ilhas de S\u00e3o Miguel, Terceira e S\u00e3o Jorge.\" \/>\n<meta property=\"og:url\" content=\"https:\/\/diariodalagoa.pt\/en\/xi-festival-e-cantorias-ao-desafio-nos-remedios\/\" \/>\n<meta property=\"og:site_name\" content=\"Di\u00e1rio da Lagoa\" \/>\n<meta property=\"article:published_time\" content=\"2016-01-29T00:18:42+00:00\" \/>\n<meta property=\"article:modified_time\" content=\"2024-09-27T16:38:04+00:00\" \/>\n<meta property=\"og:image\" content=\"https:\/\/diariodalagoa.pt\/wp-content\/uploads\/2016\/01\/cantorias-ao-desafio-remedios-2016-cartaz.jpg\" \/>\n\t<meta property=\"og:image:width\" content=\"678\" \/>\n\t<meta property=\"og:image:height\" content=\"960\" \/>\n\t<meta property=\"og:image:type\" content=\"image\/jpeg\" \/>\n<meta name=\"author\" content=\"Di\u00e1rio da Lagoa\" \/>\n<meta name=\"twitter:card\" content=\"summary_large_image\" \/>\n<meta name=\"twitter:label1\" content=\"Written by\" \/>\n\t<meta name=\"twitter:data1\" content=\"Di\u00e1rio da Lagoa\" \/>\n<script type=\"application\/ld+json\" class=\"yoast-schema-graph\">{\"@context\":\"https:\/\/schema.org\",\"@graph\":[{\"@type\":\"WebPage\",\"@id\":\"https:\/\/diariodalagoa.pt\/xi-festival-e-cantorias-ao-desafio-nos-remedios\/\",\"url\":\"https:\/\/diariodalagoa.pt\/xi-festival-e-cantorias-ao-desafio-nos-remedios\/\",\"name\":\"XI Festival de Cantorias ao Desafio nos Rem\u00e9dios - Di\u00e1rio da Lagoa\",\"isPartOf\":{\"@id\":\"https:\/\/diariodalagoa.pt\/#website\"},\"datePublished\":\"2016-01-29T00:18:42+00:00\",\"dateModified\":\"2024-09-27T16:38:04+00:00\",\"author\":{\"@id\":\"https:\/\/diariodalagoa.pt\/#\/schema\/person\/1615a002370e8857b6f972834bc43ece\"},\"breadcrumb\":{\"@id\":\"https:\/\/diariodalagoa.pt\/xi-festival-e-cantorias-ao-desafio-nos-remedios\/#breadcrumb\"},\"inLanguage\":\"en-US\",\"potentialAction\":[{\"@type\":\"ReadAction\",\"target\":[\"https:\/\/diariodalagoa.pt\/xi-festival-e-cantorias-ao-desafio-nos-remedios\/\"]}]},{\"@type\":\"BreadcrumbList\",\"@id\":\"https:\/\/diariodalagoa.pt\/xi-festival-e-cantorias-ao-desafio-nos-remedios\/#breadcrumb\",\"itemListElement\":[{\"@type\":\"ListItem\",\"position\":1,\"name\":\"In\u00edcio\",\"item\":\"https:\/\/diariodalagoa.pt\/\"},{\"@type\":\"ListItem\",\"position\":2,\"name\":\"XI Festival de Cantorias ao Desafio nos Rem\u00e9dios\"}]},{\"@type\":\"WebSite\",\"@id\":\"https:\/\/diariodalagoa.pt\/#website\",\"url\":\"https:\/\/diariodalagoa.pt\/\",\"name\":\"Di\u00e1rio da Lagoa\",\"description\":\"Di\u00e1rio da Lagoa. As not\u00edcias que contam. A partir da Lagoa, nos A\u00e7ores, para o mundo.\",\"potentialAction\":[{\"@type\":\"SearchAction\",\"target\":{\"@type\":\"EntryPoint\",\"urlTemplate\":\"https:\/\/diariodalagoa.pt\/?s={search_term_string}\"},\"query-input\":\"required name=search_term_string\"}],\"inLanguage\":\"en-US\"},{\"@type\":\"Person\",\"@id\":\"https:\/\/diariodalagoa.pt\/#\/schema\/person\/1615a002370e8857b6f972834bc43ece\",\"name\":\"Di\u00e1rio da Lagoa\",\"image\":{\"@type\":\"ImageObject\",\"inLanguage\":\"en-US\",\"@id\":\"https:\/\/diariodalagoa.pt\/#\/schema\/person\/image\/\",\"url\":\"https:\/\/secure.gravatar.com\/avatar\/2cb5cef90a26f8fbd4d9d930608102c5?s=96&d=mm&r=g\",\"contentUrl\":\"https:\/\/secure.gravatar.com\/avatar\/2cb5cef90a26f8fbd4d9d930608102c5?s=96&d=mm&r=g\",\"caption\":\"Di\u00e1rio da Lagoa\"},\"url\":\"https:\/\/diariodalagoa.pt\/en\/author\/diariodalagoa\/\"}]}<\/script>\n<!-- \/ Yoast SEO plugin. -->","yoast_head_json":{"title":"XI Festival de Cantorias ao Desafio nos Rem\u00e9dios - Di\u00e1rio da Lagoa","robots":{"index":"index","follow":"follow","max-snippet":"max-snippet:-1","max-image-preview":"max-image-preview:large","max-video-preview":"max-video-preview:-1"},"canonical":"https:\/\/diariodalagoa.pt\/en\/xi-festival-e-cantorias-ao-desafio-nos-remedios\/","og_locale":"en_US","og_type":"article","og_title":"XI Festival de Cantorias ao Desafio nos Rem\u00e9dios - Di\u00e1rio da Lagoa","og_description":"O Polidesportivo dos Rem\u00e9dios recebe mais uma edi\u00e7\u00e3o do Festival de Cantorias ao Desafio. Trata-se da XI Festival de Cantorias ao Desafio, e ir\u00e1 decorrer de 12 a 14 de fevereiro, no lugar do Rem\u00e9dios. Este ano estar\u00e3o presentes novamente cantadores das ilhas de S\u00e3o Miguel, Terceira e S\u00e3o Jorge.","og_url":"https:\/\/diariodalagoa.pt\/en\/xi-festival-e-cantorias-ao-desafio-nos-remedios\/","og_site_name":"Di\u00e1rio da Lagoa","article_published_time":"2016-01-29T00:18:42+00:00","article_modified_time":"2024-09-27T16:38:04+00:00","og_image":[{"width":678,"height":960,"url":"https:\/\/diariodalagoa.pt\/wp-content\/uploads\/2016\/01\/cantorias-ao-desafio-remedios-2016-cartaz.jpg","type":"image\/jpeg"}],"author":"Di\u00e1rio da Lagoa","twitter_card":"summary_large_image","twitter_misc":{"Written by":"Di\u00e1rio da Lagoa"},"schema":{"@context":"https:\/\/schema.org","@graph":[{"@type":"WebPage","@id":"https:\/\/diariodalagoa.pt\/xi-festival-e-cantorias-ao-desafio-nos-remedios\/","url":"https:\/\/diariodalagoa.pt\/xi-festival-e-cantorias-ao-desafio-nos-remedios\/","name":"XI Festival de Cantorias ao Desafio nos Rem\u00e9dios - Di\u00e1rio da Lagoa","isPartOf":{"@id":"https:\/\/diariodalagoa.pt\/#website"},"datePublished":"2016-01-29T00:18:42+00:00","dateModified":"2024-09-27T16:38:04+00:00","author":{"@id":"https:\/\/diariodalagoa.pt\/#\/schema\/person\/1615a002370e8857b6f972834bc43ece"},"breadcrumb":{"@id":"https:\/\/diariodalagoa.pt\/xi-festival-e-cantorias-ao-desafio-nos-remedios\/#breadcrumb"},"inLanguage":"en-US","potentialAction":[{"@type":"ReadAction","target":["https:\/\/diariodalagoa.pt\/xi-festival-e-cantorias-ao-desafio-nos-remedios\/"]}]},{"@type":"BreadcrumbList","@id":"https:\/\/diariodalagoa.pt\/xi-festival-e-cantorias-ao-desafio-nos-remedios\/#breadcrumb","itemListElement":[{"@type":"ListItem","position":1,"name":"In\u00edcio","item":"https:\/\/diariodalagoa.pt\/"},{"@type":"ListItem","position":2,"name":"XI Festival de Cantorias ao Desafio nos Rem\u00e9dios"}]},{"@type":"WebSite","@id":"https:\/\/diariodalagoa.pt\/#website","url":"https:\/\/diariodalagoa.pt\/","name":"Di\u00e1rio da Lagoa","description":"Di\u00e1rio da Lagoa. As not\u00edcias que contam. A partir da Lagoa, nos A\u00e7ores, para o mundo.","potentialAction":[{"@type":"SearchAction","target":{"@type":"EntryPoint","urlTemplate":"https:\/\/diariodalagoa.pt\/?s={search_term_string}"},"query-input":"required name=search_term_string"}],"inLanguage":"en-US"},{"@type":"Person","@id":"https:\/\/diariodalagoa.pt\/#\/schema\/person\/1615a002370e8857b6f972834bc43ece","name":"Di\u00e1rio da Lagoa","image":{"@type":"ImageObject","inLanguage":"en-US","@id":"https:\/\/diariodalagoa.pt\/#\/schema\/person\/image\/","url":"https:\/\/secure.gravatar.com\/avatar\/2cb5cef90a26f8fbd4d9d930608102c5?s=96&d=mm&r=g","contentUrl":"https:\/\/secure.gravatar.com\/avatar\/2cb5cef90a26f8fbd4d9d930608102c5?s=96&d=mm&r=g","caption":"Di\u00e1rio da Lagoa"},"url":"https:\/\/diariodalagoa.pt\/en\/author\/diariodalagoa\/"}]}},"_links":{"self":[{"href":"https:\/\/diariodalagoa.pt\/en\/wp-json\/wp\/v2\/posts\/26428"}],"collection":[{"href":"https:\/\/diariodalagoa.pt\/en\/wp-json\/wp\/v2\/posts"}],"about":[{"href":"https:\/\/diariodalagoa.pt\/en\/wp-json\/wp\/v2\/types\/post"}],"author":[{"embeddable":true,"href":"https:\/\/diariodalagoa.pt\/en\/wp-json\/wp\/v2\/users\/2"}],"replies":[{"embeddable":true,"href":"https:\/\/diariodalagoa.pt\/en\/wp-json\/wp\/v2\/comments?post=26428"}],"version-history":[{"count":1,"href":"https:\/\/diariodalagoa.pt\/en\/wp-json\/wp\/v2\/posts\/26428\/revisions"}],"predecessor-version":[{"id":141178,"href":"https:\/\/diariodalagoa.pt\/en\/wp-json\/wp\/v2\/posts\/26428\/revisions\/141178"}],"wp:featuredmedia":[{"embeddable":true,"href":"https:\/\/diariodalagoa.pt\/en\/wp-json\/wp\/v2\/media\/124746"}],"wp:attachment":[{"href":"https:\/\/diariodalagoa.pt\/en\/wp-json\/wp\/v2\/media?parent=26428"}],"wp:term":[{"taxonomy":"category","embeddable":true,"href":"https:\/\/diariodalagoa.pt\/en\/wp-json\/wp\/v2\/categories?post=26428"},{"taxonomy":"post_tag","embeddable":true,"href":"https:\/\/diariodalagoa.pt\/en\/wp-json\/wp\/v2\/tags?post=26428"}],"curies":[{"name":"wp","href":"https:\/\/api.w.org\/{rel}","templated":true}]}}