{"id":2027,"date":"2014-03-19T16:09:21","date_gmt":"2014-03-19T16:09:21","guid":{"rendered":"http:\/\/diariodalagoa.pt\/?p=2027"},"modified":"2025-06-10T22:35:27","modified_gmt":"2025-06-10T22:35:27","slug":"vila-de-agua-de-pau-recebe-corrida-urbana-de-bicicletas-3","status":"publish","type":"post","link":"https:\/\/diariodalagoa.pt\/en\/vila-de-agua-de-pau-recebe-corrida-urbana-de-bicicletas-3\/","title":{"rendered":"Vila de \u00c1gua de Pau recebe I Corrida urbana de bicicletas"},"content":{"rendered":"<p style=\"text-align: justify;\"><a href=\"http:\/\/diariodalagoa.pt\/wp-content\/uploads\/2014\/03\/Corrida-Urbana-BIcicleta-Agua-de-Pau.jpg\"><img decoding=\"async\" class=\"alignnone size-full wp-image-1761\" alt=\"Corrida-Urbana-BIcicleta-Agua-de-Pau\" src=\"http:\/\/diariodalagoa.pt\/wp-content\/uploads\/2014\/03\/Corrida-Urbana-BIcicleta-Agua-de-Pau.jpg\" width=\"720\" height=\"415\" \/><\/a><\/p>\n<p style=\"text-align: justify;\"><span style=\"color: #000000;\">A Associa\u00e7\u00e3o de Eventos \u201cViva mais \u00c1gua de Pau\u201d vai organizar no pr\u00f3ximo dia 29 de mar\u00e7o, uma corrida urbana de bicicletas (BTT).\u00a0\u00a0<\/span><\/p>\n<p style=\"text-align: justify;\"><span style=\"color: #000000;\">Trata-se de um evento que surge por iniciativa da associa\u00e7\u00e3o, uma vez que s\u00e3o muitas as pessoas que nos dias de hoje que optam por praticar exerc\u00edcio f\u00edsico atrav\u00e9s da bicicleta, sendo esse tamb\u00e9m o objetivo da iniciativa, a pr\u00e1tica do exerc\u00edcio por uma vida mais saud\u00e1vel.<\/span><\/p>\n<p style=\"text-align: justify;\"><span style=\"color: #000000;\">N\u00e3o deixando de ser uma competi\u00e7\u00e3o, pode participar qualquer pessoa interessada, desde crian\u00e7as a adultos, pois haver\u00e1 um circuito mais pequeno para crian\u00e7as at\u00e9 aos 14 anos, caso existam inscri\u00e7\u00f5es suficientes. Sendo que a partir dos 14 anos entram no grupo dos adultos.<\/span><\/p>\n<p style=\"text-align: justify;\"><span style=\"color: #000000;\">Segundo fonte da associa\u00e7\u00e3o &#8220;Vica mais \u00c1gua de Pau&#8221;,\u00a0 &#8220;ainda n\u00e3o contamos com as inscri\u00e7\u00f5es esperadas mas j\u00e1 sabemos de alguns interessados e esperemos que nesses \u00faltimos dias possamos contar com mais inscritos&#8221;.<\/span><\/p>\n<p style=\"text-align: justify;\"><span style=\"color: #000000;\">Questionada sobre a import\u00e2ncia de eventos desta natureza, refere a organiza\u00e7\u00e3o que &#8220;s\u00e3o extremamente importantes, para a ocupa\u00e7\u00e3o de tempos livres n\u00e3o s\u00f3 dos jovens, como tamb\u00e9m dos adultos, bem como apelar que as pessoas sejam cada vez mais saud\u00e1veis num mundo onde a &#8220;correria&#8221; do dia a dia causa cada vez mais doen\u00e7as&#8221;.<\/span><\/p>\n<p style=\"text-align: justify;\"><span style=\"color: #000000;\">A Associa\u00e7\u00e3o de Eventos \u201cViva mais \u00c1gua de Pau\u201d \u00e9 uma associa\u00e7\u00e3o sem fins lucrativos, que tem como principal evento a Corrida Mais Louca do Mundo, que se realizar\u00e1 a 5 de julho.<\/span><\/p>\n<p style=\"text-align: justify;\"><span style=\"color: #000000;\">Outras iniciativas est\u00e3o pensadas, sempre de acordo com a ocupa\u00e7\u00e3o e divers\u00e3o das pessoas, mas ainda sem agendamento certo, refere a associa\u00e7\u00e3o.<\/span><\/p>\n<p style=\"text-align: justify;\"><span style=\"color: #000000;\"><em>DL<\/em><\/span><\/p>","protected":false},"excerpt":{"rendered":"<p>A Associa\u00e7\u00e3o de Eventos \u201cViva mais \u00c1gua de Pau\u201d vai organizar no pr\u00f3ximo dia 29 de mar\u00e7o, uma corrida urbana de bicicletas (BTT).\u00a0\u00a0 Trata-se de um evento que surge por iniciativa da associa\u00e7\u00e3o, uma vez que s\u00e3o muitas as pessoas que nos dias de hoje que optam por praticar exerc\u00edcio f\u00edsico atrav\u00e9s da bicicleta, sendo [&hellip;]<\/p>","protected":false},"author":2,"featured_media":113446,"comment_status":"open","ping_status":"open","sticky":false,"template":"","format":"standard","meta":[],"categories":[21],"tags":[],"acf":[],"yoast_head":"<!-- This site is optimized with the Yoast SEO plugin v20.10 - https:\/\/yoast.com\/wordpress\/plugins\/seo\/ -->\n<title>Vila de \u00c1gua de Pau recebe I Corrida urbana de bicicletas - Di\u00e1rio da Lagoa<\/title>\n<meta name=\"robots\" content=\"index, follow, max-snippet:-1, max-image-preview:large, max-video-preview:-1\" \/>\n<link rel=\"canonical\" href=\"https:\/\/diariodalagoa.pt\/en\/vila-de-agua-de-pau-recebe-corrida-urbana-de-bicicletas-3\/\" \/>\n<meta property=\"og:locale\" content=\"en_US\" \/>\n<meta property=\"og:type\" content=\"article\" \/>\n<meta property=\"og:title\" content=\"Vila de \u00c1gua de Pau recebe I Corrida urbana de bicicletas - Di\u00e1rio da Lagoa\" \/>\n<meta property=\"og:description\" content=\"A Associa\u00e7\u00e3o de Eventos \u201cViva mais \u00c1gua de Pau\u201d vai organizar no pr\u00f3ximo dia 29 de mar\u00e7o, uma corrida urbana de bicicletas (BTT).\u00a0\u00a0 Trata-se de um evento que surge por iniciativa da associa\u00e7\u00e3o, uma vez que s\u00e3o muitas as pessoas que nos dias de hoje que optam por praticar exerc\u00edcio f\u00edsico atrav\u00e9s da bicicleta, sendo [&hellip;]\" \/>\n<meta property=\"og:url\" content=\"https:\/\/diariodalagoa.pt\/en\/vila-de-agua-de-pau-recebe-corrida-urbana-de-bicicletas-3\/\" \/>\n<meta property=\"og:site_name\" content=\"Di\u00e1rio da Lagoa\" \/>\n<meta property=\"article:published_time\" content=\"2014-03-19T16:09:21+00:00\" \/>\n<meta property=\"article:modified_time\" content=\"2025-06-10T22:35:27+00:00\" \/>\n<meta property=\"og:image\" content=\"https:\/\/diariodalagoa.pt\/wp-content\/uploads\/2014\/03\/corrida-urbana-bicicleta-agua-de-pau.jpg\" \/>\n\t<meta property=\"og:image:width\" content=\"720\" \/>\n\t<meta property=\"og:image:height\" content=\"415\" \/>\n\t<meta property=\"og:image:type\" content=\"image\/jpeg\" \/>\n<meta name=\"author\" content=\"Di\u00e1rio da Lagoa\" \/>\n<meta name=\"twitter:card\" content=\"summary_large_image\" \/>\n<meta name=\"twitter:label1\" content=\"Written by\" \/>\n\t<meta name=\"twitter:data1\" content=\"Di\u00e1rio da Lagoa\" \/>\n\t<meta name=\"twitter:label2\" content=\"Est. reading time\" \/>\n\t<meta name=\"twitter:data2\" content=\"1 minute\" \/>\n<script type=\"application\/ld+json\" class=\"yoast-schema-graph\">{\"@context\":\"https:\/\/schema.org\",\"@graph\":[{\"@type\":\"WebPage\",\"@id\":\"https:\/\/diariodalagoa.pt\/vila-de-agua-de-pau-recebe-corrida-urbana-de-bicicletas-3\/\",\"url\":\"https:\/\/diariodalagoa.pt\/vila-de-agua-de-pau-recebe-corrida-urbana-de-bicicletas-3\/\",\"name\":\"Vila de \u00c1gua de Pau recebe I Corrida urbana de bicicletas - Di\u00e1rio da Lagoa\",\"isPartOf\":{\"@id\":\"https:\/\/diariodalagoa.pt\/#website\"},\"datePublished\":\"2014-03-19T16:09:21+00:00\",\"dateModified\":\"2025-06-10T22:35:27+00:00\",\"author\":{\"@id\":\"https:\/\/diariodalagoa.pt\/#\/schema\/person\/1615a002370e8857b6f972834bc43ece\"},\"breadcrumb\":{\"@id\":\"https:\/\/diariodalagoa.pt\/vila-de-agua-de-pau-recebe-corrida-urbana-de-bicicletas-3\/#breadcrumb\"},\"inLanguage\":\"en-US\",\"potentialAction\":[{\"@type\":\"ReadAction\",\"target\":[\"https:\/\/diariodalagoa.pt\/vila-de-agua-de-pau-recebe-corrida-urbana-de-bicicletas-3\/\"]}]},{\"@type\":\"BreadcrumbList\",\"@id\":\"https:\/\/diariodalagoa.pt\/vila-de-agua-de-pau-recebe-corrida-urbana-de-bicicletas-3\/#breadcrumb\",\"itemListElement\":[{\"@type\":\"ListItem\",\"position\":1,\"name\":\"In\u00edcio\",\"item\":\"https:\/\/diariodalagoa.pt\/\"},{\"@type\":\"ListItem\",\"position\":2,\"name\":\"Vila de \u00c1gua de Pau recebe I Corrida urbana de bicicletas\"}]},{\"@type\":\"WebSite\",\"@id\":\"https:\/\/diariodalagoa.pt\/#website\",\"url\":\"https:\/\/diariodalagoa.pt\/\",\"name\":\"Di\u00e1rio da Lagoa\",\"description\":\"Di\u00e1rio da Lagoa. As not\u00edcias que contam. A partir da Lagoa, nos A\u00e7ores, para o mundo.\",\"potentialAction\":[{\"@type\":\"SearchAction\",\"target\":{\"@type\":\"EntryPoint\",\"urlTemplate\":\"https:\/\/diariodalagoa.pt\/?s={search_term_string}\"},\"query-input\":\"required name=search_term_string\"}],\"inLanguage\":\"en-US\"},{\"@type\":\"Person\",\"@id\":\"https:\/\/diariodalagoa.pt\/#\/schema\/person\/1615a002370e8857b6f972834bc43ece\",\"name\":\"Di\u00e1rio da Lagoa\",\"image\":{\"@type\":\"ImageObject\",\"inLanguage\":\"en-US\",\"@id\":\"https:\/\/diariodalagoa.pt\/#\/schema\/person\/image\/\",\"url\":\"https:\/\/secure.gravatar.com\/avatar\/2cb5cef90a26f8fbd4d9d930608102c5?s=96&d=mm&r=g\",\"contentUrl\":\"https:\/\/secure.gravatar.com\/avatar\/2cb5cef90a26f8fbd4d9d930608102c5?s=96&d=mm&r=g\",\"caption\":\"Di\u00e1rio da Lagoa\"},\"url\":\"https:\/\/diariodalagoa.pt\/en\/author\/diariodalagoa\/\"}]}<\/script>\n<!-- \/ Yoast SEO plugin. -->","yoast_head_json":{"title":"Vila de \u00c1gua de Pau recebe I Corrida urbana de bicicletas - Di\u00e1rio da Lagoa","robots":{"index":"index","follow":"follow","max-snippet":"max-snippet:-1","max-image-preview":"max-image-preview:large","max-video-preview":"max-video-preview:-1"},"canonical":"https:\/\/diariodalagoa.pt\/en\/vila-de-agua-de-pau-recebe-corrida-urbana-de-bicicletas-3\/","og_locale":"en_US","og_type":"article","og_title":"Vila de \u00c1gua de Pau recebe I Corrida urbana de bicicletas - Di\u00e1rio da Lagoa","og_description":"A Associa\u00e7\u00e3o de Eventos \u201cViva mais \u00c1gua de Pau\u201d vai organizar no pr\u00f3ximo dia 29 de mar\u00e7o, uma corrida urbana de bicicletas (BTT).\u00a0\u00a0 Trata-se de um evento que surge por iniciativa da associa\u00e7\u00e3o, uma vez que s\u00e3o muitas as pessoas que nos dias de hoje que optam por praticar exerc\u00edcio f\u00edsico atrav\u00e9s da bicicleta, sendo [&hellip;]","og_url":"https:\/\/diariodalagoa.pt\/en\/vila-de-agua-de-pau-recebe-corrida-urbana-de-bicicletas-3\/","og_site_name":"Di\u00e1rio da Lagoa","article_published_time":"2014-03-19T16:09:21+00:00","article_modified_time":"2025-06-10T22:35:27+00:00","og_image":[{"width":720,"height":415,"url":"https:\/\/diariodalagoa.pt\/wp-content\/uploads\/2014\/03\/corrida-urbana-bicicleta-agua-de-pau.jpg","type":"image\/jpeg"}],"author":"Di\u00e1rio da Lagoa","twitter_card":"summary_large_image","twitter_misc":{"Written by":"Di\u00e1rio da Lagoa","Est. reading time":"1 minute"},"schema":{"@context":"https:\/\/schema.org","@graph":[{"@type":"WebPage","@id":"https:\/\/diariodalagoa.pt\/vila-de-agua-de-pau-recebe-corrida-urbana-de-bicicletas-3\/","url":"https:\/\/diariodalagoa.pt\/vila-de-agua-de-pau-recebe-corrida-urbana-de-bicicletas-3\/","name":"Vila de \u00c1gua de Pau recebe I Corrida urbana de bicicletas - Di\u00e1rio da Lagoa","isPartOf":{"@id":"https:\/\/diariodalagoa.pt\/#website"},"datePublished":"2014-03-19T16:09:21+00:00","dateModified":"2025-06-10T22:35:27+00:00","author":{"@id":"https:\/\/diariodalagoa.pt\/#\/schema\/person\/1615a002370e8857b6f972834bc43ece"},"breadcrumb":{"@id":"https:\/\/diariodalagoa.pt\/vila-de-agua-de-pau-recebe-corrida-urbana-de-bicicletas-3\/#breadcrumb"},"inLanguage":"en-US","potentialAction":[{"@type":"ReadAction","target":["https:\/\/diariodalagoa.pt\/vila-de-agua-de-pau-recebe-corrida-urbana-de-bicicletas-3\/"]}]},{"@type":"BreadcrumbList","@id":"https:\/\/diariodalagoa.pt\/vila-de-agua-de-pau-recebe-corrida-urbana-de-bicicletas-3\/#breadcrumb","itemListElement":[{"@type":"ListItem","position":1,"name":"In\u00edcio","item":"https:\/\/diariodalagoa.pt\/"},{"@type":"ListItem","position":2,"name":"Vila de \u00c1gua de Pau recebe I Corrida urbana de bicicletas"}]},{"@type":"WebSite","@id":"https:\/\/diariodalagoa.pt\/#website","url":"https:\/\/diariodalagoa.pt\/","name":"Di\u00e1rio da Lagoa","description":"Di\u00e1rio da Lagoa. As not\u00edcias que contam. A partir da Lagoa, nos A\u00e7ores, para o mundo.","potentialAction":[{"@type":"SearchAction","target":{"@type":"EntryPoint","urlTemplate":"https:\/\/diariodalagoa.pt\/?s={search_term_string}"},"query-input":"required name=search_term_string"}],"inLanguage":"en-US"},{"@type":"Person","@id":"https:\/\/diariodalagoa.pt\/#\/schema\/person\/1615a002370e8857b6f972834bc43ece","name":"Di\u00e1rio da Lagoa","image":{"@type":"ImageObject","inLanguage":"en-US","@id":"https:\/\/diariodalagoa.pt\/#\/schema\/person\/image\/","url":"https:\/\/secure.gravatar.com\/avatar\/2cb5cef90a26f8fbd4d9d930608102c5?s=96&d=mm&r=g","contentUrl":"https:\/\/secure.gravatar.com\/avatar\/2cb5cef90a26f8fbd4d9d930608102c5?s=96&d=mm&r=g","caption":"Di\u00e1rio da Lagoa"},"url":"https:\/\/diariodalagoa.pt\/en\/author\/diariodalagoa\/"}]}},"_links":{"self":[{"href":"https:\/\/diariodalagoa.pt\/en\/wp-json\/wp\/v2\/posts\/2027"}],"collection":[{"href":"https:\/\/diariodalagoa.pt\/en\/wp-json\/wp\/v2\/posts"}],"about":[{"href":"https:\/\/diariodalagoa.pt\/en\/wp-json\/wp\/v2\/types\/post"}],"author":[{"embeddable":true,"href":"https:\/\/diariodalagoa.pt\/en\/wp-json\/wp\/v2\/users\/2"}],"replies":[{"embeddable":true,"href":"https:\/\/diariodalagoa.pt\/en\/wp-json\/wp\/v2\/comments?post=2027"}],"version-history":[{"count":1,"href":"https:\/\/diariodalagoa.pt\/en\/wp-json\/wp\/v2\/posts\/2027\/revisions"}],"predecessor-version":[{"id":152740,"href":"https:\/\/diariodalagoa.pt\/en\/wp-json\/wp\/v2\/posts\/2027\/revisions\/152740"}],"wp:featuredmedia":[{"embeddable":true,"href":"https:\/\/diariodalagoa.pt\/en\/wp-json\/wp\/v2\/media\/113446"}],"wp:attachment":[{"href":"https:\/\/diariodalagoa.pt\/en\/wp-json\/wp\/v2\/media?parent=2027"}],"wp:term":[{"taxonomy":"category","embeddable":true,"href":"https:\/\/diariodalagoa.pt\/en\/wp-json\/wp\/v2\/categories?post=2027"},{"taxonomy":"post_tag","embeddable":true,"href":"https:\/\/diariodalagoa.pt\/en\/wp-json\/wp\/v2\/tags?post=2027"}],"curies":[{"name":"wp","href":"https:\/\/api.w.org\/{rel}","templated":true}]}}