{"id":1731,"date":"2014-03-12T21:18:35","date_gmt":"2014-03-12T22:18:35","guid":{"rendered":"http:\/\/diariodalagoa.pt\/?p=1731"},"modified":"2014-03-12T21:18:35","modified_gmt":"2014-03-12T22:18:35","slug":"presidente-governo-dos-acores-defende-congregacao-de-vontades-para-vencer-desafios-turismo","status":"publish","type":"post","link":"https:\/\/diariodalagoa.pt\/en\/presidente-governo-dos-acores-defende-congregacao-de-vontades-para-vencer-desafios-turismo\/","title":{"rendered":"Presidente do Governo dos A\u00e7ores defende &#8220;congrega\u00e7\u00e3o de vontades&#8221; para vencer desafios do Turismo"},"content":{"rendered":"<div id=\"attachment_1732\" style=\"width: 730px\" class=\"wp-caption alignnone\"><a href=\"http:\/\/diariodalagoa.pt\/wp-content\/uploads\/2014\/03\/2212.jpg\"><img aria-describedby=\"caption-attachment-1732\" decoding=\"async\" class=\"size-full wp-image-1732\" alt=\"(c) Gacs\" src=\"http:\/\/diariodalagoa.pt\/wp-content\/uploads\/2014\/03\/2212.jpg\" width=\"720\" height=\"376\" \/><\/a><p id=\"caption-attachment-1732\" class=\"wp-caption-text\">(c) Gacs<\/p><\/div>\n<p style=\"text-align: justify;\"><span style=\"line-height: 1.5em; color: #000000;\">O Presidente do Governo visitou o Pavilh\u00e3o dos A\u00e7ores na BTL &#8211; Feira Internacional de Turismo de Lisboa, onde\u00a0defendeu a continua\u00e7\u00e3o da uni\u00e3o de esfor\u00e7os entre entidades p\u00fablicas e empres\u00e1rios privados com vista a vencer os desafios deste setor.<\/span><\/p>\n<p style=\"text-align: justify;\"><span style=\"color: #000000;\">Ap\u00f3s ter visitado todo o Pavilh\u00e3o dos A\u00e7ores, regi\u00e3o nacional convidada da edi\u00e7\u00e3o deste ano da BTL, e contactado com os empres\u00e1rios presentes no certame, o Presidente do Governo salientou que a melhor forma para vencer estes desafios passa por um grande esfor\u00e7o de uni\u00e3o e de congrega\u00e7\u00e3o de vontades entre as entidades p\u00fablicas e privadas.\u00a0<\/span><\/p>\n<p style=\"text-align: justify;\"><span style=\"color: #000000;\">Em declara\u00e7\u00f5es aos jornalistas, Vasco Cordeiro recordou ainda que o Turismo dos A\u00e7ores cresceu, em 2013, mais de 10 por cento, uma evolu\u00e7\u00e3o significativa mas que ainda n\u00e3o permitiu que o setor igualasse os n\u00fameros do melhor ano de sempre na Regi\u00e3o.\u00a0<\/span><\/p>\n<p style=\"text-align: justify;\"><span style=\"color: #000000;\">Para o Presidente do Governo, este crescimento permite antever que \u201cestamos numa nova fase do Turismo nos A\u00e7ores\u201d,\u00a0apontando dados relevantes para essa leitura, como, por exemplo, a diversifica\u00e7\u00e3o dos mercados com a consequente redu\u00e7\u00e3o da excessiva depend\u00eancia do mercado nacional.\u00a0<\/span><\/p>\n<p style=\"text-align: justify;\"><span style=\"color: #000000;\">O\u00a0Governo dos A\u00e7ores, frisou,\u00a0espera tamb\u00e9m que a melhoria da situa\u00e7\u00e3o econ\u00f3mica e financeira do pa\u00eds se possa traduzir, tamb\u00e9m a esse n\u00edvel, numa maior aptid\u00e3o dos turistas nacionais para viajar.\u00a0<\/span><\/p>\n<p style=\"text-align: justify;\"><span style=\"color: #000000;\">Vasco Cordeiro considerou excelente o Pavilh\u00e3o dos A\u00e7ores na BTL, com uma \u00e1rea de 720 metros quadrados,\u00a0salientando que\u00a0interpreta bem um dos temas do certame \u2013 a sustentabilidade &#8211; e faz uso de materiais dos A\u00e7ores, como a criptom\u00e9ria e o basalto.<\/span><\/p>\n<p style=\"text-align: justify;\"><span style=\"color: #000000;\"><em>DL\/GaCS<\/em><\/span><\/p>","protected":false},"excerpt":{"rendered":"<p>O Presidente do Governo visitou o Pavilh\u00e3o dos A\u00e7ores na BTL &#8211; Feira Internacional de Turismo de Lisboa, onde\u00a0defendeu a continua\u00e7\u00e3o da uni\u00e3o de esfor\u00e7os entre entidades p\u00fablicas e empres\u00e1rios privados com vista a vencer os desafios deste setor. Ap\u00f3s ter visitado todo o Pavilh\u00e3o dos A\u00e7ores, regi\u00e3o nacional convidada da edi\u00e7\u00e3o deste ano da [&hellip;]<\/p>","protected":false},"author":2,"featured_media":122082,"comment_status":"open","ping_status":"open","sticky":false,"template":"","format":"standard","meta":[],"categories":[21],"tags":[],"acf":[],"yoast_head":"<!-- This site is optimized with the Yoast SEO plugin v20.10 - https:\/\/yoast.com\/wordpress\/plugins\/seo\/ -->\n<title>Presidente do Governo dos A\u00e7ores defende &quot;congrega\u00e7\u00e3o de vontades&quot; para vencer desafios do Turismo - Di\u00e1rio da Lagoa<\/title>\n<meta name=\"robots\" content=\"index, follow, max-snippet:-1, max-image-preview:large, max-video-preview:-1\" \/>\n<link rel=\"canonical\" href=\"https:\/\/diariodalagoa.pt\/en\/presidente-governo-dos-acores-defende-congregacao-de-vontades-para-vencer-desafios-turismo\/\" \/>\n<meta property=\"og:locale\" content=\"en_US\" \/>\n<meta property=\"og:type\" content=\"article\" \/>\n<meta property=\"og:title\" content=\"Presidente do Governo dos A\u00e7ores defende &quot;congrega\u00e7\u00e3o de vontades&quot; para vencer desafios do Turismo - Di\u00e1rio da Lagoa\" \/>\n<meta property=\"og:description\" content=\"O Presidente do Governo visitou o Pavilh\u00e3o dos A\u00e7ores na BTL &#8211; Feira Internacional de Turismo de Lisboa, onde\u00a0defendeu a continua\u00e7\u00e3o da uni\u00e3o de esfor\u00e7os entre entidades p\u00fablicas e empres\u00e1rios privados com vista a vencer os desafios deste setor. Ap\u00f3s ter visitado todo o Pavilh\u00e3o dos A\u00e7ores, regi\u00e3o nacional convidada da edi\u00e7\u00e3o deste ano da [&hellip;]\" \/>\n<meta property=\"og:url\" content=\"https:\/\/diariodalagoa.pt\/en\/presidente-governo-dos-acores-defende-congregacao-de-vontades-para-vencer-desafios-turismo\/\" \/>\n<meta property=\"og:site_name\" content=\"Di\u00e1rio da Lagoa\" \/>\n<meta property=\"article:published_time\" content=\"2014-03-12T22:18:35+00:00\" \/>\n<meta property=\"og:image\" content=\"https:\/\/diariodalagoa.pt\/wp-content\/uploads\/2014\/03\/2212.jpg\" \/>\n\t<meta property=\"og:image:width\" content=\"720\" \/>\n\t<meta property=\"og:image:height\" content=\"376\" \/>\n\t<meta property=\"og:image:type\" content=\"image\/jpeg\" \/>\n<meta name=\"author\" content=\"Di\u00e1rio da Lagoa\" \/>\n<meta name=\"twitter:card\" content=\"summary_large_image\" \/>\n<meta name=\"twitter:label1\" content=\"Written by\" \/>\n\t<meta name=\"twitter:data1\" content=\"Di\u00e1rio da Lagoa\" \/>\n\t<meta name=\"twitter:label2\" content=\"Est. reading time\" \/>\n\t<meta name=\"twitter:data2\" content=\"2 minutes\" \/>\n<script type=\"application\/ld+json\" class=\"yoast-schema-graph\">{\"@context\":\"https:\/\/schema.org\",\"@graph\":[{\"@type\":\"WebPage\",\"@id\":\"https:\/\/diariodalagoa.pt\/presidente-governo-dos-acores-defende-congregacao-de-vontades-para-vencer-desafios-turismo\/\",\"url\":\"https:\/\/diariodalagoa.pt\/presidente-governo-dos-acores-defende-congregacao-de-vontades-para-vencer-desafios-turismo\/\",\"name\":\"Presidente do Governo dos A\u00e7ores defende \\\"congrega\u00e7\u00e3o de vontades\\\" para vencer desafios do Turismo - Di\u00e1rio da Lagoa\",\"isPartOf\":{\"@id\":\"https:\/\/diariodalagoa.pt\/#website\"},\"datePublished\":\"2014-03-12T22:18:35+00:00\",\"dateModified\":\"2014-03-12T22:18:35+00:00\",\"author\":{\"@id\":\"https:\/\/diariodalagoa.pt\/#\/schema\/person\/1615a002370e8857b6f972834bc43ece\"},\"breadcrumb\":{\"@id\":\"https:\/\/diariodalagoa.pt\/presidente-governo-dos-acores-defende-congregacao-de-vontades-para-vencer-desafios-turismo\/#breadcrumb\"},\"inLanguage\":\"en-US\",\"potentialAction\":[{\"@type\":\"ReadAction\",\"target\":[\"https:\/\/diariodalagoa.pt\/presidente-governo-dos-acores-defende-congregacao-de-vontades-para-vencer-desafios-turismo\/\"]}]},{\"@type\":\"BreadcrumbList\",\"@id\":\"https:\/\/diariodalagoa.pt\/presidente-governo-dos-acores-defende-congregacao-de-vontades-para-vencer-desafios-turismo\/#breadcrumb\",\"itemListElement\":[{\"@type\":\"ListItem\",\"position\":1,\"name\":\"In\u00edcio\",\"item\":\"https:\/\/diariodalagoa.pt\/\"},{\"@type\":\"ListItem\",\"position\":2,\"name\":\"Presidente do Governo dos A\u00e7ores defende &#8220;congrega\u00e7\u00e3o de vontades&#8221; para vencer desafios do Turismo\"}]},{\"@type\":\"WebSite\",\"@id\":\"https:\/\/diariodalagoa.pt\/#website\",\"url\":\"https:\/\/diariodalagoa.pt\/\",\"name\":\"Di\u00e1rio da Lagoa\",\"description\":\"Di\u00e1rio da Lagoa. As not\u00edcias que contam. A partir da Lagoa, nos A\u00e7ores, para o mundo.\",\"potentialAction\":[{\"@type\":\"SearchAction\",\"target\":{\"@type\":\"EntryPoint\",\"urlTemplate\":\"https:\/\/diariodalagoa.pt\/?s={search_term_string}\"},\"query-input\":\"required name=search_term_string\"}],\"inLanguage\":\"en-US\"},{\"@type\":\"Person\",\"@id\":\"https:\/\/diariodalagoa.pt\/#\/schema\/person\/1615a002370e8857b6f972834bc43ece\",\"name\":\"Di\u00e1rio da Lagoa\",\"image\":{\"@type\":\"ImageObject\",\"inLanguage\":\"en-US\",\"@id\":\"https:\/\/diariodalagoa.pt\/#\/schema\/person\/image\/\",\"url\":\"https:\/\/secure.gravatar.com\/avatar\/2cb5cef90a26f8fbd4d9d930608102c5?s=96&d=mm&r=g\",\"contentUrl\":\"https:\/\/secure.gravatar.com\/avatar\/2cb5cef90a26f8fbd4d9d930608102c5?s=96&d=mm&r=g\",\"caption\":\"Di\u00e1rio da Lagoa\"},\"url\":\"https:\/\/diariodalagoa.pt\/en\/author\/diariodalagoa\/\"}]}<\/script>\n<!-- \/ Yoast SEO plugin. -->","yoast_head_json":{"title":"Presidente do Governo dos A\u00e7ores defende \"congrega\u00e7\u00e3o de vontades\" para vencer desafios do Turismo - Di\u00e1rio da Lagoa","robots":{"index":"index","follow":"follow","max-snippet":"max-snippet:-1","max-image-preview":"max-image-preview:large","max-video-preview":"max-video-preview:-1"},"canonical":"https:\/\/diariodalagoa.pt\/en\/presidente-governo-dos-acores-defende-congregacao-de-vontades-para-vencer-desafios-turismo\/","og_locale":"en_US","og_type":"article","og_title":"Presidente do Governo dos A\u00e7ores defende \"congrega\u00e7\u00e3o de vontades\" para vencer desafios do Turismo - Di\u00e1rio da Lagoa","og_description":"O Presidente do Governo visitou o Pavilh\u00e3o dos A\u00e7ores na BTL &#8211; Feira Internacional de Turismo de Lisboa, onde\u00a0defendeu a continua\u00e7\u00e3o da uni\u00e3o de esfor\u00e7os entre entidades p\u00fablicas e empres\u00e1rios privados com vista a vencer os desafios deste setor. Ap\u00f3s ter visitado todo o Pavilh\u00e3o dos A\u00e7ores, regi\u00e3o nacional convidada da edi\u00e7\u00e3o deste ano da [&hellip;]","og_url":"https:\/\/diariodalagoa.pt\/en\/presidente-governo-dos-acores-defende-congregacao-de-vontades-para-vencer-desafios-turismo\/","og_site_name":"Di\u00e1rio da Lagoa","article_published_time":"2014-03-12T22:18:35+00:00","og_image":[{"width":720,"height":376,"url":"https:\/\/diariodalagoa.pt\/wp-content\/uploads\/2014\/03\/2212.jpg","type":"image\/jpeg"}],"author":"Di\u00e1rio da Lagoa","twitter_card":"summary_large_image","twitter_misc":{"Written by":"Di\u00e1rio da Lagoa","Est. reading time":"2 minutes"},"schema":{"@context":"https:\/\/schema.org","@graph":[{"@type":"WebPage","@id":"https:\/\/diariodalagoa.pt\/presidente-governo-dos-acores-defende-congregacao-de-vontades-para-vencer-desafios-turismo\/","url":"https:\/\/diariodalagoa.pt\/presidente-governo-dos-acores-defende-congregacao-de-vontades-para-vencer-desafios-turismo\/","name":"Presidente do Governo dos A\u00e7ores defende \"congrega\u00e7\u00e3o de vontades\" para vencer desafios do Turismo - Di\u00e1rio da Lagoa","isPartOf":{"@id":"https:\/\/diariodalagoa.pt\/#website"},"datePublished":"2014-03-12T22:18:35+00:00","dateModified":"2014-03-12T22:18:35+00:00","author":{"@id":"https:\/\/diariodalagoa.pt\/#\/schema\/person\/1615a002370e8857b6f972834bc43ece"},"breadcrumb":{"@id":"https:\/\/diariodalagoa.pt\/presidente-governo-dos-acores-defende-congregacao-de-vontades-para-vencer-desafios-turismo\/#breadcrumb"},"inLanguage":"en-US","potentialAction":[{"@type":"ReadAction","target":["https:\/\/diariodalagoa.pt\/presidente-governo-dos-acores-defende-congregacao-de-vontades-para-vencer-desafios-turismo\/"]}]},{"@type":"BreadcrumbList","@id":"https:\/\/diariodalagoa.pt\/presidente-governo-dos-acores-defende-congregacao-de-vontades-para-vencer-desafios-turismo\/#breadcrumb","itemListElement":[{"@type":"ListItem","position":1,"name":"In\u00edcio","item":"https:\/\/diariodalagoa.pt\/"},{"@type":"ListItem","position":2,"name":"Presidente do Governo dos A\u00e7ores defende &#8220;congrega\u00e7\u00e3o de vontades&#8221; para vencer desafios do Turismo"}]},{"@type":"WebSite","@id":"https:\/\/diariodalagoa.pt\/#website","url":"https:\/\/diariodalagoa.pt\/","name":"Di\u00e1rio da Lagoa","description":"Di\u00e1rio da Lagoa. As not\u00edcias que contam. A partir da Lagoa, nos A\u00e7ores, para o mundo.","potentialAction":[{"@type":"SearchAction","target":{"@type":"EntryPoint","urlTemplate":"https:\/\/diariodalagoa.pt\/?s={search_term_string}"},"query-input":"required name=search_term_string"}],"inLanguage":"en-US"},{"@type":"Person","@id":"https:\/\/diariodalagoa.pt\/#\/schema\/person\/1615a002370e8857b6f972834bc43ece","name":"Di\u00e1rio da Lagoa","image":{"@type":"ImageObject","inLanguage":"en-US","@id":"https:\/\/diariodalagoa.pt\/#\/schema\/person\/image\/","url":"https:\/\/secure.gravatar.com\/avatar\/2cb5cef90a26f8fbd4d9d930608102c5?s=96&d=mm&r=g","contentUrl":"https:\/\/secure.gravatar.com\/avatar\/2cb5cef90a26f8fbd4d9d930608102c5?s=96&d=mm&r=g","caption":"Di\u00e1rio da Lagoa"},"url":"https:\/\/diariodalagoa.pt\/en\/author\/diariodalagoa\/"}]}},"_links":{"self":[{"href":"https:\/\/diariodalagoa.pt\/en\/wp-json\/wp\/v2\/posts\/1731"}],"collection":[{"href":"https:\/\/diariodalagoa.pt\/en\/wp-json\/wp\/v2\/posts"}],"about":[{"href":"https:\/\/diariodalagoa.pt\/en\/wp-json\/wp\/v2\/types\/post"}],"author":[{"embeddable":true,"href":"https:\/\/diariodalagoa.pt\/en\/wp-json\/wp\/v2\/users\/2"}],"replies":[{"embeddable":true,"href":"https:\/\/diariodalagoa.pt\/en\/wp-json\/wp\/v2\/comments?post=1731"}],"version-history":[{"count":0,"href":"https:\/\/diariodalagoa.pt\/en\/wp-json\/wp\/v2\/posts\/1731\/revisions"}],"wp:featuredmedia":[{"embeddable":true,"href":"https:\/\/diariodalagoa.pt\/en\/wp-json\/wp\/v2\/media\/122082"}],"wp:attachment":[{"href":"https:\/\/diariodalagoa.pt\/en\/wp-json\/wp\/v2\/media?parent=1731"}],"wp:term":[{"taxonomy":"category","embeddable":true,"href":"https:\/\/diariodalagoa.pt\/en\/wp-json\/wp\/v2\/categories?post=1731"},{"taxonomy":"post_tag","embeddable":true,"href":"https:\/\/diariodalagoa.pt\/en\/wp-json\/wp\/v2\/tags?post=1731"}],"curies":[{"name":"wp","href":"https:\/\/api.w.org\/{rel}","templated":true}]}}