{"id":163612,"date":"2026-05-02T10:45:23","date_gmt":"2026-05-02T10:45:23","guid":{"rendered":"https:\/\/diariodalagoa.pt\/?p=163612"},"modified":"2026-05-02T10:47:14","modified_gmt":"2026-05-02T10:47:14","slug":"psd-lagoa-propoe-que-familias-possam-comprar-casas-municipais-apos-dez-anos-de-residencia","status":"publish","type":"post","link":"https:\/\/diariodalagoa.pt\/en\/psd-lagoa-propoe-que-familias-possam-comprar-casas-municipais-apos-dez-anos-de-residencia\/","title":{"rendered":"PSD Lagoa prop\u00f5e que fam\u00edlias possam comprar casas municipais ap\u00f3s dez anos de resid\u00eancia"},"content":{"rendered":"<h3 class=\"wp-block-heading\">O vereador R\u00faben Cabral defende que a medida promove a autonomia e estabilidade dos agregados familiares, sugerindo que as receitas da venda sejam reinvestidas na cria\u00e7\u00e3o de novos fogos e na requalifica\u00e7\u00e3o do parque habitacional do concelho<\/h3>\n\n\n\n<figure class=\"wp-block-image size-full\"><img decoding=\"async\" width=\"960\" height=\"639\" src=\"https:\/\/diariodalagoa.pt\/wp-content\/uploads\/2026\/05\/ruben-cabral-psd-acores.jpeg\" alt=\"\" class=\"wp-image-163613\" srcset=\"https:\/\/diariodalagoa.pt\/wp-content\/uploads\/2026\/05\/ruben-cabral-psd-acores.jpeg 960w, https:\/\/diariodalagoa.pt\/wp-content\/uploads\/2026\/05\/ruben-cabral-psd-acores-300x200.jpeg 300w, https:\/\/diariodalagoa.pt\/wp-content\/uploads\/2026\/05\/ruben-cabral-psd-acores-768x511.jpeg 768w, https:\/\/diariodalagoa.pt\/wp-content\/uploads\/2026\/05\/ruben-cabral-psd-acores-18x12.jpeg 18w\" sizes=\"(max-width: 960px) 100vw, 960px\" \/><figcaption class=\"wp-element-caption\"><sup><mark style=\"background-color:rgba(0, 0, 0, 0)\" class=\"has-inline-color has-cyan-bluish-gray-color\">\u00a9 PSD A\u00c7ORES<\/mark><\/sup><\/figcaption><\/figure>\n\n\n\n<p>O PSD da Lagoa apresentou uma proposta que visa permitir aos residentes de habita\u00e7\u00f5es municipais a aquisi\u00e7\u00e3o dos im\u00f3veis onde habitam, desde que neles residam h\u00e1 pelo menos dez anos. De acordo com uma nota de imprensa enviada pela concelhia do partido, a recomenda\u00e7\u00e3o pretende refor\u00e7ar a estabilidade das fam\u00edlias lagoenses e garantir uma maior autonomia face \u00e0s decis\u00f5es do poder pol\u00edtico, sem descurar o interesse p\u00fablico. <\/p>\n\n\n\n<p>O vereador social-democrata na C\u00e2mara Municipal da Lagoa, R\u00faben Cabral, justifica a iniciativa sublinhando que &#8220;deve permitir-se, a quem vive durante largos anos numa habita\u00e7\u00e3o municipal, a compra da mesma, constituindo essa op\u00e7\u00e3o uma medida equilibrada, que reconhece o percurso das fam\u00edlias e contribui para a sua emancipa\u00e7\u00e3o e seguran\u00e7a habitacional&#8221;.<\/p>\n\n\n\n<p>A proposta detalhada pelo partido salvaguarda a sustentabilidade do parque habitacional do concelho, prevendo que os montantes realizados com a eventual aliena\u00e7\u00e3o destes im\u00f3veis n\u00e3o sejam dispersos noutras \u00e1reas da gest\u00e3o aut\u00e1rquica. Em vez disso, o PSD defende que as receitas &#8220;sejam integralmente reinvestidas na requalifica\u00e7\u00e3o, amplia\u00e7\u00e3o e cria\u00e7\u00e3o de novas solu\u00e7\u00f5es de habita\u00e7\u00e3o p\u00fablica no concelho&#8221;. <\/p>\n\n\n\n<p>Para R\u00faben Cabral, esta abordagem permite conciliar a justi\u00e7a social com uma gest\u00e3o respons\u00e1vel do patrim\u00f3nio p\u00fablico, resultando numa &#8220;pol\u00edtica de habita\u00e7\u00e3o mais acess\u00edvel, mais justa e orientada para as pessoas&#8221;. Com esta medida de proximidade, os social-democratas pretendem responder \u00e0s necessidades das fam\u00edlias que, ap\u00f3s uma d\u00e9cada de perman\u00eancia num im\u00f3vel municipal, procuram a seguran\u00e7a da propriedade plena, garantindo simultaneamente a renova\u00e7\u00e3o da oferta de habita\u00e7\u00e3o p\u00fablica para futuros benefici\u00e1rios na Lagoa.<\/p>","protected":false},"excerpt":{"rendered":"<p>Vereador R\u00faben Cabral defende que a medida promove a autonomia e estabilidade dos agregados familiares, sugerindo que as receitas da venda sejam reinvestidas na cria\u00e7\u00e3o de novos fogos e na requalifica\u00e7\u00e3o do parque habitacional do concelho.<\/p>","protected":false},"author":2,"featured_media":163613,"comment_status":"open","ping_status":"closed","sticky":false,"template":"","format":"standard","meta":[],"categories":[21],"tags":[5052,5053,34,1027,1046,2227,3184,4556],"acf":[],"yoast_head":"<!-- This site is optimized with the Yoast SEO plugin v20.10 - https:\/\/yoast.com\/wordpress\/plugins\/seo\/ -->\n<title>PSD Lagoa prop\u00f5e que fam\u00edlias possam comprar casas municipais ap\u00f3s dez anos de resid\u00eancia - Di\u00e1rio da Lagoa<\/title>\n<meta name=\"description\" content=\"Vereador R\u00faben Cabral defende que a medida promove a autonomia e estabilidade dos agregados familiares, sugerindo que as receitas da venda sejam reinvestidas na cria\u00e7\u00e3o de novos fogos e na requalifica\u00e7\u00e3o do parque habitacional do concelho.\" \/>\n<meta name=\"robots\" content=\"index, follow, max-snippet:-1, max-image-preview:large, max-video-preview:-1\" \/>\n<link rel=\"canonical\" href=\"https:\/\/diariodalagoa.pt\/en\/psd-lagoa-propoe-que-familias-possam-comprar-casas-municipais-apos-dez-anos-de-residencia\/\" \/>\n<meta property=\"og:locale\" content=\"en_US\" \/>\n<meta property=\"og:type\" content=\"article\" \/>\n<meta property=\"og:title\" content=\"PSD Lagoa prop\u00f5e que fam\u00edlias possam comprar casas municipais ap\u00f3s dez anos de resid\u00eancia - Di\u00e1rio da Lagoa\" \/>\n<meta property=\"og:description\" content=\"Vereador R\u00faben Cabral defende que a medida promove a autonomia e estabilidade dos agregados familiares, sugerindo que as receitas da venda sejam reinvestidas na cria\u00e7\u00e3o de novos fogos e na requalifica\u00e7\u00e3o do parque habitacional do concelho.\" \/>\n<meta property=\"og:url\" content=\"https:\/\/diariodalagoa.pt\/en\/psd-lagoa-propoe-que-familias-possam-comprar-casas-municipais-apos-dez-anos-de-residencia\/\" \/>\n<meta property=\"og:site_name\" content=\"Di\u00e1rio da Lagoa\" \/>\n<meta property=\"article:published_time\" content=\"2026-05-02T10:45:23+00:00\" \/>\n<meta property=\"article:modified_time\" content=\"2026-05-02T10:47:14+00:00\" \/>\n<meta property=\"og:image\" content=\"https:\/\/diariodalagoa.pt\/wp-content\/uploads\/2026\/05\/ruben-cabral-psd-acores.jpeg\" \/>\n\t<meta property=\"og:image:width\" content=\"960\" \/>\n\t<meta property=\"og:image:height\" content=\"639\" \/>\n\t<meta property=\"og:image:type\" content=\"image\/jpeg\" \/>\n<meta name=\"author\" content=\"Di\u00e1rio da Lagoa\" \/>\n<meta name=\"twitter:card\" content=\"summary_large_image\" \/>\n<meta name=\"twitter:label1\" content=\"Written by\" \/>\n\t<meta name=\"twitter:data1\" content=\"Di\u00e1rio da Lagoa\" \/>\n\t<meta name=\"twitter:label2\" content=\"Est. reading time\" \/>\n\t<meta name=\"twitter:data2\" content=\"2 minutes\" \/>\n<script type=\"application\/ld+json\" class=\"yoast-schema-graph\">{\"@context\":\"https:\/\/schema.org\",\"@graph\":[{\"@type\":\"WebPage\",\"@id\":\"https:\/\/diariodalagoa.pt\/psd-lagoa-propoe-que-familias-possam-comprar-casas-municipais-apos-dez-anos-de-residencia\/\",\"url\":\"https:\/\/diariodalagoa.pt\/psd-lagoa-propoe-que-familias-possam-comprar-casas-municipais-apos-dez-anos-de-residencia\/\",\"name\":\"PSD Lagoa prop\u00f5e que fam\u00edlias possam comprar casas municipais ap\u00f3s dez anos de resid\u00eancia - Di\u00e1rio da Lagoa\",\"isPartOf\":{\"@id\":\"https:\/\/diariodalagoa.pt\/#website\"},\"datePublished\":\"2026-05-02T10:45:23+00:00\",\"dateModified\":\"2026-05-02T10:47:14+00:00\",\"author\":{\"@id\":\"https:\/\/diariodalagoa.pt\/#\/schema\/person\/1615a002370e8857b6f972834bc43ece\"},\"description\":\"Vereador R\u00faben Cabral defende que a medida promove a autonomia e estabilidade dos agregados familiares, sugerindo que as receitas da venda sejam reinvestidas na cria\u00e7\u00e3o de novos fogos e na requalifica\u00e7\u00e3o do parque habitacional do concelho.\",\"breadcrumb\":{\"@id\":\"https:\/\/diariodalagoa.pt\/psd-lagoa-propoe-que-familias-possam-comprar-casas-municipais-apos-dez-anos-de-residencia\/#breadcrumb\"},\"inLanguage\":\"en-US\",\"potentialAction\":[{\"@type\":\"ReadAction\",\"target\":[\"https:\/\/diariodalagoa.pt\/psd-lagoa-propoe-que-familias-possam-comprar-casas-municipais-apos-dez-anos-de-residencia\/\"]}]},{\"@type\":\"BreadcrumbList\",\"@id\":\"https:\/\/diariodalagoa.pt\/psd-lagoa-propoe-que-familias-possam-comprar-casas-municipais-apos-dez-anos-de-residencia\/#breadcrumb\",\"itemListElement\":[{\"@type\":\"ListItem\",\"position\":1,\"name\":\"In\u00edcio\",\"item\":\"https:\/\/diariodalagoa.pt\/\"},{\"@type\":\"ListItem\",\"position\":2,\"name\":\"PSD Lagoa prop\u00f5e que fam\u00edlias possam comprar casas municipais ap\u00f3s dez anos de resid\u00eancia\"}]},{\"@type\":\"WebSite\",\"@id\":\"https:\/\/diariodalagoa.pt\/#website\",\"url\":\"https:\/\/diariodalagoa.pt\/\",\"name\":\"Di\u00e1rio da Lagoa\",\"description\":\"Di\u00e1rio da Lagoa. As not\u00edcias que contam. A partir da Lagoa, nos A\u00e7ores, para o mundo.\",\"potentialAction\":[{\"@type\":\"SearchAction\",\"target\":{\"@type\":\"EntryPoint\",\"urlTemplate\":\"https:\/\/diariodalagoa.pt\/?s={search_term_string}\"},\"query-input\":\"required name=search_term_string\"}],\"inLanguage\":\"en-US\"},{\"@type\":\"Person\",\"@id\":\"https:\/\/diariodalagoa.pt\/#\/schema\/person\/1615a002370e8857b6f972834bc43ece\",\"name\":\"Di\u00e1rio da Lagoa\",\"image\":{\"@type\":\"ImageObject\",\"inLanguage\":\"en-US\",\"@id\":\"https:\/\/diariodalagoa.pt\/#\/schema\/person\/image\/\",\"url\":\"https:\/\/secure.gravatar.com\/avatar\/2cb5cef90a26f8fbd4d9d930608102c5?s=96&d=mm&r=g\",\"contentUrl\":\"https:\/\/secure.gravatar.com\/avatar\/2cb5cef90a26f8fbd4d9d930608102c5?s=96&d=mm&r=g\",\"caption\":\"Di\u00e1rio da Lagoa\"},\"url\":\"https:\/\/diariodalagoa.pt\/en\/author\/diariodalagoa\/\"}]}<\/script>\n<!-- \/ Yoast SEO plugin. -->","yoast_head_json":{"title":"PSD Lagoa prop\u00f5e que fam\u00edlias possam comprar casas municipais ap\u00f3s dez anos de resid\u00eancia - Di\u00e1rio da Lagoa","description":"Vereador R\u00faben Cabral defende que a medida promove a autonomia e estabilidade dos agregados familiares, sugerindo que as receitas da venda sejam reinvestidas na cria\u00e7\u00e3o de novos fogos e na requalifica\u00e7\u00e3o do parque habitacional do concelho.","robots":{"index":"index","follow":"follow","max-snippet":"max-snippet:-1","max-image-preview":"max-image-preview:large","max-video-preview":"max-video-preview:-1"},"canonical":"https:\/\/diariodalagoa.pt\/en\/psd-lagoa-propoe-que-familias-possam-comprar-casas-municipais-apos-dez-anos-de-residencia\/","og_locale":"en_US","og_type":"article","og_title":"PSD Lagoa prop\u00f5e que fam\u00edlias possam comprar casas municipais ap\u00f3s dez anos de resid\u00eancia - Di\u00e1rio da Lagoa","og_description":"Vereador R\u00faben Cabral defende que a medida promove a autonomia e estabilidade dos agregados familiares, sugerindo que as receitas da venda sejam reinvestidas na cria\u00e7\u00e3o de novos fogos e na requalifica\u00e7\u00e3o do parque habitacional do concelho.","og_url":"https:\/\/diariodalagoa.pt\/en\/psd-lagoa-propoe-que-familias-possam-comprar-casas-municipais-apos-dez-anos-de-residencia\/","og_site_name":"Di\u00e1rio da Lagoa","article_published_time":"2026-05-02T10:45:23+00:00","article_modified_time":"2026-05-02T10:47:14+00:00","og_image":[{"width":960,"height":639,"url":"https:\/\/diariodalagoa.pt\/wp-content\/uploads\/2026\/05\/ruben-cabral-psd-acores.jpeg","type":"image\/jpeg"}],"author":"Di\u00e1rio da Lagoa","twitter_card":"summary_large_image","twitter_misc":{"Written by":"Di\u00e1rio da Lagoa","Est. reading time":"2 minutes"},"schema":{"@context":"https:\/\/schema.org","@graph":[{"@type":"WebPage","@id":"https:\/\/diariodalagoa.pt\/psd-lagoa-propoe-que-familias-possam-comprar-casas-municipais-apos-dez-anos-de-residencia\/","url":"https:\/\/diariodalagoa.pt\/psd-lagoa-propoe-que-familias-possam-comprar-casas-municipais-apos-dez-anos-de-residencia\/","name":"PSD Lagoa prop\u00f5e que fam\u00edlias possam comprar casas municipais ap\u00f3s dez anos de resid\u00eancia - Di\u00e1rio da Lagoa","isPartOf":{"@id":"https:\/\/diariodalagoa.pt\/#website"},"datePublished":"2026-05-02T10:45:23+00:00","dateModified":"2026-05-02T10:47:14+00:00","author":{"@id":"https:\/\/diariodalagoa.pt\/#\/schema\/person\/1615a002370e8857b6f972834bc43ece"},"description":"Vereador R\u00faben Cabral defende que a medida promove a autonomia e estabilidade dos agregados familiares, sugerindo que as receitas da venda sejam reinvestidas na cria\u00e7\u00e3o de novos fogos e na requalifica\u00e7\u00e3o do parque habitacional do concelho.","breadcrumb":{"@id":"https:\/\/diariodalagoa.pt\/psd-lagoa-propoe-que-familias-possam-comprar-casas-municipais-apos-dez-anos-de-residencia\/#breadcrumb"},"inLanguage":"en-US","potentialAction":[{"@type":"ReadAction","target":["https:\/\/diariodalagoa.pt\/psd-lagoa-propoe-que-familias-possam-comprar-casas-municipais-apos-dez-anos-de-residencia\/"]}]},{"@type":"BreadcrumbList","@id":"https:\/\/diariodalagoa.pt\/psd-lagoa-propoe-que-familias-possam-comprar-casas-municipais-apos-dez-anos-de-residencia\/#breadcrumb","itemListElement":[{"@type":"ListItem","position":1,"name":"In\u00edcio","item":"https:\/\/diariodalagoa.pt\/"},{"@type":"ListItem","position":2,"name":"PSD Lagoa prop\u00f5e que fam\u00edlias possam comprar casas municipais ap\u00f3s dez anos de resid\u00eancia"}]},{"@type":"WebSite","@id":"https:\/\/diariodalagoa.pt\/#website","url":"https:\/\/diariodalagoa.pt\/","name":"Di\u00e1rio da Lagoa","description":"Di\u00e1rio da Lagoa. As not\u00edcias que contam. A partir da Lagoa, nos A\u00e7ores, para o mundo.","potentialAction":[{"@type":"SearchAction","target":{"@type":"EntryPoint","urlTemplate":"https:\/\/diariodalagoa.pt\/?s={search_term_string}"},"query-input":"required name=search_term_string"}],"inLanguage":"en-US"},{"@type":"Person","@id":"https:\/\/diariodalagoa.pt\/#\/schema\/person\/1615a002370e8857b6f972834bc43ece","name":"Di\u00e1rio da Lagoa","image":{"@type":"ImageObject","inLanguage":"en-US","@id":"https:\/\/diariodalagoa.pt\/#\/schema\/person\/image\/","url":"https:\/\/secure.gravatar.com\/avatar\/2cb5cef90a26f8fbd4d9d930608102c5?s=96&d=mm&r=g","contentUrl":"https:\/\/secure.gravatar.com\/avatar\/2cb5cef90a26f8fbd4d9d930608102c5?s=96&d=mm&r=g","caption":"Di\u00e1rio da Lagoa"},"url":"https:\/\/diariodalagoa.pt\/en\/author\/diariodalagoa\/"}]}},"_links":{"self":[{"href":"https:\/\/diariodalagoa.pt\/en\/wp-json\/wp\/v2\/posts\/163612"}],"collection":[{"href":"https:\/\/diariodalagoa.pt\/en\/wp-json\/wp\/v2\/posts"}],"about":[{"href":"https:\/\/diariodalagoa.pt\/en\/wp-json\/wp\/v2\/types\/post"}],"author":[{"embeddable":true,"href":"https:\/\/diariodalagoa.pt\/en\/wp-json\/wp\/v2\/users\/2"}],"replies":[{"embeddable":true,"href":"https:\/\/diariodalagoa.pt\/en\/wp-json\/wp\/v2\/comments?post=163612"}],"version-history":[{"count":3,"href":"https:\/\/diariodalagoa.pt\/en\/wp-json\/wp\/v2\/posts\/163612\/revisions"}],"predecessor-version":[{"id":163616,"href":"https:\/\/diariodalagoa.pt\/en\/wp-json\/wp\/v2\/posts\/163612\/revisions\/163616"}],"wp:featuredmedia":[{"embeddable":true,"href":"https:\/\/diariodalagoa.pt\/en\/wp-json\/wp\/v2\/media\/163613"}],"wp:attachment":[{"href":"https:\/\/diariodalagoa.pt\/en\/wp-json\/wp\/v2\/media?parent=163612"}],"wp:term":[{"taxonomy":"category","embeddable":true,"href":"https:\/\/diariodalagoa.pt\/en\/wp-json\/wp\/v2\/categories?post=163612"},{"taxonomy":"post_tag","embeddable":true,"href":"https:\/\/diariodalagoa.pt\/en\/wp-json\/wp\/v2\/tags?post=163612"}],"curies":[{"name":"wp","href":"https:\/\/api.w.org\/{rel}","templated":true}]}}