{"id":163603,"date":"2026-04-30T22:50:52","date_gmt":"2026-04-30T22:50:52","guid":{"rendered":"https:\/\/diariodalagoa.pt\/?p=163603"},"modified":"2026-04-30T22:55:43","modified_gmt":"2026-04-30T22:55:43","slug":"assembleia-e-camara-da-lagoa-aprovam-contas-de-2025-com-saldo-de-724-mil-euros","status":"publish","type":"post","link":"https:\/\/diariodalagoa.pt\/en\/assembleia-e-camara-da-lagoa-aprovam-contas-de-2025-com-saldo-de-724-mil-euros\/","title":{"rendered":"Assembleia e C\u00e2mara da Lagoa aprovam contas de 2025 com saldo de 724 mil euros"},"content":{"rendered":"<h3 class=\"wp-block-heading\">Os documentos de presta\u00e7\u00e3o de contas revelam um aumento de 11,3% na receita e de 19,2% na despesa em rela\u00e7\u00e3o ao ano anterior, num exerc\u00edcio marcado pela transi\u00e7\u00e3o de quadros comunit\u00e1rios e investimento na habita\u00e7\u00e3o<\/h3>\n\n\n\n<figure class=\"wp-block-image size-full\"><img decoding=\"async\" width=\"960\" height=\"646\" src=\"https:\/\/diariodalagoa.pt\/wp-content\/uploads\/2022\/02\/camara-municipal-de-lagoa-mar2021-sso-dl.jpg\" alt=\"\" class=\"wp-image-122578\" srcset=\"https:\/\/diariodalagoa.pt\/wp-content\/uploads\/2022\/02\/camara-municipal-de-lagoa-mar2021-sso-dl.jpg 960w, https:\/\/diariodalagoa.pt\/wp-content\/uploads\/2022\/02\/camara-municipal-de-lagoa-mar2021-sso-dl-300x202.jpg 300w, https:\/\/diariodalagoa.pt\/wp-content\/uploads\/2022\/02\/camara-municipal-de-lagoa-mar2021-sso-dl-768x517.jpg 768w, https:\/\/diariodalagoa.pt\/wp-content\/uploads\/2022\/02\/camara-municipal-de-lagoa-mar2021-sso-dl-18x12.jpg 18w\" sizes=\"(max-width: 960px) 100vw, 960px\" \/><figcaption class=\"wp-element-caption\"><sup><mark style=\"background-color:rgba(0, 0, 0, 0)\" class=\"has-inline-color has-cyan-bluish-gray-color\">\u00a9 DL<\/mark><\/sup><\/figcaption><\/figure>\n\n\n<p data-path-to-node=\"2\">A C\u00e2mara Municipal e a Assembleia Municipal da Lagoa aprovaram os documentos de Presta\u00e7\u00e3o de Contas e o Relat\u00f3rio de Atividades e Gest\u00e3o referentes ao per\u00edodo de 1 de janeiro a 31 de dezembro de 2025. Segundo a nota de imprensa enviada pela autarquia, o munic\u00edpio registou um resultado l\u00edquido de 724.708,38 euros, num ano em que a receita arrecadada totalizou 21.740.373,90 euros e a despesa realizada se fixou nos 20.604.957,03 euros. Estes valores representam uma taxa de execu\u00e7\u00e3o de 94,4% na receita e de 89,5% na despesa, indicadores que, de acordo com o documento oficial, visam assegurar a sustentabilidade financeira e a capacidade de investimento da administra\u00e7\u00e3o local.<\/p>\n<p data-path-to-node=\"3\">A an\u00e1lise \u00e0 estrutura or\u00e7amental demonstra que as receitas correntes cresceram cerca de 1,8 milh\u00f5es de euros, impulsionadas pela cobran\u00e7a de impostos diretos e transfer\u00eancias correntes. Em sentido oposto, as receitas de capital registaram uma diminui\u00e7\u00e3o de aproximadamente 2,2 milh\u00f5es de euros face a 2024. A autarquia justifica esta quebra com o encerramento de projetos financiados por fundos da Uni\u00e3o Europeia e o in\u00edcio de um novo ciclo de apoio financeiro. No que toca \u00e0 rela\u00e7\u00e3o com terceiros, o prazo m\u00e9dio de pagamento a fornecedores fixou-se nos 18 dias, mantendo a regularidade no cumprimento das obriga\u00e7\u00f5es financeiras do munic\u00edpio.<\/p>\n<p data-path-to-node=\"4\">No plano das atividades, o relat\u00f3rio destaca o refor\u00e7o de verbas destinadas \u00e0 \u00e1rea social, com foco no setor da habita\u00e7\u00e3o e em medidas de apoio ao poder de compra das fam\u00edlias. Na nota enviada, o executivo afirma que &#8220;os resultados alcan\u00e7ados evidenciam uma gest\u00e3o municipal assente em princ\u00edpios de rigor, responsabilidade e equil\u00edbrio financeiro&#8221;, defendendo que o desempenho econ\u00f3mico de 2025 permite manter o funcionamento dos servi\u00e7os e a estrat\u00e9gia de desenvolvimento para o concelho. O documento foi elaborado em conformidade com o Sistema de Normaliza\u00e7\u00e3o Contabil\u00edstica para as Administra\u00e7\u00f5es P\u00fablicas (SNC-AP).<\/p>","protected":false},"excerpt":{"rendered":"<p>Os documentos de presta\u00e7\u00e3o de contas revelam um aumento de 11,3% na receita e de 19,2% na despesa em rela\u00e7\u00e3o ao ano anterior, num exerc\u00edcio marcado pela transi\u00e7\u00e3o de quadros comunit\u00e1rios e investimento na habita\u00e7\u00e3o A C\u00e2mara Municipal e a Assembleia Municipal da Lagoa aprovaram os documentos de Presta\u00e7\u00e3o de Contas e o Relat\u00f3rio de [&hellip;]<\/p>","protected":false},"author":2,"featured_media":122578,"comment_status":"open","ping_status":"closed","sticky":false,"template":"","format":"standard","meta":[],"categories":[21],"tags":[31,34,533,1046,1858,2227,4855,5051],"acf":[],"yoast_head":"<!-- This site is optimized with the Yoast SEO plugin v20.10 - https:\/\/yoast.com\/wordpress\/plugins\/seo\/ -->\n<title>Assembleia e C\u00e2mara da Lagoa aprovam contas de 2025 com saldo de 724 mil euros - Di\u00e1rio da Lagoa<\/title>\n<meta name=\"robots\" content=\"index, follow, max-snippet:-1, max-image-preview:large, max-video-preview:-1\" \/>\n<link rel=\"canonical\" href=\"https:\/\/diariodalagoa.pt\/en\/assembleia-e-camara-da-lagoa-aprovam-contas-de-2025-com-saldo-de-724-mil-euros\/\" \/>\n<meta property=\"og:locale\" content=\"en_US\" \/>\n<meta property=\"og:type\" content=\"article\" \/>\n<meta property=\"og:title\" content=\"Assembleia e C\u00e2mara da Lagoa aprovam contas de 2025 com saldo de 724 mil euros - Di\u00e1rio da Lagoa\" \/>\n<meta property=\"og:description\" content=\"Os documentos de presta\u00e7\u00e3o de contas revelam um aumento de 11,3% na receita e de 19,2% na despesa em rela\u00e7\u00e3o ao ano anterior, num exerc\u00edcio marcado pela transi\u00e7\u00e3o de quadros comunit\u00e1rios e investimento na habita\u00e7\u00e3o A C\u00e2mara Municipal e a Assembleia Municipal da Lagoa aprovaram os documentos de Presta\u00e7\u00e3o de Contas e o Relat\u00f3rio de [&hellip;]\" \/>\n<meta property=\"og:url\" content=\"https:\/\/diariodalagoa.pt\/en\/assembleia-e-camara-da-lagoa-aprovam-contas-de-2025-com-saldo-de-724-mil-euros\/\" \/>\n<meta property=\"og:site_name\" content=\"Di\u00e1rio da Lagoa\" \/>\n<meta property=\"article:published_time\" content=\"2026-04-30T22:50:52+00:00\" \/>\n<meta property=\"article:modified_time\" content=\"2026-04-30T22:55:43+00:00\" \/>\n<meta property=\"og:image\" content=\"https:\/\/diariodalagoa.pt\/wp-content\/uploads\/2022\/02\/camara-municipal-de-lagoa-mar2021-sso-dl.jpg\" \/>\n\t<meta property=\"og:image:width\" content=\"960\" \/>\n\t<meta property=\"og:image:height\" content=\"646\" \/>\n\t<meta property=\"og:image:type\" content=\"image\/jpeg\" \/>\n<meta name=\"author\" content=\"Di\u00e1rio da Lagoa\" \/>\n<meta name=\"twitter:card\" content=\"summary_large_image\" \/>\n<meta name=\"twitter:label1\" content=\"Written by\" \/>\n\t<meta name=\"twitter:data1\" content=\"Di\u00e1rio da Lagoa\" \/>\n\t<meta name=\"twitter:label2\" content=\"Est. reading time\" \/>\n\t<meta name=\"twitter:data2\" content=\"3 minutes\" \/>\n<script type=\"application\/ld+json\" class=\"yoast-schema-graph\">{\"@context\":\"https:\/\/schema.org\",\"@graph\":[{\"@type\":\"WebPage\",\"@id\":\"https:\/\/diariodalagoa.pt\/assembleia-e-camara-da-lagoa-aprovam-contas-de-2025-com-saldo-de-724-mil-euros\/\",\"url\":\"https:\/\/diariodalagoa.pt\/assembleia-e-camara-da-lagoa-aprovam-contas-de-2025-com-saldo-de-724-mil-euros\/\",\"name\":\"Assembleia e C\u00e2mara da Lagoa aprovam contas de 2025 com saldo de 724 mil euros - Di\u00e1rio da Lagoa\",\"isPartOf\":{\"@id\":\"https:\/\/diariodalagoa.pt\/#website\"},\"datePublished\":\"2026-04-30T22:50:52+00:00\",\"dateModified\":\"2026-04-30T22:55:43+00:00\",\"author\":{\"@id\":\"https:\/\/diariodalagoa.pt\/#\/schema\/person\/1615a002370e8857b6f972834bc43ece\"},\"breadcrumb\":{\"@id\":\"https:\/\/diariodalagoa.pt\/assembleia-e-camara-da-lagoa-aprovam-contas-de-2025-com-saldo-de-724-mil-euros\/#breadcrumb\"},\"inLanguage\":\"en-US\",\"potentialAction\":[{\"@type\":\"ReadAction\",\"target\":[\"https:\/\/diariodalagoa.pt\/assembleia-e-camara-da-lagoa-aprovam-contas-de-2025-com-saldo-de-724-mil-euros\/\"]}]},{\"@type\":\"BreadcrumbList\",\"@id\":\"https:\/\/diariodalagoa.pt\/assembleia-e-camara-da-lagoa-aprovam-contas-de-2025-com-saldo-de-724-mil-euros\/#breadcrumb\",\"itemListElement\":[{\"@type\":\"ListItem\",\"position\":1,\"name\":\"In\u00edcio\",\"item\":\"https:\/\/diariodalagoa.pt\/\"},{\"@type\":\"ListItem\",\"position\":2,\"name\":\"Assembleia e C\u00e2mara da Lagoa aprovam contas de 2025 com saldo de 724 mil euros\"}]},{\"@type\":\"WebSite\",\"@id\":\"https:\/\/diariodalagoa.pt\/#website\",\"url\":\"https:\/\/diariodalagoa.pt\/\",\"name\":\"Di\u00e1rio da Lagoa\",\"description\":\"Di\u00e1rio da Lagoa. As not\u00edcias que contam. A partir da Lagoa, nos A\u00e7ores, para o mundo.\",\"potentialAction\":[{\"@type\":\"SearchAction\",\"target\":{\"@type\":\"EntryPoint\",\"urlTemplate\":\"https:\/\/diariodalagoa.pt\/?s={search_term_string}\"},\"query-input\":\"required name=search_term_string\"}],\"inLanguage\":\"en-US\"},{\"@type\":\"Person\",\"@id\":\"https:\/\/diariodalagoa.pt\/#\/schema\/person\/1615a002370e8857b6f972834bc43ece\",\"name\":\"Di\u00e1rio da Lagoa\",\"image\":{\"@type\":\"ImageObject\",\"inLanguage\":\"en-US\",\"@id\":\"https:\/\/diariodalagoa.pt\/#\/schema\/person\/image\/\",\"url\":\"https:\/\/secure.gravatar.com\/avatar\/2cb5cef90a26f8fbd4d9d930608102c5?s=96&d=mm&r=g\",\"contentUrl\":\"https:\/\/secure.gravatar.com\/avatar\/2cb5cef90a26f8fbd4d9d930608102c5?s=96&d=mm&r=g\",\"caption\":\"Di\u00e1rio da Lagoa\"},\"url\":\"https:\/\/diariodalagoa.pt\/en\/author\/diariodalagoa\/\"}]}<\/script>\n<!-- \/ Yoast SEO plugin. -->","yoast_head_json":{"title":"Assembleia e C\u00e2mara da Lagoa aprovam contas de 2025 com saldo de 724 mil euros - Di\u00e1rio da Lagoa","robots":{"index":"index","follow":"follow","max-snippet":"max-snippet:-1","max-image-preview":"max-image-preview:large","max-video-preview":"max-video-preview:-1"},"canonical":"https:\/\/diariodalagoa.pt\/en\/assembleia-e-camara-da-lagoa-aprovam-contas-de-2025-com-saldo-de-724-mil-euros\/","og_locale":"en_US","og_type":"article","og_title":"Assembleia e C\u00e2mara da Lagoa aprovam contas de 2025 com saldo de 724 mil euros - Di\u00e1rio da Lagoa","og_description":"Os documentos de presta\u00e7\u00e3o de contas revelam um aumento de 11,3% na receita e de 19,2% na despesa em rela\u00e7\u00e3o ao ano anterior, num exerc\u00edcio marcado pela transi\u00e7\u00e3o de quadros comunit\u00e1rios e investimento na habita\u00e7\u00e3o A C\u00e2mara Municipal e a Assembleia Municipal da Lagoa aprovaram os documentos de Presta\u00e7\u00e3o de Contas e o Relat\u00f3rio de [&hellip;]","og_url":"https:\/\/diariodalagoa.pt\/en\/assembleia-e-camara-da-lagoa-aprovam-contas-de-2025-com-saldo-de-724-mil-euros\/","og_site_name":"Di\u00e1rio da Lagoa","article_published_time":"2026-04-30T22:50:52+00:00","article_modified_time":"2026-04-30T22:55:43+00:00","og_image":[{"width":960,"height":646,"url":"https:\/\/diariodalagoa.pt\/wp-content\/uploads\/2022\/02\/camara-municipal-de-lagoa-mar2021-sso-dl.jpg","type":"image\/jpeg"}],"author":"Di\u00e1rio da Lagoa","twitter_card":"summary_large_image","twitter_misc":{"Written by":"Di\u00e1rio da Lagoa","Est. reading time":"3 minutes"},"schema":{"@context":"https:\/\/schema.org","@graph":[{"@type":"WebPage","@id":"https:\/\/diariodalagoa.pt\/assembleia-e-camara-da-lagoa-aprovam-contas-de-2025-com-saldo-de-724-mil-euros\/","url":"https:\/\/diariodalagoa.pt\/assembleia-e-camara-da-lagoa-aprovam-contas-de-2025-com-saldo-de-724-mil-euros\/","name":"Assembleia e C\u00e2mara da Lagoa aprovam contas de 2025 com saldo de 724 mil euros - Di\u00e1rio da Lagoa","isPartOf":{"@id":"https:\/\/diariodalagoa.pt\/#website"},"datePublished":"2026-04-30T22:50:52+00:00","dateModified":"2026-04-30T22:55:43+00:00","author":{"@id":"https:\/\/diariodalagoa.pt\/#\/schema\/person\/1615a002370e8857b6f972834bc43ece"},"breadcrumb":{"@id":"https:\/\/diariodalagoa.pt\/assembleia-e-camara-da-lagoa-aprovam-contas-de-2025-com-saldo-de-724-mil-euros\/#breadcrumb"},"inLanguage":"en-US","potentialAction":[{"@type":"ReadAction","target":["https:\/\/diariodalagoa.pt\/assembleia-e-camara-da-lagoa-aprovam-contas-de-2025-com-saldo-de-724-mil-euros\/"]}]},{"@type":"BreadcrumbList","@id":"https:\/\/diariodalagoa.pt\/assembleia-e-camara-da-lagoa-aprovam-contas-de-2025-com-saldo-de-724-mil-euros\/#breadcrumb","itemListElement":[{"@type":"ListItem","position":1,"name":"In\u00edcio","item":"https:\/\/diariodalagoa.pt\/"},{"@type":"ListItem","position":2,"name":"Assembleia e C\u00e2mara da Lagoa aprovam contas de 2025 com saldo de 724 mil euros"}]},{"@type":"WebSite","@id":"https:\/\/diariodalagoa.pt\/#website","url":"https:\/\/diariodalagoa.pt\/","name":"Di\u00e1rio da Lagoa","description":"Di\u00e1rio da Lagoa. As not\u00edcias que contam. A partir da Lagoa, nos A\u00e7ores, para o mundo.","potentialAction":[{"@type":"SearchAction","target":{"@type":"EntryPoint","urlTemplate":"https:\/\/diariodalagoa.pt\/?s={search_term_string}"},"query-input":"required name=search_term_string"}],"inLanguage":"en-US"},{"@type":"Person","@id":"https:\/\/diariodalagoa.pt\/#\/schema\/person\/1615a002370e8857b6f972834bc43ece","name":"Di\u00e1rio da Lagoa","image":{"@type":"ImageObject","inLanguage":"en-US","@id":"https:\/\/diariodalagoa.pt\/#\/schema\/person\/image\/","url":"https:\/\/secure.gravatar.com\/avatar\/2cb5cef90a26f8fbd4d9d930608102c5?s=96&d=mm&r=g","contentUrl":"https:\/\/secure.gravatar.com\/avatar\/2cb5cef90a26f8fbd4d9d930608102c5?s=96&d=mm&r=g","caption":"Di\u00e1rio da Lagoa"},"url":"https:\/\/diariodalagoa.pt\/en\/author\/diariodalagoa\/"}]}},"_links":{"self":[{"href":"https:\/\/diariodalagoa.pt\/en\/wp-json\/wp\/v2\/posts\/163603"}],"collection":[{"href":"https:\/\/diariodalagoa.pt\/en\/wp-json\/wp\/v2\/posts"}],"about":[{"href":"https:\/\/diariodalagoa.pt\/en\/wp-json\/wp\/v2\/types\/post"}],"author":[{"embeddable":true,"href":"https:\/\/diariodalagoa.pt\/en\/wp-json\/wp\/v2\/users\/2"}],"replies":[{"embeddable":true,"href":"https:\/\/diariodalagoa.pt\/en\/wp-json\/wp\/v2\/comments?post=163603"}],"version-history":[{"count":5,"href":"https:\/\/diariodalagoa.pt\/en\/wp-json\/wp\/v2\/posts\/163603\/revisions"}],"predecessor-version":[{"id":163608,"href":"https:\/\/diariodalagoa.pt\/en\/wp-json\/wp\/v2\/posts\/163603\/revisions\/163608"}],"wp:featuredmedia":[{"embeddable":true,"href":"https:\/\/diariodalagoa.pt\/en\/wp-json\/wp\/v2\/media\/122578"}],"wp:attachment":[{"href":"https:\/\/diariodalagoa.pt\/en\/wp-json\/wp\/v2\/media?parent=163603"}],"wp:term":[{"taxonomy":"category","embeddable":true,"href":"https:\/\/diariodalagoa.pt\/en\/wp-json\/wp\/v2\/categories?post=163603"},{"taxonomy":"post_tag","embeddable":true,"href":"https:\/\/diariodalagoa.pt\/en\/wp-json\/wp\/v2\/tags?post=163603"}],"curies":[{"name":"wp","href":"https:\/\/api.w.org\/{rel}","templated":true}]}}