{"id":163600,"date":"2026-04-30T22:08:17","date_gmt":"2026-04-30T22:08:17","guid":{"rendered":"https:\/\/diariodalagoa.pt\/?p=163600"},"modified":"2026-04-30T22:09:37","modified_gmt":"2026-04-30T22:09:37","slug":"pacote-patronal","status":"publish","type":"post","link":"https:\/\/diariodalagoa.pt\/en\/pacote-patronal\/","title":{"rendered":"Pacote patronal"},"content":{"rendered":"<div class=\"wp-block-image is-style-rounded\">\n<figure class=\"aligncenter size-full is-resized\"><img decoding=\"async\" src=\"https:\/\/diariodalagoa.pt\/wp-content\/uploads\/2024\/10\/alexandra-manes-2-2024.png\" alt=\"\" class=\"wp-image-142374\" width=\"379\" height=\"377\" srcset=\"https:\/\/diariodalagoa.pt\/wp-content\/uploads\/2024\/10\/alexandra-manes-2-2024.png 474w, https:\/\/diariodalagoa.pt\/wp-content\/uploads\/2024\/10\/alexandra-manes-2-2024-300x298.png 300w, https:\/\/diariodalagoa.pt\/wp-content\/uploads\/2024\/10\/alexandra-manes-2-2024-150x150.png 150w, https:\/\/diariodalagoa.pt\/wp-content\/uploads\/2024\/10\/alexandra-manes-2-2024-12x12.png 12w\" sizes=\"(max-width: 379px) 100vw, 379px\" \/><\/figure><\/div>\n\n\n<div style=\"height:25px\" aria-hidden=\"true\" class=\"wp-block-spacer\"><\/div>\n\n\n<p style=\"text-align: center;\"><strong>Alexandra Manes<\/strong><\/p>\n\n\n<div style=\"height:25px\" aria-hidden=\"true\" class=\"wp-block-spacer\"><\/div>\n\n\n<p style=\"text-align: left;\" align=\"JUSTIFY\"><span lang=\"pt-PT\">Hugo acordou e abriu as persianas. Recebeu uma mensagem do patr\u00e3o que informava que naquele dia ia fazer mais tr\u00eas horas, dentro do banco de extraordin\u00e1rias. Estava perto do final do ano e ainda n\u00e3o tinha cumprido as 150 horas extra que a empresa aprovara, sem a autoriza\u00e7\u00e3o expressa dos trabalhadores. Quem se recusar j\u00e1 sabe: \u201ca porta da rua \u00e9 serventia da casa\u201d.<\/span><\/p>\n<p style=\"text-align: left;\" align=\"JUSTIFY\"><span lang=\"pt-PT\">No andar de baixo do pr\u00e9dio, Ros\u00e1rio passara a noite em branco. Ro\u00eda as unhas, at\u00e9 \u00e0 pele, enquanto pensava no que ia dizer naquela entrevista de emprego que estava programada para da\u00ed a duas horas. Uma oferta rara naqueles dias. Um contrato a prazo, sem qualquer regalia, e com a possibilidade de terminar a meio, se a patroa o entender. Mas, como Ros\u00e1rio estava a entrar no mercado de trabalho, as suas op\u00e7\u00f5es estavam limitadas a ofertas daquele g\u00e9nero. Era isso, ou escravatura. E ela ro\u00eda as unhas, na d\u00favida sobre qual a melhor tortura. <\/span><\/p>\n<p style=\"text-align: left;\" align=\"JUSTIFY\"><span lang=\"pt-PT\">Do outro lado da cidade, numa casinha pequenina, com o telhado a cair e manchas de humidade, o casal Esteves discutia de forma acesa. Carla tinha descoberto que o Lu\u00eds tinha sido despedido e n\u00e3o lhe tinha dito nada. Quando confrontado, desatou a chorar e admitiu que tinha ido para a rua. A empresa mudara de pol\u00edtica interna. Fora substitu\u00eddo por um computador. E ainda lhe disseram que era justa causa. Carla n\u00e3o podia acreditar. Tal coisa n\u00e3o poderia ser verdade. N\u00e3o viviam num mundo desumano assim, pois n\u00e3o?<\/span><\/p>\n<p style=\"text-align: left;\" align=\"JUSTIFY\"><span lang=\"pt-PT\">Aquela manh\u00e3 chegara a Portugal, e n\u00e3o veio pela calada. Veio vestida com nuvens cinzentas e pacotes apresentados pela Spinumviva, com a valida\u00e7\u00e3o dos amigos que j\u00e1 n\u00e3o s\u00e3o nem do centro, nem crist\u00e3os. N\u00e3o esquecer os sanguin\u00e1rios partid\u00e1rios da filosofia de Milei, capazes de explorar tudo para justificar vidas humanas com n\u00fameros imagin\u00e1rios. E, claro, sentados nas sombras, a aplaudir, estavam os senhores do \u00f3dio. Aqueles que se arrogam de serem machos, mas que deixam o cravo afrouxar e morrer nas suas m\u00e3os. <\/span><\/p>\n<p style=\"text-align: left;\" align=\"JUSTIFY\"><span lang=\"pt-PT\">Chamaram-lhe, eufemisticamente, pacote laboral. Uma medida de marketing, certamente patrocinada pela consultadoria de uma empresa digna de futuro primeiro-ministro. Na verdade, \u00e9 a sangria do povo. Uma \u00faltima investida junto dos direitos que conquistamos h\u00e1 mais de cinquenta anos, a ferro e fogo. \u00c9 uma armadilha e uma morte anunciada para o que resta dos pobres e remediados em Portugal. Montenegro est\u00e1 dispon\u00edvel para assinar este acordo com os grandes senhores do patronato, desde que lhe garantam um lugar na mesa, em anos vindouros. Um acordo miser\u00e1vel, parafraseando o outro que acha que a Revolu\u00e7\u00e3o \u00e9 brinquedo. <\/span><\/p>\n<p style=\"text-align: left;\" align=\"JUSTIFY\"><span lang=\"pt-PT\">Quando celebramos as datas que andam por a\u00ed por estes dias, n\u00e3o se trata de um apagar de velas, e de um sorriso ac\u00e9falo. Honrar o 25 de abril e, principalmente, o 1 de maio, \u00e9 levar a luta para a rua. O pa\u00eds est\u00e1 \u00e0 beira de acordar com mais horas de trabalho e menos direitos para a classe oper\u00e1ria. Mais cego, \u00e9 quem n\u00e3o o quer ver. Eles est\u00e3o a aproveitar esta luta para destruir o que resta do sindicalismo. E mais cego \u00e9 quem ainda n\u00e3o v\u00ea. Estamos condenados a cair, mas n\u00e3o precisamos de nos deixar ficar no ch\u00e3o. Juntem-se, este ano, e sempre que for necess\u00e1rio. Marchem junto \u00e0s casas dos ministros. N\u00e3o se calem em frente aos fachos e aos patr\u00f5es. Somos seres humanos. Mulheres e homens com direitos. Obriguem-nos a temer a realidade que n\u00e3o querem que se saiba: o povo \u00e9 soberano. E o povo tem fome de viver.<\/span><\/p>","protected":false},"excerpt":{"rendered":"<p>\u00abQuando celebramos as datas que andam por a\u00ed por estes dias, n\u00e3o se trata de um apagar de velas, e de um sorriso ac\u00e9falo. Honrar o 25 de abril e, principalmente, o 1 de maio, \u00e9 levar a luta para a rua.\u00bb<\/p>","protected":false},"author":2,"featured_media":142369,"comment_status":"open","ping_status":"closed","sticky":false,"template":"","format":"standard","meta":[],"categories":[11],"tags":[113,114,115,1966,2532,5049,5050],"acf":[],"yoast_head":"<!-- This site is optimized with the Yoast SEO plugin v20.10 - https:\/\/yoast.com\/wordpress\/plugins\/seo\/ -->\n<title>Pacote patronal - Di\u00e1rio da Lagoa<\/title>\n<meta name=\"description\" content=\"\u00abQuando celebramos as datas que andam por a\u00ed por estes dias, n\u00e3o se trata de um apagar de velas, e de um sorriso ac\u00e9falo. Honrar o 25 de abril e, principalmente, o 1 de maio, \u00e9 levar a luta para a rua.\u00bb\" \/>\n<meta name=\"robots\" content=\"index, follow, max-snippet:-1, max-image-preview:large, max-video-preview:-1\" \/>\n<link rel=\"canonical\" href=\"https:\/\/diariodalagoa.pt\/en\/pacote-patronal\/\" \/>\n<meta property=\"og:locale\" content=\"en_US\" \/>\n<meta property=\"og:type\" content=\"article\" \/>\n<meta property=\"og:title\" content=\"Pacote patronal - Di\u00e1rio da Lagoa\" \/>\n<meta property=\"og:description\" content=\"\u00abQuando celebramos as datas que andam por a\u00ed por estes dias, n\u00e3o se trata de um apagar de velas, e de um sorriso ac\u00e9falo. Honrar o 25 de abril e, principalmente, o 1 de maio, \u00e9 levar a luta para a rua.\u00bb\" \/>\n<meta property=\"og:url\" content=\"https:\/\/diariodalagoa.pt\/en\/pacote-patronal\/\" \/>\n<meta property=\"og:site_name\" content=\"Di\u00e1rio da Lagoa\" \/>\n<meta property=\"article:published_time\" content=\"2026-04-30T22:08:17+00:00\" \/>\n<meta property=\"article:modified_time\" content=\"2026-04-30T22:09:37+00:00\" \/>\n<meta property=\"og:image\" content=\"https:\/\/diariodalagoa.pt\/wp-content\/uploads\/2024\/10\/alexandra-manes-2024.jpg\" \/>\n\t<meta property=\"og:image:width\" content=\"960\" \/>\n\t<meta property=\"og:image:height\" content=\"722\" \/>\n\t<meta property=\"og:image:type\" content=\"image\/jpeg\" \/>\n<meta name=\"author\" content=\"Di\u00e1rio da Lagoa\" \/>\n<meta name=\"twitter:card\" content=\"summary_large_image\" \/>\n<meta name=\"twitter:label1\" content=\"Written by\" \/>\n\t<meta name=\"twitter:data1\" content=\"Di\u00e1rio da Lagoa\" \/>\n\t<meta name=\"twitter:label2\" content=\"Est. reading time\" \/>\n\t<meta name=\"twitter:data2\" content=\"4 minutes\" \/>\n<script type=\"application\/ld+json\" class=\"yoast-schema-graph\">{\"@context\":\"https:\/\/schema.org\",\"@graph\":[{\"@type\":\"WebPage\",\"@id\":\"https:\/\/diariodalagoa.pt\/pacote-patronal\/\",\"url\":\"https:\/\/diariodalagoa.pt\/pacote-patronal\/\",\"name\":\"Pacote patronal - Di\u00e1rio da Lagoa\",\"isPartOf\":{\"@id\":\"https:\/\/diariodalagoa.pt\/#website\"},\"datePublished\":\"2026-04-30T22:08:17+00:00\",\"dateModified\":\"2026-04-30T22:09:37+00:00\",\"author\":{\"@id\":\"https:\/\/diariodalagoa.pt\/#\/schema\/person\/1615a002370e8857b6f972834bc43ece\"},\"description\":\"\u00abQuando celebramos as datas que andam por a\u00ed por estes dias, n\u00e3o se trata de um apagar de velas, e de um sorriso ac\u00e9falo. Honrar o 25 de abril e, principalmente, o 1 de maio, \u00e9 levar a luta para a rua.\u00bb\",\"breadcrumb\":{\"@id\":\"https:\/\/diariodalagoa.pt\/pacote-patronal\/#breadcrumb\"},\"inLanguage\":\"en-US\",\"potentialAction\":[{\"@type\":\"ReadAction\",\"target\":[\"https:\/\/diariodalagoa.pt\/pacote-patronal\/\"]}]},{\"@type\":\"BreadcrumbList\",\"@id\":\"https:\/\/diariodalagoa.pt\/pacote-patronal\/#breadcrumb\",\"itemListElement\":[{\"@type\":\"ListItem\",\"position\":1,\"name\":\"In\u00edcio\",\"item\":\"https:\/\/diariodalagoa.pt\/\"},{\"@type\":\"ListItem\",\"position\":2,\"name\":\"Pacote patronal\"}]},{\"@type\":\"WebSite\",\"@id\":\"https:\/\/diariodalagoa.pt\/#website\",\"url\":\"https:\/\/diariodalagoa.pt\/\",\"name\":\"Di\u00e1rio da Lagoa\",\"description\":\"Di\u00e1rio da Lagoa. As not\u00edcias que contam. A partir da Lagoa, nos A\u00e7ores, para o mundo.\",\"potentialAction\":[{\"@type\":\"SearchAction\",\"target\":{\"@type\":\"EntryPoint\",\"urlTemplate\":\"https:\/\/diariodalagoa.pt\/?s={search_term_string}\"},\"query-input\":\"required name=search_term_string\"}],\"inLanguage\":\"en-US\"},{\"@type\":\"Person\",\"@id\":\"https:\/\/diariodalagoa.pt\/#\/schema\/person\/1615a002370e8857b6f972834bc43ece\",\"name\":\"Di\u00e1rio da Lagoa\",\"image\":{\"@type\":\"ImageObject\",\"inLanguage\":\"en-US\",\"@id\":\"https:\/\/diariodalagoa.pt\/#\/schema\/person\/image\/\",\"url\":\"https:\/\/secure.gravatar.com\/avatar\/2cb5cef90a26f8fbd4d9d930608102c5?s=96&d=mm&r=g\",\"contentUrl\":\"https:\/\/secure.gravatar.com\/avatar\/2cb5cef90a26f8fbd4d9d930608102c5?s=96&d=mm&r=g\",\"caption\":\"Di\u00e1rio da Lagoa\"},\"url\":\"https:\/\/diariodalagoa.pt\/en\/author\/diariodalagoa\/\"}]}<\/script>\n<!-- \/ Yoast SEO plugin. -->","yoast_head_json":{"title":"Pacote patronal - Di\u00e1rio da Lagoa","description":"\u00abQuando celebramos as datas que andam por a\u00ed por estes dias, n\u00e3o se trata de um apagar de velas, e de um sorriso ac\u00e9falo. Honrar o 25 de abril e, principalmente, o 1 de maio, \u00e9 levar a luta para a rua.\u00bb","robots":{"index":"index","follow":"follow","max-snippet":"max-snippet:-1","max-image-preview":"max-image-preview:large","max-video-preview":"max-video-preview:-1"},"canonical":"https:\/\/diariodalagoa.pt\/en\/pacote-patronal\/","og_locale":"en_US","og_type":"article","og_title":"Pacote patronal - Di\u00e1rio da Lagoa","og_description":"\u00abQuando celebramos as datas que andam por a\u00ed por estes dias, n\u00e3o se trata de um apagar de velas, e de um sorriso ac\u00e9falo. Honrar o 25 de abril e, principalmente, o 1 de maio, \u00e9 levar a luta para a rua.\u00bb","og_url":"https:\/\/diariodalagoa.pt\/en\/pacote-patronal\/","og_site_name":"Di\u00e1rio da Lagoa","article_published_time":"2026-04-30T22:08:17+00:00","article_modified_time":"2026-04-30T22:09:37+00:00","og_image":[{"width":960,"height":722,"url":"https:\/\/diariodalagoa.pt\/wp-content\/uploads\/2024\/10\/alexandra-manes-2024.jpg","type":"image\/jpeg"}],"author":"Di\u00e1rio da Lagoa","twitter_card":"summary_large_image","twitter_misc":{"Written by":"Di\u00e1rio da Lagoa","Est. reading time":"4 minutes"},"schema":{"@context":"https:\/\/schema.org","@graph":[{"@type":"WebPage","@id":"https:\/\/diariodalagoa.pt\/pacote-patronal\/","url":"https:\/\/diariodalagoa.pt\/pacote-patronal\/","name":"Pacote patronal - Di\u00e1rio da Lagoa","isPartOf":{"@id":"https:\/\/diariodalagoa.pt\/#website"},"datePublished":"2026-04-30T22:08:17+00:00","dateModified":"2026-04-30T22:09:37+00:00","author":{"@id":"https:\/\/diariodalagoa.pt\/#\/schema\/person\/1615a002370e8857b6f972834bc43ece"},"description":"\u00abQuando celebramos as datas que andam por a\u00ed por estes dias, n\u00e3o se trata de um apagar de velas, e de um sorriso ac\u00e9falo. Honrar o 25 de abril e, principalmente, o 1 de maio, \u00e9 levar a luta para a rua.\u00bb","breadcrumb":{"@id":"https:\/\/diariodalagoa.pt\/pacote-patronal\/#breadcrumb"},"inLanguage":"en-US","potentialAction":[{"@type":"ReadAction","target":["https:\/\/diariodalagoa.pt\/pacote-patronal\/"]}]},{"@type":"BreadcrumbList","@id":"https:\/\/diariodalagoa.pt\/pacote-patronal\/#breadcrumb","itemListElement":[{"@type":"ListItem","position":1,"name":"In\u00edcio","item":"https:\/\/diariodalagoa.pt\/"},{"@type":"ListItem","position":2,"name":"Pacote patronal"}]},{"@type":"WebSite","@id":"https:\/\/diariodalagoa.pt\/#website","url":"https:\/\/diariodalagoa.pt\/","name":"Di\u00e1rio da Lagoa","description":"Di\u00e1rio da Lagoa. As not\u00edcias que contam. A partir da Lagoa, nos A\u00e7ores, para o mundo.","potentialAction":[{"@type":"SearchAction","target":{"@type":"EntryPoint","urlTemplate":"https:\/\/diariodalagoa.pt\/?s={search_term_string}"},"query-input":"required name=search_term_string"}],"inLanguage":"en-US"},{"@type":"Person","@id":"https:\/\/diariodalagoa.pt\/#\/schema\/person\/1615a002370e8857b6f972834bc43ece","name":"Di\u00e1rio da Lagoa","image":{"@type":"ImageObject","inLanguage":"en-US","@id":"https:\/\/diariodalagoa.pt\/#\/schema\/person\/image\/","url":"https:\/\/secure.gravatar.com\/avatar\/2cb5cef90a26f8fbd4d9d930608102c5?s=96&d=mm&r=g","contentUrl":"https:\/\/secure.gravatar.com\/avatar\/2cb5cef90a26f8fbd4d9d930608102c5?s=96&d=mm&r=g","caption":"Di\u00e1rio da Lagoa"},"url":"https:\/\/diariodalagoa.pt\/en\/author\/diariodalagoa\/"}]}},"_links":{"self":[{"href":"https:\/\/diariodalagoa.pt\/en\/wp-json\/wp\/v2\/posts\/163600"}],"collection":[{"href":"https:\/\/diariodalagoa.pt\/en\/wp-json\/wp\/v2\/posts"}],"about":[{"href":"https:\/\/diariodalagoa.pt\/en\/wp-json\/wp\/v2\/types\/post"}],"author":[{"embeddable":true,"href":"https:\/\/diariodalagoa.pt\/en\/wp-json\/wp\/v2\/users\/2"}],"replies":[{"embeddable":true,"href":"https:\/\/diariodalagoa.pt\/en\/wp-json\/wp\/v2\/comments?post=163600"}],"version-history":[{"count":2,"href":"https:\/\/diariodalagoa.pt\/en\/wp-json\/wp\/v2\/posts\/163600\/revisions"}],"predecessor-version":[{"id":163602,"href":"https:\/\/diariodalagoa.pt\/en\/wp-json\/wp\/v2\/posts\/163600\/revisions\/163602"}],"wp:featuredmedia":[{"embeddable":true,"href":"https:\/\/diariodalagoa.pt\/en\/wp-json\/wp\/v2\/media\/142369"}],"wp:attachment":[{"href":"https:\/\/diariodalagoa.pt\/en\/wp-json\/wp\/v2\/media?parent=163600"}],"wp:term":[{"taxonomy":"category","embeddable":true,"href":"https:\/\/diariodalagoa.pt\/en\/wp-json\/wp\/v2\/categories?post=163600"},{"taxonomy":"post_tag","embeddable":true,"href":"https:\/\/diariodalagoa.pt\/en\/wp-json\/wp\/v2\/tags?post=163600"}],"curies":[{"name":"wp","href":"https:\/\/api.w.org\/{rel}","templated":true}]}}