{"id":163579,"date":"2026-04-30T09:34:31","date_gmt":"2026-04-30T09:34:31","guid":{"rendered":"https:\/\/diariodalagoa.pt\/?p=163579"},"modified":"2026-04-30T09:34:33","modified_gmt":"2026-04-30T09:34:33","slug":"candidaturas-ao-estagiar-u-de-1-a-31-de-maio","status":"publish","type":"post","link":"https:\/\/diariodalagoa.pt\/en\/candidaturas-ao-estagiar-u-de-1-a-31-de-maio\/","title":{"rendered":"Candidaturas ao Estagiar U de 1 a 31 de maio"},"content":{"rendered":"<figure class=\"wp-block-image size-full\"><img decoding=\"async\" width=\"960\" height=\"639\" src=\"https:\/\/diariodalagoa.pt\/wp-content\/uploads\/2026\/04\/estagiar-u.jpg\" alt=\"\" class=\"wp-image-163580\" srcset=\"https:\/\/diariodalagoa.pt\/wp-content\/uploads\/2026\/04\/estagiar-u.jpg 960w, https:\/\/diariodalagoa.pt\/wp-content\/uploads\/2026\/04\/estagiar-u-300x200.jpg 300w, https:\/\/diariodalagoa.pt\/wp-content\/uploads\/2026\/04\/estagiar-u-768x511.jpg 768w, https:\/\/diariodalagoa.pt\/wp-content\/uploads\/2026\/04\/estagiar-u-18x12.jpg 18w\" sizes=\"(max-width: 960px) 100vw, 960px\" \/><figcaption class=\"wp-element-caption\"><sub><mark style=\"background-color:rgba(0, 0, 0, 0)\" class=\"has-inline-color has-cyan-bluish-gray-color\">\u00a9 SRJHE<\/mark><\/sub><\/figcaption><\/figure>\n\n\n\n<p>As candidaturas ao Estagiar U decorrem de 1 a 31 de maio em simult\u00e2neo para jovens e entidades promotoras deste programa de est\u00e1gio profissional em contexto real de trabalho para jovens estudantes, com resid\u00eancia nos A\u00e7ores, a frequentar o ensino superior em cursos de licenciatura, mestrado e p\u00f3s-gradua\u00e7\u00e3o.<\/p>\n\n\n\n<p>As candidaturas devem ser submetidas em empregojovem.azores.gov.pt, informa a Secretaria Regional da Juventude, Habita\u00e7\u00e3o e Emprego, atrav\u00e9s da Dire\u00e7\u00e3o Regional de Qualifica\u00e7\u00e3o Profissional e Emprego.<\/p>\n\n\n\n<p>Os est\u00e1gios t\u00eam a dura\u00e7\u00e3o de um m\u00eas e podem decorrer nos meses de julho, agosto ou setembro, com in\u00edcio e fim no mesmo m\u00eas, com um hor\u00e1rio semanal m\u00e1ximo de 25 horas, em hor\u00e1rio id\u00eantico ao praticado pela entidade promotora.<\/p>\n\n\n\n<p>Podem promover programas de est\u00e1gio no \u00e2mbito do Estagiar U as empresas privadas, as cooperativas, as empresas p\u00fablicas e as entidades sem fins lucrativos.<\/p>\n\n\n\n<p>Aos jovens \u00e9 atribu\u00edda uma compensa\u00e7\u00e3o pecuni\u00e1ria no valor atual da retribui\u00e7\u00e3o m\u00ednima mensal garantida na regi\u00e3o. <\/p>\n\n\n\n<p>Este montante \u00e9 reduzido em 30% quando o jovem opte por n\u00e3o frequentar uma oficina de forma\u00e7\u00e3o certificada com carga hor\u00e1ria n\u00e3o inferior a 20 horas, em formato e-learning e em hor\u00e1rio p\u00f3s-laboral em \u00e1reas como empreendedorismo, desenvolvimento pessoal, intelig\u00eancia artificial e educa\u00e7\u00e3o medi\u00e1tica e ciberseguran\u00e7a, nos termos fixados no despacho publicado em Jornal Oficial.<\/p>","protected":false},"excerpt":{"rendered":"<p>Est\u00e1gio tem a dura\u00e7\u00e3o de um m\u00eas e decorrem em julho, agosto ou setembro. Hor\u00e1rio semanal m\u00e1ximo \u00e9 de 25 horas.<\/p>","protected":false},"author":2,"featured_media":163580,"comment_status":"open","ping_status":"open","sticky":false,"template":"","format":"standard","meta":[],"categories":[21],"tags":[4989,5044,31,532,1965,2132],"acf":[],"yoast_head":"<!-- This site is optimized with the Yoast SEO plugin v20.10 - https:\/\/yoast.com\/wordpress\/plugins\/seo\/ -->\n<title>Candidaturas ao Estagiar U de 1 a 31 de maio - Di\u00e1rio da Lagoa<\/title>\n<meta name=\"description\" content=\"Est\u00e1gio tem a dura\u00e7\u00e3o de um m\u00eas e decorrem em julho, agosto ou setembro. Hor\u00e1rio semanal m\u00e1ximo \u00e9 de 25 horas.\" \/>\n<meta name=\"robots\" content=\"index, follow, max-snippet:-1, max-image-preview:large, max-video-preview:-1\" \/>\n<link rel=\"canonical\" href=\"https:\/\/diariodalagoa.pt\/en\/candidaturas-ao-estagiar-u-de-1-a-31-de-maio\/\" \/>\n<meta property=\"og:locale\" content=\"en_US\" \/>\n<meta property=\"og:type\" content=\"article\" \/>\n<meta property=\"og:title\" content=\"Candidaturas ao Estagiar U de 1 a 31 de maio - Di\u00e1rio da Lagoa\" \/>\n<meta property=\"og:description\" content=\"Est\u00e1gio tem a dura\u00e7\u00e3o de um m\u00eas e decorrem em julho, agosto ou setembro. Hor\u00e1rio semanal m\u00e1ximo \u00e9 de 25 horas.\" \/>\n<meta property=\"og:url\" content=\"https:\/\/diariodalagoa.pt\/en\/candidaturas-ao-estagiar-u-de-1-a-31-de-maio\/\" \/>\n<meta property=\"og:site_name\" content=\"Di\u00e1rio da Lagoa\" \/>\n<meta property=\"article:published_time\" content=\"2026-04-30T09:34:31+00:00\" \/>\n<meta property=\"article:modified_time\" content=\"2026-04-30T09:34:33+00:00\" \/>\n<meta property=\"og:image\" content=\"https:\/\/diariodalagoa.pt\/wp-content\/uploads\/2026\/04\/estagiar-u.jpg\" \/>\n\t<meta property=\"og:image:width\" content=\"960\" \/>\n\t<meta property=\"og:image:height\" content=\"639\" \/>\n\t<meta property=\"og:image:type\" content=\"image\/jpeg\" \/>\n<meta name=\"author\" content=\"Di\u00e1rio da Lagoa\" \/>\n<meta name=\"twitter:card\" content=\"summary_large_image\" \/>\n<meta name=\"twitter:label1\" content=\"Written by\" \/>\n\t<meta name=\"twitter:data1\" content=\"Di\u00e1rio da Lagoa\" \/>\n\t<meta name=\"twitter:label2\" content=\"Est. reading time\" \/>\n\t<meta name=\"twitter:data2\" content=\"2 minutes\" \/>\n<script type=\"application\/ld+json\" class=\"yoast-schema-graph\">{\"@context\":\"https:\/\/schema.org\",\"@graph\":[{\"@type\":\"WebPage\",\"@id\":\"https:\/\/diariodalagoa.pt\/candidaturas-ao-estagiar-u-de-1-a-31-de-maio\/\",\"url\":\"https:\/\/diariodalagoa.pt\/candidaturas-ao-estagiar-u-de-1-a-31-de-maio\/\",\"name\":\"Candidaturas ao Estagiar U de 1 a 31 de maio - Di\u00e1rio da Lagoa\",\"isPartOf\":{\"@id\":\"https:\/\/diariodalagoa.pt\/#website\"},\"datePublished\":\"2026-04-30T09:34:31+00:00\",\"dateModified\":\"2026-04-30T09:34:33+00:00\",\"author\":{\"@id\":\"https:\/\/diariodalagoa.pt\/#\/schema\/person\/1615a002370e8857b6f972834bc43ece\"},\"description\":\"Est\u00e1gio tem a dura\u00e7\u00e3o de um m\u00eas e decorrem em julho, agosto ou setembro. Hor\u00e1rio semanal m\u00e1ximo \u00e9 de 25 horas.\",\"breadcrumb\":{\"@id\":\"https:\/\/diariodalagoa.pt\/candidaturas-ao-estagiar-u-de-1-a-31-de-maio\/#breadcrumb\"},\"inLanguage\":\"en-US\",\"potentialAction\":[{\"@type\":\"ReadAction\",\"target\":[\"https:\/\/diariodalagoa.pt\/candidaturas-ao-estagiar-u-de-1-a-31-de-maio\/\"]}]},{\"@type\":\"BreadcrumbList\",\"@id\":\"https:\/\/diariodalagoa.pt\/candidaturas-ao-estagiar-u-de-1-a-31-de-maio\/#breadcrumb\",\"itemListElement\":[{\"@type\":\"ListItem\",\"position\":1,\"name\":\"In\u00edcio\",\"item\":\"https:\/\/diariodalagoa.pt\/\"},{\"@type\":\"ListItem\",\"position\":2,\"name\":\"Candidaturas ao Estagiar U de 1 a 31 de maio\"}]},{\"@type\":\"WebSite\",\"@id\":\"https:\/\/diariodalagoa.pt\/#website\",\"url\":\"https:\/\/diariodalagoa.pt\/\",\"name\":\"Di\u00e1rio da Lagoa\",\"description\":\"Di\u00e1rio da Lagoa. As not\u00edcias que contam. A partir da Lagoa, nos A\u00e7ores, para o mundo.\",\"potentialAction\":[{\"@type\":\"SearchAction\",\"target\":{\"@type\":\"EntryPoint\",\"urlTemplate\":\"https:\/\/diariodalagoa.pt\/?s={search_term_string}\"},\"query-input\":\"required name=search_term_string\"}],\"inLanguage\":\"en-US\"},{\"@type\":\"Person\",\"@id\":\"https:\/\/diariodalagoa.pt\/#\/schema\/person\/1615a002370e8857b6f972834bc43ece\",\"name\":\"Di\u00e1rio da Lagoa\",\"image\":{\"@type\":\"ImageObject\",\"inLanguage\":\"en-US\",\"@id\":\"https:\/\/diariodalagoa.pt\/#\/schema\/person\/image\/\",\"url\":\"https:\/\/secure.gravatar.com\/avatar\/2cb5cef90a26f8fbd4d9d930608102c5?s=96&d=mm&r=g\",\"contentUrl\":\"https:\/\/secure.gravatar.com\/avatar\/2cb5cef90a26f8fbd4d9d930608102c5?s=96&d=mm&r=g\",\"caption\":\"Di\u00e1rio da Lagoa\"},\"url\":\"https:\/\/diariodalagoa.pt\/en\/author\/diariodalagoa\/\"}]}<\/script>\n<!-- \/ Yoast SEO plugin. -->","yoast_head_json":{"title":"Candidaturas ao Estagiar U de 1 a 31 de maio - Di\u00e1rio da Lagoa","description":"Est\u00e1gio tem a dura\u00e7\u00e3o de um m\u00eas e decorrem em julho, agosto ou setembro. Hor\u00e1rio semanal m\u00e1ximo \u00e9 de 25 horas.","robots":{"index":"index","follow":"follow","max-snippet":"max-snippet:-1","max-image-preview":"max-image-preview:large","max-video-preview":"max-video-preview:-1"},"canonical":"https:\/\/diariodalagoa.pt\/en\/candidaturas-ao-estagiar-u-de-1-a-31-de-maio\/","og_locale":"en_US","og_type":"article","og_title":"Candidaturas ao Estagiar U de 1 a 31 de maio - Di\u00e1rio da Lagoa","og_description":"Est\u00e1gio tem a dura\u00e7\u00e3o de um m\u00eas e decorrem em julho, agosto ou setembro. Hor\u00e1rio semanal m\u00e1ximo \u00e9 de 25 horas.","og_url":"https:\/\/diariodalagoa.pt\/en\/candidaturas-ao-estagiar-u-de-1-a-31-de-maio\/","og_site_name":"Di\u00e1rio da Lagoa","article_published_time":"2026-04-30T09:34:31+00:00","article_modified_time":"2026-04-30T09:34:33+00:00","og_image":[{"width":960,"height":639,"url":"https:\/\/diariodalagoa.pt\/wp-content\/uploads\/2026\/04\/estagiar-u.jpg","type":"image\/jpeg"}],"author":"Di\u00e1rio da Lagoa","twitter_card":"summary_large_image","twitter_misc":{"Written by":"Di\u00e1rio da Lagoa","Est. reading time":"2 minutes"},"schema":{"@context":"https:\/\/schema.org","@graph":[{"@type":"WebPage","@id":"https:\/\/diariodalagoa.pt\/candidaturas-ao-estagiar-u-de-1-a-31-de-maio\/","url":"https:\/\/diariodalagoa.pt\/candidaturas-ao-estagiar-u-de-1-a-31-de-maio\/","name":"Candidaturas ao Estagiar U de 1 a 31 de maio - Di\u00e1rio da Lagoa","isPartOf":{"@id":"https:\/\/diariodalagoa.pt\/#website"},"datePublished":"2026-04-30T09:34:31+00:00","dateModified":"2026-04-30T09:34:33+00:00","author":{"@id":"https:\/\/diariodalagoa.pt\/#\/schema\/person\/1615a002370e8857b6f972834bc43ece"},"description":"Est\u00e1gio tem a dura\u00e7\u00e3o de um m\u00eas e decorrem em julho, agosto ou setembro. Hor\u00e1rio semanal m\u00e1ximo \u00e9 de 25 horas.","breadcrumb":{"@id":"https:\/\/diariodalagoa.pt\/candidaturas-ao-estagiar-u-de-1-a-31-de-maio\/#breadcrumb"},"inLanguage":"en-US","potentialAction":[{"@type":"ReadAction","target":["https:\/\/diariodalagoa.pt\/candidaturas-ao-estagiar-u-de-1-a-31-de-maio\/"]}]},{"@type":"BreadcrumbList","@id":"https:\/\/diariodalagoa.pt\/candidaturas-ao-estagiar-u-de-1-a-31-de-maio\/#breadcrumb","itemListElement":[{"@type":"ListItem","position":1,"name":"In\u00edcio","item":"https:\/\/diariodalagoa.pt\/"},{"@type":"ListItem","position":2,"name":"Candidaturas ao Estagiar U de 1 a 31 de maio"}]},{"@type":"WebSite","@id":"https:\/\/diariodalagoa.pt\/#website","url":"https:\/\/diariodalagoa.pt\/","name":"Di\u00e1rio da Lagoa","description":"Di\u00e1rio da Lagoa. As not\u00edcias que contam. A partir da Lagoa, nos A\u00e7ores, para o mundo.","potentialAction":[{"@type":"SearchAction","target":{"@type":"EntryPoint","urlTemplate":"https:\/\/diariodalagoa.pt\/?s={search_term_string}"},"query-input":"required name=search_term_string"}],"inLanguage":"en-US"},{"@type":"Person","@id":"https:\/\/diariodalagoa.pt\/#\/schema\/person\/1615a002370e8857b6f972834bc43ece","name":"Di\u00e1rio da Lagoa","image":{"@type":"ImageObject","inLanguage":"en-US","@id":"https:\/\/diariodalagoa.pt\/#\/schema\/person\/image\/","url":"https:\/\/secure.gravatar.com\/avatar\/2cb5cef90a26f8fbd4d9d930608102c5?s=96&d=mm&r=g","contentUrl":"https:\/\/secure.gravatar.com\/avatar\/2cb5cef90a26f8fbd4d9d930608102c5?s=96&d=mm&r=g","caption":"Di\u00e1rio da Lagoa"},"url":"https:\/\/diariodalagoa.pt\/en\/author\/diariodalagoa\/"}]}},"_links":{"self":[{"href":"https:\/\/diariodalagoa.pt\/en\/wp-json\/wp\/v2\/posts\/163579"}],"collection":[{"href":"https:\/\/diariodalagoa.pt\/en\/wp-json\/wp\/v2\/posts"}],"about":[{"href":"https:\/\/diariodalagoa.pt\/en\/wp-json\/wp\/v2\/types\/post"}],"author":[{"embeddable":true,"href":"https:\/\/diariodalagoa.pt\/en\/wp-json\/wp\/v2\/users\/2"}],"replies":[{"embeddable":true,"href":"https:\/\/diariodalagoa.pt\/en\/wp-json\/wp\/v2\/comments?post=163579"}],"version-history":[{"count":2,"href":"https:\/\/diariodalagoa.pt\/en\/wp-json\/wp\/v2\/posts\/163579\/revisions"}],"predecessor-version":[{"id":163582,"href":"https:\/\/diariodalagoa.pt\/en\/wp-json\/wp\/v2\/posts\/163579\/revisions\/163582"}],"wp:featuredmedia":[{"embeddable":true,"href":"https:\/\/diariodalagoa.pt\/en\/wp-json\/wp\/v2\/media\/163580"}],"wp:attachment":[{"href":"https:\/\/diariodalagoa.pt\/en\/wp-json\/wp\/v2\/media?parent=163579"}],"wp:term":[{"taxonomy":"category","embeddable":true,"href":"https:\/\/diariodalagoa.pt\/en\/wp-json\/wp\/v2\/categories?post=163579"},{"taxonomy":"post_tag","embeddable":true,"href":"https:\/\/diariodalagoa.pt\/en\/wp-json\/wp\/v2\/tags?post=163579"}],"curies":[{"name":"wp","href":"https:\/\/api.w.org\/{rel}","templated":true}]}}