{"id":163574,"date":"2026-04-29T16:18:45","date_gmt":"2026-04-29T16:18:45","guid":{"rendered":"https:\/\/diariodalagoa.pt\/?p=163574"},"modified":"2026-04-29T16:18:47","modified_gmt":"2026-04-29T16:18:47","slug":"vila-franca-do-campo-apoia-associacoes-culturais-e-desportivas","status":"publish","type":"post","link":"https:\/\/diariodalagoa.pt\/en\/vila-franca-do-campo-apoia-associacoes-culturais-e-desportivas\/","title":{"rendered":"Vila Franca do Campo apoia associa\u00e7\u00f5es culturais e desportivas"},"content":{"rendered":"<figure class=\"wp-block-image size-full\"><img decoding=\"async\" width=\"960\" height=\"640\" src=\"https:\/\/diariodalagoa.pt\/wp-content\/uploads\/2026\/04\/protocolos-cmvfc.jpg\" alt=\"\" class=\"wp-image-163575\" srcset=\"https:\/\/diariodalagoa.pt\/wp-content\/uploads\/2026\/04\/protocolos-cmvfc.jpg 960w, https:\/\/diariodalagoa.pt\/wp-content\/uploads\/2026\/04\/protocolos-cmvfc-300x200.jpg 300w, https:\/\/diariodalagoa.pt\/wp-content\/uploads\/2026\/04\/protocolos-cmvfc-768x512.jpg 768w, https:\/\/diariodalagoa.pt\/wp-content\/uploads\/2026\/04\/protocolos-cmvfc-18x12.jpg 18w\" sizes=\"(max-width: 960px) 100vw, 960px\" \/><figcaption class=\"wp-element-caption\"><sub><mark style=\"background-color:rgba(0, 0, 0, 0)\" class=\"has-inline-color has-cyan-bluish-gray-color\">\u00a9 CMVFC<\/mark><\/sub><\/figcaption><\/figure>\n\n\n\n<p>A C\u00e2mara Municipal de Vila Franca do Campo procedeu \u00e0 assinatura de protocolos de colabora\u00e7\u00e3o com diversas associa\u00e7\u00f5es culturais e desportivas do concelho, refor\u00e7ando, assim, o seu compromisso com o desenvolvimento local e o apoio ao movimento associativo.<\/p>\n\n\n\n<p>Os acordos assinados visam garantir melhores condi\u00e7\u00f5es para que as entidades possam prosseguir a sua atividade anual regular, promovendo iniciativas que enriquecem a vida cultural, social e desportiva da comunidade.<\/p>\n\n\n\n<p>A presidente da autarquia, Gra\u00e7a Melo, destacou que as associa\u00e7\u00f5es \u201cdesempenham um papel fundamental na dinamiza\u00e7\u00e3o do concelho, sendo respons\u00e1veis pela preserva\u00e7\u00e3o de tradi\u00e7\u00f5es, pela promo\u00e7\u00e3o de eventos e pela cria\u00e7\u00e3o de oportunidades de participa\u00e7\u00e3o ativa para cidad\u00e3os de todas as idades\u201d.<\/p>\n\n\n\n<p>Acrescentou ainda que \u201cincentivam a pr\u00e1tica de atividade f\u00edsica e estilos de vida saud\u00e1veis, enquanto, na vertente cultural, contribuem para a valoriza\u00e7\u00e3o da identidade local e para o fortalecimento do sentimento de perten\u00e7a\u201d. <\/p>\n\n\n\n<p>Com estas parcerias, o munic\u00edpio de Vila Franca do Campo reconhece e valoriza o trabalho cont\u00ednuo e dedicado das associa\u00e7\u00f5es locais, cujo contributo \u00e9 essencial para o progresso harmonioso do concelho, promovendo uma comunidade mais ativa, coesa e participativa.<\/p>","protected":false},"excerpt":{"rendered":"<p>Gra\u00e7a Melo destacou que os apoios atribu\u00eddos visam garantir a atividade anual regular das associa\u00e7\u00f5es locais.<\/p>","protected":false},"author":2,"featured_media":163575,"comment_status":"open","ping_status":"open","sticky":false,"template":"","format":"standard","meta":[],"categories":[21],"tags":[66,203,5041,5042,5043],"acf":[],"yoast_head":"<!-- This site is optimized with the Yoast SEO plugin v20.10 - https:\/\/yoast.com\/wordpress\/plugins\/seo\/ -->\n<title>Vila Franca do Campo apoia associa\u00e7\u00f5es culturais e desportivas - Di\u00e1rio da Lagoa<\/title>\n<meta name=\"description\" content=\"Gra\u00e7a Melo destacou que os apoios atribu\u00eddos visam garantir a atividade anual regular das associa\u00e7\u00f5es locais.\" \/>\n<meta name=\"robots\" content=\"index, follow, max-snippet:-1, max-image-preview:large, max-video-preview:-1\" \/>\n<link rel=\"canonical\" href=\"https:\/\/diariodalagoa.pt\/en\/vila-franca-do-campo-apoia-associacoes-culturais-e-desportivas\/\" \/>\n<meta property=\"og:locale\" content=\"en_US\" \/>\n<meta property=\"og:type\" content=\"article\" \/>\n<meta property=\"og:title\" content=\"Vila Franca do Campo apoia associa\u00e7\u00f5es culturais e desportivas - Di\u00e1rio da Lagoa\" \/>\n<meta property=\"og:description\" content=\"Gra\u00e7a Melo destacou que os apoios atribu\u00eddos visam garantir a atividade anual regular das associa\u00e7\u00f5es locais.\" \/>\n<meta property=\"og:url\" content=\"https:\/\/diariodalagoa.pt\/en\/vila-franca-do-campo-apoia-associacoes-culturais-e-desportivas\/\" \/>\n<meta property=\"og:site_name\" content=\"Di\u00e1rio da Lagoa\" \/>\n<meta property=\"article:published_time\" content=\"2026-04-29T16:18:45+00:00\" \/>\n<meta property=\"article:modified_time\" content=\"2026-04-29T16:18:47+00:00\" \/>\n<meta property=\"og:image\" content=\"https:\/\/diariodalagoa.pt\/wp-content\/uploads\/2026\/04\/protocolos-cmvfc.jpg\" \/>\n\t<meta property=\"og:image:width\" content=\"960\" \/>\n\t<meta property=\"og:image:height\" content=\"640\" \/>\n\t<meta property=\"og:image:type\" content=\"image\/jpeg\" \/>\n<meta name=\"author\" content=\"Di\u00e1rio da Lagoa\" \/>\n<meta name=\"twitter:card\" content=\"summary_large_image\" \/>\n<meta name=\"twitter:label1\" content=\"Written by\" \/>\n\t<meta name=\"twitter:data1\" content=\"Di\u00e1rio da Lagoa\" \/>\n\t<meta name=\"twitter:label2\" content=\"Est. reading time\" \/>\n\t<meta name=\"twitter:data2\" content=\"2 minutes\" \/>\n<script type=\"application\/ld+json\" class=\"yoast-schema-graph\">{\"@context\":\"https:\/\/schema.org\",\"@graph\":[{\"@type\":\"WebPage\",\"@id\":\"https:\/\/diariodalagoa.pt\/vila-franca-do-campo-apoia-associacoes-culturais-e-desportivas\/\",\"url\":\"https:\/\/diariodalagoa.pt\/vila-franca-do-campo-apoia-associacoes-culturais-e-desportivas\/\",\"name\":\"Vila Franca do Campo apoia associa\u00e7\u00f5es culturais e desportivas - Di\u00e1rio da Lagoa\",\"isPartOf\":{\"@id\":\"https:\/\/diariodalagoa.pt\/#website\"},\"datePublished\":\"2026-04-29T16:18:45+00:00\",\"dateModified\":\"2026-04-29T16:18:47+00:00\",\"author\":{\"@id\":\"https:\/\/diariodalagoa.pt\/#\/schema\/person\/1615a002370e8857b6f972834bc43ece\"},\"description\":\"Gra\u00e7a Melo destacou que os apoios atribu\u00eddos visam garantir a atividade anual regular das associa\u00e7\u00f5es locais.\",\"breadcrumb\":{\"@id\":\"https:\/\/diariodalagoa.pt\/vila-franca-do-campo-apoia-associacoes-culturais-e-desportivas\/#breadcrumb\"},\"inLanguage\":\"en-US\",\"potentialAction\":[{\"@type\":\"ReadAction\",\"target\":[\"https:\/\/diariodalagoa.pt\/vila-franca-do-campo-apoia-associacoes-culturais-e-desportivas\/\"]}]},{\"@type\":\"BreadcrumbList\",\"@id\":\"https:\/\/diariodalagoa.pt\/vila-franca-do-campo-apoia-associacoes-culturais-e-desportivas\/#breadcrumb\",\"itemListElement\":[{\"@type\":\"ListItem\",\"position\":1,\"name\":\"In\u00edcio\",\"item\":\"https:\/\/diariodalagoa.pt\/\"},{\"@type\":\"ListItem\",\"position\":2,\"name\":\"Vila Franca do Campo apoia associa\u00e7\u00f5es culturais e desportivas\"}]},{\"@type\":\"WebSite\",\"@id\":\"https:\/\/diariodalagoa.pt\/#website\",\"url\":\"https:\/\/diariodalagoa.pt\/\",\"name\":\"Di\u00e1rio da Lagoa\",\"description\":\"Di\u00e1rio da Lagoa. As not\u00edcias que contam. A partir da Lagoa, nos A\u00e7ores, para o mundo.\",\"potentialAction\":[{\"@type\":\"SearchAction\",\"target\":{\"@type\":\"EntryPoint\",\"urlTemplate\":\"https:\/\/diariodalagoa.pt\/?s={search_term_string}\"},\"query-input\":\"required name=search_term_string\"}],\"inLanguage\":\"en-US\"},{\"@type\":\"Person\",\"@id\":\"https:\/\/diariodalagoa.pt\/#\/schema\/person\/1615a002370e8857b6f972834bc43ece\",\"name\":\"Di\u00e1rio da Lagoa\",\"image\":{\"@type\":\"ImageObject\",\"inLanguage\":\"en-US\",\"@id\":\"https:\/\/diariodalagoa.pt\/#\/schema\/person\/image\/\",\"url\":\"https:\/\/secure.gravatar.com\/avatar\/2cb5cef90a26f8fbd4d9d930608102c5?s=96&d=mm&r=g\",\"contentUrl\":\"https:\/\/secure.gravatar.com\/avatar\/2cb5cef90a26f8fbd4d9d930608102c5?s=96&d=mm&r=g\",\"caption\":\"Di\u00e1rio da Lagoa\"},\"url\":\"https:\/\/diariodalagoa.pt\/en\/author\/diariodalagoa\/\"}]}<\/script>\n<!-- \/ Yoast SEO plugin. -->","yoast_head_json":{"title":"Vila Franca do Campo apoia associa\u00e7\u00f5es culturais e desportivas - Di\u00e1rio da Lagoa","description":"Gra\u00e7a Melo destacou que os apoios atribu\u00eddos visam garantir a atividade anual regular das associa\u00e7\u00f5es locais.","robots":{"index":"index","follow":"follow","max-snippet":"max-snippet:-1","max-image-preview":"max-image-preview:large","max-video-preview":"max-video-preview:-1"},"canonical":"https:\/\/diariodalagoa.pt\/en\/vila-franca-do-campo-apoia-associacoes-culturais-e-desportivas\/","og_locale":"en_US","og_type":"article","og_title":"Vila Franca do Campo apoia associa\u00e7\u00f5es culturais e desportivas - Di\u00e1rio da Lagoa","og_description":"Gra\u00e7a Melo destacou que os apoios atribu\u00eddos visam garantir a atividade anual regular das associa\u00e7\u00f5es locais.","og_url":"https:\/\/diariodalagoa.pt\/en\/vila-franca-do-campo-apoia-associacoes-culturais-e-desportivas\/","og_site_name":"Di\u00e1rio da Lagoa","article_published_time":"2026-04-29T16:18:45+00:00","article_modified_time":"2026-04-29T16:18:47+00:00","og_image":[{"width":960,"height":640,"url":"https:\/\/diariodalagoa.pt\/wp-content\/uploads\/2026\/04\/protocolos-cmvfc.jpg","type":"image\/jpeg"}],"author":"Di\u00e1rio da Lagoa","twitter_card":"summary_large_image","twitter_misc":{"Written by":"Di\u00e1rio da Lagoa","Est. reading time":"2 minutes"},"schema":{"@context":"https:\/\/schema.org","@graph":[{"@type":"WebPage","@id":"https:\/\/diariodalagoa.pt\/vila-franca-do-campo-apoia-associacoes-culturais-e-desportivas\/","url":"https:\/\/diariodalagoa.pt\/vila-franca-do-campo-apoia-associacoes-culturais-e-desportivas\/","name":"Vila Franca do Campo apoia associa\u00e7\u00f5es culturais e desportivas - Di\u00e1rio da Lagoa","isPartOf":{"@id":"https:\/\/diariodalagoa.pt\/#website"},"datePublished":"2026-04-29T16:18:45+00:00","dateModified":"2026-04-29T16:18:47+00:00","author":{"@id":"https:\/\/diariodalagoa.pt\/#\/schema\/person\/1615a002370e8857b6f972834bc43ece"},"description":"Gra\u00e7a Melo destacou que os apoios atribu\u00eddos visam garantir a atividade anual regular das associa\u00e7\u00f5es locais.","breadcrumb":{"@id":"https:\/\/diariodalagoa.pt\/vila-franca-do-campo-apoia-associacoes-culturais-e-desportivas\/#breadcrumb"},"inLanguage":"en-US","potentialAction":[{"@type":"ReadAction","target":["https:\/\/diariodalagoa.pt\/vila-franca-do-campo-apoia-associacoes-culturais-e-desportivas\/"]}]},{"@type":"BreadcrumbList","@id":"https:\/\/diariodalagoa.pt\/vila-franca-do-campo-apoia-associacoes-culturais-e-desportivas\/#breadcrumb","itemListElement":[{"@type":"ListItem","position":1,"name":"In\u00edcio","item":"https:\/\/diariodalagoa.pt\/"},{"@type":"ListItem","position":2,"name":"Vila Franca do Campo apoia associa\u00e7\u00f5es culturais e desportivas"}]},{"@type":"WebSite","@id":"https:\/\/diariodalagoa.pt\/#website","url":"https:\/\/diariodalagoa.pt\/","name":"Di\u00e1rio da Lagoa","description":"Di\u00e1rio da Lagoa. As not\u00edcias que contam. A partir da Lagoa, nos A\u00e7ores, para o mundo.","potentialAction":[{"@type":"SearchAction","target":{"@type":"EntryPoint","urlTemplate":"https:\/\/diariodalagoa.pt\/?s={search_term_string}"},"query-input":"required name=search_term_string"}],"inLanguage":"en-US"},{"@type":"Person","@id":"https:\/\/diariodalagoa.pt\/#\/schema\/person\/1615a002370e8857b6f972834bc43ece","name":"Di\u00e1rio da Lagoa","image":{"@type":"ImageObject","inLanguage":"en-US","@id":"https:\/\/diariodalagoa.pt\/#\/schema\/person\/image\/","url":"https:\/\/secure.gravatar.com\/avatar\/2cb5cef90a26f8fbd4d9d930608102c5?s=96&d=mm&r=g","contentUrl":"https:\/\/secure.gravatar.com\/avatar\/2cb5cef90a26f8fbd4d9d930608102c5?s=96&d=mm&r=g","caption":"Di\u00e1rio da Lagoa"},"url":"https:\/\/diariodalagoa.pt\/en\/author\/diariodalagoa\/"}]}},"_links":{"self":[{"href":"https:\/\/diariodalagoa.pt\/en\/wp-json\/wp\/v2\/posts\/163574"}],"collection":[{"href":"https:\/\/diariodalagoa.pt\/en\/wp-json\/wp\/v2\/posts"}],"about":[{"href":"https:\/\/diariodalagoa.pt\/en\/wp-json\/wp\/v2\/types\/post"}],"author":[{"embeddable":true,"href":"https:\/\/diariodalagoa.pt\/en\/wp-json\/wp\/v2\/users\/2"}],"replies":[{"embeddable":true,"href":"https:\/\/diariodalagoa.pt\/en\/wp-json\/wp\/v2\/comments?post=163574"}],"version-history":[{"count":2,"href":"https:\/\/diariodalagoa.pt\/en\/wp-json\/wp\/v2\/posts\/163574\/revisions"}],"predecessor-version":[{"id":163577,"href":"https:\/\/diariodalagoa.pt\/en\/wp-json\/wp\/v2\/posts\/163574\/revisions\/163577"}],"wp:featuredmedia":[{"embeddable":true,"href":"https:\/\/diariodalagoa.pt\/en\/wp-json\/wp\/v2\/media\/163575"}],"wp:attachment":[{"href":"https:\/\/diariodalagoa.pt\/en\/wp-json\/wp\/v2\/media?parent=163574"}],"wp:term":[{"taxonomy":"category","embeddable":true,"href":"https:\/\/diariodalagoa.pt\/en\/wp-json\/wp\/v2\/categories?post=163574"},{"taxonomy":"post_tag","embeddable":true,"href":"https:\/\/diariodalagoa.pt\/en\/wp-json\/wp\/v2\/tags?post=163574"}],"curies":[{"name":"wp","href":"https:\/\/api.w.org\/{rel}","templated":true}]}}