{"id":163566,"date":"2026-04-29T15:26:17","date_gmt":"2026-04-29T15:26:17","guid":{"rendered":"https:\/\/diariodalagoa.pt\/?p=163566"},"modified":"2026-04-29T15:26:19","modified_gmt":"2026-04-29T15:26:19","slug":"marinha-apreende-meia-tonelada-de-pescado","status":"publish","type":"post","link":"https:\/\/diariodalagoa.pt\/en\/marinha-apreende-meia-tonelada-de-pescado\/","title":{"rendered":"Marinha apreende meia tonelada de pescado"},"content":{"rendered":"<figure class=\"wp-block-image size-full\"><img decoding=\"async\" width=\"960\" height=\"640\" src=\"https:\/\/diariodalagoa.pt\/wp-content\/uploads\/2026\/04\/apreensao-pescado-mar.jpeg\" alt=\"\" class=\"wp-image-163567\" srcset=\"https:\/\/diariodalagoa.pt\/wp-content\/uploads\/2026\/04\/apreensao-pescado-mar.jpeg 960w, https:\/\/diariodalagoa.pt\/wp-content\/uploads\/2026\/04\/apreensao-pescado-mar-300x200.jpeg 300w, https:\/\/diariodalagoa.pt\/wp-content\/uploads\/2026\/04\/apreensao-pescado-mar-768x512.jpeg 768w, https:\/\/diariodalagoa.pt\/wp-content\/uploads\/2026\/04\/apreensao-pescado-mar-18x12.jpeg 18w\" sizes=\"(max-width: 960px) 100vw, 960px\" \/><figcaption class=\"wp-element-caption\"><sub><mark style=\"background-color:rgba(0, 0, 0, 0)\" class=\"has-inline-color has-cyan-bluish-gray-color\">\u00a9 MARINHA<\/mark><\/sub><\/figcaption><\/figure>\n\n\n\n<p>O navio da Marinha NRP Figueira da Foz realizou, no \u00e2mbito de uma a\u00e7\u00e3o de fiscaliza\u00e7\u00e3o, uma apreens\u00e3o de cerca quinhentos quilos de pescado a bordo de uma embarca\u00e7\u00e3o de pesca, nos A\u00e7ores.<\/p>\n\n\n\n<p>Nesta a\u00e7\u00e3o, a equipa do NRP Figueira da Foz verificou a pr\u00e1tica de pesca comercial numa zona de prote\u00e7\u00e3o total do Parque Marinho dos A\u00e7ores, localizada no Banco D. Jo\u00e3o de Castro, a noroeste da ilha de S\u00e3o Miguel, resultando na apreens\u00e3o de goraz e de peixe\u2011espada\u2011branco, bem como da arte de pesca utilizada na captura, que se encontrava em situa\u00e7\u00e3o irregular.<\/p>\n\n\n\n<p>A embarca\u00e7\u00e3o foi divergida para o porto de Ponta Delgada, a fim de dar seguimento aos procedimentos legais e administrativos aplic\u00e1veis.<\/p>\n\n\n\n<p>A Rede de \u00c1reas Mar\u00edtimas Protegidas dos A\u00e7ores (RAMPA), implementada por decis\u00e3o do Governo Regional a 1 de janeiro, abrange cerca de 30% da Zona Econ\u00f3mica Exclusiva (ZEE) dos A\u00e7ores, constituindo a maior rede de \u00e1reas marinhas protegidas da Europa.\u200b <\/p>\n\n\n\n<p>A Marinha Portuguesa assegura, de forma permanente, a vigil\u00e2ncia, fiscaliza\u00e7\u00e3o e prote\u00e7\u00e3o do espa\u00e7o mar\u00edtimo nacional, contribuindo para o cumprimento da legisla\u00e7\u00e3o, a seguran\u00e7a mar\u00edtima e a defesa dos interesses nacionais no mar.<\/p>","protected":false},"excerpt":{"rendered":"<p>A\u00e7\u00e3o de fiscaliza\u00e7\u00e3o teve lugar na zona de prote\u00e7\u00e3o do Parque Marinho dos A\u00e7ores, localizada no Banco D. Jo\u00e3o de Castro.<\/p>","protected":false},"author":2,"featured_media":163567,"comment_status":"open","ping_status":"open","sticky":false,"template":"","format":"standard","meta":[],"categories":[21],"tags":[31,209,1458,4592,5038,5039],"acf":[],"yoast_head":"<!-- This site is optimized with the Yoast SEO plugin v20.10 - https:\/\/yoast.com\/wordpress\/plugins\/seo\/ -->\n<title>Marinha apreende meia tonelada de pescado - Di\u00e1rio da Lagoa<\/title>\n<meta name=\"description\" content=\"A\u00e7\u00e3o de fiscaliza\u00e7\u00e3o teve lugar na zona de prote\u00e7\u00e3o do Parque Marinho dos A\u00e7ores, localizada no Banco D. Jo\u00e3o de Castro.\" \/>\n<meta name=\"robots\" content=\"index, follow, max-snippet:-1, max-image-preview:large, max-video-preview:-1\" \/>\n<link rel=\"canonical\" href=\"https:\/\/diariodalagoa.pt\/en\/marinha-apreende-meia-tonelada-de-pescado\/\" \/>\n<meta property=\"og:locale\" content=\"en_US\" \/>\n<meta property=\"og:type\" content=\"article\" \/>\n<meta property=\"og:title\" content=\"Marinha apreende meia tonelada de pescado - Di\u00e1rio da Lagoa\" \/>\n<meta property=\"og:description\" content=\"A\u00e7\u00e3o de fiscaliza\u00e7\u00e3o teve lugar na zona de prote\u00e7\u00e3o do Parque Marinho dos A\u00e7ores, localizada no Banco D. Jo\u00e3o de Castro.\" \/>\n<meta property=\"og:url\" content=\"https:\/\/diariodalagoa.pt\/en\/marinha-apreende-meia-tonelada-de-pescado\/\" \/>\n<meta property=\"og:site_name\" content=\"Di\u00e1rio da Lagoa\" \/>\n<meta property=\"article:published_time\" content=\"2026-04-29T15:26:17+00:00\" \/>\n<meta property=\"article:modified_time\" content=\"2026-04-29T15:26:19+00:00\" \/>\n<meta property=\"og:image\" content=\"https:\/\/diariodalagoa.pt\/wp-content\/uploads\/2026\/04\/apreensao-pescado-mar.jpeg\" \/>\n\t<meta property=\"og:image:width\" content=\"960\" \/>\n\t<meta property=\"og:image:height\" content=\"640\" \/>\n\t<meta property=\"og:image:type\" content=\"image\/jpeg\" \/>\n<meta name=\"author\" content=\"Di\u00e1rio da Lagoa\" \/>\n<meta name=\"twitter:card\" content=\"summary_large_image\" \/>\n<meta name=\"twitter:label1\" content=\"Written by\" \/>\n\t<meta name=\"twitter:data1\" content=\"Di\u00e1rio da Lagoa\" \/>\n\t<meta name=\"twitter:label2\" content=\"Est. reading time\" \/>\n\t<meta name=\"twitter:data2\" content=\"2 minutes\" \/>\n<script type=\"application\/ld+json\" class=\"yoast-schema-graph\">{\"@context\":\"https:\/\/schema.org\",\"@graph\":[{\"@type\":\"WebPage\",\"@id\":\"https:\/\/diariodalagoa.pt\/marinha-apreende-meia-tonelada-de-pescado\/\",\"url\":\"https:\/\/diariodalagoa.pt\/marinha-apreende-meia-tonelada-de-pescado\/\",\"name\":\"Marinha apreende meia tonelada de pescado - Di\u00e1rio da Lagoa\",\"isPartOf\":{\"@id\":\"https:\/\/diariodalagoa.pt\/#website\"},\"datePublished\":\"2026-04-29T15:26:17+00:00\",\"dateModified\":\"2026-04-29T15:26:19+00:00\",\"author\":{\"@id\":\"https:\/\/diariodalagoa.pt\/#\/schema\/person\/1615a002370e8857b6f972834bc43ece\"},\"description\":\"A\u00e7\u00e3o de fiscaliza\u00e7\u00e3o teve lugar na zona de prote\u00e7\u00e3o do Parque Marinho dos A\u00e7ores, localizada no Banco D. Jo\u00e3o de Castro.\",\"breadcrumb\":{\"@id\":\"https:\/\/diariodalagoa.pt\/marinha-apreende-meia-tonelada-de-pescado\/#breadcrumb\"},\"inLanguage\":\"en-US\",\"potentialAction\":[{\"@type\":\"ReadAction\",\"target\":[\"https:\/\/diariodalagoa.pt\/marinha-apreende-meia-tonelada-de-pescado\/\"]}]},{\"@type\":\"BreadcrumbList\",\"@id\":\"https:\/\/diariodalagoa.pt\/marinha-apreende-meia-tonelada-de-pescado\/#breadcrumb\",\"itemListElement\":[{\"@type\":\"ListItem\",\"position\":1,\"name\":\"In\u00edcio\",\"item\":\"https:\/\/diariodalagoa.pt\/\"},{\"@type\":\"ListItem\",\"position\":2,\"name\":\"Marinha apreende meia tonelada de pescado\"}]},{\"@type\":\"WebSite\",\"@id\":\"https:\/\/diariodalagoa.pt\/#website\",\"url\":\"https:\/\/diariodalagoa.pt\/\",\"name\":\"Di\u00e1rio da Lagoa\",\"description\":\"Di\u00e1rio da Lagoa. As not\u00edcias que contam. A partir da Lagoa, nos A\u00e7ores, para o mundo.\",\"potentialAction\":[{\"@type\":\"SearchAction\",\"target\":{\"@type\":\"EntryPoint\",\"urlTemplate\":\"https:\/\/diariodalagoa.pt\/?s={search_term_string}\"},\"query-input\":\"required name=search_term_string\"}],\"inLanguage\":\"en-US\"},{\"@type\":\"Person\",\"@id\":\"https:\/\/diariodalagoa.pt\/#\/schema\/person\/1615a002370e8857b6f972834bc43ece\",\"name\":\"Di\u00e1rio da Lagoa\",\"image\":{\"@type\":\"ImageObject\",\"inLanguage\":\"en-US\",\"@id\":\"https:\/\/diariodalagoa.pt\/#\/schema\/person\/image\/\",\"url\":\"https:\/\/secure.gravatar.com\/avatar\/2cb5cef90a26f8fbd4d9d930608102c5?s=96&d=mm&r=g\",\"contentUrl\":\"https:\/\/secure.gravatar.com\/avatar\/2cb5cef90a26f8fbd4d9d930608102c5?s=96&d=mm&r=g\",\"caption\":\"Di\u00e1rio da Lagoa\"},\"url\":\"https:\/\/diariodalagoa.pt\/en\/author\/diariodalagoa\/\"}]}<\/script>\n<!-- \/ Yoast SEO plugin. -->","yoast_head_json":{"title":"Marinha apreende meia tonelada de pescado - Di\u00e1rio da Lagoa","description":"A\u00e7\u00e3o de fiscaliza\u00e7\u00e3o teve lugar na zona de prote\u00e7\u00e3o do Parque Marinho dos A\u00e7ores, localizada no Banco D. Jo\u00e3o de Castro.","robots":{"index":"index","follow":"follow","max-snippet":"max-snippet:-1","max-image-preview":"max-image-preview:large","max-video-preview":"max-video-preview:-1"},"canonical":"https:\/\/diariodalagoa.pt\/en\/marinha-apreende-meia-tonelada-de-pescado\/","og_locale":"en_US","og_type":"article","og_title":"Marinha apreende meia tonelada de pescado - Di\u00e1rio da Lagoa","og_description":"A\u00e7\u00e3o de fiscaliza\u00e7\u00e3o teve lugar na zona de prote\u00e7\u00e3o do Parque Marinho dos A\u00e7ores, localizada no Banco D. Jo\u00e3o de Castro.","og_url":"https:\/\/diariodalagoa.pt\/en\/marinha-apreende-meia-tonelada-de-pescado\/","og_site_name":"Di\u00e1rio da Lagoa","article_published_time":"2026-04-29T15:26:17+00:00","article_modified_time":"2026-04-29T15:26:19+00:00","og_image":[{"width":960,"height":640,"url":"https:\/\/diariodalagoa.pt\/wp-content\/uploads\/2026\/04\/apreensao-pescado-mar.jpeg","type":"image\/jpeg"}],"author":"Di\u00e1rio da Lagoa","twitter_card":"summary_large_image","twitter_misc":{"Written by":"Di\u00e1rio da Lagoa","Est. reading time":"2 minutes"},"schema":{"@context":"https:\/\/schema.org","@graph":[{"@type":"WebPage","@id":"https:\/\/diariodalagoa.pt\/marinha-apreende-meia-tonelada-de-pescado\/","url":"https:\/\/diariodalagoa.pt\/marinha-apreende-meia-tonelada-de-pescado\/","name":"Marinha apreende meia tonelada de pescado - Di\u00e1rio da Lagoa","isPartOf":{"@id":"https:\/\/diariodalagoa.pt\/#website"},"datePublished":"2026-04-29T15:26:17+00:00","dateModified":"2026-04-29T15:26:19+00:00","author":{"@id":"https:\/\/diariodalagoa.pt\/#\/schema\/person\/1615a002370e8857b6f972834bc43ece"},"description":"A\u00e7\u00e3o de fiscaliza\u00e7\u00e3o teve lugar na zona de prote\u00e7\u00e3o do Parque Marinho dos A\u00e7ores, localizada no Banco D. Jo\u00e3o de Castro.","breadcrumb":{"@id":"https:\/\/diariodalagoa.pt\/marinha-apreende-meia-tonelada-de-pescado\/#breadcrumb"},"inLanguage":"en-US","potentialAction":[{"@type":"ReadAction","target":["https:\/\/diariodalagoa.pt\/marinha-apreende-meia-tonelada-de-pescado\/"]}]},{"@type":"BreadcrumbList","@id":"https:\/\/diariodalagoa.pt\/marinha-apreende-meia-tonelada-de-pescado\/#breadcrumb","itemListElement":[{"@type":"ListItem","position":1,"name":"In\u00edcio","item":"https:\/\/diariodalagoa.pt\/"},{"@type":"ListItem","position":2,"name":"Marinha apreende meia tonelada de pescado"}]},{"@type":"WebSite","@id":"https:\/\/diariodalagoa.pt\/#website","url":"https:\/\/diariodalagoa.pt\/","name":"Di\u00e1rio da Lagoa","description":"Di\u00e1rio da Lagoa. As not\u00edcias que contam. A partir da Lagoa, nos A\u00e7ores, para o mundo.","potentialAction":[{"@type":"SearchAction","target":{"@type":"EntryPoint","urlTemplate":"https:\/\/diariodalagoa.pt\/?s={search_term_string}"},"query-input":"required name=search_term_string"}],"inLanguage":"en-US"},{"@type":"Person","@id":"https:\/\/diariodalagoa.pt\/#\/schema\/person\/1615a002370e8857b6f972834bc43ece","name":"Di\u00e1rio da Lagoa","image":{"@type":"ImageObject","inLanguage":"en-US","@id":"https:\/\/diariodalagoa.pt\/#\/schema\/person\/image\/","url":"https:\/\/secure.gravatar.com\/avatar\/2cb5cef90a26f8fbd4d9d930608102c5?s=96&d=mm&r=g","contentUrl":"https:\/\/secure.gravatar.com\/avatar\/2cb5cef90a26f8fbd4d9d930608102c5?s=96&d=mm&r=g","caption":"Di\u00e1rio da Lagoa"},"url":"https:\/\/diariodalagoa.pt\/en\/author\/diariodalagoa\/"}]}},"_links":{"self":[{"href":"https:\/\/diariodalagoa.pt\/en\/wp-json\/wp\/v2\/posts\/163566"}],"collection":[{"href":"https:\/\/diariodalagoa.pt\/en\/wp-json\/wp\/v2\/posts"}],"about":[{"href":"https:\/\/diariodalagoa.pt\/en\/wp-json\/wp\/v2\/types\/post"}],"author":[{"embeddable":true,"href":"https:\/\/diariodalagoa.pt\/en\/wp-json\/wp\/v2\/users\/2"}],"replies":[{"embeddable":true,"href":"https:\/\/diariodalagoa.pt\/en\/wp-json\/wp\/v2\/comments?post=163566"}],"version-history":[{"count":2,"href":"https:\/\/diariodalagoa.pt\/en\/wp-json\/wp\/v2\/posts\/163566\/revisions"}],"predecessor-version":[{"id":163569,"href":"https:\/\/diariodalagoa.pt\/en\/wp-json\/wp\/v2\/posts\/163566\/revisions\/163569"}],"wp:featuredmedia":[{"embeddable":true,"href":"https:\/\/diariodalagoa.pt\/en\/wp-json\/wp\/v2\/media\/163567"}],"wp:attachment":[{"href":"https:\/\/diariodalagoa.pt\/en\/wp-json\/wp\/v2\/media?parent=163566"}],"wp:term":[{"taxonomy":"category","embeddable":true,"href":"https:\/\/diariodalagoa.pt\/en\/wp-json\/wp\/v2\/categories?post=163566"},{"taxonomy":"post_tag","embeddable":true,"href":"https:\/\/diariodalagoa.pt\/en\/wp-json\/wp\/v2\/tags?post=163566"}],"curies":[{"name":"wp","href":"https:\/\/api.w.org\/{rel}","templated":true}]}}