{"id":163558,"date":"2026-04-28T17:54:56","date_gmt":"2026-04-28T17:54:56","guid":{"rendered":"https:\/\/diariodalagoa.pt\/?p=163558"},"modified":"2026-04-28T17:55:00","modified_gmt":"2026-04-28T17:55:00","slug":"gasoleo-sobe-363-centimos-por-litro-a-partir-de-1-de-maio","status":"publish","type":"post","link":"https:\/\/diariodalagoa.pt\/en\/gasoleo-sobe-363-centimos-por-litro-a-partir-de-1-de-maio\/","title":{"rendered":"Gas\u00f3leo sobe 36,3 c\u00eantimos por litro a partir de 1 de maio"},"content":{"rendered":"<figure class=\"wp-block-image size-full\"><img decoding=\"async\" width=\"960\" height=\"640\" src=\"https:\/\/diariodalagoa.pt\/wp-content\/uploads\/2022\/07\/combustiveis.jpg\" alt=\"\" class=\"wp-image-114060\" srcset=\"https:\/\/diariodalagoa.pt\/wp-content\/uploads\/2022\/07\/combustiveis.jpg 960w, https:\/\/diariodalagoa.pt\/wp-content\/uploads\/2022\/07\/combustiveis-300x200.jpg 300w, https:\/\/diariodalagoa.pt\/wp-content\/uploads\/2022\/07\/combustiveis-768x512.jpg 768w, https:\/\/diariodalagoa.pt\/wp-content\/uploads\/2022\/07\/combustiveis-18x12.jpg 18w\" sizes=\"(max-width: 960px) 100vw, 960px\" \/><figcaption class=\"wp-element-caption\"><sub><mark style=\"background-color:rgba(0, 0, 0, 0)\" class=\"has-inline-color has-cyan-bluish-gray-color\">\u00a9 DIREITOS RESERVADOS<\/mark><\/sub><\/figcaption><\/figure>\n\n\n\n<p>O pre\u00e7o dos combust\u00edveis nos A\u00e7ores vai atingir m\u00e1ximos hist\u00f3ricos a partir de 1 de maio. A mais recente atualiza\u00e7\u00e3o significa um aumento de 36,3 c\u00eantimos por litro no gas\u00f3leo rodovi\u00e1rio, 21,7 c\u00eantimos por litro na gasolina sem chumbo (95 octanas) e o g\u00e1s tamb\u00e9m sobe 36,9 c\u00eantimos por quilo.<\/p>\n\n\n\n<p>Os novos pre\u00e7os entram em vigor a 1 de maio pr\u00f3ximo e afetam a generalidade da popula\u00e7\u00e3o, incluindo agricultores\/lavradores e pescadores, pois o gas\u00f3leo agr\u00edcola passar\u00e1 a ser vendido a 1,63\u20ac\/litro e o gas\u00f3leo pesca artesanal\/cabinada atinge os 1,44\u20ac\/litro. A gasolina de 95 octanas ser\u00e1 vendida a um pre\u00e7o m\u00e1ximo de 1,92\u20ac\/litro e o gas\u00f3leo ultrapassa a fasquia dos dois euros, atingido os 2,004\u20ac\/litro. <\/p>\n\n\n\n<p>Quanto aos pre\u00e7os m\u00e1ximos de venda dos gases liquefeitos, os aumentos tamb\u00e9m s\u00e3o consider\u00e1veis. As garrafas de g\u00e1s butano de 26 litros v\u00e3o custar 2,208\u20ac\/kg; as de 24 quilos em materiais leves (at\u00e9 8 quilos de vasilhame) passam a 2,408\u20ac\/kg; o g\u00e1s butano canalizado no local de consumo ascende aos 2,208\u20ac\/kg e o butano a granel ao p\u00fablico, nas instala\u00e7\u00f5es industriais, sobe para 1,801\u20ac\/kg.<\/p>","protected":false},"excerpt":{"rendered":"<p>Gasolina tamb\u00e9m regista um aumento hist\u00f3rico de 21,7 e o g\u00e1s quase que toca nos 37 c\u00eantimos por quilo.<\/p>","protected":false},"author":2,"featured_media":163559,"comment_status":"open","ping_status":"open","sticky":false,"template":"","format":"standard","meta":[],"categories":[21],"tags":[],"acf":[],"yoast_head":"<!-- This site is optimized with the Yoast SEO plugin v20.10 - https:\/\/yoast.com\/wordpress\/plugins\/seo\/ -->\n<title>Gas\u00f3leo sobe 36,3 c\u00eantimos por litro a partir de 1 de maio - Di\u00e1rio da Lagoa<\/title>\n<meta name=\"description\" content=\"Gasolina tamb\u00e9m regista um aumento hist\u00f3rico de 21,7 e o g\u00e1s quase que toca nos 37 c\u00eantimos por quilo.\" \/>\n<meta name=\"robots\" content=\"index, follow, max-snippet:-1, max-image-preview:large, max-video-preview:-1\" \/>\n<link rel=\"canonical\" href=\"https:\/\/diariodalagoa.pt\/en\/gasoleo-sobe-363-centimos-por-litro-a-partir-de-1-de-maio\/\" \/>\n<meta property=\"og:locale\" content=\"en_US\" \/>\n<meta property=\"og:type\" content=\"article\" \/>\n<meta property=\"og:title\" content=\"Gas\u00f3leo sobe 36,3 c\u00eantimos por litro a partir de 1 de maio - Di\u00e1rio da Lagoa\" \/>\n<meta property=\"og:description\" content=\"Gasolina tamb\u00e9m regista um aumento hist\u00f3rico de 21,7 e o g\u00e1s quase que toca nos 37 c\u00eantimos por quilo.\" \/>\n<meta property=\"og:url\" content=\"https:\/\/diariodalagoa.pt\/en\/gasoleo-sobe-363-centimos-por-litro-a-partir-de-1-de-maio\/\" \/>\n<meta property=\"og:site_name\" content=\"Di\u00e1rio da Lagoa\" \/>\n<meta property=\"article:published_time\" content=\"2026-04-28T17:54:56+00:00\" \/>\n<meta property=\"article:modified_time\" content=\"2026-04-28T17:55:00+00:00\" \/>\n<meta property=\"og:image\" content=\"https:\/\/diariodalagoa.pt\/wp-content\/uploads\/2026\/04\/combustivel.jpeg\" \/>\n\t<meta property=\"og:image:width\" content=\"960\" \/>\n\t<meta property=\"og:image:height\" content=\"640\" \/>\n\t<meta property=\"og:image:type\" content=\"image\/jpeg\" \/>\n<meta name=\"author\" content=\"Di\u00e1rio da Lagoa\" \/>\n<meta name=\"twitter:card\" content=\"summary_large_image\" \/>\n<meta name=\"twitter:label1\" content=\"Written by\" \/>\n\t<meta name=\"twitter:data1\" content=\"Di\u00e1rio da Lagoa\" \/>\n\t<meta name=\"twitter:label2\" content=\"Est. reading time\" \/>\n\t<meta name=\"twitter:data2\" content=\"2 minutes\" \/>\n<script type=\"application\/ld+json\" class=\"yoast-schema-graph\">{\"@context\":\"https:\/\/schema.org\",\"@graph\":[{\"@type\":\"WebPage\",\"@id\":\"https:\/\/diariodalagoa.pt\/gasoleo-sobe-363-centimos-por-litro-a-partir-de-1-de-maio\/\",\"url\":\"https:\/\/diariodalagoa.pt\/gasoleo-sobe-363-centimos-por-litro-a-partir-de-1-de-maio\/\",\"name\":\"Gas\u00f3leo sobe 36,3 c\u00eantimos por litro a partir de 1 de maio - Di\u00e1rio da Lagoa\",\"isPartOf\":{\"@id\":\"https:\/\/diariodalagoa.pt\/#website\"},\"datePublished\":\"2026-04-28T17:54:56+00:00\",\"dateModified\":\"2026-04-28T17:55:00+00:00\",\"author\":{\"@id\":\"https:\/\/diariodalagoa.pt\/#\/schema\/person\/1615a002370e8857b6f972834bc43ece\"},\"description\":\"Gasolina tamb\u00e9m regista um aumento hist\u00f3rico de 21,7 e o g\u00e1s quase que toca nos 37 c\u00eantimos por quilo.\",\"breadcrumb\":{\"@id\":\"https:\/\/diariodalagoa.pt\/gasoleo-sobe-363-centimos-por-litro-a-partir-de-1-de-maio\/#breadcrumb\"},\"inLanguage\":\"en-US\",\"potentialAction\":[{\"@type\":\"ReadAction\",\"target\":[\"https:\/\/diariodalagoa.pt\/gasoleo-sobe-363-centimos-por-litro-a-partir-de-1-de-maio\/\"]}]},{\"@type\":\"BreadcrumbList\",\"@id\":\"https:\/\/diariodalagoa.pt\/gasoleo-sobe-363-centimos-por-litro-a-partir-de-1-de-maio\/#breadcrumb\",\"itemListElement\":[{\"@type\":\"ListItem\",\"position\":1,\"name\":\"In\u00edcio\",\"item\":\"https:\/\/diariodalagoa.pt\/\"},{\"@type\":\"ListItem\",\"position\":2,\"name\":\"Gas\u00f3leo sobe 36,3 c\u00eantimos por litro a partir de 1 de maio\"}]},{\"@type\":\"WebSite\",\"@id\":\"https:\/\/diariodalagoa.pt\/#website\",\"url\":\"https:\/\/diariodalagoa.pt\/\",\"name\":\"Di\u00e1rio da Lagoa\",\"description\":\"Di\u00e1rio da Lagoa. As not\u00edcias que contam. A partir da Lagoa, nos A\u00e7ores, para o mundo.\",\"potentialAction\":[{\"@type\":\"SearchAction\",\"target\":{\"@type\":\"EntryPoint\",\"urlTemplate\":\"https:\/\/diariodalagoa.pt\/?s={search_term_string}\"},\"query-input\":\"required name=search_term_string\"}],\"inLanguage\":\"en-US\"},{\"@type\":\"Person\",\"@id\":\"https:\/\/diariodalagoa.pt\/#\/schema\/person\/1615a002370e8857b6f972834bc43ece\",\"name\":\"Di\u00e1rio da Lagoa\",\"image\":{\"@type\":\"ImageObject\",\"inLanguage\":\"en-US\",\"@id\":\"https:\/\/diariodalagoa.pt\/#\/schema\/person\/image\/\",\"url\":\"https:\/\/secure.gravatar.com\/avatar\/2cb5cef90a26f8fbd4d9d930608102c5?s=96&d=mm&r=g\",\"contentUrl\":\"https:\/\/secure.gravatar.com\/avatar\/2cb5cef90a26f8fbd4d9d930608102c5?s=96&d=mm&r=g\",\"caption\":\"Di\u00e1rio da Lagoa\"},\"url\":\"https:\/\/diariodalagoa.pt\/en\/author\/diariodalagoa\/\"}]}<\/script>\n<!-- \/ Yoast SEO plugin. -->","yoast_head_json":{"title":"Gas\u00f3leo sobe 36,3 c\u00eantimos por litro a partir de 1 de maio - Di\u00e1rio da Lagoa","description":"Gasolina tamb\u00e9m regista um aumento hist\u00f3rico de 21,7 e o g\u00e1s quase que toca nos 37 c\u00eantimos por quilo.","robots":{"index":"index","follow":"follow","max-snippet":"max-snippet:-1","max-image-preview":"max-image-preview:large","max-video-preview":"max-video-preview:-1"},"canonical":"https:\/\/diariodalagoa.pt\/en\/gasoleo-sobe-363-centimos-por-litro-a-partir-de-1-de-maio\/","og_locale":"en_US","og_type":"article","og_title":"Gas\u00f3leo sobe 36,3 c\u00eantimos por litro a partir de 1 de maio - Di\u00e1rio da Lagoa","og_description":"Gasolina tamb\u00e9m regista um aumento hist\u00f3rico de 21,7 e o g\u00e1s quase que toca nos 37 c\u00eantimos por quilo.","og_url":"https:\/\/diariodalagoa.pt\/en\/gasoleo-sobe-363-centimos-por-litro-a-partir-de-1-de-maio\/","og_site_name":"Di\u00e1rio da Lagoa","article_published_time":"2026-04-28T17:54:56+00:00","article_modified_time":"2026-04-28T17:55:00+00:00","og_image":[{"width":960,"height":640,"url":"https:\/\/diariodalagoa.pt\/wp-content\/uploads\/2026\/04\/combustivel.jpeg","type":"image\/jpeg"}],"author":"Di\u00e1rio da Lagoa","twitter_card":"summary_large_image","twitter_misc":{"Written by":"Di\u00e1rio da Lagoa","Est. reading time":"2 minutes"},"schema":{"@context":"https:\/\/schema.org","@graph":[{"@type":"WebPage","@id":"https:\/\/diariodalagoa.pt\/gasoleo-sobe-363-centimos-por-litro-a-partir-de-1-de-maio\/","url":"https:\/\/diariodalagoa.pt\/gasoleo-sobe-363-centimos-por-litro-a-partir-de-1-de-maio\/","name":"Gas\u00f3leo sobe 36,3 c\u00eantimos por litro a partir de 1 de maio - Di\u00e1rio da Lagoa","isPartOf":{"@id":"https:\/\/diariodalagoa.pt\/#website"},"datePublished":"2026-04-28T17:54:56+00:00","dateModified":"2026-04-28T17:55:00+00:00","author":{"@id":"https:\/\/diariodalagoa.pt\/#\/schema\/person\/1615a002370e8857b6f972834bc43ece"},"description":"Gasolina tamb\u00e9m regista um aumento hist\u00f3rico de 21,7 e o g\u00e1s quase que toca nos 37 c\u00eantimos por quilo.","breadcrumb":{"@id":"https:\/\/diariodalagoa.pt\/gasoleo-sobe-363-centimos-por-litro-a-partir-de-1-de-maio\/#breadcrumb"},"inLanguage":"en-US","potentialAction":[{"@type":"ReadAction","target":["https:\/\/diariodalagoa.pt\/gasoleo-sobe-363-centimos-por-litro-a-partir-de-1-de-maio\/"]}]},{"@type":"BreadcrumbList","@id":"https:\/\/diariodalagoa.pt\/gasoleo-sobe-363-centimos-por-litro-a-partir-de-1-de-maio\/#breadcrumb","itemListElement":[{"@type":"ListItem","position":1,"name":"In\u00edcio","item":"https:\/\/diariodalagoa.pt\/"},{"@type":"ListItem","position":2,"name":"Gas\u00f3leo sobe 36,3 c\u00eantimos por litro a partir de 1 de maio"}]},{"@type":"WebSite","@id":"https:\/\/diariodalagoa.pt\/#website","url":"https:\/\/diariodalagoa.pt\/","name":"Di\u00e1rio da Lagoa","description":"Di\u00e1rio da Lagoa. As not\u00edcias que contam. A partir da Lagoa, nos A\u00e7ores, para o mundo.","potentialAction":[{"@type":"SearchAction","target":{"@type":"EntryPoint","urlTemplate":"https:\/\/diariodalagoa.pt\/?s={search_term_string}"},"query-input":"required name=search_term_string"}],"inLanguage":"en-US"},{"@type":"Person","@id":"https:\/\/diariodalagoa.pt\/#\/schema\/person\/1615a002370e8857b6f972834bc43ece","name":"Di\u00e1rio da Lagoa","image":{"@type":"ImageObject","inLanguage":"en-US","@id":"https:\/\/diariodalagoa.pt\/#\/schema\/person\/image\/","url":"https:\/\/secure.gravatar.com\/avatar\/2cb5cef90a26f8fbd4d9d930608102c5?s=96&d=mm&r=g","contentUrl":"https:\/\/secure.gravatar.com\/avatar\/2cb5cef90a26f8fbd4d9d930608102c5?s=96&d=mm&r=g","caption":"Di\u00e1rio da Lagoa"},"url":"https:\/\/diariodalagoa.pt\/en\/author\/diariodalagoa\/"}]}},"_links":{"self":[{"href":"https:\/\/diariodalagoa.pt\/en\/wp-json\/wp\/v2\/posts\/163558"}],"collection":[{"href":"https:\/\/diariodalagoa.pt\/en\/wp-json\/wp\/v2\/posts"}],"about":[{"href":"https:\/\/diariodalagoa.pt\/en\/wp-json\/wp\/v2\/types\/post"}],"author":[{"embeddable":true,"href":"https:\/\/diariodalagoa.pt\/en\/wp-json\/wp\/v2\/users\/2"}],"replies":[{"embeddable":true,"href":"https:\/\/diariodalagoa.pt\/en\/wp-json\/wp\/v2\/comments?post=163558"}],"version-history":[{"count":2,"href":"https:\/\/diariodalagoa.pt\/en\/wp-json\/wp\/v2\/posts\/163558\/revisions"}],"predecessor-version":[{"id":163561,"href":"https:\/\/diariodalagoa.pt\/en\/wp-json\/wp\/v2\/posts\/163558\/revisions\/163561"}],"wp:featuredmedia":[{"embeddable":true,"href":"https:\/\/diariodalagoa.pt\/en\/wp-json\/wp\/v2\/media\/163559"}],"wp:attachment":[{"href":"https:\/\/diariodalagoa.pt\/en\/wp-json\/wp\/v2\/media?parent=163558"}],"wp:term":[{"taxonomy":"category","embeddable":true,"href":"https:\/\/diariodalagoa.pt\/en\/wp-json\/wp\/v2\/categories?post=163558"},{"taxonomy":"post_tag","embeddable":true,"href":"https:\/\/diariodalagoa.pt\/en\/wp-json\/wp\/v2\/tags?post=163558"}],"curies":[{"name":"wp","href":"https:\/\/api.w.org\/{rel}","templated":true}]}}