{"id":163470,"date":"2026-04-25T11:55:24","date_gmt":"2026-04-25T11:55:24","guid":{"rendered":"https:\/\/diariodalagoa.pt\/?p=163470"},"modified":"2026-04-25T12:23:34","modified_gmt":"2026-04-25T12:23:34","slug":"censura","status":"publish","type":"post","link":"https:\/\/diariodalagoa.pt\/en\/censura\/","title":{"rendered":"Censura"},"content":{"rendered":"<div class=\"wp-block-image is-style-rounded\">\n<figure class=\"aligncenter size-full is-resized\"><img decoding=\"async\" src=\"https:\/\/diariodalagoa.pt\/wp-content\/uploads\/2025\/06\/julio-tavares-oliveira-retrato.jpg\" alt=\"\" class=\"wp-image-152512\" width=\"380\" height=\"380\" srcset=\"https:\/\/diariodalagoa.pt\/wp-content\/uploads\/2025\/06\/julio-tavares-oliveira-retrato.jpg 620w, https:\/\/diariodalagoa.pt\/wp-content\/uploads\/2025\/06\/julio-tavares-oliveira-retrato-300x300.jpg 300w, https:\/\/diariodalagoa.pt\/wp-content\/uploads\/2025\/06\/julio-tavares-oliveira-retrato-150x150.jpg 150w, https:\/\/diariodalagoa.pt\/wp-content\/uploads\/2025\/06\/julio-tavares-oliveira-retrato-12x12.jpg 12w\" sizes=\"(max-width: 380px) 100vw, 380px\" \/><\/figure><\/div>\n\n\n<div style=\"height:25px\" aria-hidden=\"true\" class=\"wp-block-spacer\"><\/div>\n\n\n<p style=\"text-align: center;\"><b>J\u00falio Tavares Oliveira<\/b><b><br><\/b>Professor de PLNM<br>Licenciado em Estudos Portugueses e Ingleses<br>P\u00f3s-Graduado em Portugu\u00eas L\u00edngua N\u00e3o Materna<\/p>\n\n\n<div style=\"height:25px\" aria-hidden=\"true\" class=\"wp-block-spacer\"><\/div>\n\n\n<p>Existem v\u00e1rios tipos de Censura e v\u00e1rias formas de se Censurar os outros: a mais comum, nos dias de hoje, de plenidade democr\u00e1tica, de conviv\u00eancia democr\u00e1tica, \u00e9 a <i>omiss\u00e3o do outro. <\/i><i>Esconde-se, varre-se, p\u00f5e-se<\/i> para debaixo do tapete a informa\u00e7\u00e3o que n\u00e3o conv\u00e9m a determinada longitude e a determinado alcance de notoriedade; mete-se num s\u00edtio mais \u201cescondido\u201d, mais \u201ctapado\u201d, ou selecionamos o alvo, convenientemente, puxando-o para n\u00f3s, mas para o Censurar depois \u2013 aliciando-o e pondo-o, depois, em convenientes servi\u00e7os m\u00ednimos. Prendendo-o!<\/p>\n<p>N\u00e3o h\u00e1 uma Censura abertamente declarada em Portugal; hoje, como sabemos, n\u00e3o h\u00e1 um tra\u00e7o azul, de cima a baixo, nem um gabinete espec\u00edfico, mas uma omiss\u00e3o discreta, que \u00e9 muito pior do que a abertamente declarada, e que passa por entre os pingos da chuva; uma que \u00e9 realizada por conveni\u00eancia de servi\u00e7o, de certa e determinada informa\u00e7\u00e3o perfeitamente leg\u00edtima.<\/p>\n<p>S\u00f3 o facto de, muitas vezes, n\u00e3o haver total abertura e acesso total e independente \u00e0 informa\u00e7\u00e3o em tantos \u00f3rg\u00e3os da administra\u00e7\u00e3o p\u00fablica, s\u00f3 isso legitima a censura, a propriamente dita, por se barrar, precisamente, o acesso livre, e pleno, previsto na Lei, a documentos administrativos de acesso e de consulta supostamente abertos.<\/p>\n<p>Tamb\u00e9m se censura se impedimos, por conveni\u00eancia ou raz\u00f5es pol\u00edticas ou ideol\u00f3gicas, o natural progresso, e crescimento, de algu\u00e9m na sociedade ou na opini\u00e3o p\u00fablica \u2013 e tantas vezes, tanto potencial \u00e9 deitado fora, ou mesmo desvalorizado, ou at\u00e9 omitido (l\u00e1 est\u00e1&#8230;) por conveni\u00eancia e por raz\u00f5es que extravassam completamente o grau desse potencial.<\/p>\n<p>\u00c9 discrimina\u00e7\u00e3o \u2013 se uns s\u00e3o tratados de forma A e outros tratados de forma B -, certo, mas \u00e9 tamb\u00e9m uma forma de se censurar os outros, neste caso o ser humano e o seu potencial.<\/p>\n<p>A Censura n\u00e3o \u00e9 o habitual \u201ctapar a boca\u201d ou o \u201cimpedir que saia\u201d, porque a Censura moderna apurou os seus meios, trabalhou as suas t\u00e9cnicas, para chegar e atingir precisamente os seus maiores alvos de forma silenciosa. A Censura moderna n\u00e3o deixa rasto, n\u00e3o deixa pegadas, \u00e9, em si mesma, muit\u00edssimo discreta. A Censura moderna n\u00e3o levanta a voz, nem aparece em p\u00fablico dizendo nada \u2013 ela, por si s\u00f3, \u00e9 capaz de se esconder e andar entre os pingos da chuva, controlando, por si s\u00f3, todo o Clima.<\/p>\n<p>A Censura dos dias de hoje n\u00e3o se compadece com os outros \u2013 ela, simplesmente, f\u00e1-los desaparecer do radar da opini\u00e3o p\u00fablica, atrav\u00e9s dos seus preciosos meios e dos seus disseminados e muitos canais de influ\u00eancia.<\/p>\n<p>Enquanto n\u00f3s, um pouco por todo o pa\u00eds, e nas Regi\u00f5es Aut\u00f3nomas, n\u00e3o matarmos, com veneno o veneno, o veneno, ele mesmo, continuar\u00e1 a disserminar-se e a contaminar a opini\u00e3o p\u00fablica, levando as massas a pensar de determinada forma e a considerar de determinar maneira; continuar\u00e1, ela, por t\u00e9cnicas de grande alcance, a castrar a livre comunica\u00e7\u00e3o, a transpar\u00eancia, a independ\u00eancia de tantos \u00f3rg\u00e3os, a seriedade de um Estado, escudando-se na magistratura de influ\u00eancia (omissa \u00e0 grande maioria) que possui, e que distorce at\u00e9 o poder judicial.<\/p>\n<p>Com muita pena minha, n\u00e3o vejo grande alternativa, sen\u00e3o abrirmos os olhos. Combater algo que se esconde, todos os dias, por baixo do seu manto de invisibilidade, e do seu poderoso radar de influ\u00eancia, s\u00f3 se combate com literacia, com a promo\u00e7\u00e3o da literacia \u2013 a v\u00e1rios n\u00edveis -, do conhecimento e com o acesso, dif\u00edcil, \u00e0 Verdade.<\/p>\n<p>\u00c9 dever de cada um de n\u00f3s, cidad\u00e3os, trabalharmos nesse sentido.<\/p>","protected":false},"excerpt":{"rendered":"<p>\u00abA Censura n\u00e3o \u00e9 o habitual \u201ctapar a boca\u201d ou o \u201cimpedir que saia\u201d, porque a Censura moderna apurou os seus meios, trabalhou as suas t\u00e9cnicas, para chegar e atingir precisamente os seus maiores alvos de forma silenciosa.\u00bb<\/p>","protected":false},"author":2,"featured_media":152513,"comment_status":"open","ping_status":"closed","sticky":false,"template":"","format":"standard","meta":[],"categories":[11],"tags":[114,363,460,1534,5004,34],"acf":[],"yoast_head":"<!-- This site is optimized with the Yoast SEO plugin v20.10 - https:\/\/yoast.com\/wordpress\/plugins\/seo\/ -->\n<title>Censura - Di\u00e1rio da Lagoa<\/title>\n<meta name=\"description\" content=\"\u00abA Censura n\u00e3o \u00e9 o habitual \u201ctapar a boca\u201d ou o \u201cimpedir que saia\u201d, porque a Censura moderna apurou os seus meios, trabalhou as suas t\u00e9cnicas, para chegar e atingir precisamente os seus maiores alvos de forma silenciosa.\u00bb\" \/>\n<meta name=\"robots\" content=\"index, follow, max-snippet:-1, max-image-preview:large, max-video-preview:-1\" \/>\n<link rel=\"canonical\" href=\"https:\/\/diariodalagoa.pt\/en\/censura\/\" \/>\n<meta property=\"og:locale\" content=\"en_US\" \/>\n<meta property=\"og:type\" content=\"article\" \/>\n<meta property=\"og:title\" content=\"Censura - Di\u00e1rio da Lagoa\" \/>\n<meta property=\"og:description\" content=\"\u00abA Censura n\u00e3o \u00e9 o habitual \u201ctapar a boca\u201d ou o \u201cimpedir que saia\u201d, porque a Censura moderna apurou os seus meios, trabalhou as suas t\u00e9cnicas, para chegar e atingir precisamente os seus maiores alvos de forma silenciosa.\u00bb\" \/>\n<meta property=\"og:url\" content=\"https:\/\/diariodalagoa.pt\/en\/censura\/\" \/>\n<meta property=\"og:site_name\" content=\"Di\u00e1rio da Lagoa\" \/>\n<meta property=\"article:published_time\" content=\"2026-04-25T11:55:24+00:00\" \/>\n<meta property=\"article:modified_time\" content=\"2026-04-25T12:23:34+00:00\" \/>\n<meta property=\"og:image\" content=\"https:\/\/diariodalagoa.pt\/wp-content\/uploads\/2025\/06\/julio-tavares-oliveira-slide.jpg\" \/>\n\t<meta property=\"og:image:width\" content=\"960\" \/>\n\t<meta property=\"og:image:height\" content=\"750\" \/>\n\t<meta property=\"og:image:type\" content=\"image\/jpeg\" \/>\n<meta name=\"author\" content=\"Di\u00e1rio da Lagoa\" \/>\n<meta name=\"twitter:card\" content=\"summary_large_image\" \/>\n<meta name=\"twitter:label1\" content=\"Written by\" \/>\n\t<meta name=\"twitter:data1\" content=\"Di\u00e1rio da Lagoa\" \/>\n\t<meta name=\"twitter:label2\" content=\"Est. reading time\" \/>\n\t<meta name=\"twitter:data2\" content=\"4 minutes\" \/>\n<script type=\"application\/ld+json\" class=\"yoast-schema-graph\">{\"@context\":\"https:\/\/schema.org\",\"@graph\":[{\"@type\":\"WebPage\",\"@id\":\"https:\/\/diariodalagoa.pt\/censura\/\",\"url\":\"https:\/\/diariodalagoa.pt\/censura\/\",\"name\":\"Censura - Di\u00e1rio da Lagoa\",\"isPartOf\":{\"@id\":\"https:\/\/diariodalagoa.pt\/#website\"},\"datePublished\":\"2026-04-25T11:55:24+00:00\",\"dateModified\":\"2026-04-25T12:23:34+00:00\",\"author\":{\"@id\":\"https:\/\/diariodalagoa.pt\/#\/schema\/person\/1615a002370e8857b6f972834bc43ece\"},\"description\":\"\u00abA Censura n\u00e3o \u00e9 o habitual \u201ctapar a boca\u201d ou o \u201cimpedir que saia\u201d, porque a Censura moderna apurou os seus meios, trabalhou as suas t\u00e9cnicas, para chegar e atingir precisamente os seus maiores alvos de forma silenciosa.\u00bb\",\"breadcrumb\":{\"@id\":\"https:\/\/diariodalagoa.pt\/censura\/#breadcrumb\"},\"inLanguage\":\"en-US\",\"potentialAction\":[{\"@type\":\"ReadAction\",\"target\":[\"https:\/\/diariodalagoa.pt\/censura\/\"]}]},{\"@type\":\"BreadcrumbList\",\"@id\":\"https:\/\/diariodalagoa.pt\/censura\/#breadcrumb\",\"itemListElement\":[{\"@type\":\"ListItem\",\"position\":1,\"name\":\"In\u00edcio\",\"item\":\"https:\/\/diariodalagoa.pt\/\"},{\"@type\":\"ListItem\",\"position\":2,\"name\":\"Censura\"}]},{\"@type\":\"WebSite\",\"@id\":\"https:\/\/diariodalagoa.pt\/#website\",\"url\":\"https:\/\/diariodalagoa.pt\/\",\"name\":\"Di\u00e1rio da Lagoa\",\"description\":\"Di\u00e1rio da Lagoa. As not\u00edcias que contam. A partir da Lagoa, nos A\u00e7ores, para o mundo.\",\"potentialAction\":[{\"@type\":\"SearchAction\",\"target\":{\"@type\":\"EntryPoint\",\"urlTemplate\":\"https:\/\/diariodalagoa.pt\/?s={search_term_string}\"},\"query-input\":\"required name=search_term_string\"}],\"inLanguage\":\"en-US\"},{\"@type\":\"Person\",\"@id\":\"https:\/\/diariodalagoa.pt\/#\/schema\/person\/1615a002370e8857b6f972834bc43ece\",\"name\":\"Di\u00e1rio da Lagoa\",\"image\":{\"@type\":\"ImageObject\",\"inLanguage\":\"en-US\",\"@id\":\"https:\/\/diariodalagoa.pt\/#\/schema\/person\/image\/\",\"url\":\"https:\/\/secure.gravatar.com\/avatar\/2cb5cef90a26f8fbd4d9d930608102c5?s=96&d=mm&r=g\",\"contentUrl\":\"https:\/\/secure.gravatar.com\/avatar\/2cb5cef90a26f8fbd4d9d930608102c5?s=96&d=mm&r=g\",\"caption\":\"Di\u00e1rio da Lagoa\"},\"url\":\"https:\/\/diariodalagoa.pt\/en\/author\/diariodalagoa\/\"}]}<\/script>\n<!-- \/ Yoast SEO plugin. -->","yoast_head_json":{"title":"Censura - Di\u00e1rio da Lagoa","description":"\u00abA Censura n\u00e3o \u00e9 o habitual \u201ctapar a boca\u201d ou o \u201cimpedir que saia\u201d, porque a Censura moderna apurou os seus meios, trabalhou as suas t\u00e9cnicas, para chegar e atingir precisamente os seus maiores alvos de forma silenciosa.\u00bb","robots":{"index":"index","follow":"follow","max-snippet":"max-snippet:-1","max-image-preview":"max-image-preview:large","max-video-preview":"max-video-preview:-1"},"canonical":"https:\/\/diariodalagoa.pt\/en\/censura\/","og_locale":"en_US","og_type":"article","og_title":"Censura - Di\u00e1rio da Lagoa","og_description":"\u00abA Censura n\u00e3o \u00e9 o habitual \u201ctapar a boca\u201d ou o \u201cimpedir que saia\u201d, porque a Censura moderna apurou os seus meios, trabalhou as suas t\u00e9cnicas, para chegar e atingir precisamente os seus maiores alvos de forma silenciosa.\u00bb","og_url":"https:\/\/diariodalagoa.pt\/en\/censura\/","og_site_name":"Di\u00e1rio da Lagoa","article_published_time":"2026-04-25T11:55:24+00:00","article_modified_time":"2026-04-25T12:23:34+00:00","og_image":[{"width":960,"height":750,"url":"https:\/\/diariodalagoa.pt\/wp-content\/uploads\/2025\/06\/julio-tavares-oliveira-slide.jpg","type":"image\/jpeg"}],"author":"Di\u00e1rio da Lagoa","twitter_card":"summary_large_image","twitter_misc":{"Written by":"Di\u00e1rio da Lagoa","Est. reading time":"4 minutes"},"schema":{"@context":"https:\/\/schema.org","@graph":[{"@type":"WebPage","@id":"https:\/\/diariodalagoa.pt\/censura\/","url":"https:\/\/diariodalagoa.pt\/censura\/","name":"Censura - Di\u00e1rio da Lagoa","isPartOf":{"@id":"https:\/\/diariodalagoa.pt\/#website"},"datePublished":"2026-04-25T11:55:24+00:00","dateModified":"2026-04-25T12:23:34+00:00","author":{"@id":"https:\/\/diariodalagoa.pt\/#\/schema\/person\/1615a002370e8857b6f972834bc43ece"},"description":"\u00abA Censura n\u00e3o \u00e9 o habitual \u201ctapar a boca\u201d ou o \u201cimpedir que saia\u201d, porque a Censura moderna apurou os seus meios, trabalhou as suas t\u00e9cnicas, para chegar e atingir precisamente os seus maiores alvos de forma silenciosa.\u00bb","breadcrumb":{"@id":"https:\/\/diariodalagoa.pt\/censura\/#breadcrumb"},"inLanguage":"en-US","potentialAction":[{"@type":"ReadAction","target":["https:\/\/diariodalagoa.pt\/censura\/"]}]},{"@type":"BreadcrumbList","@id":"https:\/\/diariodalagoa.pt\/censura\/#breadcrumb","itemListElement":[{"@type":"ListItem","position":1,"name":"In\u00edcio","item":"https:\/\/diariodalagoa.pt\/"},{"@type":"ListItem","position":2,"name":"Censura"}]},{"@type":"WebSite","@id":"https:\/\/diariodalagoa.pt\/#website","url":"https:\/\/diariodalagoa.pt\/","name":"Di\u00e1rio da Lagoa","description":"Di\u00e1rio da Lagoa. As not\u00edcias que contam. A partir da Lagoa, nos A\u00e7ores, para o mundo.","potentialAction":[{"@type":"SearchAction","target":{"@type":"EntryPoint","urlTemplate":"https:\/\/diariodalagoa.pt\/?s={search_term_string}"},"query-input":"required name=search_term_string"}],"inLanguage":"en-US"},{"@type":"Person","@id":"https:\/\/diariodalagoa.pt\/#\/schema\/person\/1615a002370e8857b6f972834bc43ece","name":"Di\u00e1rio da Lagoa","image":{"@type":"ImageObject","inLanguage":"en-US","@id":"https:\/\/diariodalagoa.pt\/#\/schema\/person\/image\/","url":"https:\/\/secure.gravatar.com\/avatar\/2cb5cef90a26f8fbd4d9d930608102c5?s=96&d=mm&r=g","contentUrl":"https:\/\/secure.gravatar.com\/avatar\/2cb5cef90a26f8fbd4d9d930608102c5?s=96&d=mm&r=g","caption":"Di\u00e1rio da Lagoa"},"url":"https:\/\/diariodalagoa.pt\/en\/author\/diariodalagoa\/"}]}},"_links":{"self":[{"href":"https:\/\/diariodalagoa.pt\/en\/wp-json\/wp\/v2\/posts\/163470"}],"collection":[{"href":"https:\/\/diariodalagoa.pt\/en\/wp-json\/wp\/v2\/posts"}],"about":[{"href":"https:\/\/diariodalagoa.pt\/en\/wp-json\/wp\/v2\/types\/post"}],"author":[{"embeddable":true,"href":"https:\/\/diariodalagoa.pt\/en\/wp-json\/wp\/v2\/users\/2"}],"replies":[{"embeddable":true,"href":"https:\/\/diariodalagoa.pt\/en\/wp-json\/wp\/v2\/comments?post=163470"}],"version-history":[{"count":4,"href":"https:\/\/diariodalagoa.pt\/en\/wp-json\/wp\/v2\/posts\/163470\/revisions"}],"predecessor-version":[{"id":163479,"href":"https:\/\/diariodalagoa.pt\/en\/wp-json\/wp\/v2\/posts\/163470\/revisions\/163479"}],"wp:featuredmedia":[{"embeddable":true,"href":"https:\/\/diariodalagoa.pt\/en\/wp-json\/wp\/v2\/media\/152513"}],"wp:attachment":[{"href":"https:\/\/diariodalagoa.pt\/en\/wp-json\/wp\/v2\/media?parent=163470"}],"wp:term":[{"taxonomy":"category","embeddable":true,"href":"https:\/\/diariodalagoa.pt\/en\/wp-json\/wp\/v2\/categories?post=163470"},{"taxonomy":"post_tag","embeddable":true,"href":"https:\/\/diariodalagoa.pt\/en\/wp-json\/wp\/v2\/tags?post=163470"}],"curies":[{"name":"wp","href":"https:\/\/api.w.org\/{rel}","templated":true}]}}