{"id":163159,"date":"2026-04-14T17:59:41","date_gmt":"2026-04-14T17:59:41","guid":{"rendered":"https:\/\/diariodalagoa.pt\/?p=163159"},"modified":"2026-04-14T17:59:43","modified_gmt":"2026-04-14T17:59:43","slug":"daniela-amaral-ferreira-vence-gala-caravela-douro","status":"publish","type":"post","link":"https:\/\/diariodalagoa.pt\/en\/daniela-amaral-ferreira-vence-gala-caravela-douro\/","title":{"rendered":"Daniela Amaral Ferreira vence gala Caravela d\u2019Ouro"},"content":{"rendered":"<figure class=\"wp-block-image size-full\"><img decoding=\"async\" width=\"960\" height=\"640\" src=\"https:\/\/diariodalagoa.pt\/wp-content\/uploads\/2026\/04\/gala-caravela-ouro-povoacao-2026.jpeg\" alt=\"\" class=\"wp-image-163160\" srcset=\"https:\/\/diariodalagoa.pt\/wp-content\/uploads\/2026\/04\/gala-caravela-ouro-povoacao-2026.jpeg 960w, https:\/\/diariodalagoa.pt\/wp-content\/uploads\/2026\/04\/gala-caravela-ouro-povoacao-2026-300x200.jpeg 300w, https:\/\/diariodalagoa.pt\/wp-content\/uploads\/2026\/04\/gala-caravela-ouro-povoacao-2026-768x512.jpeg 768w, https:\/\/diariodalagoa.pt\/wp-content\/uploads\/2026\/04\/gala-caravela-ouro-povoacao-2026-18x12.jpeg 18w\" sizes=\"(max-width: 960px) 100vw, 960px\" \/><figcaption class=\"wp-element-caption\"><sub><mark style=\"background-color:rgba(0, 0, 0, 0)\" class=\"has-inline-color has-cyan-bluish-gray-color\">\u00a9\u00a0CM POVOA\u00c7\u00c3O<\/mark><\/sub><\/figcaption><\/figure>\n\n\n\n<p>Daniela Amaral Ferreira, de 9 anos de idade, foi a vencedora da 32.\u00aa edi\u00e7\u00e3o da Gala dos Pequenos Cantores Caravela d\u2019Ouro, evento que decorreu no pavilh\u00e3o multiusos da vila da Povoa\u00e7\u00e3o.<\/p>\n\n\n\n<p>A jovem natural da Povoa\u00e7\u00e3o conquistou o primeiro lugar com a can\u00e7\u00e3o \u201cO Balan\u00e7o do Mar\u201d, com letra e m\u00fasica de Am\u00e2ndio Garcia Magalh\u00e3es. Para al\u00e9m do pr\u00e9mio monet\u00e1rio no valor de trezentos euros, a vencedora vai representar o Caravela d\u2019Ouro no Festival da Can\u00e7\u00e3o Infantil da Madeira, em 2027. A can\u00e7\u00e3o \u201cO Balan\u00e7o do Mar\u201d ganhou tamb\u00e9m na categoria da \u201cMelhor M\u00fasica\u201d. O compositor arrecadou uma noite para duas pessoas no Terra Nostra Garden Hotel e a int\u00e9rprete voltou a ganhar mais cem euros em pr\u00e9mio.<\/p>\n\n\n\n<p>Em segundo lugar ficou Clara Leite Amaral, de 10 anos, tamb\u00e9m natural da Povoa\u00e7\u00e3o, com a can\u00e7\u00e3o \u201cO meu Cantinho de Sonho\u201d, com letra de L\u00eddia Oliveira e m\u00fasica de C\u00e9sar Carvalho. Ganhou um pr\u00e9mio no valor de duzentos euros e vai poder visitar a ilha do Pico para participar, como convidada especial, no Festival da Can\u00e7\u00e3o Infantil Baleia de Marfim, das Lajes do Pico.<\/p>\n\n\n\n<p>Na terceira posi\u00e7\u00e3o ficou Leonor Condinho C\u00e2mara, de 10 anos, tamb\u00e9m da Povoa\u00e7\u00e3o, com a m\u00fasica \u201cA Magia das Fadas\u201d, com letra e m\u00fasica de Samuel Pacheco. A terceira classificada ganhou cento e cinquenta euros em pr\u00e9mio e duas noites, para duas pessoas, no Octant Hotel.<\/p>\n\n\n\n<p>A \u201cMelhor Letra\u201d foi atribu\u00edda a Ana Paula Leite com o t\u00edtulo \u201cO meu Barco de Brincar\u201d. Esta can\u00e7\u00e3o foi interpretada por Leonor de Melo Pereira, de 8 anos, da \u00c1gua Retorta, que arrecadou um pr\u00e9mio no valor de cem euros. A autora da letra recebeu uma noite, para duas pessoas, no Terra Nostra Garden Hotel. <\/p>\n\n\n\n<p>Finalmente, o galard\u00e3o da \u201cCan\u00e7\u00e3o Recomendada para Crian\u00e7as\u201d foi para Ester Nascimento Freire, de 7 anos, tamb\u00e9m da Povoa\u00e7\u00e3o, que venceu com a can\u00e7\u00e3o \u201cAchas que \u00e9 Mentira?\u201d, com letra e m\u00fasica de Ana Paula Andrade. Ganhou um pr\u00e9mio no valor monet\u00e1rio de cem euros e duas noites para duas pessoas no Hotel do Mar.<\/p>","protected":false},"excerpt":{"rendered":"<p>Jovem da Povoa\u00e7\u00e3o alcan\u00e7ou o primeiro lugar com a m\u00fasica \u201cO Balan\u00e7o do Mar\u201d e vai participar no festival da can\u00e7\u00e3o da Madeira, em 2027.<\/p>","protected":false},"author":2,"featured_media":163160,"comment_status":"open","ping_status":"open","sticky":false,"template":"","format":"standard","meta":[],"categories":[21],"tags":[2173,85,242,254,255],"acf":[],"yoast_head":"<!-- This site is optimized with the Yoast SEO plugin v20.10 - https:\/\/yoast.com\/wordpress\/plugins\/seo\/ -->\n<title>Daniela Amaral Ferreira vence gala Caravela d\u2019Ouro - Di\u00e1rio da Lagoa<\/title>\n<meta name=\"description\" content=\"Jovem da Povoa\u00e7\u00e3o alcan\u00e7ou o primeiro lugar com a m\u00fasica \u201cO Balan\u00e7o do Mar\u201d e vai participar no festival da can\u00e7\u00e3o da Madeira, em 2027.\" \/>\n<meta name=\"robots\" content=\"index, follow, max-snippet:-1, max-image-preview:large, max-video-preview:-1\" \/>\n<link rel=\"canonical\" href=\"https:\/\/diariodalagoa.pt\/en\/daniela-amaral-ferreira-vence-gala-caravela-douro\/\" \/>\n<meta property=\"og:locale\" content=\"en_US\" \/>\n<meta property=\"og:type\" content=\"article\" \/>\n<meta property=\"og:title\" content=\"Daniela Amaral Ferreira vence gala Caravela d\u2019Ouro - Di\u00e1rio da Lagoa\" \/>\n<meta property=\"og:description\" content=\"Jovem da Povoa\u00e7\u00e3o alcan\u00e7ou o primeiro lugar com a m\u00fasica \u201cO Balan\u00e7o do Mar\u201d e vai participar no festival da can\u00e7\u00e3o da Madeira, em 2027.\" \/>\n<meta property=\"og:url\" content=\"https:\/\/diariodalagoa.pt\/en\/daniela-amaral-ferreira-vence-gala-caravela-douro\/\" \/>\n<meta property=\"og:site_name\" content=\"Di\u00e1rio da Lagoa\" \/>\n<meta property=\"article:published_time\" content=\"2026-04-14T17:59:41+00:00\" \/>\n<meta property=\"article:modified_time\" content=\"2026-04-14T17:59:43+00:00\" \/>\n<meta property=\"og:image\" content=\"https:\/\/diariodalagoa.pt\/wp-content\/uploads\/2026\/04\/gala-caravela-ouro-povoacao-2026.jpeg\" \/>\n\t<meta property=\"og:image:width\" content=\"960\" \/>\n\t<meta property=\"og:image:height\" content=\"640\" \/>\n\t<meta property=\"og:image:type\" content=\"image\/jpeg\" \/>\n<meta name=\"author\" content=\"Di\u00e1rio da Lagoa\" \/>\n<meta name=\"twitter:card\" content=\"summary_large_image\" \/>\n<meta name=\"twitter:label1\" content=\"Written by\" \/>\n\t<meta name=\"twitter:data1\" content=\"Di\u00e1rio da Lagoa\" \/>\n\t<meta name=\"twitter:label2\" content=\"Est. reading time\" \/>\n\t<meta name=\"twitter:data2\" content=\"3 minutes\" \/>\n<script type=\"application\/ld+json\" class=\"yoast-schema-graph\">{\"@context\":\"https:\/\/schema.org\",\"@graph\":[{\"@type\":\"WebPage\",\"@id\":\"https:\/\/diariodalagoa.pt\/daniela-amaral-ferreira-vence-gala-caravela-douro\/\",\"url\":\"https:\/\/diariodalagoa.pt\/daniela-amaral-ferreira-vence-gala-caravela-douro\/\",\"name\":\"Daniela Amaral Ferreira vence gala Caravela d\u2019Ouro - Di\u00e1rio da Lagoa\",\"isPartOf\":{\"@id\":\"https:\/\/diariodalagoa.pt\/#website\"},\"datePublished\":\"2026-04-14T17:59:41+00:00\",\"dateModified\":\"2026-04-14T17:59:43+00:00\",\"author\":{\"@id\":\"https:\/\/diariodalagoa.pt\/#\/schema\/person\/1615a002370e8857b6f972834bc43ece\"},\"description\":\"Jovem da Povoa\u00e7\u00e3o alcan\u00e7ou o primeiro lugar com a m\u00fasica \u201cO Balan\u00e7o do Mar\u201d e vai participar no festival da can\u00e7\u00e3o da Madeira, em 2027.\",\"breadcrumb\":{\"@id\":\"https:\/\/diariodalagoa.pt\/daniela-amaral-ferreira-vence-gala-caravela-douro\/#breadcrumb\"},\"inLanguage\":\"en-US\",\"potentialAction\":[{\"@type\":\"ReadAction\",\"target\":[\"https:\/\/diariodalagoa.pt\/daniela-amaral-ferreira-vence-gala-caravela-douro\/\"]}]},{\"@type\":\"BreadcrumbList\",\"@id\":\"https:\/\/diariodalagoa.pt\/daniela-amaral-ferreira-vence-gala-caravela-douro\/#breadcrumb\",\"itemListElement\":[{\"@type\":\"ListItem\",\"position\":1,\"name\":\"In\u00edcio\",\"item\":\"https:\/\/diariodalagoa.pt\/\"},{\"@type\":\"ListItem\",\"position\":2,\"name\":\"Daniela Amaral Ferreira vence gala Caravela d\u2019Ouro\"}]},{\"@type\":\"WebSite\",\"@id\":\"https:\/\/diariodalagoa.pt\/#website\",\"url\":\"https:\/\/diariodalagoa.pt\/\",\"name\":\"Di\u00e1rio da Lagoa\",\"description\":\"Di\u00e1rio da Lagoa. As not\u00edcias que contam. A partir da Lagoa, nos A\u00e7ores, para o mundo.\",\"potentialAction\":[{\"@type\":\"SearchAction\",\"target\":{\"@type\":\"EntryPoint\",\"urlTemplate\":\"https:\/\/diariodalagoa.pt\/?s={search_term_string}\"},\"query-input\":\"required name=search_term_string\"}],\"inLanguage\":\"en-US\"},{\"@type\":\"Person\",\"@id\":\"https:\/\/diariodalagoa.pt\/#\/schema\/person\/1615a002370e8857b6f972834bc43ece\",\"name\":\"Di\u00e1rio da Lagoa\",\"image\":{\"@type\":\"ImageObject\",\"inLanguage\":\"en-US\",\"@id\":\"https:\/\/diariodalagoa.pt\/#\/schema\/person\/image\/\",\"url\":\"https:\/\/secure.gravatar.com\/avatar\/2cb5cef90a26f8fbd4d9d930608102c5?s=96&d=mm&r=g\",\"contentUrl\":\"https:\/\/secure.gravatar.com\/avatar\/2cb5cef90a26f8fbd4d9d930608102c5?s=96&d=mm&r=g\",\"caption\":\"Di\u00e1rio da Lagoa\"},\"url\":\"https:\/\/diariodalagoa.pt\/en\/author\/diariodalagoa\/\"}]}<\/script>\n<!-- \/ Yoast SEO plugin. -->","yoast_head_json":{"title":"Daniela Amaral Ferreira vence gala Caravela d\u2019Ouro - Di\u00e1rio da Lagoa","description":"Jovem da Povoa\u00e7\u00e3o alcan\u00e7ou o primeiro lugar com a m\u00fasica \u201cO Balan\u00e7o do Mar\u201d e vai participar no festival da can\u00e7\u00e3o da Madeira, em 2027.","robots":{"index":"index","follow":"follow","max-snippet":"max-snippet:-1","max-image-preview":"max-image-preview:large","max-video-preview":"max-video-preview:-1"},"canonical":"https:\/\/diariodalagoa.pt\/en\/daniela-amaral-ferreira-vence-gala-caravela-douro\/","og_locale":"en_US","og_type":"article","og_title":"Daniela Amaral Ferreira vence gala Caravela d\u2019Ouro - Di\u00e1rio da Lagoa","og_description":"Jovem da Povoa\u00e7\u00e3o alcan\u00e7ou o primeiro lugar com a m\u00fasica \u201cO Balan\u00e7o do Mar\u201d e vai participar no festival da can\u00e7\u00e3o da Madeira, em 2027.","og_url":"https:\/\/diariodalagoa.pt\/en\/daniela-amaral-ferreira-vence-gala-caravela-douro\/","og_site_name":"Di\u00e1rio da Lagoa","article_published_time":"2026-04-14T17:59:41+00:00","article_modified_time":"2026-04-14T17:59:43+00:00","og_image":[{"width":960,"height":640,"url":"https:\/\/diariodalagoa.pt\/wp-content\/uploads\/2026\/04\/gala-caravela-ouro-povoacao-2026.jpeg","type":"image\/jpeg"}],"author":"Di\u00e1rio da Lagoa","twitter_card":"summary_large_image","twitter_misc":{"Written by":"Di\u00e1rio da Lagoa","Est. reading time":"3 minutes"},"schema":{"@context":"https:\/\/schema.org","@graph":[{"@type":"WebPage","@id":"https:\/\/diariodalagoa.pt\/daniela-amaral-ferreira-vence-gala-caravela-douro\/","url":"https:\/\/diariodalagoa.pt\/daniela-amaral-ferreira-vence-gala-caravela-douro\/","name":"Daniela Amaral Ferreira vence gala Caravela d\u2019Ouro - Di\u00e1rio da Lagoa","isPartOf":{"@id":"https:\/\/diariodalagoa.pt\/#website"},"datePublished":"2026-04-14T17:59:41+00:00","dateModified":"2026-04-14T17:59:43+00:00","author":{"@id":"https:\/\/diariodalagoa.pt\/#\/schema\/person\/1615a002370e8857b6f972834bc43ece"},"description":"Jovem da Povoa\u00e7\u00e3o alcan\u00e7ou o primeiro lugar com a m\u00fasica \u201cO Balan\u00e7o do Mar\u201d e vai participar no festival da can\u00e7\u00e3o da Madeira, em 2027.","breadcrumb":{"@id":"https:\/\/diariodalagoa.pt\/daniela-amaral-ferreira-vence-gala-caravela-douro\/#breadcrumb"},"inLanguage":"en-US","potentialAction":[{"@type":"ReadAction","target":["https:\/\/diariodalagoa.pt\/daniela-amaral-ferreira-vence-gala-caravela-douro\/"]}]},{"@type":"BreadcrumbList","@id":"https:\/\/diariodalagoa.pt\/daniela-amaral-ferreira-vence-gala-caravela-douro\/#breadcrumb","itemListElement":[{"@type":"ListItem","position":1,"name":"In\u00edcio","item":"https:\/\/diariodalagoa.pt\/"},{"@type":"ListItem","position":2,"name":"Daniela Amaral Ferreira vence gala Caravela d\u2019Ouro"}]},{"@type":"WebSite","@id":"https:\/\/diariodalagoa.pt\/#website","url":"https:\/\/diariodalagoa.pt\/","name":"Di\u00e1rio da Lagoa","description":"Di\u00e1rio da Lagoa. As not\u00edcias que contam. A partir da Lagoa, nos A\u00e7ores, para o mundo.","potentialAction":[{"@type":"SearchAction","target":{"@type":"EntryPoint","urlTemplate":"https:\/\/diariodalagoa.pt\/?s={search_term_string}"},"query-input":"required name=search_term_string"}],"inLanguage":"en-US"},{"@type":"Person","@id":"https:\/\/diariodalagoa.pt\/#\/schema\/person\/1615a002370e8857b6f972834bc43ece","name":"Di\u00e1rio da Lagoa","image":{"@type":"ImageObject","inLanguage":"en-US","@id":"https:\/\/diariodalagoa.pt\/#\/schema\/person\/image\/","url":"https:\/\/secure.gravatar.com\/avatar\/2cb5cef90a26f8fbd4d9d930608102c5?s=96&d=mm&r=g","contentUrl":"https:\/\/secure.gravatar.com\/avatar\/2cb5cef90a26f8fbd4d9d930608102c5?s=96&d=mm&r=g","caption":"Di\u00e1rio da Lagoa"},"url":"https:\/\/diariodalagoa.pt\/en\/author\/diariodalagoa\/"}]}},"_links":{"self":[{"href":"https:\/\/diariodalagoa.pt\/en\/wp-json\/wp\/v2\/posts\/163159"}],"collection":[{"href":"https:\/\/diariodalagoa.pt\/en\/wp-json\/wp\/v2\/posts"}],"about":[{"href":"https:\/\/diariodalagoa.pt\/en\/wp-json\/wp\/v2\/types\/post"}],"author":[{"embeddable":true,"href":"https:\/\/diariodalagoa.pt\/en\/wp-json\/wp\/v2\/users\/2"}],"replies":[{"embeddable":true,"href":"https:\/\/diariodalagoa.pt\/en\/wp-json\/wp\/v2\/comments?post=163159"}],"version-history":[{"count":2,"href":"https:\/\/diariodalagoa.pt\/en\/wp-json\/wp\/v2\/posts\/163159\/revisions"}],"predecessor-version":[{"id":163162,"href":"https:\/\/diariodalagoa.pt\/en\/wp-json\/wp\/v2\/posts\/163159\/revisions\/163162"}],"wp:featuredmedia":[{"embeddable":true,"href":"https:\/\/diariodalagoa.pt\/en\/wp-json\/wp\/v2\/media\/163160"}],"wp:attachment":[{"href":"https:\/\/diariodalagoa.pt\/en\/wp-json\/wp\/v2\/media?parent=163159"}],"wp:term":[{"taxonomy":"category","embeddable":true,"href":"https:\/\/diariodalagoa.pt\/en\/wp-json\/wp\/v2\/categories?post=163159"},{"taxonomy":"post_tag","embeddable":true,"href":"https:\/\/diariodalagoa.pt\/en\/wp-json\/wp\/v2\/tags?post=163159"}],"curies":[{"name":"wp","href":"https:\/\/api.w.org\/{rel}","templated":true}]}}