{"id":163136,"date":"2026-04-13T18:34:35","date_gmt":"2026-04-13T18:34:35","guid":{"rendered":"https:\/\/diariodalagoa.pt\/?p=163136"},"modified":"2026-04-13T18:34:37","modified_gmt":"2026-04-13T18:34:37","slug":"secretaria-da-habitacao-prorroga-prazo-para-candidaturas-a-lotes-infraestruturados","status":"publish","type":"post","link":"https:\/\/diariodalagoa.pt\/en\/secretaria-da-habitacao-prorroga-prazo-para-candidaturas-a-lotes-infraestruturados\/","title":{"rendered":"Secretaria da Habita\u00e7\u00e3o prorroga prazo para candidaturas a lotes infraestruturados"},"content":{"rendered":"<figure class=\"wp-block-image size-full\"><img decoding=\"async\" width=\"960\" height=\"640\" src=\"https:\/\/diariodalagoa.pt\/wp-content\/uploads\/2026\/04\/lotes-infraestruturados.jpg\" alt=\"\" class=\"wp-image-163137\" srcset=\"https:\/\/diariodalagoa.pt\/wp-content\/uploads\/2026\/04\/lotes-infraestruturados.jpg 960w, https:\/\/diariodalagoa.pt\/wp-content\/uploads\/2026\/04\/lotes-infraestruturados-300x200.jpg 300w, https:\/\/diariodalagoa.pt\/wp-content\/uploads\/2026\/04\/lotes-infraestruturados-768x512.jpg 768w, https:\/\/diariodalagoa.pt\/wp-content\/uploads\/2026\/04\/lotes-infraestruturados-18x12.jpg 18w\" sizes=\"(max-width: 960px) 100vw, 960px\" \/><figcaption class=\"wp-element-caption\"><sub><mark style=\"background-color:rgba(0, 0, 0, 0)\" class=\"has-inline-color has-cyan-bluish-gray-color\">\u00a9 SRJHE<\/mark><\/sub><\/figcaption><\/figure>\n\n\n\n<p>O prazo de candidaturas para a atribui\u00e7\u00e3o, atrav\u00e9s de concurso p\u00fablico, de 144 lotes infraestruturados para a constru\u00e7\u00e3o de habita\u00e7\u00e3o foi prorrogado at\u00e9 ao dia&nbsp;24 de abril, anunciou a secretaria regional da Juventude, Habita\u00e7\u00e3o e Emprego.<\/p>\n\n\n\n<p>As candidaturas devem ser apresentadas nos termos que est\u00e3o identificados e explicitados no&nbsp;an\u00fancio publicado em Jornal Oficial e dispon\u00edvel para consulta no s\u00edtio da Dire\u00e7\u00e3o Regional da Habita\u00e7\u00e3o (DRH) na internet, onde est\u00e1 tamb\u00e9m dispon\u00edvel o formul\u00e1rio de candidatura.<\/p>\n\n\n\n<p>Os interessados podem apresentar a sua candidatura devidamente instru\u00edda at\u00e9 ao dia&nbsp;24 de abril, inclusive, no servi\u00e7o de atendimento da DRH, sito \u00e0&nbsp;Rua Dr. Jo\u00e3o Francisco de Sousa, n.\u00ba 30, 9500-187, Ponta Delgada, nos dias \u00fateis, entre&nbsp;as 8h30&nbsp;e&nbsp;as 14h30; nos postos de atendimento da RIAC &#8211; Rede Integrada de Apoio ao Cidad\u00e3o;<\/p>\n\n\n\n<p>por correio registado e com aviso de rece\u00e7\u00e3o para a DRH, ou atrav\u00e9s do endere\u00e7o de correio eletr\u00f3nico da DRH \u2013&nbsp;<a href=\"mailto:geral-drh@azores.gov.pt\">geral-drh@azores.gov.pt<\/a>.<\/p>\n\n\n\n<p>Os benefici\u00e1rios dos lotes pagar\u00e3o entre 5% a 45% do valor do lote, de acordo com os seus rendimentos, e podem ainda beneficiar, cumulativamente, de uma comparticipa\u00e7\u00e3o at\u00e9 cinco mil euros, a fundo perdido, para a aquisi\u00e7\u00e3o de projetos de arquitetura e especialidades, bem como de um apoio \u00e0 autoconstru\u00e7\u00e3o at\u00e9 75 mil euros, em fun\u00e7\u00e3o da composi\u00e7\u00e3o e rendimento do agregado familiar e da tipologia da habita\u00e7\u00e3o. <\/p>\n\n\n\n<p>Estes 144 lotes, dos quais 114 na ilha de S\u00e3o Miguel, 14 na ilha das Flores, 10 na ilha de S\u00e3o Jorge e seis na ilha de Santa Maria, destinam-se \u00e0 constru\u00e7\u00e3o de habita\u00e7\u00e3o pr\u00f3pria permanente.<\/p>","protected":false},"excerpt":{"rendered":"<p>O novo prazo para submiss\u00e3o de candidaturas \u00e9 o dia 24 de abril. Dos 144 lotes dispon\u00edveis, 114 s\u00e3o na ilha de S\u00e3o Miguel.<\/p>","protected":false},"author":2,"featured_media":163137,"comment_status":"open","ping_status":"open","sticky":false,"template":"","format":"standard","meta":[],"categories":[21],"tags":[31,775,1046,1274,1965,4125],"acf":[],"yoast_head":"<!-- This site is optimized with the Yoast SEO plugin v20.10 - https:\/\/yoast.com\/wordpress\/plugins\/seo\/ -->\n<title>Secretaria da Habita\u00e7\u00e3o prorroga prazo para candidaturas a lotes infraestruturados - Di\u00e1rio da Lagoa<\/title>\n<meta name=\"description\" content=\"O novo prazo para submiss\u00e3o de candidaturas \u00e9 o dia 24 de abril. Dos 144 lotes dispon\u00edveis, 114 s\u00e3o na ilha de S\u00e3o Miguel.\" \/>\n<meta name=\"robots\" content=\"index, follow, max-snippet:-1, max-image-preview:large, max-video-preview:-1\" \/>\n<link rel=\"canonical\" href=\"https:\/\/diariodalagoa.pt\/en\/secretaria-da-habitacao-prorroga-prazo-para-candidaturas-a-lotes-infraestruturados\/\" \/>\n<meta property=\"og:locale\" content=\"en_US\" \/>\n<meta property=\"og:type\" content=\"article\" \/>\n<meta property=\"og:title\" content=\"Secretaria da Habita\u00e7\u00e3o prorroga prazo para candidaturas a lotes infraestruturados - Di\u00e1rio da Lagoa\" \/>\n<meta property=\"og:description\" content=\"O novo prazo para submiss\u00e3o de candidaturas \u00e9 o dia 24 de abril. Dos 144 lotes dispon\u00edveis, 114 s\u00e3o na ilha de S\u00e3o Miguel.\" \/>\n<meta property=\"og:url\" content=\"https:\/\/diariodalagoa.pt\/en\/secretaria-da-habitacao-prorroga-prazo-para-candidaturas-a-lotes-infraestruturados\/\" \/>\n<meta property=\"og:site_name\" content=\"Di\u00e1rio da Lagoa\" \/>\n<meta property=\"article:published_time\" content=\"2026-04-13T18:34:35+00:00\" \/>\n<meta property=\"article:modified_time\" content=\"2026-04-13T18:34:37+00:00\" \/>\n<meta property=\"og:image\" content=\"https:\/\/diariodalagoa.pt\/wp-content\/uploads\/2026\/04\/lotes-infraestruturados.jpg\" \/>\n\t<meta property=\"og:image:width\" content=\"960\" \/>\n\t<meta property=\"og:image:height\" content=\"640\" \/>\n\t<meta property=\"og:image:type\" content=\"image\/jpeg\" \/>\n<meta name=\"author\" content=\"Di\u00e1rio da Lagoa\" \/>\n<meta name=\"twitter:card\" content=\"summary_large_image\" \/>\n<meta name=\"twitter:label1\" content=\"Written by\" \/>\n\t<meta name=\"twitter:data1\" content=\"Di\u00e1rio da Lagoa\" \/>\n\t<meta name=\"twitter:label2\" content=\"Est. reading time\" \/>\n\t<meta name=\"twitter:data2\" content=\"2 minutes\" \/>\n<script type=\"application\/ld+json\" class=\"yoast-schema-graph\">{\"@context\":\"https:\/\/schema.org\",\"@graph\":[{\"@type\":\"WebPage\",\"@id\":\"https:\/\/diariodalagoa.pt\/secretaria-da-habitacao-prorroga-prazo-para-candidaturas-a-lotes-infraestruturados\/\",\"url\":\"https:\/\/diariodalagoa.pt\/secretaria-da-habitacao-prorroga-prazo-para-candidaturas-a-lotes-infraestruturados\/\",\"name\":\"Secretaria da Habita\u00e7\u00e3o prorroga prazo para candidaturas a lotes infraestruturados - Di\u00e1rio da Lagoa\",\"isPartOf\":{\"@id\":\"https:\/\/diariodalagoa.pt\/#website\"},\"datePublished\":\"2026-04-13T18:34:35+00:00\",\"dateModified\":\"2026-04-13T18:34:37+00:00\",\"author\":{\"@id\":\"https:\/\/diariodalagoa.pt\/#\/schema\/person\/1615a002370e8857b6f972834bc43ece\"},\"description\":\"O novo prazo para submiss\u00e3o de candidaturas \u00e9 o dia 24 de abril. Dos 144 lotes dispon\u00edveis, 114 s\u00e3o na ilha de S\u00e3o Miguel.\",\"breadcrumb\":{\"@id\":\"https:\/\/diariodalagoa.pt\/secretaria-da-habitacao-prorroga-prazo-para-candidaturas-a-lotes-infraestruturados\/#breadcrumb\"},\"inLanguage\":\"en-US\",\"potentialAction\":[{\"@type\":\"ReadAction\",\"target\":[\"https:\/\/diariodalagoa.pt\/secretaria-da-habitacao-prorroga-prazo-para-candidaturas-a-lotes-infraestruturados\/\"]}]},{\"@type\":\"BreadcrumbList\",\"@id\":\"https:\/\/diariodalagoa.pt\/secretaria-da-habitacao-prorroga-prazo-para-candidaturas-a-lotes-infraestruturados\/#breadcrumb\",\"itemListElement\":[{\"@type\":\"ListItem\",\"position\":1,\"name\":\"In\u00edcio\",\"item\":\"https:\/\/diariodalagoa.pt\/\"},{\"@type\":\"ListItem\",\"position\":2,\"name\":\"Secretaria da Habita\u00e7\u00e3o prorroga prazo para candidaturas a lotes infraestruturados\"}]},{\"@type\":\"WebSite\",\"@id\":\"https:\/\/diariodalagoa.pt\/#website\",\"url\":\"https:\/\/diariodalagoa.pt\/\",\"name\":\"Di\u00e1rio da Lagoa\",\"description\":\"Di\u00e1rio da Lagoa. As not\u00edcias que contam. A partir da Lagoa, nos A\u00e7ores, para o mundo.\",\"potentialAction\":[{\"@type\":\"SearchAction\",\"target\":{\"@type\":\"EntryPoint\",\"urlTemplate\":\"https:\/\/diariodalagoa.pt\/?s={search_term_string}\"},\"query-input\":\"required name=search_term_string\"}],\"inLanguage\":\"en-US\"},{\"@type\":\"Person\",\"@id\":\"https:\/\/diariodalagoa.pt\/#\/schema\/person\/1615a002370e8857b6f972834bc43ece\",\"name\":\"Di\u00e1rio da Lagoa\",\"image\":{\"@type\":\"ImageObject\",\"inLanguage\":\"en-US\",\"@id\":\"https:\/\/diariodalagoa.pt\/#\/schema\/person\/image\/\",\"url\":\"https:\/\/secure.gravatar.com\/avatar\/2cb5cef90a26f8fbd4d9d930608102c5?s=96&d=mm&r=g\",\"contentUrl\":\"https:\/\/secure.gravatar.com\/avatar\/2cb5cef90a26f8fbd4d9d930608102c5?s=96&d=mm&r=g\",\"caption\":\"Di\u00e1rio da Lagoa\"},\"url\":\"https:\/\/diariodalagoa.pt\/en\/author\/diariodalagoa\/\"}]}<\/script>\n<!-- \/ Yoast SEO plugin. -->","yoast_head_json":{"title":"Secretaria da Habita\u00e7\u00e3o prorroga prazo para candidaturas a lotes infraestruturados - Di\u00e1rio da Lagoa","description":"O novo prazo para submiss\u00e3o de candidaturas \u00e9 o dia 24 de abril. Dos 144 lotes dispon\u00edveis, 114 s\u00e3o na ilha de S\u00e3o Miguel.","robots":{"index":"index","follow":"follow","max-snippet":"max-snippet:-1","max-image-preview":"max-image-preview:large","max-video-preview":"max-video-preview:-1"},"canonical":"https:\/\/diariodalagoa.pt\/en\/secretaria-da-habitacao-prorroga-prazo-para-candidaturas-a-lotes-infraestruturados\/","og_locale":"en_US","og_type":"article","og_title":"Secretaria da Habita\u00e7\u00e3o prorroga prazo para candidaturas a lotes infraestruturados - Di\u00e1rio da Lagoa","og_description":"O novo prazo para submiss\u00e3o de candidaturas \u00e9 o dia 24 de abril. Dos 144 lotes dispon\u00edveis, 114 s\u00e3o na ilha de S\u00e3o Miguel.","og_url":"https:\/\/diariodalagoa.pt\/en\/secretaria-da-habitacao-prorroga-prazo-para-candidaturas-a-lotes-infraestruturados\/","og_site_name":"Di\u00e1rio da Lagoa","article_published_time":"2026-04-13T18:34:35+00:00","article_modified_time":"2026-04-13T18:34:37+00:00","og_image":[{"width":960,"height":640,"url":"https:\/\/diariodalagoa.pt\/wp-content\/uploads\/2026\/04\/lotes-infraestruturados.jpg","type":"image\/jpeg"}],"author":"Di\u00e1rio da Lagoa","twitter_card":"summary_large_image","twitter_misc":{"Written by":"Di\u00e1rio da Lagoa","Est. reading time":"2 minutes"},"schema":{"@context":"https:\/\/schema.org","@graph":[{"@type":"WebPage","@id":"https:\/\/diariodalagoa.pt\/secretaria-da-habitacao-prorroga-prazo-para-candidaturas-a-lotes-infraestruturados\/","url":"https:\/\/diariodalagoa.pt\/secretaria-da-habitacao-prorroga-prazo-para-candidaturas-a-lotes-infraestruturados\/","name":"Secretaria da Habita\u00e7\u00e3o prorroga prazo para candidaturas a lotes infraestruturados - Di\u00e1rio da Lagoa","isPartOf":{"@id":"https:\/\/diariodalagoa.pt\/#website"},"datePublished":"2026-04-13T18:34:35+00:00","dateModified":"2026-04-13T18:34:37+00:00","author":{"@id":"https:\/\/diariodalagoa.pt\/#\/schema\/person\/1615a002370e8857b6f972834bc43ece"},"description":"O novo prazo para submiss\u00e3o de candidaturas \u00e9 o dia 24 de abril. Dos 144 lotes dispon\u00edveis, 114 s\u00e3o na ilha de S\u00e3o Miguel.","breadcrumb":{"@id":"https:\/\/diariodalagoa.pt\/secretaria-da-habitacao-prorroga-prazo-para-candidaturas-a-lotes-infraestruturados\/#breadcrumb"},"inLanguage":"en-US","potentialAction":[{"@type":"ReadAction","target":["https:\/\/diariodalagoa.pt\/secretaria-da-habitacao-prorroga-prazo-para-candidaturas-a-lotes-infraestruturados\/"]}]},{"@type":"BreadcrumbList","@id":"https:\/\/diariodalagoa.pt\/secretaria-da-habitacao-prorroga-prazo-para-candidaturas-a-lotes-infraestruturados\/#breadcrumb","itemListElement":[{"@type":"ListItem","position":1,"name":"In\u00edcio","item":"https:\/\/diariodalagoa.pt\/"},{"@type":"ListItem","position":2,"name":"Secretaria da Habita\u00e7\u00e3o prorroga prazo para candidaturas a lotes infraestruturados"}]},{"@type":"WebSite","@id":"https:\/\/diariodalagoa.pt\/#website","url":"https:\/\/diariodalagoa.pt\/","name":"Di\u00e1rio da Lagoa","description":"Di\u00e1rio da Lagoa. As not\u00edcias que contam. A partir da Lagoa, nos A\u00e7ores, para o mundo.","potentialAction":[{"@type":"SearchAction","target":{"@type":"EntryPoint","urlTemplate":"https:\/\/diariodalagoa.pt\/?s={search_term_string}"},"query-input":"required name=search_term_string"}],"inLanguage":"en-US"},{"@type":"Person","@id":"https:\/\/diariodalagoa.pt\/#\/schema\/person\/1615a002370e8857b6f972834bc43ece","name":"Di\u00e1rio da Lagoa","image":{"@type":"ImageObject","inLanguage":"en-US","@id":"https:\/\/diariodalagoa.pt\/#\/schema\/person\/image\/","url":"https:\/\/secure.gravatar.com\/avatar\/2cb5cef90a26f8fbd4d9d930608102c5?s=96&d=mm&r=g","contentUrl":"https:\/\/secure.gravatar.com\/avatar\/2cb5cef90a26f8fbd4d9d930608102c5?s=96&d=mm&r=g","caption":"Di\u00e1rio da Lagoa"},"url":"https:\/\/diariodalagoa.pt\/en\/author\/diariodalagoa\/"}]}},"_links":{"self":[{"href":"https:\/\/diariodalagoa.pt\/en\/wp-json\/wp\/v2\/posts\/163136"}],"collection":[{"href":"https:\/\/diariodalagoa.pt\/en\/wp-json\/wp\/v2\/posts"}],"about":[{"href":"https:\/\/diariodalagoa.pt\/en\/wp-json\/wp\/v2\/types\/post"}],"author":[{"embeddable":true,"href":"https:\/\/diariodalagoa.pt\/en\/wp-json\/wp\/v2\/users\/2"}],"replies":[{"embeddable":true,"href":"https:\/\/diariodalagoa.pt\/en\/wp-json\/wp\/v2\/comments?post=163136"}],"version-history":[{"count":2,"href":"https:\/\/diariodalagoa.pt\/en\/wp-json\/wp\/v2\/posts\/163136\/revisions"}],"predecessor-version":[{"id":163139,"href":"https:\/\/diariodalagoa.pt\/en\/wp-json\/wp\/v2\/posts\/163136\/revisions\/163139"}],"wp:featuredmedia":[{"embeddable":true,"href":"https:\/\/diariodalagoa.pt\/en\/wp-json\/wp\/v2\/media\/163137"}],"wp:attachment":[{"href":"https:\/\/diariodalagoa.pt\/en\/wp-json\/wp\/v2\/media?parent=163136"}],"wp:term":[{"taxonomy":"category","embeddable":true,"href":"https:\/\/diariodalagoa.pt\/en\/wp-json\/wp\/v2\/categories?post=163136"},{"taxonomy":"post_tag","embeddable":true,"href":"https:\/\/diariodalagoa.pt\/en\/wp-json\/wp\/v2\/tags?post=163136"}],"curies":[{"name":"wp","href":"https:\/\/api.w.org\/{rel}","templated":true}]}}